{"id":305654,"date":"2023-05-26T00:08:07","date_gmt":"2023-05-26T03:08:07","guid":{"rendered":"https:\/\/www.notibras.com\/site\/?p=305654"},"modified":"2023-05-26T06:14:08","modified_gmt":"2023-05-26T09:14:08","slug":"brasilia-e-rio-tem-atos-contra-racismo-e-apoio-a-vini-jr","status":"publish","type":"post","link":"https:\/\/www.notibras.com\/site\/brasilia-e-rio-tem-atos-contra-racismo-e-apoio-a-vini-jr\/","title":{"rendered":"Bras\u00edlia e Rio t\u00eam atos contra racismo e apoio a Vini Jr"},"content":{"rendered":"<p>Representantes de coletivos negros e de outros movimentos sociais organizaram nesta quinta-feira (25) atos no centro do Rio de Janeiro, e em frente \u00e0 Embaixada da Espanha, em Bras\u00edlia, contra o racismo e em solidariedade ao jogador Vini Jr. pelos ataques sofridos em partida do campeonato espanhol no \u00faltimo domingo.<\/p>\n<p>No Rio, a concentra\u00e7\u00e3o foi em frente \u00e0 Igreja da Candel\u00e1ria, de onde os manifestantes caminharam at\u00e9 a Pra\u00e7a Floriano, na Cinel\u00e2ndia. Entre os grupos em defesa da igualdade racial estavam presentes: IPCN, Educafro, Comdedine, Unegro, Movimento Negro Unificado (MNU), Reafro\/RJ, Quilombo Agbara Dudu, Rede de Jornalistas Pretos Pela Diversidade na Comunica\u00e7\u00e3o, a Comiss\u00e3o de Jornalista pela Igualdade Racial (Cojira\/RJ) e a Associa\u00e7\u00e3o Advocacia Preta Carioca \u2013 Umoja. Tamb\u00e9m participaram o Movimento Popular de Favelas (MPF) e o Movimento Torcedores pela Democracia.<\/p>\n<p>Para Valda Neves, do Movimento Negro Unificado (MNU), a postura de Vini Jr. de n\u00e3o aceitar em sil\u00eancio os ataques no est\u00e1dio e de confrontar os agressores foi importante para reverberar as lutas hist\u00f3ricas da popula\u00e7\u00e3o negra. Ela afirma que o caso do jogador foi representativo da for\u00e7a que o racismo ainda tem na Europa e no Brasil.<\/p>\n<p>\u201cO que aconteceu com o Vini Jr. acontece diariamente com o povo negro. Desde os tempos da escravid\u00e3o somos tratados como seres inferiores, subalternos, sem direitos. N\u00e3o importa a classe social, n\u00e3o importa se voc\u00ea \u00e9 um jogador qualificado, um dos melhores em atua\u00e7\u00e3o no mundo, um negro bem-sucedido. A cor da pele ainda \u00e9 um determinante nessa sociedade e expressa uma estrutura racista\u201d, diz Valda.<\/p>\n<p>Suzete Paiva, que \u00e9 da coordena\u00e7\u00e3o da Uni\u00e3o de Negros pela Igualdade (Unegro), disse que as manifesta\u00e7\u00f5es de solidariedade ao jogador brasileiro ajudam a engajar mais pessoas na luta antirracista.<\/p>\n<p>\u201cTentamos aqui fomentar a consci\u00eancia e o despertar de luta. N\u00e3o podemos perder a capacidade de nos indignar e de brigar. Mesmo que o fa\u00e7amos at\u00e9 o \u00faltimo ar que respiramos. N\u00f3s sabemos que nessa estrutura social em que a base \u00e9 de maioria negra, pobre, marginalizada, sem moradia e sem comida, n\u00e3o existe uma democracia de verdade\u201d.<\/p>\n<p><strong>Carta ao consulado<\/strong><br \/>\nMais cedo, os organizadores da manifesta\u00e7\u00e3o estiveram no Consulado da Espanha em Botafogo, na Zona Sul do Rio. Eles entregaram uma carta com algumas exig\u00eancias: elabora\u00e7\u00e3o de a\u00e7\u00f5es antirracistas no pa\u00eds europeu, responsabiliza\u00e7\u00e3o criminal dos agressores de Vini Jr., explica\u00e7\u00f5es p\u00fablicas da La Liga (liga espanhola de futebol profissional) sobre as medidas adotadas e apura\u00e7\u00e3o de casos de racismo contra outros jogadores. O consulado se comprometeu a encaminhar a documenta\u00e7\u00e3o para a embaixada e a realizar um encontro com os manifestantes para avaliar os progressos.<\/p>\n<p>A a\u00e7\u00e3o no consulado tamb\u00e9m teve um representante do Minist\u00e9rio do Esporte, o diretor da Secretaria Nacional de Futebol e Defesa dos Direitos do Torcedor, Ronaldo Tavares. Ele disse que o governo federal, por meio de um trabalho interministerial, est\u00e1 preparando um programa de conscientiza\u00e7\u00e3o no esporte e de combate ao racismo.<\/p>\n<p>\u201cQueremos com essa pol\u00edtica interferir na quest\u00e3o dos clubes e associa\u00e7\u00f5es, fazer um debate transparente sobre o que eles est\u00e3o fazendo para apoiar os atletas que sofrem racismo dentro das institui\u00e7\u00f5es. O nosso programa, que conta com o Minist\u00e9rio da Justi\u00e7a e o Minist\u00e9rio do Esporte, vai produzir um documento, uma portaria, ainda em estudo, voltado para o esporte sem racismo. Um trabalho concreto com debate desde a base do futebol, no infantil, at\u00e9 o esporte de alto rendimento. E isso tem que ser discutido nos clubes e nas federa\u00e7\u00f5es\u201d.<\/p>\n<p><strong>Bras\u00edlia<\/strong><br \/>\nNa capital brasileira, manifestantes se reuniram na tarde desta quinta-feira em frente \u00e0 Embaixada da Espanha no ato Cart\u00e3o Vermelho para o Racismo, que pede atitudes concretas para combater o racismo no futebol. \u201cFoi escolhido a dedo o dia de hoje porque \u00e9 um dia muito importante para n\u00f3s do movimento negro. \u00c9 o Dia de \u00c1frica, no qual a gente reverencia nossa ancestralidade e conclama a todos, a todas e todes para lutar conosco\u201d, disse Mariana Andrade, que faz parta da Frente de Mulheres Negras do DF; da Coaliz\u00e3o Negra por Direitos; e da Uneafro Brasil.<\/p>\n<p>A ativista do movimento negro destacou que 54 entidades de diversos nichos assinaram o manifesto de rep\u00fadio \u00e0 viol\u00eancia sofrida pelo esportista. \u201cHouve uma pluralidade de organiza\u00e7\u00f5es participando conosco\u201d. E concluiu, \u201csa\u00edmos do ato esperando que as medidas en\u00e9rgicas, que as respostas que n\u00e3o dependem de n\u00f3s sejam dadas em breve\u201d, concluiu Mariana Andrade.<\/p>\n<p><strong>Hist\u00f3rico<\/strong><br \/>\nO brasileiro Vini Jr., de 22 anos, vem sendo alvo de ataques racistas no Campeonato Espanhol, organizado pela LaLiga, uma entidade privada. No \u00faltimo domingo o esportista foi mais uma vez insultado, antes mesmo de pisar em campo. V\u00eddeos publicados nas redes sociais mostram centenas de torcedores do Valencia, que jogaria contra o Real Madrid, cantando &#8220;Vin\u00edcius \u00e9 um macaco&#8221;, no momento em que o \u00f4nibus do Real chegava ao est\u00e1dio Mestalla.<\/p>\n<p>Durante o jogo, insultos racistas e gritos de \u201cmacaco\u201d foram proferidos das arquibancadas, ap\u00f3s um lance aos 29 minutos do segundo tempo. Ap\u00f3s a partida, o t\u00e9cnico do Real Madrid, o italiano Carlo Ancelotti, se mostrou revoltado e incr\u00e9dulo com o acontecimento.<\/p>\n<p>O atleta desabafou nas redes sociais e lamentou que os repetidos ataques discriminat\u00f3rios est\u00e3o fazendo com que a Espanha seja conhecida como \u201cum pa\u00eds racista\u201d. \u201cN\u00e3o foi a primeira vez, nem a segunda e nem a terceira. O racismo \u00e9 o normal na La Liga. A competi\u00e7\u00e3o acha normal, a Federa\u00e7\u00e3o tamb\u00e9m e os advers\u00e1rios incentivam. Lamento muito&#8221;.<\/p>\n","protected":false},"excerpt":{"rendered":"<p>Representantes de coletivos negros e de outros movimentos sociais organizaram nesta quinta-feira (25) atos no centro do Rio de Janeiro, e em frente \u00e0 Embaixada da Espanha, em Bras\u00edlia, contra o racismo e em solidariedade ao jogador Vini Jr. pelos ataques sofridos em partida do campeonato espanhol no \u00faltimo domingo. No Rio, a concentra\u00e7\u00e3o foi [&hellip;]<\/p>\n","protected":false},"author":2,"featured_media":305655,"comment_status":"closed","ping_status":"closed","sticky":false,"template":"","format":"standard","meta":{"_acf_changed":false,"footnotes":""},"categories":[161],"tags":[],"class_list":["post-305654","post","type-post","status-publish","format-standard","has-post-thumbnail","hentry","category-quadradinho-em-foco"],"acf":[],"yoast_head":"<!-- This site is optimized with the Yoast SEO plugin v27.2 - https:\/\/yoast.com\/product\/yoast-seo-wordpress\/ -->\n<title>Bras\u00edlia e Rio t\u00eam atos contra racismo e apoio a Vini Jr - Notibras<\/title>\n<meta name=\"robots\" content=\"index, follow, max-snippet:-1, max-image-preview:large, max-video-preview:-1\" \/>\n<link rel=\"canonical\" href=\"https:\/\/www.notibras.com\/site\/brasilia-e-rio-tem-atos-contra-racismo-e-apoio-a-vini-jr\/\" \/>\n<meta property=\"og:locale\" content=\"pt_BR\" \/>\n<meta property=\"og:type\" content=\"article\" \/>\n<meta property=\"og:title\" content=\"Bras\u00edlia e Rio t\u00eam atos contra racismo e apoio a Vini Jr - Notibras\" \/>\n<meta property=\"og:description\" content=\"Representantes de coletivos negros e de outros movimentos sociais organizaram nesta quinta-feira (25) atos no centro do Rio de Janeiro, e em frente \u00e0 Embaixada da Espanha, em Bras\u00edlia, contra o racismo e em solidariedade ao jogador Vini Jr. pelos ataques sofridos em partida do campeonato espanhol no \u00faltimo domingo. No Rio, a concentra\u00e7\u00e3o foi [&hellip;]\" \/>\n<meta property=\"og:url\" content=\"https:\/\/www.notibras.com\/site\/brasilia-e-rio-tem-atos-contra-racismo-e-apoio-a-vini-jr\/\" \/>\n<meta property=\"og:site_name\" content=\"Notibras\" \/>\n<meta property=\"article:publisher\" content=\"https:\/\/www.facebook.com\/notibras\/\" \/>\n<meta property=\"article:published_time\" content=\"2023-05-26T03:08:07+00:00\" \/>\n<meta property=\"article:modified_time\" content=\"2023-05-26T09:14:08+00:00\" \/>\n<meta property=\"og:image\" content=\"https:\/\/www.notibras.com\/site\/wp-content\/uploads\/2023\/05\/raf02733.jpg\" \/>\n\t<meta property=\"og:image:width\" content=\"1170\" \/>\n\t<meta property=\"og:image:height\" content=\"700\" \/>\n\t<meta property=\"og:image:type\" content=\"image\/jpeg\" \/>\n<meta name=\"author\" content=\"Reda\u00e7\u00e3o\" \/>\n<meta name=\"twitter:card\" content=\"summary_large_image\" \/>\n<meta name=\"twitter:creator\" content=\"@Notibras\" \/>\n<meta name=\"twitter:site\" content=\"@Notibras\" \/>\n<meta name=\"twitter:label1\" content=\"Escrito por\" \/>\n\t<meta name=\"twitter:data1\" content=\"Reda\u00e7\u00e3o\" \/>\n\t<meta name=\"twitter:label2\" content=\"Est. tempo de leitura\" \/>\n\t<meta name=\"twitter:data2\" content=\"5 minutos\" \/>\n<script type=\"application\/ld+json\" class=\"yoast-schema-graph\">{\"@context\":\"https:\/\/schema.org\",\"@graph\":[{\"@type\":\"Article\",\"@id\":\"https:\/\/www.notibras.com\/site\/brasilia-e-rio-tem-atos-contra-racismo-e-apoio-a-vini-jr\/#article\",\"isPartOf\":{\"@id\":\"https:\/\/www.notibras.com\/site\/brasilia-e-rio-tem-atos-contra-racismo-e-apoio-a-vini-jr\/\"},\"author\":{\"name\":\"Reda\u00e7\u00e3o\",\"@id\":\"https:\/\/www.notibras.com\/site\/#\/schema\/person\/36ab0979449956132d3e5b517ea76ac8\"},\"headline\":\"Bras\u00edlia e Rio t\u00eam atos contra racismo e apoio a Vini Jr\",\"datePublished\":\"2023-05-26T03:08:07+00:00\",\"dateModified\":\"2023-05-26T09:14:08+00:00\",\"mainEntityOfPage\":{\"@id\":\"https:\/\/www.notibras.com\/site\/brasilia-e-rio-tem-atos-contra-racismo-e-apoio-a-vini-jr\/\"},\"wordCount\":975,\"publisher\":{\"@id\":\"https:\/\/www.notibras.com\/site\/#organization\"},\"image\":{\"@id\":\"https:\/\/www.notibras.com\/site\/brasilia-e-rio-tem-atos-contra-racismo-e-apoio-a-vini-jr\/#primaryimage\"},\"thumbnailUrl\":\"https:\/\/www.notibras.com\/site\/wp-content\/uploads\/2023\/05\/raf02733.jpg\",\"articleSection\":[\"Quadradinho em Foco\"],\"inLanguage\":\"pt-BR\"},{\"@type\":\"WebPage\",\"@id\":\"https:\/\/www.notibras.com\/site\/brasilia-e-rio-tem-atos-contra-racismo-e-apoio-a-vini-jr\/\",\"url\":\"https:\/\/www.notibras.com\/site\/brasilia-e-rio-tem-atos-contra-racismo-e-apoio-a-vini-jr\/\",\"name\":\"Bras\u00edlia e Rio t\u00eam atos contra racismo e apoio a Vini Jr - Notibras\",\"isPartOf\":{\"@id\":\"https:\/\/www.notibras.com\/site\/#website\"},\"primaryImageOfPage\":{\"@id\":\"https:\/\/www.notibras.com\/site\/brasilia-e-rio-tem-atos-contra-racismo-e-apoio-a-vini-jr\/#primaryimage\"},\"image\":{\"@id\":\"https:\/\/www.notibras.com\/site\/brasilia-e-rio-tem-atos-contra-racismo-e-apoio-a-vini-jr\/#primaryimage\"},\"thumbnailUrl\":\"https:\/\/www.notibras.com\/site\/wp-content\/uploads\/2023\/05\/raf02733.jpg\",\"datePublished\":\"2023-05-26T03:08:07+00:00\",\"dateModified\":\"2023-05-26T09:14:08+00:00\",\"breadcrumb\":{\"@id\":\"https:\/\/www.notibras.com\/site\/brasilia-e-rio-tem-atos-contra-racismo-e-apoio-a-vini-jr\/#breadcrumb\"},\"inLanguage\":\"pt-BR\",\"potentialAction\":[{\"@type\":\"ReadAction\",\"target\":[\"https:\/\/www.notibras.com\/site\/brasilia-e-rio-tem-atos-contra-racismo-e-apoio-a-vini-jr\/\"]}]},{\"@type\":\"ImageObject\",\"inLanguage\":\"pt-BR\",\"@id\":\"https:\/\/www.notibras.com\/site\/brasilia-e-rio-tem-atos-contra-racismo-e-apoio-a-vini-jr\/#primaryimage\",\"url\":\"https:\/\/www.notibras.com\/site\/wp-content\/uploads\/2023\/05\/raf02733.jpg\",\"contentUrl\":\"https:\/\/www.notibras.com\/site\/wp-content\/uploads\/2023\/05\/raf02733.jpg\",\"width\":1170,\"height\":700,\"caption\":\"Bras\u00edlia - 25\/05\/2023 - Ato em solidariedade ao jogador Vini Jr. em frente a embaixada da Espanha contra o racismo (Cart\u00e3o Vermelho para o Racismo). Foto: Rafa Neddermeyer\/ Ag\u00eancia Brasil\"},{\"@type\":\"BreadcrumbList\",\"@id\":\"https:\/\/www.notibras.com\/site\/brasilia-e-rio-tem-atos-contra-racismo-e-apoio-a-vini-jr\/#breadcrumb\",\"itemListElement\":[{\"@type\":\"ListItem\",\"position\":1,\"name\":\"In\u00edcio\",\"item\":\"https:\/\/www.notibras.com\/site\/\"},{\"@type\":\"ListItem\",\"position\":2,\"name\":\"Bras\u00edlia e Rio t\u00eam atos contra racismo e apoio a Vini Jr\"}]},{\"@type\":\"WebSite\",\"@id\":\"https:\/\/www.notibras.com\/site\/#website\",\"url\":\"https:\/\/www.notibras.com\/site\/\",\"name\":\"Notibras\",\"description\":\"Not\u00edcias de Bras\u00edlia, do Brasil e do Mundo\",\"publisher\":{\"@id\":\"https:\/\/www.notibras.com\/site\/#organization\"},\"potentialAction\":[{\"@type\":\"SearchAction\",\"target\":{\"@type\":\"EntryPoint\",\"urlTemplate\":\"https:\/\/www.notibras.com\/site\/?s={search_term_string}\"},\"query-input\":{\"@type\":\"PropertyValueSpecification\",\"valueRequired\":true,\"valueName\":\"search_term_string\"}}],\"inLanguage\":\"pt-BR\"},{\"@type\":\"Organization\",\"@id\":\"https:\/\/www.notibras.com\/site\/#organization\",\"name\":\"Grupo Notibras de Comunica\u00e7\u00e3o\",\"url\":\"https:\/\/www.notibras.com\/site\/\",\"logo\":{\"@type\":\"ImageObject\",\"inLanguage\":\"pt-BR\",\"@id\":\"https:\/\/www.notibras.com\/site\/#\/schema\/logo\/image\/\",\"url\":\"https:\/\/www.notibras.com\/site\/wp-content\/uploads\/2023\/01\/notibras23.png\",\"contentUrl\":\"https:\/\/www.notibras.com\/site\/wp-content\/uploads\/2023\/01\/notibras23.png\",\"width\":350,\"height\":87,\"caption\":\"Grupo Notibras de Comunica\u00e7\u00e3o\"},\"image\":{\"@id\":\"https:\/\/www.notibras.com\/site\/#\/schema\/logo\/image\/\"},\"sameAs\":[\"https:\/\/www.facebook.com\/notibras\/\",\"https:\/\/x.com\/Notibras\",\"https:\/\/www.instagram.com\/notibras\/\"]},{\"@type\":\"Person\",\"@id\":\"https:\/\/www.notibras.com\/site\/#\/schema\/person\/36ab0979449956132d3e5b517ea76ac8\",\"name\":\"Reda\u00e7\u00e3o\",\"image\":{\"@type\":\"ImageObject\",\"inLanguage\":\"pt-BR\",\"@id\":\"https:\/\/secure.gravatar.com\/avatar\/e0a867bdedb85fd243eadf09663511f96fc81e0720a4a42581f334ad4303aa6b?s=96&d=mm&r=g\",\"url\":\"https:\/\/secure.gravatar.com\/avatar\/e0a867bdedb85fd243eadf09663511f96fc81e0720a4a42581f334ad4303aa6b?s=96&d=mm&r=g\",\"contentUrl\":\"https:\/\/secure.gravatar.com\/avatar\/e0a867bdedb85fd243eadf09663511f96fc81e0720a4a42581f334ad4303aa6b?s=96&d=mm&r=g\",\"caption\":\"Reda\u00e7\u00e3o\"}}]}<\/script>\n<!-- \/ Yoast SEO plugin. -->","yoast_head_json":{"title":"Bras\u00edlia e Rio t\u00eam atos contra racismo e apoio a Vini Jr - Notibras","robots":{"index":"index","follow":"follow","max-snippet":"max-snippet:-1","max-image-preview":"max-image-preview:large","max-video-preview":"max-video-preview:-1"},"canonical":"https:\/\/www.notibras.com\/site\/brasilia-e-rio-tem-atos-contra-racismo-e-apoio-a-vini-jr\/","og_locale":"pt_BR","og_type":"article","og_title":"Bras\u00edlia e Rio t\u00eam atos contra racismo e apoio a Vini Jr - Notibras","og_description":"Representantes de coletivos negros e de outros movimentos sociais organizaram nesta quinta-feira (25) atos no centro do Rio de Janeiro, e em frente \u00e0 Embaixada da Espanha, em Bras\u00edlia, contra o racismo e em solidariedade ao jogador Vini Jr. pelos ataques sofridos em partida do campeonato espanhol no \u00faltimo domingo. No Rio, a concentra\u00e7\u00e3o foi [&hellip;]","og_url":"https:\/\/www.notibras.com\/site\/brasilia-e-rio-tem-atos-contra-racismo-e-apoio-a-vini-jr\/","og_site_name":"Notibras","article_publisher":"https:\/\/www.facebook.com\/notibras\/","article_published_time":"2023-05-26T03:08:07+00:00","article_modified_time":"2023-05-26T09:14:08+00:00","og_image":[{"width":1170,"height":700,"url":"https:\/\/www.notibras.com\/site\/wp-content\/uploads\/2023\/05\/raf02733.jpg","type":"image\/jpeg"}],"author":"Reda\u00e7\u00e3o","twitter_card":"summary_large_image","twitter_creator":"@Notibras","twitter_site":"@Notibras","twitter_misc":{"Escrito por":"Reda\u00e7\u00e3o","Est. tempo de leitura":"5 minutos"},"schema":{"@context":"https:\/\/schema.org","@graph":[{"@type":"Article","@id":"https:\/\/www.notibras.com\/site\/brasilia-e-rio-tem-atos-contra-racismo-e-apoio-a-vini-jr\/#article","isPartOf":{"@id":"https:\/\/www.notibras.com\/site\/brasilia-e-rio-tem-atos-contra-racismo-e-apoio-a-vini-jr\/"},"author":{"name":"Reda\u00e7\u00e3o","@id":"https:\/\/www.notibras.com\/site\/#\/schema\/person\/36ab0979449956132d3e5b517ea76ac8"},"headline":"Bras\u00edlia e Rio t\u00eam atos contra racismo e apoio a Vini Jr","datePublished":"2023-05-26T03:08:07+00:00","dateModified":"2023-05-26T09:14:08+00:00","mainEntityOfPage":{"@id":"https:\/\/www.notibras.com\/site\/brasilia-e-rio-tem-atos-contra-racismo-e-apoio-a-vini-jr\/"},"wordCount":975,"publisher":{"@id":"https:\/\/www.notibras.com\/site\/#organization"},"image":{"@id":"https:\/\/www.notibras.com\/site\/brasilia-e-rio-tem-atos-contra-racismo-e-apoio-a-vini-jr\/#primaryimage"},"thumbnailUrl":"https:\/\/www.notibras.com\/site\/wp-content\/uploads\/2023\/05\/raf02733.jpg","articleSection":["Quadradinho em Foco"],"inLanguage":"pt-BR"},{"@type":"WebPage","@id":"https:\/\/www.notibras.com\/site\/brasilia-e-rio-tem-atos-contra-racismo-e-apoio-a-vini-jr\/","url":"https:\/\/www.notibras.com\/site\/brasilia-e-rio-tem-atos-contra-racismo-e-apoio-a-vini-jr\/","name":"Bras\u00edlia e Rio t\u00eam atos contra racismo e apoio a Vini Jr - Notibras","isPartOf":{"@id":"https:\/\/www.notibras.com\/site\/#website"},"primaryImageOfPage":{"@id":"https:\/\/www.notibras.com\/site\/brasilia-e-rio-tem-atos-contra-racismo-e-apoio-a-vini-jr\/#primaryimage"},"image":{"@id":"https:\/\/www.notibras.com\/site\/brasilia-e-rio-tem-atos-contra-racismo-e-apoio-a-vini-jr\/#primaryimage"},"thumbnailUrl":"https:\/\/www.notibras.com\/site\/wp-content\/uploads\/2023\/05\/raf02733.jpg","datePublished":"2023-05-26T03:08:07+00:00","dateModified":"2023-05-26T09:14:08+00:00","breadcrumb":{"@id":"https:\/\/www.notibras.com\/site\/brasilia-e-rio-tem-atos-contra-racismo-e-apoio-a-vini-jr\/#breadcrumb"},"inLanguage":"pt-BR","potentialAction":[{"@type":"ReadAction","target":["https:\/\/www.notibras.com\/site\/brasilia-e-rio-tem-atos-contra-racismo-e-apoio-a-vini-jr\/"]}]},{"@type":"ImageObject","inLanguage":"pt-BR","@id":"https:\/\/www.notibras.com\/site\/brasilia-e-rio-tem-atos-contra-racismo-e-apoio-a-vini-jr\/#primaryimage","url":"https:\/\/www.notibras.com\/site\/wp-content\/uploads\/2023\/05\/raf02733.jpg","contentUrl":"https:\/\/www.notibras.com\/site\/wp-content\/uploads\/2023\/05\/raf02733.jpg","width":1170,"height":700,"caption":"Bras\u00edlia - 25\/05\/2023 - Ato em solidariedade ao jogador Vini Jr. em frente a embaixada da Espanha contra o racismo (Cart\u00e3o Vermelho para o Racismo). Foto: Rafa Neddermeyer\/ Ag\u00eancia Brasil"},{"@type":"BreadcrumbList","@id":"https:\/\/www.notibras.com\/site\/brasilia-e-rio-tem-atos-contra-racismo-e-apoio-a-vini-jr\/#breadcrumb","itemListElement":[{"@type":"ListItem","position":1,"name":"In\u00edcio","item":"https:\/\/www.notibras.com\/site\/"},{"@type":"ListItem","position":2,"name":"Bras\u00edlia e Rio t\u00eam atos contra racismo e apoio a Vini Jr"}]},{"@type":"WebSite","@id":"https:\/\/www.notibras.com\/site\/#website","url":"https:\/\/www.notibras.com\/site\/","name":"Notibras","description":"Not\u00edcias de Bras\u00edlia, do Brasil e do Mundo","publisher":{"@id":"https:\/\/www.notibras.com\/site\/#organization"},"potentialAction":[{"@type":"SearchAction","target":{"@type":"EntryPoint","urlTemplate":"https:\/\/www.notibras.com\/site\/?s={search_term_string}"},"query-input":{"@type":"PropertyValueSpecification","valueRequired":true,"valueName":"search_term_string"}}],"inLanguage":"pt-BR"},{"@type":"Organization","@id":"https:\/\/www.notibras.com\/site\/#organization","name":"Grupo Notibras de Comunica\u00e7\u00e3o","url":"https:\/\/www.notibras.com\/site\/","logo":{"@type":"ImageObject","inLanguage":"pt-BR","@id":"https:\/\/www.notibras.com\/site\/#\/schema\/logo\/image\/","url":"https:\/\/www.notibras.com\/site\/wp-content\/uploads\/2023\/01\/notibras23.png","contentUrl":"https:\/\/www.notibras.com\/site\/wp-content\/uploads\/2023\/01\/notibras23.png","width":350,"height":87,"caption":"Grupo Notibras de Comunica\u00e7\u00e3o"},"image":{"@id":"https:\/\/www.notibras.com\/site\/#\/schema\/logo\/image\/"},"sameAs":["https:\/\/www.facebook.com\/notibras\/","https:\/\/x.com\/Notibras","https:\/\/www.instagram.com\/notibras\/"]},{"@type":"Person","@id":"https:\/\/www.notibras.com\/site\/#\/schema\/person\/36ab0979449956132d3e5b517ea76ac8","name":"Reda\u00e7\u00e3o","image":{"@type":"ImageObject","inLanguage":"pt-BR","@id":"https:\/\/secure.gravatar.com\/avatar\/e0a867bdedb85fd243eadf09663511f96fc81e0720a4a42581f334ad4303aa6b?s=96&d=mm&r=g","url":"https:\/\/secure.gravatar.com\/avatar\/e0a867bdedb85fd243eadf09663511f96fc81e0720a4a42581f334ad4303aa6b?s=96&d=mm&r=g","contentUrl":"https:\/\/secure.gravatar.com\/avatar\/e0a867bdedb85fd243eadf09663511f96fc81e0720a4a42581f334ad4303aa6b?s=96&d=mm&r=g","caption":"Reda\u00e7\u00e3o"}}]}},"amp_enabled":true,"_links":{"self":[{"href":"https:\/\/www.notibras.com\/site\/wp-json\/wp\/v2\/posts\/305654","targetHints":{"allow":["GET"]}}],"collection":[{"href":"https:\/\/www.notibras.com\/site\/wp-json\/wp\/v2\/posts"}],"about":[{"href":"https:\/\/www.notibras.com\/site\/wp-json\/wp\/v2\/types\/post"}],"author":[{"embeddable":true,"href":"https:\/\/www.notibras.com\/site\/wp-json\/wp\/v2\/users\/2"}],"replies":[{"embeddable":true,"href":"https:\/\/www.notibras.com\/site\/wp-json\/wp\/v2\/comments?post=305654"}],"version-history":[{"count":1,"href":"https:\/\/www.notibras.com\/site\/wp-json\/wp\/v2\/posts\/305654\/revisions"}],"predecessor-version":[{"id":305656,"href":"https:\/\/www.notibras.com\/site\/wp-json\/wp\/v2\/posts\/305654\/revisions\/305656"}],"wp:featuredmedia":[{"embeddable":true,"href":"https:\/\/www.notibras.com\/site\/wp-json\/wp\/v2\/media\/305655"}],"wp:attachment":[{"href":"https:\/\/www.notibras.com\/site\/wp-json\/wp\/v2\/media?parent=305654"}],"wp:term":[{"taxonomy":"category","embeddable":true,"href":"https:\/\/www.notibras.com\/site\/wp-json\/wp\/v2\/categories?post=305654"},{"taxonomy":"post_tag","embeddable":true,"href":"https:\/\/www.notibras.com\/site\/wp-json\/wp\/v2\/tags?post=305654"}],"curies":[{"name":"wp","href":"https:\/\/api.w.org\/{rel}","templated":true}]}}