{"id":305709,"date":"2023-05-26T12:49:08","date_gmt":"2023-05-26T15:49:08","guid":{"rendered":"https:\/\/www.notibras.com\/site\/?p=305709"},"modified":"2023-05-26T12:49:08","modified_gmt":"2023-05-26T15:49:08","slug":"fim-de-semana-marca-versatilidade-musical","status":"publish","type":"post","link":"https:\/\/www.notibras.com\/site\/fim-de-semana-marca-versatilidade-musical\/","title":{"rendered":"Fim de Semana marca versatilidade musical"},"content":{"rendered":"<p>O Terra\u00e7o Shopping ter\u00e1 um final de semana repleto de m\u00fasica diversificada e envolvente. Com artistas talentosos e uma programa\u00e7\u00e3o ecl\u00e9tica, o shopping promete encantar os visitantes com uma mistura \u00fanica de g\u00eaneros musicais.<\/p>\n<p>No s\u00e1bado, \u00e0s 19h30, a cantora Maboh subir\u00e1 ao palco da Pra\u00e7a Central para uma apresenta\u00e7\u00e3o diferente do usual. Conhecida por sua versatilidade musical, ela promete levar o p\u00fablico em uma viagem sonora diferente, apresentando uma variedade de estilos, indo do hip hop ao erudito, passando pelo jazz. Com uma voz poderosa e uma presen\u00e7a de palco cativante, Maboh tem habilidade em transitar entre diferentes g\u00eaneros musicais, demonstrando seu talento excepcional. Ao interpretar m\u00fasicas que abrangem uma ampla gama de estilos, ela oferece uma experi\u00eancia musical envolvente, para toda a fam\u00edlia.<\/p>\n<p>No domingo (28) ser\u00e1 a vez de uma tarde eletrizante de rock, \u00e0s 13h. Os amantes do g\u00eanero ter\u00e3o a oportunidade de assistir a performance de Paulo Ver\u00edssimo, que trar\u00e1 um repert\u00f3rio repleto de cl\u00e1ssicos. Sua paix\u00e3o pela m\u00fasica e seu grande talento o levaram a compartilhar o palco com grandes artistas, como Dig\u00e3o, do Raimundos, Rodrigo Suricato, do Bar\u00e3o Vermelho, e Marcelo Bonf\u00e1, do Legi\u00e3o Urbana, entre outros renomados m\u00fasicos. Essas experi\u00eancias enriquecedoras moldaram sua arte e o prepararam para proporcionar uma performance incr\u00edvel.<\/p>\n<p><strong>Servi\u00e7o:<\/strong><br \/>\nS\u00e1bado Cultural<br \/>\nS\u00e1bado, \u00e0s 19h30<br \/>\n27\/05 \u2013 Maboh<\/p>\n<p>Almo\u00e7o Musical<br \/>\nDomingo, \u00e0s 13h<br \/>\n28\/05 \u2013 Paulo Ver\u00edssimo (v\u00eddeo anexo)<br \/>\nLocal: Pra\u00e7a Central &#8211; Entrada gratuita<\/p>\n<p><strong>Sobre o Terra\u00e7o Shopping<\/strong><br \/>\nO Terra\u00e7o Shopping \u00e9 um empreendimento das Organiza\u00e7\u00f5es PaulOOctavio, inaugurado em novembro de 1999. Com seu estilo \u00fanico de open mall, o shopping proporciona um ambiente agrad\u00e1vel, com vista para o lindo c\u00e9u de Bras\u00edlia. O empreendimento possui 160 lojas, 15 opera\u00e7\u00f5es na pra\u00e7a de alimenta\u00e7\u00e3o e 10 restaurantes no Gourmet Center, al\u00e9m de duas torres com 270 salas comerciais e um amplo estacionamento.<\/p>\n","protected":false},"excerpt":{"rendered":"<p>O Terra\u00e7o Shopping ter\u00e1 um final de semana repleto de m\u00fasica diversificada e envolvente. Com artistas talentosos e uma programa\u00e7\u00e3o ecl\u00e9tica, o shopping promete encantar os visitantes com uma mistura \u00fanica de g\u00eaneros musicais. No s\u00e1bado, \u00e0s 19h30, a cantora Maboh subir\u00e1 ao palco da Pra\u00e7a Central para uma apresenta\u00e7\u00e3o diferente do usual. Conhecida por [&hellip;]<\/p>\n","protected":false},"author":2,"featured_media":305710,"comment_status":"closed","ping_status":"closed","sticky":false,"template":"","format":"standard","meta":{"_acf_changed":false,"footnotes":""},"categories":[161],"tags":[],"class_list":["post-305709","post","type-post","status-publish","format-standard","has-post-thumbnail","hentry","category-quadradinho-em-foco"],"acf":[],"yoast_head":"<!-- This site is optimized with the Yoast SEO plugin v27.2 - https:\/\/yoast.com\/product\/yoast-seo-wordpress\/ -->\n<title>Fim de Semana marca versatilidade musical - Notibras<\/title>\n<meta name=\"robots\" content=\"index, follow, max-snippet:-1, max-image-preview:large, max-video-preview:-1\" \/>\n<link rel=\"canonical\" href=\"https:\/\/www.notibras.com\/site\/fim-de-semana-marca-versatilidade-musical\/\" \/>\n<meta property=\"og:locale\" content=\"pt_BR\" \/>\n<meta property=\"og:type\" content=\"article\" \/>\n<meta property=\"og:title\" content=\"Fim de Semana marca versatilidade musical - Notibras\" \/>\n<meta property=\"og:description\" content=\"O Terra\u00e7o Shopping ter\u00e1 um final de semana repleto de m\u00fasica diversificada e envolvente. Com artistas talentosos e uma programa\u00e7\u00e3o ecl\u00e9tica, o shopping promete encantar os visitantes com uma mistura \u00fanica de g\u00eaneros musicais. No s\u00e1bado, \u00e0s 19h30, a cantora Maboh subir\u00e1 ao palco da Pra\u00e7a Central para uma apresenta\u00e7\u00e3o diferente do usual. Conhecida por [&hellip;]\" \/>\n<meta property=\"og:url\" content=\"https:\/\/www.notibras.com\/site\/fim-de-semana-marca-versatilidade-musical\/\" \/>\n<meta property=\"og:site_name\" content=\"Notibras\" \/>\n<meta property=\"article:publisher\" content=\"https:\/\/www.facebook.com\/notibras\/\" \/>\n<meta property=\"article:published_time\" content=\"2023-05-26T15:49:08+00:00\" \/>\n<meta property=\"og:image\" content=\"https:\/\/www.notibras.com\/site\/wp-content\/uploads\/2023\/05\/unnamed-70.jpg\" \/>\n\t<meta property=\"og:image:width\" content=\"1600\" \/>\n\t<meta property=\"og:image:height\" content=\"1066\" \/>\n\t<meta property=\"og:image:type\" content=\"image\/jpeg\" \/>\n<meta name=\"author\" content=\"Reda\u00e7\u00e3o\" \/>\n<meta name=\"twitter:card\" content=\"summary_large_image\" \/>\n<meta name=\"twitter:creator\" content=\"@Notibras\" \/>\n<meta name=\"twitter:site\" content=\"@Notibras\" \/>\n<meta name=\"twitter:label1\" content=\"Escrito por\" \/>\n\t<meta name=\"twitter:data1\" content=\"Reda\u00e7\u00e3o\" \/>\n\t<meta name=\"twitter:label2\" content=\"Est. tempo de leitura\" \/>\n\t<meta name=\"twitter:data2\" content=\"2 minutos\" \/>\n<script type=\"application\/ld+json\" class=\"yoast-schema-graph\">{\"@context\":\"https:\/\/schema.org\",\"@graph\":[{\"@type\":\"Article\",\"@id\":\"https:\/\/www.notibras.com\/site\/fim-de-semana-marca-versatilidade-musical\/#article\",\"isPartOf\":{\"@id\":\"https:\/\/www.notibras.com\/site\/fim-de-semana-marca-versatilidade-musical\/\"},\"author\":{\"name\":\"Reda\u00e7\u00e3o\",\"@id\":\"https:\/\/www.notibras.com\/site\/#\/schema\/person\/36ab0979449956132d3e5b517ea76ac8\"},\"headline\":\"Fim de Semana marca versatilidade musical\",\"datePublished\":\"2023-05-26T15:49:08+00:00\",\"mainEntityOfPage\":{\"@id\":\"https:\/\/www.notibras.com\/site\/fim-de-semana-marca-versatilidade-musical\/\"},\"wordCount\":343,\"publisher\":{\"@id\":\"https:\/\/www.notibras.com\/site\/#organization\"},\"image\":{\"@id\":\"https:\/\/www.notibras.com\/site\/fim-de-semana-marca-versatilidade-musical\/#primaryimage\"},\"thumbnailUrl\":\"https:\/\/www.notibras.com\/site\/wp-content\/uploads\/2023\/05\/unnamed-70.jpg\",\"articleSection\":[\"Quadradinho em Foco\"],\"inLanguage\":\"pt-BR\"},{\"@type\":\"WebPage\",\"@id\":\"https:\/\/www.notibras.com\/site\/fim-de-semana-marca-versatilidade-musical\/\",\"url\":\"https:\/\/www.notibras.com\/site\/fim-de-semana-marca-versatilidade-musical\/\",\"name\":\"Fim de Semana marca versatilidade musical - Notibras\",\"isPartOf\":{\"@id\":\"https:\/\/www.notibras.com\/site\/#website\"},\"primaryImageOfPage\":{\"@id\":\"https:\/\/www.notibras.com\/site\/fim-de-semana-marca-versatilidade-musical\/#primaryimage\"},\"image\":{\"@id\":\"https:\/\/www.notibras.com\/site\/fim-de-semana-marca-versatilidade-musical\/#primaryimage\"},\"thumbnailUrl\":\"https:\/\/www.notibras.com\/site\/wp-content\/uploads\/2023\/05\/unnamed-70.jpg\",\"datePublished\":\"2023-05-26T15:49:08+00:00\",\"breadcrumb\":{\"@id\":\"https:\/\/www.notibras.com\/site\/fim-de-semana-marca-versatilidade-musical\/#breadcrumb\"},\"inLanguage\":\"pt-BR\",\"potentialAction\":[{\"@type\":\"ReadAction\",\"target\":[\"https:\/\/www.notibras.com\/site\/fim-de-semana-marca-versatilidade-musical\/\"]}]},{\"@type\":\"ImageObject\",\"inLanguage\":\"pt-BR\",\"@id\":\"https:\/\/www.notibras.com\/site\/fim-de-semana-marca-versatilidade-musical\/#primaryimage\",\"url\":\"https:\/\/www.notibras.com\/site\/wp-content\/uploads\/2023\/05\/unnamed-70.jpg\",\"contentUrl\":\"https:\/\/www.notibras.com\/site\/wp-content\/uploads\/2023\/05\/unnamed-70.jpg\",\"width\":1600,\"height\":1066},{\"@type\":\"BreadcrumbList\",\"@id\":\"https:\/\/www.notibras.com\/site\/fim-de-semana-marca-versatilidade-musical\/#breadcrumb\",\"itemListElement\":[{\"@type\":\"ListItem\",\"position\":1,\"name\":\"In\u00edcio\",\"item\":\"https:\/\/www.notibras.com\/site\/\"},{\"@type\":\"ListItem\",\"position\":2,\"name\":\"Fim de Semana marca versatilidade musical\"}]},{\"@type\":\"WebSite\",\"@id\":\"https:\/\/www.notibras.com\/site\/#website\",\"url\":\"https:\/\/www.notibras.com\/site\/\",\"name\":\"Notibras\",\"description\":\"Not\u00edcias de Bras\u00edlia, do Brasil e do Mundo\",\"publisher\":{\"@id\":\"https:\/\/www.notibras.com\/site\/#organization\"},\"potentialAction\":[{\"@type\":\"SearchAction\",\"target\":{\"@type\":\"EntryPoint\",\"urlTemplate\":\"https:\/\/www.notibras.com\/site\/?s={search_term_string}\"},\"query-input\":{\"@type\":\"PropertyValueSpecification\",\"valueRequired\":true,\"valueName\":\"search_term_string\"}}],\"inLanguage\":\"pt-BR\"},{\"@type\":\"Organization\",\"@id\":\"https:\/\/www.notibras.com\/site\/#organization\",\"name\":\"Grupo Notibras de Comunica\u00e7\u00e3o\",\"url\":\"https:\/\/www.notibras.com\/site\/\",\"logo\":{\"@type\":\"ImageObject\",\"inLanguage\":\"pt-BR\",\"@id\":\"https:\/\/www.notibras.com\/site\/#\/schema\/logo\/image\/\",\"url\":\"https:\/\/www.notibras.com\/site\/wp-content\/uploads\/2023\/01\/notibras23.png\",\"contentUrl\":\"https:\/\/www.notibras.com\/site\/wp-content\/uploads\/2023\/01\/notibras23.png\",\"width\":350,\"height\":87,\"caption\":\"Grupo Notibras de Comunica\u00e7\u00e3o\"},\"image\":{\"@id\":\"https:\/\/www.notibras.com\/site\/#\/schema\/logo\/image\/\"},\"sameAs\":[\"https:\/\/www.facebook.com\/notibras\/\",\"https:\/\/x.com\/Notibras\",\"https:\/\/www.instagram.com\/notibras\/\"]},{\"@type\":\"Person\",\"@id\":\"https:\/\/www.notibras.com\/site\/#\/schema\/person\/36ab0979449956132d3e5b517ea76ac8\",\"name\":\"Reda\u00e7\u00e3o\",\"image\":{\"@type\":\"ImageObject\",\"inLanguage\":\"pt-BR\",\"@id\":\"https:\/\/secure.gravatar.com\/avatar\/e0a867bdedb85fd243eadf09663511f96fc81e0720a4a42581f334ad4303aa6b?s=96&d=mm&r=g\",\"url\":\"https:\/\/secure.gravatar.com\/avatar\/e0a867bdedb85fd243eadf09663511f96fc81e0720a4a42581f334ad4303aa6b?s=96&d=mm&r=g\",\"contentUrl\":\"https:\/\/secure.gravatar.com\/avatar\/e0a867bdedb85fd243eadf09663511f96fc81e0720a4a42581f334ad4303aa6b?s=96&d=mm&r=g\",\"caption\":\"Reda\u00e7\u00e3o\"}}]}<\/script>\n<!-- \/ Yoast SEO plugin. -->","yoast_head_json":{"title":"Fim de Semana marca versatilidade musical - Notibras","robots":{"index":"index","follow":"follow","max-snippet":"max-snippet:-1","max-image-preview":"max-image-preview:large","max-video-preview":"max-video-preview:-1"},"canonical":"https:\/\/www.notibras.com\/site\/fim-de-semana-marca-versatilidade-musical\/","og_locale":"pt_BR","og_type":"article","og_title":"Fim de Semana marca versatilidade musical - Notibras","og_description":"O Terra\u00e7o Shopping ter\u00e1 um final de semana repleto de m\u00fasica diversificada e envolvente. Com artistas talentosos e uma programa\u00e7\u00e3o ecl\u00e9tica, o shopping promete encantar os visitantes com uma mistura \u00fanica de g\u00eaneros musicais. No s\u00e1bado, \u00e0s 19h30, a cantora Maboh subir\u00e1 ao palco da Pra\u00e7a Central para uma apresenta\u00e7\u00e3o diferente do usual. Conhecida por [&hellip;]","og_url":"https:\/\/www.notibras.com\/site\/fim-de-semana-marca-versatilidade-musical\/","og_site_name":"Notibras","article_publisher":"https:\/\/www.facebook.com\/notibras\/","article_published_time":"2023-05-26T15:49:08+00:00","og_image":[{"width":1600,"height":1066,"url":"https:\/\/www.notibras.com\/site\/wp-content\/uploads\/2023\/05\/unnamed-70.jpg","type":"image\/jpeg"}],"author":"Reda\u00e7\u00e3o","twitter_card":"summary_large_image","twitter_creator":"@Notibras","twitter_site":"@Notibras","twitter_misc":{"Escrito por":"Reda\u00e7\u00e3o","Est. tempo de leitura":"2 minutos"},"schema":{"@context":"https:\/\/schema.org","@graph":[{"@type":"Article","@id":"https:\/\/www.notibras.com\/site\/fim-de-semana-marca-versatilidade-musical\/#article","isPartOf":{"@id":"https:\/\/www.notibras.com\/site\/fim-de-semana-marca-versatilidade-musical\/"},"author":{"name":"Reda\u00e7\u00e3o","@id":"https:\/\/www.notibras.com\/site\/#\/schema\/person\/36ab0979449956132d3e5b517ea76ac8"},"headline":"Fim de Semana marca versatilidade musical","datePublished":"2023-05-26T15:49:08+00:00","mainEntityOfPage":{"@id":"https:\/\/www.notibras.com\/site\/fim-de-semana-marca-versatilidade-musical\/"},"wordCount":343,"publisher":{"@id":"https:\/\/www.notibras.com\/site\/#organization"},"image":{"@id":"https:\/\/www.notibras.com\/site\/fim-de-semana-marca-versatilidade-musical\/#primaryimage"},"thumbnailUrl":"https:\/\/www.notibras.com\/site\/wp-content\/uploads\/2023\/05\/unnamed-70.jpg","articleSection":["Quadradinho em Foco"],"inLanguage":"pt-BR"},{"@type":"WebPage","@id":"https:\/\/www.notibras.com\/site\/fim-de-semana-marca-versatilidade-musical\/","url":"https:\/\/www.notibras.com\/site\/fim-de-semana-marca-versatilidade-musical\/","name":"Fim de Semana marca versatilidade musical - Notibras","isPartOf":{"@id":"https:\/\/www.notibras.com\/site\/#website"},"primaryImageOfPage":{"@id":"https:\/\/www.notibras.com\/site\/fim-de-semana-marca-versatilidade-musical\/#primaryimage"},"image":{"@id":"https:\/\/www.notibras.com\/site\/fim-de-semana-marca-versatilidade-musical\/#primaryimage"},"thumbnailUrl":"https:\/\/www.notibras.com\/site\/wp-content\/uploads\/2023\/05\/unnamed-70.jpg","datePublished":"2023-05-26T15:49:08+00:00","breadcrumb":{"@id":"https:\/\/www.notibras.com\/site\/fim-de-semana-marca-versatilidade-musical\/#breadcrumb"},"inLanguage":"pt-BR","potentialAction":[{"@type":"ReadAction","target":["https:\/\/www.notibras.com\/site\/fim-de-semana-marca-versatilidade-musical\/"]}]},{"@type":"ImageObject","inLanguage":"pt-BR","@id":"https:\/\/www.notibras.com\/site\/fim-de-semana-marca-versatilidade-musical\/#primaryimage","url":"https:\/\/www.notibras.com\/site\/wp-content\/uploads\/2023\/05\/unnamed-70.jpg","contentUrl":"https:\/\/www.notibras.com\/site\/wp-content\/uploads\/2023\/05\/unnamed-70.jpg","width":1600,"height":1066},{"@type":"BreadcrumbList","@id":"https:\/\/www.notibras.com\/site\/fim-de-semana-marca-versatilidade-musical\/#breadcrumb","itemListElement":[{"@type":"ListItem","position":1,"name":"In\u00edcio","item":"https:\/\/www.notibras.com\/site\/"},{"@type":"ListItem","position":2,"name":"Fim de Semana marca versatilidade musical"}]},{"@type":"WebSite","@id":"https:\/\/www.notibras.com\/site\/#website","url":"https:\/\/www.notibras.com\/site\/","name":"Notibras","description":"Not\u00edcias de Bras\u00edlia, do Brasil e do Mundo","publisher":{"@id":"https:\/\/www.notibras.com\/site\/#organization"},"potentialAction":[{"@type":"SearchAction","target":{"@type":"EntryPoint","urlTemplate":"https:\/\/www.notibras.com\/site\/?s={search_term_string}"},"query-input":{"@type":"PropertyValueSpecification","valueRequired":true,"valueName":"search_term_string"}}],"inLanguage":"pt-BR"},{"@type":"Organization","@id":"https:\/\/www.notibras.com\/site\/#organization","name":"Grupo Notibras de Comunica\u00e7\u00e3o","url":"https:\/\/www.notibras.com\/site\/","logo":{"@type":"ImageObject","inLanguage":"pt-BR","@id":"https:\/\/www.notibras.com\/site\/#\/schema\/logo\/image\/","url":"https:\/\/www.notibras.com\/site\/wp-content\/uploads\/2023\/01\/notibras23.png","contentUrl":"https:\/\/www.notibras.com\/site\/wp-content\/uploads\/2023\/01\/notibras23.png","width":350,"height":87,"caption":"Grupo Notibras de Comunica\u00e7\u00e3o"},"image":{"@id":"https:\/\/www.notibras.com\/site\/#\/schema\/logo\/image\/"},"sameAs":["https:\/\/www.facebook.com\/notibras\/","https:\/\/x.com\/Notibras","https:\/\/www.instagram.com\/notibras\/"]},{"@type":"Person","@id":"https:\/\/www.notibras.com\/site\/#\/schema\/person\/36ab0979449956132d3e5b517ea76ac8","name":"Reda\u00e7\u00e3o","image":{"@type":"ImageObject","inLanguage":"pt-BR","@id":"https:\/\/secure.gravatar.com\/avatar\/e0a867bdedb85fd243eadf09663511f96fc81e0720a4a42581f334ad4303aa6b?s=96&d=mm&r=g","url":"https:\/\/secure.gravatar.com\/avatar\/e0a867bdedb85fd243eadf09663511f96fc81e0720a4a42581f334ad4303aa6b?s=96&d=mm&r=g","contentUrl":"https:\/\/secure.gravatar.com\/avatar\/e0a867bdedb85fd243eadf09663511f96fc81e0720a4a42581f334ad4303aa6b?s=96&d=mm&r=g","caption":"Reda\u00e7\u00e3o"}}]}},"amp_enabled":true,"_links":{"self":[{"href":"https:\/\/www.notibras.com\/site\/wp-json\/wp\/v2\/posts\/305709","targetHints":{"allow":["GET"]}}],"collection":[{"href":"https:\/\/www.notibras.com\/site\/wp-json\/wp\/v2\/posts"}],"about":[{"href":"https:\/\/www.notibras.com\/site\/wp-json\/wp\/v2\/types\/post"}],"author":[{"embeddable":true,"href":"https:\/\/www.notibras.com\/site\/wp-json\/wp\/v2\/users\/2"}],"replies":[{"embeddable":true,"href":"https:\/\/www.notibras.com\/site\/wp-json\/wp\/v2\/comments?post=305709"}],"version-history":[{"count":1,"href":"https:\/\/www.notibras.com\/site\/wp-json\/wp\/v2\/posts\/305709\/revisions"}],"predecessor-version":[{"id":305711,"href":"https:\/\/www.notibras.com\/site\/wp-json\/wp\/v2\/posts\/305709\/revisions\/305711"}],"wp:featuredmedia":[{"embeddable":true,"href":"https:\/\/www.notibras.com\/site\/wp-json\/wp\/v2\/media\/305710"}],"wp:attachment":[{"href":"https:\/\/www.notibras.com\/site\/wp-json\/wp\/v2\/media?parent=305709"}],"wp:term":[{"taxonomy":"category","embeddable":true,"href":"https:\/\/www.notibras.com\/site\/wp-json\/wp\/v2\/categories?post=305709"},{"taxonomy":"post_tag","embeddable":true,"href":"https:\/\/www.notibras.com\/site\/wp-json\/wp\/v2\/tags?post=305709"}],"curies":[{"name":"wp","href":"https:\/\/api.w.org\/{rel}","templated":true}]}}