{"id":305756,"date":"2023-05-27T07:23:19","date_gmt":"2023-05-27T10:23:19","guid":{"rendered":"https:\/\/www.notibras.com\/site\/?p=305756"},"modified":"2023-05-27T12:26:00","modified_gmt":"2023-05-27T15:26:00","slug":"brasilia-separa-100-mil-doses-de-vacinas-para-dia-d","status":"publish","type":"post","link":"https:\/\/www.notibras.com\/site\/brasilia-separa-100-mil-doses-de-vacinas-para-dia-d\/","title":{"rendered":"Bras\u00edlia separa 100 mil doses de vacinas para Dia D"},"content":{"rendered":"<p>A Secretaria de Sa\u00fade do Distrito Federal disponibiliza neste s\u00e1bado (27) 100 mil doses de vacinas em mais de 60 pontos de imuniza\u00e7\u00e3o \u2013 incluindo shoppings, feiras, esta\u00e7\u00f5es do metr\u00f4, administra\u00e7\u00f5es regionais e unidades b\u00e1sicas de sa\u00fade (UBS). Cerca de 1,5 mil servidores participam do chamado Dia D de Vacina\u00e7\u00e3o e a proposta \u00e9 atender todas as faixas et\u00e1rias \u2013 desde beb\u00eas a idosos.<\/p>\n<p>Em todos os pontos ser\u00e1 oferecida a vacina contra a gripe influenza, indicada para pessoas com pelo menos seis meses de idade. Tamb\u00e9m haver\u00e1 aplica\u00e7\u00e3o de imunizantes contra a covid-19 para beb\u00eas a partir de seis meses, crian\u00e7as, adolescentes, adultos e idosos, com disponibilidade da bivalente para todas as pessoas com mais de 18 anos que j\u00e1 tenham tomado pelo menos as duas primeiras doses.<\/p>\n<p>Haver\u00e1 ainda toda a vacina\u00e7\u00e3o prevista no calend\u00e1rio de rotina, incluindo imunizantes contra doen\u00e7as como HPV, meningite, poliomielite, febre amarela, t\u00e9tano e hepatite. A lista completa, incluindo as doses dispon\u00edveis, os endere\u00e7os e os hor\u00e1rios de funcionamento dos locais participantes, pode ser conferida aqui.<\/p>\n<p>Em nota, a Secretaria de Sa\u00fade destaca que quem estiver com vacinas atrasadas poder\u00e1 receber mais de uma aplica\u00e7\u00e3o no mesmo dia.<\/p>\n<p>Para o Dia D, foi montada uma opera\u00e7\u00e3o log\u00edstica que assegura o abastecimento tanto das UBS quanto das chamadas equipes volantes. Ao todo, dez ve\u00edculos v\u00e3o atender locais onde o estoque ficar mais baixo ao longo deste s\u00e1bado.<\/p>\n","protected":false},"excerpt":{"rendered":"<p>A Secretaria de Sa\u00fade do Distrito Federal disponibiliza neste s\u00e1bado (27) 100 mil doses de vacinas em mais de 60 pontos de imuniza\u00e7\u00e3o \u2013 incluindo shoppings, feiras, esta\u00e7\u00f5es do metr\u00f4, administra\u00e7\u00f5es regionais e unidades b\u00e1sicas de sa\u00fade (UBS). Cerca de 1,5 mil servidores participam do chamado Dia D de Vacina\u00e7\u00e3o e a proposta \u00e9 atender [&hellip;]<\/p>\n","protected":false},"author":2,"featured_media":305757,"comment_status":"closed","ping_status":"closed","sticky":false,"template":"","format":"standard","meta":{"_acf_changed":false,"footnotes":""},"categories":[161],"tags":[],"class_list":["post-305756","post","type-post","status-publish","format-standard","has-post-thumbnail","hentry","category-quadradinho-em-foco"],"acf":[],"yoast_head":"<!-- This site is optimized with the Yoast SEO plugin v27.2 - https:\/\/yoast.com\/product\/yoast-seo-wordpress\/ -->\n<title>Bras\u00edlia separa 100 mil doses de vacinas para Dia D - Notibras<\/title>\n<meta name=\"robots\" content=\"index, follow, max-snippet:-1, max-image-preview:large, max-video-preview:-1\" \/>\n<link rel=\"canonical\" href=\"https:\/\/www.notibras.com\/site\/brasilia-separa-100-mil-doses-de-vacinas-para-dia-d\/\" \/>\n<meta property=\"og:locale\" content=\"pt_BR\" \/>\n<meta property=\"og:type\" content=\"article\" \/>\n<meta property=\"og:title\" content=\"Bras\u00edlia separa 100 mil doses de vacinas para Dia D - Notibras\" \/>\n<meta property=\"og:description\" content=\"A Secretaria de Sa\u00fade do Distrito Federal disponibiliza neste s\u00e1bado (27) 100 mil doses de vacinas em mais de 60 pontos de imuniza\u00e7\u00e3o \u2013 incluindo shoppings, feiras, esta\u00e7\u00f5es do metr\u00f4, administra\u00e7\u00f5es regionais e unidades b\u00e1sicas de sa\u00fade (UBS). Cerca de 1,5 mil servidores participam do chamado Dia D de Vacina\u00e7\u00e3o e a proposta \u00e9 atender [&hellip;]\" \/>\n<meta property=\"og:url\" content=\"https:\/\/www.notibras.com\/site\/brasilia-separa-100-mil-doses-de-vacinas-para-dia-d\/\" \/>\n<meta property=\"og:site_name\" content=\"Notibras\" \/>\n<meta property=\"article:publisher\" content=\"https:\/\/www.facebook.com\/notibras\/\" \/>\n<meta property=\"article:published_time\" content=\"2023-05-27T10:23:19+00:00\" \/>\n<meta property=\"article:modified_time\" content=\"2023-05-27T15:26:00+00:00\" \/>\n<meta property=\"og:image\" content=\"https:\/\/www.notibras.com\/site\/wp-content\/uploads\/2023\/05\/img_3382.jpg\" \/>\n\t<meta property=\"og:image:width\" content=\"1170\" \/>\n\t<meta property=\"og:image:height\" content=\"700\" \/>\n\t<meta property=\"og:image:type\" content=\"image\/jpeg\" \/>\n<meta name=\"author\" content=\"Reda\u00e7\u00e3o\" \/>\n<meta name=\"twitter:card\" content=\"summary_large_image\" \/>\n<meta name=\"twitter:creator\" content=\"@Notibras\" \/>\n<meta name=\"twitter:site\" content=\"@Notibras\" \/>\n<meta name=\"twitter:label1\" content=\"Escrito por\" \/>\n\t<meta name=\"twitter:data1\" content=\"Reda\u00e7\u00e3o\" \/>\n\t<meta name=\"twitter:label2\" content=\"Est. tempo de leitura\" \/>\n\t<meta name=\"twitter:data2\" content=\"2 minutos\" \/>\n<script type=\"application\/ld+json\" class=\"yoast-schema-graph\">{\"@context\":\"https:\/\/schema.org\",\"@graph\":[{\"@type\":\"Article\",\"@id\":\"https:\/\/www.notibras.com\/site\/brasilia-separa-100-mil-doses-de-vacinas-para-dia-d\/#article\",\"isPartOf\":{\"@id\":\"https:\/\/www.notibras.com\/site\/brasilia-separa-100-mil-doses-de-vacinas-para-dia-d\/\"},\"author\":{\"name\":\"Reda\u00e7\u00e3o\",\"@id\":\"https:\/\/www.notibras.com\/site\/#\/schema\/person\/36ab0979449956132d3e5b517ea76ac8\"},\"headline\":\"Bras\u00edlia separa 100 mil doses de vacinas para Dia D\",\"datePublished\":\"2023-05-27T10:23:19+00:00\",\"dateModified\":\"2023-05-27T15:26:00+00:00\",\"mainEntityOfPage\":{\"@id\":\"https:\/\/www.notibras.com\/site\/brasilia-separa-100-mil-doses-de-vacinas-para-dia-d\/\"},\"wordCount\":263,\"publisher\":{\"@id\":\"https:\/\/www.notibras.com\/site\/#organization\"},\"image\":{\"@id\":\"https:\/\/www.notibras.com\/site\/brasilia-separa-100-mil-doses-de-vacinas-para-dia-d\/#primaryimage\"},\"thumbnailUrl\":\"https:\/\/www.notibras.com\/site\/wp-content\/uploads\/2023\/05\/img_3382.jpg\",\"articleSection\":[\"Quadradinho em Foco\"],\"inLanguage\":\"pt-BR\"},{\"@type\":\"WebPage\",\"@id\":\"https:\/\/www.notibras.com\/site\/brasilia-separa-100-mil-doses-de-vacinas-para-dia-d\/\",\"url\":\"https:\/\/www.notibras.com\/site\/brasilia-separa-100-mil-doses-de-vacinas-para-dia-d\/\",\"name\":\"Bras\u00edlia separa 100 mil doses de vacinas para Dia D - Notibras\",\"isPartOf\":{\"@id\":\"https:\/\/www.notibras.com\/site\/#website\"},\"primaryImageOfPage\":{\"@id\":\"https:\/\/www.notibras.com\/site\/brasilia-separa-100-mil-doses-de-vacinas-para-dia-d\/#primaryimage\"},\"image\":{\"@id\":\"https:\/\/www.notibras.com\/site\/brasilia-separa-100-mil-doses-de-vacinas-para-dia-d\/#primaryimage\"},\"thumbnailUrl\":\"https:\/\/www.notibras.com\/site\/wp-content\/uploads\/2023\/05\/img_3382.jpg\",\"datePublished\":\"2023-05-27T10:23:19+00:00\",\"dateModified\":\"2023-05-27T15:26:00+00:00\",\"breadcrumb\":{\"@id\":\"https:\/\/www.notibras.com\/site\/brasilia-separa-100-mil-doses-de-vacinas-para-dia-d\/#breadcrumb\"},\"inLanguage\":\"pt-BR\",\"potentialAction\":[{\"@type\":\"ReadAction\",\"target\":[\"https:\/\/www.notibras.com\/site\/brasilia-separa-100-mil-doses-de-vacinas-para-dia-d\/\"]}]},{\"@type\":\"ImageObject\",\"inLanguage\":\"pt-BR\",\"@id\":\"https:\/\/www.notibras.com\/site\/brasilia-separa-100-mil-doses-de-vacinas-para-dia-d\/#primaryimage\",\"url\":\"https:\/\/www.notibras.com\/site\/wp-content\/uploads\/2023\/05\/img_3382.jpg\",\"contentUrl\":\"https:\/\/www.notibras.com\/site\/wp-content\/uploads\/2023\/05\/img_3382.jpg\",\"width\":1170,\"height\":700,\"caption\":\"Vacina bivalente contra Covid\"},{\"@type\":\"BreadcrumbList\",\"@id\":\"https:\/\/www.notibras.com\/site\/brasilia-separa-100-mil-doses-de-vacinas-para-dia-d\/#breadcrumb\",\"itemListElement\":[{\"@type\":\"ListItem\",\"position\":1,\"name\":\"In\u00edcio\",\"item\":\"https:\/\/www.notibras.com\/site\/\"},{\"@type\":\"ListItem\",\"position\":2,\"name\":\"Bras\u00edlia separa 100 mil doses de vacinas para Dia D\"}]},{\"@type\":\"WebSite\",\"@id\":\"https:\/\/www.notibras.com\/site\/#website\",\"url\":\"https:\/\/www.notibras.com\/site\/\",\"name\":\"Notibras\",\"description\":\"Not\u00edcias de Bras\u00edlia, do Brasil e do Mundo\",\"publisher\":{\"@id\":\"https:\/\/www.notibras.com\/site\/#organization\"},\"potentialAction\":[{\"@type\":\"SearchAction\",\"target\":{\"@type\":\"EntryPoint\",\"urlTemplate\":\"https:\/\/www.notibras.com\/site\/?s={search_term_string}\"},\"query-input\":{\"@type\":\"PropertyValueSpecification\",\"valueRequired\":true,\"valueName\":\"search_term_string\"}}],\"inLanguage\":\"pt-BR\"},{\"@type\":\"Organization\",\"@id\":\"https:\/\/www.notibras.com\/site\/#organization\",\"name\":\"Grupo Notibras de Comunica\u00e7\u00e3o\",\"url\":\"https:\/\/www.notibras.com\/site\/\",\"logo\":{\"@type\":\"ImageObject\",\"inLanguage\":\"pt-BR\",\"@id\":\"https:\/\/www.notibras.com\/site\/#\/schema\/logo\/image\/\",\"url\":\"https:\/\/www.notibras.com\/site\/wp-content\/uploads\/2023\/01\/notibras23.png\",\"contentUrl\":\"https:\/\/www.notibras.com\/site\/wp-content\/uploads\/2023\/01\/notibras23.png\",\"width\":350,\"height\":87,\"caption\":\"Grupo Notibras de Comunica\u00e7\u00e3o\"},\"image\":{\"@id\":\"https:\/\/www.notibras.com\/site\/#\/schema\/logo\/image\/\"},\"sameAs\":[\"https:\/\/www.facebook.com\/notibras\/\",\"https:\/\/x.com\/Notibras\",\"https:\/\/www.instagram.com\/notibras\/\"]},{\"@type\":\"Person\",\"@id\":\"https:\/\/www.notibras.com\/site\/#\/schema\/person\/36ab0979449956132d3e5b517ea76ac8\",\"name\":\"Reda\u00e7\u00e3o\",\"image\":{\"@type\":\"ImageObject\",\"inLanguage\":\"pt-BR\",\"@id\":\"https:\/\/secure.gravatar.com\/avatar\/e0a867bdedb85fd243eadf09663511f96fc81e0720a4a42581f334ad4303aa6b?s=96&d=mm&r=g\",\"url\":\"https:\/\/secure.gravatar.com\/avatar\/e0a867bdedb85fd243eadf09663511f96fc81e0720a4a42581f334ad4303aa6b?s=96&d=mm&r=g\",\"contentUrl\":\"https:\/\/secure.gravatar.com\/avatar\/e0a867bdedb85fd243eadf09663511f96fc81e0720a4a42581f334ad4303aa6b?s=96&d=mm&r=g\",\"caption\":\"Reda\u00e7\u00e3o\"}}]}<\/script>\n<!-- \/ Yoast SEO plugin. -->","yoast_head_json":{"title":"Bras\u00edlia separa 100 mil doses de vacinas para Dia D - Notibras","robots":{"index":"index","follow":"follow","max-snippet":"max-snippet:-1","max-image-preview":"max-image-preview:large","max-video-preview":"max-video-preview:-1"},"canonical":"https:\/\/www.notibras.com\/site\/brasilia-separa-100-mil-doses-de-vacinas-para-dia-d\/","og_locale":"pt_BR","og_type":"article","og_title":"Bras\u00edlia separa 100 mil doses de vacinas para Dia D - Notibras","og_description":"A Secretaria de Sa\u00fade do Distrito Federal disponibiliza neste s\u00e1bado (27) 100 mil doses de vacinas em mais de 60 pontos de imuniza\u00e7\u00e3o \u2013 incluindo shoppings, feiras, esta\u00e7\u00f5es do metr\u00f4, administra\u00e7\u00f5es regionais e unidades b\u00e1sicas de sa\u00fade (UBS). Cerca de 1,5 mil servidores participam do chamado Dia D de Vacina\u00e7\u00e3o e a proposta \u00e9 atender [&hellip;]","og_url":"https:\/\/www.notibras.com\/site\/brasilia-separa-100-mil-doses-de-vacinas-para-dia-d\/","og_site_name":"Notibras","article_publisher":"https:\/\/www.facebook.com\/notibras\/","article_published_time":"2023-05-27T10:23:19+00:00","article_modified_time":"2023-05-27T15:26:00+00:00","og_image":[{"width":1170,"height":700,"url":"https:\/\/www.notibras.com\/site\/wp-content\/uploads\/2023\/05\/img_3382.jpg","type":"image\/jpeg"}],"author":"Reda\u00e7\u00e3o","twitter_card":"summary_large_image","twitter_creator":"@Notibras","twitter_site":"@Notibras","twitter_misc":{"Escrito por":"Reda\u00e7\u00e3o","Est. tempo de leitura":"2 minutos"},"schema":{"@context":"https:\/\/schema.org","@graph":[{"@type":"Article","@id":"https:\/\/www.notibras.com\/site\/brasilia-separa-100-mil-doses-de-vacinas-para-dia-d\/#article","isPartOf":{"@id":"https:\/\/www.notibras.com\/site\/brasilia-separa-100-mil-doses-de-vacinas-para-dia-d\/"},"author":{"name":"Reda\u00e7\u00e3o","@id":"https:\/\/www.notibras.com\/site\/#\/schema\/person\/36ab0979449956132d3e5b517ea76ac8"},"headline":"Bras\u00edlia separa 100 mil doses de vacinas para Dia D","datePublished":"2023-05-27T10:23:19+00:00","dateModified":"2023-05-27T15:26:00+00:00","mainEntityOfPage":{"@id":"https:\/\/www.notibras.com\/site\/brasilia-separa-100-mil-doses-de-vacinas-para-dia-d\/"},"wordCount":263,"publisher":{"@id":"https:\/\/www.notibras.com\/site\/#organization"},"image":{"@id":"https:\/\/www.notibras.com\/site\/brasilia-separa-100-mil-doses-de-vacinas-para-dia-d\/#primaryimage"},"thumbnailUrl":"https:\/\/www.notibras.com\/site\/wp-content\/uploads\/2023\/05\/img_3382.jpg","articleSection":["Quadradinho em Foco"],"inLanguage":"pt-BR"},{"@type":"WebPage","@id":"https:\/\/www.notibras.com\/site\/brasilia-separa-100-mil-doses-de-vacinas-para-dia-d\/","url":"https:\/\/www.notibras.com\/site\/brasilia-separa-100-mil-doses-de-vacinas-para-dia-d\/","name":"Bras\u00edlia separa 100 mil doses de vacinas para Dia D - Notibras","isPartOf":{"@id":"https:\/\/www.notibras.com\/site\/#website"},"primaryImageOfPage":{"@id":"https:\/\/www.notibras.com\/site\/brasilia-separa-100-mil-doses-de-vacinas-para-dia-d\/#primaryimage"},"image":{"@id":"https:\/\/www.notibras.com\/site\/brasilia-separa-100-mil-doses-de-vacinas-para-dia-d\/#primaryimage"},"thumbnailUrl":"https:\/\/www.notibras.com\/site\/wp-content\/uploads\/2023\/05\/img_3382.jpg","datePublished":"2023-05-27T10:23:19+00:00","dateModified":"2023-05-27T15:26:00+00:00","breadcrumb":{"@id":"https:\/\/www.notibras.com\/site\/brasilia-separa-100-mil-doses-de-vacinas-para-dia-d\/#breadcrumb"},"inLanguage":"pt-BR","potentialAction":[{"@type":"ReadAction","target":["https:\/\/www.notibras.com\/site\/brasilia-separa-100-mil-doses-de-vacinas-para-dia-d\/"]}]},{"@type":"ImageObject","inLanguage":"pt-BR","@id":"https:\/\/www.notibras.com\/site\/brasilia-separa-100-mil-doses-de-vacinas-para-dia-d\/#primaryimage","url":"https:\/\/www.notibras.com\/site\/wp-content\/uploads\/2023\/05\/img_3382.jpg","contentUrl":"https:\/\/www.notibras.com\/site\/wp-content\/uploads\/2023\/05\/img_3382.jpg","width":1170,"height":700,"caption":"Vacina bivalente contra Covid"},{"@type":"BreadcrumbList","@id":"https:\/\/www.notibras.com\/site\/brasilia-separa-100-mil-doses-de-vacinas-para-dia-d\/#breadcrumb","itemListElement":[{"@type":"ListItem","position":1,"name":"In\u00edcio","item":"https:\/\/www.notibras.com\/site\/"},{"@type":"ListItem","position":2,"name":"Bras\u00edlia separa 100 mil doses de vacinas para Dia D"}]},{"@type":"WebSite","@id":"https:\/\/www.notibras.com\/site\/#website","url":"https:\/\/www.notibras.com\/site\/","name":"Notibras","description":"Not\u00edcias de Bras\u00edlia, do Brasil e do Mundo","publisher":{"@id":"https:\/\/www.notibras.com\/site\/#organization"},"potentialAction":[{"@type":"SearchAction","target":{"@type":"EntryPoint","urlTemplate":"https:\/\/www.notibras.com\/site\/?s={search_term_string}"},"query-input":{"@type":"PropertyValueSpecification","valueRequired":true,"valueName":"search_term_string"}}],"inLanguage":"pt-BR"},{"@type":"Organization","@id":"https:\/\/www.notibras.com\/site\/#organization","name":"Grupo Notibras de Comunica\u00e7\u00e3o","url":"https:\/\/www.notibras.com\/site\/","logo":{"@type":"ImageObject","inLanguage":"pt-BR","@id":"https:\/\/www.notibras.com\/site\/#\/schema\/logo\/image\/","url":"https:\/\/www.notibras.com\/site\/wp-content\/uploads\/2023\/01\/notibras23.png","contentUrl":"https:\/\/www.notibras.com\/site\/wp-content\/uploads\/2023\/01\/notibras23.png","width":350,"height":87,"caption":"Grupo Notibras de Comunica\u00e7\u00e3o"},"image":{"@id":"https:\/\/www.notibras.com\/site\/#\/schema\/logo\/image\/"},"sameAs":["https:\/\/www.facebook.com\/notibras\/","https:\/\/x.com\/Notibras","https:\/\/www.instagram.com\/notibras\/"]},{"@type":"Person","@id":"https:\/\/www.notibras.com\/site\/#\/schema\/person\/36ab0979449956132d3e5b517ea76ac8","name":"Reda\u00e7\u00e3o","image":{"@type":"ImageObject","inLanguage":"pt-BR","@id":"https:\/\/secure.gravatar.com\/avatar\/e0a867bdedb85fd243eadf09663511f96fc81e0720a4a42581f334ad4303aa6b?s=96&d=mm&r=g","url":"https:\/\/secure.gravatar.com\/avatar\/e0a867bdedb85fd243eadf09663511f96fc81e0720a4a42581f334ad4303aa6b?s=96&d=mm&r=g","contentUrl":"https:\/\/secure.gravatar.com\/avatar\/e0a867bdedb85fd243eadf09663511f96fc81e0720a4a42581f334ad4303aa6b?s=96&d=mm&r=g","caption":"Reda\u00e7\u00e3o"}}]}},"amp_enabled":true,"_links":{"self":[{"href":"https:\/\/www.notibras.com\/site\/wp-json\/wp\/v2\/posts\/305756","targetHints":{"allow":["GET"]}}],"collection":[{"href":"https:\/\/www.notibras.com\/site\/wp-json\/wp\/v2\/posts"}],"about":[{"href":"https:\/\/www.notibras.com\/site\/wp-json\/wp\/v2\/types\/post"}],"author":[{"embeddable":true,"href":"https:\/\/www.notibras.com\/site\/wp-json\/wp\/v2\/users\/2"}],"replies":[{"embeddable":true,"href":"https:\/\/www.notibras.com\/site\/wp-json\/wp\/v2\/comments?post=305756"}],"version-history":[{"count":1,"href":"https:\/\/www.notibras.com\/site\/wp-json\/wp\/v2\/posts\/305756\/revisions"}],"predecessor-version":[{"id":305758,"href":"https:\/\/www.notibras.com\/site\/wp-json\/wp\/v2\/posts\/305756\/revisions\/305758"}],"wp:featuredmedia":[{"embeddable":true,"href":"https:\/\/www.notibras.com\/site\/wp-json\/wp\/v2\/media\/305757"}],"wp:attachment":[{"href":"https:\/\/www.notibras.com\/site\/wp-json\/wp\/v2\/media?parent=305756"}],"wp:term":[{"taxonomy":"category","embeddable":true,"href":"https:\/\/www.notibras.com\/site\/wp-json\/wp\/v2\/categories?post=305756"},{"taxonomy":"post_tag","embeddable":true,"href":"https:\/\/www.notibras.com\/site\/wp-json\/wp\/v2\/tags?post=305756"}],"curies":[{"name":"wp","href":"https:\/\/api.w.org\/{rel}","templated":true}]}}