{"id":305759,"date":"2023-05-27T00:32:57","date_gmt":"2023-05-27T03:32:57","guid":{"rendered":"https:\/\/www.notibras.com\/site\/?p=305759"},"modified":"2023-05-27T12:35:00","modified_gmt":"2023-05-27T15:35:00","slug":"vem-ai-inscricao-para-segunda-edicao-do-sisu-2023","status":"publish","type":"post","link":"https:\/\/www.notibras.com\/site\/vem-ai-inscricao-para-segunda-edicao-do-sisu-2023\/","title":{"rendered":"Vem a\u00ed inscri\u00e7\u00e3o para segunda edi\u00e7\u00e3o do Sisu 2023"},"content":{"rendered":"<p>As inscri\u00e7\u00f5es para a segunda edi\u00e7\u00e3o do Sistema de Sele\u00e7\u00e3o Unificada (Sisu) para garantir vaga em institui\u00e7\u00e3o de ensino superior p\u00fablica ser\u00e3o abertas em 19 de junho. O per\u00edodo de inscri\u00e7\u00e3o foi publicado no site oficial do Sisu e terminar\u00e1 em 22 de junho.<\/p>\n<p>Somente os estudantes que participaram da \u00faltima edi\u00e7\u00e3o do Exame Nacional do Ensino M\u00e9dio, o Enem de 2022, e n\u00e3o zeraram a prova de reda\u00e7\u00e3o poder\u00e3o se inscrever no Sisu, relativo ao segundo semestre de 2023. O processo \u00e9 gerido pelo Minist\u00e9rio da Educa\u00e7\u00e3o (MEC).<\/p>\n<p>Para se inscrever, os interessados dever\u00e3o acessar o portal Acesso \u00danico ao Ensino Superior, do MEC e clicar em \u201cFazer inscri\u00e7\u00e3o\u201d, quando estiver dispon\u00edvel.<\/p>\n<p>\u00c9 necess\u00e1rio fazer o login com o n\u00famero do CPF e senha, no portal Gov.br, a plataforma de servi\u00e7os digitais do governo federal.<\/p>\n<p>O aluno poder\u00e1 escolher duas op\u00e7\u00f5es de cursos no Sisu 2023.<\/p>\n<p>Ao escolher a primeira op\u00e7\u00e3o de curso, o candidato \u00e0 vaga dever\u00e1 escolher o local de oferta, turno e a modalidade de concorr\u00eancia (ampla concorr\u00eancia, cotas ou a\u00e7\u00f5es afirmativas das pr\u00f3prias institui\u00e7\u00f5es). O portal Acesso \u00danico ao Ensino Superior permite a pesquisa das vagas pelo nome do munic\u00edpio da institui\u00e7\u00e3o de ensino ou do curso de gradua\u00e7\u00e3o de interesse.<\/p>\n<p>Durante o per\u00edodo de inscri\u00e7\u00e3o, o candidato poder\u00e1 acompanhar a inscri\u00e7\u00e3o, com as notas de corte dos cursos e a sua classifica\u00e7\u00e3o parcial. Se desejar, o inscrito ainda pode trocar de curso at\u00e9 o fim do prazo das inscri\u00e7\u00f5es do Sisu e valer\u00e1 a \u00faltima escolha.<\/p>\n<p>De acordo com o cronograma publicado no Portal \u00danico de Acesso ao Ensino Superior, o resultado da chamada regular do Sisu ser\u00e1 divulgado em 27 de junho. E a matr\u00edcula dos alunos aprovados na chamada regular dever\u00e1 ser feita entre 29 junho e 4 de julho.<\/p>\n<p>Quem n\u00e3o for selecionado em nenhuma das duas op\u00e7\u00f5es de curso indicadas no ato de inscri\u00e7\u00e3o, ainda ter\u00e1 uma chance de ingressar em curso de gradua\u00e7\u00e3o em universidade ou instituto p\u00fablico poder\u00e1 disputar, por meio da lista de espera do Sisu, as vagas n\u00e3o preenchidas anteriormente. O prazo para participar da lista de espera vai de 27 de junho at\u00e9 4 de julho.<\/p>\n<p>O edital do processo seletivo com informa\u00e7\u00f5es sobre a concorr\u00eancia do Sisu ainda n\u00e3o foi publicado no Di\u00e1rio Oficial da Uni\u00e3o.<\/p>\n<p><strong>Sisu<\/strong><br \/>\nPer\u00edodo de inscri\u00e7\u00e3o: 19 a 22 de junho<br \/>\nResultado da chamada regular: 27 de junho<br \/>\nMatr\u00edcula da chamada regular: 29 de junho a 4 de julho<br \/>\nPrazo para participar da lista de espera: 27 de junho a 4 de julho<\/p>\n","protected":false},"excerpt":{"rendered":"<p>As inscri\u00e7\u00f5es para a segunda edi\u00e7\u00e3o do Sistema de Sele\u00e7\u00e3o Unificada (Sisu) para garantir vaga em institui\u00e7\u00e3o de ensino superior p\u00fablica ser\u00e3o abertas em 19 de junho. O per\u00edodo de inscri\u00e7\u00e3o foi publicado no site oficial do Sisu e terminar\u00e1 em 22 de junho. Somente os estudantes que participaram da \u00faltima edi\u00e7\u00e3o do Exame Nacional [&hellip;]<\/p>\n","protected":false},"author":2,"featured_media":200027,"comment_status":"closed","ping_status":"closed","sticky":false,"template":"","format":"standard","meta":{"_acf_changed":false,"footnotes":""},"categories":[161],"tags":[],"class_list":["post-305759","post","type-post","status-publish","format-standard","has-post-thumbnail","hentry","category-quadradinho-em-foco"],"acf":[],"yoast_head":"<!-- This site is optimized with the Yoast SEO plugin v27.2 - https:\/\/yoast.com\/product\/yoast-seo-wordpress\/ -->\n<title>Vem a\u00ed inscri\u00e7\u00e3o para segunda edi\u00e7\u00e3o do Sisu 2023 - Notibras<\/title>\n<meta name=\"robots\" content=\"index, follow, max-snippet:-1, max-image-preview:large, max-video-preview:-1\" \/>\n<link rel=\"canonical\" href=\"https:\/\/www.notibras.com\/site\/vem-ai-inscricao-para-segunda-edicao-do-sisu-2023\/\" \/>\n<meta property=\"og:locale\" content=\"pt_BR\" \/>\n<meta property=\"og:type\" content=\"article\" \/>\n<meta property=\"og:title\" content=\"Vem a\u00ed inscri\u00e7\u00e3o para segunda edi\u00e7\u00e3o do Sisu 2023 - Notibras\" \/>\n<meta property=\"og:description\" content=\"As inscri\u00e7\u00f5es para a segunda edi\u00e7\u00e3o do Sistema de Sele\u00e7\u00e3o Unificada (Sisu) para garantir vaga em institui\u00e7\u00e3o de ensino superior p\u00fablica ser\u00e3o abertas em 19 de junho. O per\u00edodo de inscri\u00e7\u00e3o foi publicado no site oficial do Sisu e terminar\u00e1 em 22 de junho. Somente os estudantes que participaram da \u00faltima edi\u00e7\u00e3o do Exame Nacional [&hellip;]\" \/>\n<meta property=\"og:url\" content=\"https:\/\/www.notibras.com\/site\/vem-ai-inscricao-para-segunda-edicao-do-sisu-2023\/\" \/>\n<meta property=\"og:site_name\" content=\"Notibras\" \/>\n<meta property=\"article:publisher\" content=\"https:\/\/www.facebook.com\/notibras\/\" \/>\n<meta property=\"article:published_time\" content=\"2023-05-27T03:32:57+00:00\" \/>\n<meta property=\"article:modified_time\" content=\"2023-05-27T15:35:00+00:00\" \/>\n<meta property=\"og:image\" content=\"https:\/\/www.notibras.com\/site\/wp-content\/uploads\/2019\/01\/sisu.unb_.jpg\" \/>\n\t<meta property=\"og:image:width\" content=\"1140\" \/>\n\t<meta property=\"og:image:height\" content=\"760\" \/>\n\t<meta property=\"og:image:type\" content=\"image\/jpeg\" \/>\n<meta name=\"author\" content=\"Reda\u00e7\u00e3o\" \/>\n<meta name=\"twitter:card\" content=\"summary_large_image\" \/>\n<meta name=\"twitter:creator\" content=\"@Notibras\" \/>\n<meta name=\"twitter:site\" content=\"@Notibras\" \/>\n<meta name=\"twitter:label1\" content=\"Escrito por\" \/>\n\t<meta name=\"twitter:data1\" content=\"Reda\u00e7\u00e3o\" \/>\n\t<meta name=\"twitter:label2\" content=\"Est. tempo de leitura\" \/>\n\t<meta name=\"twitter:data2\" content=\"3 minutos\" \/>\n<script type=\"application\/ld+json\" class=\"yoast-schema-graph\">{\"@context\":\"https:\/\/schema.org\",\"@graph\":[{\"@type\":\"Article\",\"@id\":\"https:\/\/www.notibras.com\/site\/vem-ai-inscricao-para-segunda-edicao-do-sisu-2023\/#article\",\"isPartOf\":{\"@id\":\"https:\/\/www.notibras.com\/site\/vem-ai-inscricao-para-segunda-edicao-do-sisu-2023\/\"},\"author\":{\"name\":\"Reda\u00e7\u00e3o\",\"@id\":\"https:\/\/www.notibras.com\/site\/#\/schema\/person\/36ab0979449956132d3e5b517ea76ac8\"},\"headline\":\"Vem a\u00ed inscri\u00e7\u00e3o para segunda edi\u00e7\u00e3o do Sisu 2023\",\"datePublished\":\"2023-05-27T03:32:57+00:00\",\"dateModified\":\"2023-05-27T15:35:00+00:00\",\"mainEntityOfPage\":{\"@id\":\"https:\/\/www.notibras.com\/site\/vem-ai-inscricao-para-segunda-edicao-do-sisu-2023\/\"},\"wordCount\":465,\"publisher\":{\"@id\":\"https:\/\/www.notibras.com\/site\/#organization\"},\"image\":{\"@id\":\"https:\/\/www.notibras.com\/site\/vem-ai-inscricao-para-segunda-edicao-do-sisu-2023\/#primaryimage\"},\"thumbnailUrl\":\"https:\/\/www.notibras.com\/site\/wp-content\/uploads\/2019\/01\/sisu.unb_.jpg\",\"articleSection\":[\"Quadradinho em Foco\"],\"inLanguage\":\"pt-BR\"},{\"@type\":\"WebPage\",\"@id\":\"https:\/\/www.notibras.com\/site\/vem-ai-inscricao-para-segunda-edicao-do-sisu-2023\/\",\"url\":\"https:\/\/www.notibras.com\/site\/vem-ai-inscricao-para-segunda-edicao-do-sisu-2023\/\",\"name\":\"Vem a\u00ed inscri\u00e7\u00e3o para segunda edi\u00e7\u00e3o do Sisu 2023 - Notibras\",\"isPartOf\":{\"@id\":\"https:\/\/www.notibras.com\/site\/#website\"},\"primaryImageOfPage\":{\"@id\":\"https:\/\/www.notibras.com\/site\/vem-ai-inscricao-para-segunda-edicao-do-sisu-2023\/#primaryimage\"},\"image\":{\"@id\":\"https:\/\/www.notibras.com\/site\/vem-ai-inscricao-para-segunda-edicao-do-sisu-2023\/#primaryimage\"},\"thumbnailUrl\":\"https:\/\/www.notibras.com\/site\/wp-content\/uploads\/2019\/01\/sisu.unb_.jpg\",\"datePublished\":\"2023-05-27T03:32:57+00:00\",\"dateModified\":\"2023-05-27T15:35:00+00:00\",\"breadcrumb\":{\"@id\":\"https:\/\/www.notibras.com\/site\/vem-ai-inscricao-para-segunda-edicao-do-sisu-2023\/#breadcrumb\"},\"inLanguage\":\"pt-BR\",\"potentialAction\":[{\"@type\":\"ReadAction\",\"target\":[\"https:\/\/www.notibras.com\/site\/vem-ai-inscricao-para-segunda-edicao-do-sisu-2023\/\"]}]},{\"@type\":\"ImageObject\",\"inLanguage\":\"pt-BR\",\"@id\":\"https:\/\/www.notibras.com\/site\/vem-ai-inscricao-para-segunda-edicao-do-sisu-2023\/#primaryimage\",\"url\":\"https:\/\/www.notibras.com\/site\/wp-content\/uploads\/2019\/01\/sisu.unb_.jpg\",\"contentUrl\":\"https:\/\/www.notibras.com\/site\/wp-content\/uploads\/2019\/01\/sisu.unb_.jpg\",\"width\":1140,\"height\":760,\"caption\":\"Foto: Fabio Rodrigues Pozzebom\/Ag\u00eancia Brasil\"},{\"@type\":\"BreadcrumbList\",\"@id\":\"https:\/\/www.notibras.com\/site\/vem-ai-inscricao-para-segunda-edicao-do-sisu-2023\/#breadcrumb\",\"itemListElement\":[{\"@type\":\"ListItem\",\"position\":1,\"name\":\"In\u00edcio\",\"item\":\"https:\/\/www.notibras.com\/site\/\"},{\"@type\":\"ListItem\",\"position\":2,\"name\":\"Vem a\u00ed inscri\u00e7\u00e3o para segunda edi\u00e7\u00e3o do Sisu 2023\"}]},{\"@type\":\"WebSite\",\"@id\":\"https:\/\/www.notibras.com\/site\/#website\",\"url\":\"https:\/\/www.notibras.com\/site\/\",\"name\":\"Notibras\",\"description\":\"Not\u00edcias de Bras\u00edlia, do Brasil e do Mundo\",\"publisher\":{\"@id\":\"https:\/\/www.notibras.com\/site\/#organization\"},\"potentialAction\":[{\"@type\":\"SearchAction\",\"target\":{\"@type\":\"EntryPoint\",\"urlTemplate\":\"https:\/\/www.notibras.com\/site\/?s={search_term_string}\"},\"query-input\":{\"@type\":\"PropertyValueSpecification\",\"valueRequired\":true,\"valueName\":\"search_term_string\"}}],\"inLanguage\":\"pt-BR\"},{\"@type\":\"Organization\",\"@id\":\"https:\/\/www.notibras.com\/site\/#organization\",\"name\":\"Grupo Notibras de Comunica\u00e7\u00e3o\",\"url\":\"https:\/\/www.notibras.com\/site\/\",\"logo\":{\"@type\":\"ImageObject\",\"inLanguage\":\"pt-BR\",\"@id\":\"https:\/\/www.notibras.com\/site\/#\/schema\/logo\/image\/\",\"url\":\"https:\/\/www.notibras.com\/site\/wp-content\/uploads\/2023\/01\/notibras23.png\",\"contentUrl\":\"https:\/\/www.notibras.com\/site\/wp-content\/uploads\/2023\/01\/notibras23.png\",\"width\":350,\"height\":87,\"caption\":\"Grupo Notibras de Comunica\u00e7\u00e3o\"},\"image\":{\"@id\":\"https:\/\/www.notibras.com\/site\/#\/schema\/logo\/image\/\"},\"sameAs\":[\"https:\/\/www.facebook.com\/notibras\/\",\"https:\/\/x.com\/Notibras\",\"https:\/\/www.instagram.com\/notibras\/\"]},{\"@type\":\"Person\",\"@id\":\"https:\/\/www.notibras.com\/site\/#\/schema\/person\/36ab0979449956132d3e5b517ea76ac8\",\"name\":\"Reda\u00e7\u00e3o\",\"image\":{\"@type\":\"ImageObject\",\"inLanguage\":\"pt-BR\",\"@id\":\"https:\/\/secure.gravatar.com\/avatar\/e0a867bdedb85fd243eadf09663511f96fc81e0720a4a42581f334ad4303aa6b?s=96&d=mm&r=g\",\"url\":\"https:\/\/secure.gravatar.com\/avatar\/e0a867bdedb85fd243eadf09663511f96fc81e0720a4a42581f334ad4303aa6b?s=96&d=mm&r=g\",\"contentUrl\":\"https:\/\/secure.gravatar.com\/avatar\/e0a867bdedb85fd243eadf09663511f96fc81e0720a4a42581f334ad4303aa6b?s=96&d=mm&r=g\",\"caption\":\"Reda\u00e7\u00e3o\"}}]}<\/script>\n<!-- \/ Yoast SEO plugin. -->","yoast_head_json":{"title":"Vem a\u00ed inscri\u00e7\u00e3o para segunda edi\u00e7\u00e3o do Sisu 2023 - Notibras","robots":{"index":"index","follow":"follow","max-snippet":"max-snippet:-1","max-image-preview":"max-image-preview:large","max-video-preview":"max-video-preview:-1"},"canonical":"https:\/\/www.notibras.com\/site\/vem-ai-inscricao-para-segunda-edicao-do-sisu-2023\/","og_locale":"pt_BR","og_type":"article","og_title":"Vem a\u00ed inscri\u00e7\u00e3o para segunda edi\u00e7\u00e3o do Sisu 2023 - Notibras","og_description":"As inscri\u00e7\u00f5es para a segunda edi\u00e7\u00e3o do Sistema de Sele\u00e7\u00e3o Unificada (Sisu) para garantir vaga em institui\u00e7\u00e3o de ensino superior p\u00fablica ser\u00e3o abertas em 19 de junho. O per\u00edodo de inscri\u00e7\u00e3o foi publicado no site oficial do Sisu e terminar\u00e1 em 22 de junho. Somente os estudantes que participaram da \u00faltima edi\u00e7\u00e3o do Exame Nacional [&hellip;]","og_url":"https:\/\/www.notibras.com\/site\/vem-ai-inscricao-para-segunda-edicao-do-sisu-2023\/","og_site_name":"Notibras","article_publisher":"https:\/\/www.facebook.com\/notibras\/","article_published_time":"2023-05-27T03:32:57+00:00","article_modified_time":"2023-05-27T15:35:00+00:00","og_image":[{"width":1140,"height":760,"url":"https:\/\/www.notibras.com\/site\/wp-content\/uploads\/2019\/01\/sisu.unb_.jpg","type":"image\/jpeg"}],"author":"Reda\u00e7\u00e3o","twitter_card":"summary_large_image","twitter_creator":"@Notibras","twitter_site":"@Notibras","twitter_misc":{"Escrito por":"Reda\u00e7\u00e3o","Est. tempo de leitura":"3 minutos"},"schema":{"@context":"https:\/\/schema.org","@graph":[{"@type":"Article","@id":"https:\/\/www.notibras.com\/site\/vem-ai-inscricao-para-segunda-edicao-do-sisu-2023\/#article","isPartOf":{"@id":"https:\/\/www.notibras.com\/site\/vem-ai-inscricao-para-segunda-edicao-do-sisu-2023\/"},"author":{"name":"Reda\u00e7\u00e3o","@id":"https:\/\/www.notibras.com\/site\/#\/schema\/person\/36ab0979449956132d3e5b517ea76ac8"},"headline":"Vem a\u00ed inscri\u00e7\u00e3o para segunda edi\u00e7\u00e3o do Sisu 2023","datePublished":"2023-05-27T03:32:57+00:00","dateModified":"2023-05-27T15:35:00+00:00","mainEntityOfPage":{"@id":"https:\/\/www.notibras.com\/site\/vem-ai-inscricao-para-segunda-edicao-do-sisu-2023\/"},"wordCount":465,"publisher":{"@id":"https:\/\/www.notibras.com\/site\/#organization"},"image":{"@id":"https:\/\/www.notibras.com\/site\/vem-ai-inscricao-para-segunda-edicao-do-sisu-2023\/#primaryimage"},"thumbnailUrl":"https:\/\/www.notibras.com\/site\/wp-content\/uploads\/2019\/01\/sisu.unb_.jpg","articleSection":["Quadradinho em Foco"],"inLanguage":"pt-BR"},{"@type":"WebPage","@id":"https:\/\/www.notibras.com\/site\/vem-ai-inscricao-para-segunda-edicao-do-sisu-2023\/","url":"https:\/\/www.notibras.com\/site\/vem-ai-inscricao-para-segunda-edicao-do-sisu-2023\/","name":"Vem a\u00ed inscri\u00e7\u00e3o para segunda edi\u00e7\u00e3o do Sisu 2023 - Notibras","isPartOf":{"@id":"https:\/\/www.notibras.com\/site\/#website"},"primaryImageOfPage":{"@id":"https:\/\/www.notibras.com\/site\/vem-ai-inscricao-para-segunda-edicao-do-sisu-2023\/#primaryimage"},"image":{"@id":"https:\/\/www.notibras.com\/site\/vem-ai-inscricao-para-segunda-edicao-do-sisu-2023\/#primaryimage"},"thumbnailUrl":"https:\/\/www.notibras.com\/site\/wp-content\/uploads\/2019\/01\/sisu.unb_.jpg","datePublished":"2023-05-27T03:32:57+00:00","dateModified":"2023-05-27T15:35:00+00:00","breadcrumb":{"@id":"https:\/\/www.notibras.com\/site\/vem-ai-inscricao-para-segunda-edicao-do-sisu-2023\/#breadcrumb"},"inLanguage":"pt-BR","potentialAction":[{"@type":"ReadAction","target":["https:\/\/www.notibras.com\/site\/vem-ai-inscricao-para-segunda-edicao-do-sisu-2023\/"]}]},{"@type":"ImageObject","inLanguage":"pt-BR","@id":"https:\/\/www.notibras.com\/site\/vem-ai-inscricao-para-segunda-edicao-do-sisu-2023\/#primaryimage","url":"https:\/\/www.notibras.com\/site\/wp-content\/uploads\/2019\/01\/sisu.unb_.jpg","contentUrl":"https:\/\/www.notibras.com\/site\/wp-content\/uploads\/2019\/01\/sisu.unb_.jpg","width":1140,"height":760,"caption":"Foto: Fabio Rodrigues Pozzebom\/Ag\u00eancia Brasil"},{"@type":"BreadcrumbList","@id":"https:\/\/www.notibras.com\/site\/vem-ai-inscricao-para-segunda-edicao-do-sisu-2023\/#breadcrumb","itemListElement":[{"@type":"ListItem","position":1,"name":"In\u00edcio","item":"https:\/\/www.notibras.com\/site\/"},{"@type":"ListItem","position":2,"name":"Vem a\u00ed inscri\u00e7\u00e3o para segunda edi\u00e7\u00e3o do Sisu 2023"}]},{"@type":"WebSite","@id":"https:\/\/www.notibras.com\/site\/#website","url":"https:\/\/www.notibras.com\/site\/","name":"Notibras","description":"Not\u00edcias de Bras\u00edlia, do Brasil e do Mundo","publisher":{"@id":"https:\/\/www.notibras.com\/site\/#organization"},"potentialAction":[{"@type":"SearchAction","target":{"@type":"EntryPoint","urlTemplate":"https:\/\/www.notibras.com\/site\/?s={search_term_string}"},"query-input":{"@type":"PropertyValueSpecification","valueRequired":true,"valueName":"search_term_string"}}],"inLanguage":"pt-BR"},{"@type":"Organization","@id":"https:\/\/www.notibras.com\/site\/#organization","name":"Grupo Notibras de Comunica\u00e7\u00e3o","url":"https:\/\/www.notibras.com\/site\/","logo":{"@type":"ImageObject","inLanguage":"pt-BR","@id":"https:\/\/www.notibras.com\/site\/#\/schema\/logo\/image\/","url":"https:\/\/www.notibras.com\/site\/wp-content\/uploads\/2023\/01\/notibras23.png","contentUrl":"https:\/\/www.notibras.com\/site\/wp-content\/uploads\/2023\/01\/notibras23.png","width":350,"height":87,"caption":"Grupo Notibras de Comunica\u00e7\u00e3o"},"image":{"@id":"https:\/\/www.notibras.com\/site\/#\/schema\/logo\/image\/"},"sameAs":["https:\/\/www.facebook.com\/notibras\/","https:\/\/x.com\/Notibras","https:\/\/www.instagram.com\/notibras\/"]},{"@type":"Person","@id":"https:\/\/www.notibras.com\/site\/#\/schema\/person\/36ab0979449956132d3e5b517ea76ac8","name":"Reda\u00e7\u00e3o","image":{"@type":"ImageObject","inLanguage":"pt-BR","@id":"https:\/\/secure.gravatar.com\/avatar\/e0a867bdedb85fd243eadf09663511f96fc81e0720a4a42581f334ad4303aa6b?s=96&d=mm&r=g","url":"https:\/\/secure.gravatar.com\/avatar\/e0a867bdedb85fd243eadf09663511f96fc81e0720a4a42581f334ad4303aa6b?s=96&d=mm&r=g","contentUrl":"https:\/\/secure.gravatar.com\/avatar\/e0a867bdedb85fd243eadf09663511f96fc81e0720a4a42581f334ad4303aa6b?s=96&d=mm&r=g","caption":"Reda\u00e7\u00e3o"}}]}},"amp_enabled":true,"_links":{"self":[{"href":"https:\/\/www.notibras.com\/site\/wp-json\/wp\/v2\/posts\/305759","targetHints":{"allow":["GET"]}}],"collection":[{"href":"https:\/\/www.notibras.com\/site\/wp-json\/wp\/v2\/posts"}],"about":[{"href":"https:\/\/www.notibras.com\/site\/wp-json\/wp\/v2\/types\/post"}],"author":[{"embeddable":true,"href":"https:\/\/www.notibras.com\/site\/wp-json\/wp\/v2\/users\/2"}],"replies":[{"embeddable":true,"href":"https:\/\/www.notibras.com\/site\/wp-json\/wp\/v2\/comments?post=305759"}],"version-history":[{"count":1,"href":"https:\/\/www.notibras.com\/site\/wp-json\/wp\/v2\/posts\/305759\/revisions"}],"predecessor-version":[{"id":305760,"href":"https:\/\/www.notibras.com\/site\/wp-json\/wp\/v2\/posts\/305759\/revisions\/305760"}],"wp:featuredmedia":[{"embeddable":true,"href":"https:\/\/www.notibras.com\/site\/wp-json\/wp\/v2\/media\/200027"}],"wp:attachment":[{"href":"https:\/\/www.notibras.com\/site\/wp-json\/wp\/v2\/media?parent=305759"}],"wp:term":[{"taxonomy":"category","embeddable":true,"href":"https:\/\/www.notibras.com\/site\/wp-json\/wp\/v2\/categories?post=305759"},{"taxonomy":"post_tag","embeddable":true,"href":"https:\/\/www.notibras.com\/site\/wp-json\/wp\/v2\/tags?post=305759"}],"curies":[{"name":"wp","href":"https:\/\/api.w.org\/{rel}","templated":true}]}}