{"id":305771,"date":"2023-05-28T09:16:06","date_gmt":"2023-05-28T12:16:06","guid":{"rendered":"https:\/\/www.notibras.com\/site\/?p=305771"},"modified":"2023-05-28T09:16:06","modified_gmt":"2023-05-28T12:16:06","slug":"po-faz-justica-e-eterniza-nome-de-nivio-goncalves","status":"publish","type":"post","link":"https:\/\/www.notibras.com\/site\/po-faz-justica-e-eterniza-nome-de-nivio-goncalves\/","title":{"rendered":"PO faz justi\u00e7a e eterniza nome de N\u00edvio Gon\u00e7alves"},"content":{"rendered":"<p>A PaulOOctavio entregou neste s\u00e1bado (27), o Residencial N\u00edvio Gon\u00e7alves, constru\u00eddo no Noroeste. Localizada na SQNW 307, a obra foi tocada por dois engenheiros e mais de 120 oper\u00e1rios e demorou 27 meses para ser erguida, sendo conclu\u00edda antes do prazo. A solenidade de inaugura\u00e7\u00e3o contou com a presen\u00e7a do homenageado e fam\u00edlia, dos ex-desembargadores Carlos Rodrigues, Carmelita Brasil, Sebasti\u00e3o Coelho e Wellington Medeiros e dos desembargadores Ant\u00f4nio Fernandes da Luz, Renato Scussel e Roberval Belinati, presidente do Tribunal Regional Eleitoral (TRE-DF).<\/p>\n<p>Coube a Coelho, que tamb\u00e9m \u00e9 bispo evang\u00e9lico, realizar uma b\u00ean\u00e7\u00e3o na inaugura\u00e7\u00e3o do residencial. Ele disse que N\u00edvio Gon\u00e7alves foi \u201chonrado por toda sua trajet\u00f3ria\u201d e deu gra\u00e7as para os compradores e a todos os que v\u00e3o morar no novo endere\u00e7o.<\/p>\n<p>Em sua sauda\u00e7\u00e3o, Paulo Oct\u00e1vio destacou que a empresa j\u00e1 homenageou 80 pioneiros de Bras\u00edlia, ao longo dos \u00faltimos 47 anos. \u201cConheci o desembargador N\u00edvio Gon\u00e7alves quando eu estava no Senado. Ele sempre demonstrou muita preocupa\u00e7\u00e3o com Bras\u00edlia e com as quest\u00f5es mais prementes do Judici\u00e1rio. Sempre cultivei essa amizade e, anos depois, quando ele deixou o Tribunal de Justi\u00e7a do DF, senti a necessidade de homenagear este grande homem, que ajudou a consolidar essa cidade\u201d, afirmou.<\/p>\n<p>Ap\u00f3s lembrar a carreira de N\u00edvio Gon\u00e7alves, o CEO das Organiza\u00e7\u00f5es PaulOOctavio tamb\u00e9m destacou falas hist\u00f3ricas do homenageado, em especial \u00e0quelas que citam a dura rotina dos trabalhadores. \u201cIsso \u00e9 o que eu sinto: o trabalho dignifica o homem, como o senhor disse em v\u00e1rios de seus discursos\u201d, disse. \u201cSinto-me especialmente honrado em poder estampar seu nome em nosso mais novo empreendimento\u201d, completou.<\/p>\n<p>Em seu breve discurso, N\u00edvio Gon\u00e7alves agradeceu a homenagem. \u201cSinceramente, jamais pensei em ver tantos amigos e familiares nesta oportunidade. Quero, de cora\u00e7\u00e3o, agradecer a todos os que est\u00e3o presentes. Bendito seja Deus que nos deu amigos e flores, e fez a amizade mais bela ainda que os jardins\u201d, afirmou, agradecendo a Paulo Oct\u00e1vio e fam\u00edlia. Em seguida, Ot\u00e1vio Pimenta da Veiga, genro de N\u00edvio Gon\u00e7alves e falando em nome das filhas dele, disse que a homenagem era \u201cjust\u00edssima a um homem que \u00e9 uma refer\u00eancia de dedica\u00e7\u00e3o, dignidade e honradez\u201d.<\/p>\n<p>O desembargador Roberval Belinati, em nome das autoridades do Judici\u00e1rio presentes, destacou que N\u00edvio Gon\u00e7alves \u201csempre honrou a toga como magistrado\u201d e deixou saudades nos colegas. \u201cEle foi um dos maiores l\u00edderes da Associa\u00e7\u00e3o dos Magistrados e da magistratura como um todo. Um padrinho dos jovens, com seu gabinete sempre de portas abertas. Quero agradecer ao Paulo Oct\u00e1vio, meu colega de faculdade no UniCeub, por esta homenagem e por tudo que tem feito para Bras\u00edlia e nossa sociedade. Ele \u00e9 um dos homens mais inteligentes do Brasil, bom e respeitado\u201d, concluiu.<\/p>\n<p><strong>O residencial<\/strong><br \/>\nOlavo Souza J\u00fanior j\u00e1 era morador do Noroeste. Optou por vender seu apartamento e alug\u00e1-lo junto ao novo dono, para comprar um apartamento de tr\u00eas quartos no Residencial N\u00edvio Gon\u00e7alves. \u201cO projeto me atraiu muito, principalmente a sala. \u00c9 um im\u00f3vel agrad\u00e1vel, bem dividido, grande e vazado. A gente tem confian\u00e7a na empresa, que entregou antes do prazo. Para mim, foi \u00f3timo e atendeu a todas as expectativas\u201d, contou, na inaugura\u00e7\u00e3o. Ele tamb\u00e9m revelou que foi incentivado a comprar um im\u00f3vel da construtora pelo genro, que tem um apartamento da PaulOOctavio na Asa Norte.<\/p>\n<p>Localizado pr\u00f3ximo a dois parques de Bras\u00edlia, o Residencial N\u00edvio Gon\u00e7alves tem apartamentos de 2 e 3 quartos, com metragens que variam de 73m\u00b2 a 115m\u00b2, e coberturas duplex, de 148m\u00b2 a 170m\u00b2, estas com spa, sala de lazer com banho e terra\u00e7o descoberto. O edif\u00edcio disp\u00f5e ainda de \u00e1rea de lazer completa. Unindo tecnologia, inova\u00e7\u00e3o e responsabilidade ambiental, os apartamentos contam com aquecimento nas torneiras das cozinhas, banheiros e su\u00edtes, infraestrutura para ar-condicionado nos quartos e sala, prote\u00e7\u00e3o ac\u00fastica e su\u00edtes com possibilidade de closet.<\/p>\n","protected":false},"excerpt":{"rendered":"<p>A PaulOOctavio entregou neste s\u00e1bado (27), o Residencial N\u00edvio Gon\u00e7alves, constru\u00eddo no Noroeste. Localizada na SQNW 307, a obra foi tocada por dois engenheiros e mais de 120 oper\u00e1rios e demorou 27 meses para ser erguida, sendo conclu\u00edda antes do prazo. A solenidade de inaugura\u00e7\u00e3o contou com a presen\u00e7a do homenageado e fam\u00edlia, dos ex-desembargadores [&hellip;]<\/p>\n","protected":false},"author":2,"featured_media":305772,"comment_status":"closed","ping_status":"closed","sticky":false,"template":"","format":"standard","meta":{"_acf_changed":false,"footnotes":""},"categories":[161],"tags":[],"class_list":["post-305771","post","type-post","status-publish","format-standard","has-post-thumbnail","hentry","category-quadradinho-em-foco"],"acf":[],"yoast_head":"<!-- This site is optimized with the Yoast SEO plugin v27.2 - https:\/\/yoast.com\/product\/yoast-seo-wordpress\/ -->\n<title>PO faz justi\u00e7a e eterniza nome de N\u00edvio Gon\u00e7alves - Notibras<\/title>\n<meta name=\"robots\" content=\"index, follow, max-snippet:-1, max-image-preview:large, max-video-preview:-1\" \/>\n<link rel=\"canonical\" href=\"https:\/\/www.notibras.com\/site\/po-faz-justica-e-eterniza-nome-de-nivio-goncalves\/\" \/>\n<meta property=\"og:locale\" content=\"pt_BR\" \/>\n<meta property=\"og:type\" content=\"article\" \/>\n<meta property=\"og:title\" content=\"PO faz justi\u00e7a e eterniza nome de N\u00edvio Gon\u00e7alves - Notibras\" \/>\n<meta property=\"og:description\" content=\"A PaulOOctavio entregou neste s\u00e1bado (27), o Residencial N\u00edvio Gon\u00e7alves, constru\u00eddo no Noroeste. Localizada na SQNW 307, a obra foi tocada por dois engenheiros e mais de 120 oper\u00e1rios e demorou 27 meses para ser erguida, sendo conclu\u00edda antes do prazo. A solenidade de inaugura\u00e7\u00e3o contou com a presen\u00e7a do homenageado e fam\u00edlia, dos ex-desembargadores [&hellip;]\" \/>\n<meta property=\"og:url\" content=\"https:\/\/www.notibras.com\/site\/po-faz-justica-e-eterniza-nome-de-nivio-goncalves\/\" \/>\n<meta property=\"og:site_name\" content=\"Notibras\" \/>\n<meta property=\"article:publisher\" content=\"https:\/\/www.facebook.com\/notibras\/\" \/>\n<meta property=\"article:published_time\" content=\"2023-05-28T12:16:06+00:00\" \/>\n<meta property=\"og:image\" content=\"https:\/\/www.notibras.com\/site\/wp-content\/uploads\/2023\/05\/e814d901-47cc-47c8-8acc-2a5f032ac606.jpg\" \/>\n\t<meta property=\"og:image:width\" content=\"1524\" \/>\n\t<meta property=\"og:image:height\" content=\"862\" \/>\n\t<meta property=\"og:image:type\" content=\"image\/jpeg\" \/>\n<meta name=\"author\" content=\"Reda\u00e7\u00e3o\" \/>\n<meta name=\"twitter:card\" content=\"summary_large_image\" \/>\n<meta name=\"twitter:creator\" content=\"@Notibras\" \/>\n<meta name=\"twitter:site\" content=\"@Notibras\" \/>\n<meta name=\"twitter:label1\" content=\"Escrito por\" \/>\n\t<meta name=\"twitter:data1\" content=\"Reda\u00e7\u00e3o\" \/>\n\t<meta name=\"twitter:label2\" content=\"Est. tempo de leitura\" \/>\n\t<meta name=\"twitter:data2\" content=\"4 minutos\" \/>\n<script type=\"application\/ld+json\" class=\"yoast-schema-graph\">{\"@context\":\"https:\/\/schema.org\",\"@graph\":[{\"@type\":\"Article\",\"@id\":\"https:\/\/www.notibras.com\/site\/po-faz-justica-e-eterniza-nome-de-nivio-goncalves\/#article\",\"isPartOf\":{\"@id\":\"https:\/\/www.notibras.com\/site\/po-faz-justica-e-eterniza-nome-de-nivio-goncalves\/\"},\"author\":{\"name\":\"Reda\u00e7\u00e3o\",\"@id\":\"https:\/\/www.notibras.com\/site\/#\/schema\/person\/36ab0979449956132d3e5b517ea76ac8\"},\"headline\":\"PO faz justi\u00e7a e eterniza nome de N\u00edvio Gon\u00e7alves\",\"datePublished\":\"2023-05-28T12:16:06+00:00\",\"mainEntityOfPage\":{\"@id\":\"https:\/\/www.notibras.com\/site\/po-faz-justica-e-eterniza-nome-de-nivio-goncalves\/\"},\"wordCount\":708,\"publisher\":{\"@id\":\"https:\/\/www.notibras.com\/site\/#organization\"},\"image\":{\"@id\":\"https:\/\/www.notibras.com\/site\/po-faz-justica-e-eterniza-nome-de-nivio-goncalves\/#primaryimage\"},\"thumbnailUrl\":\"https:\/\/www.notibras.com\/site\/wp-content\/uploads\/2023\/05\/e814d901-47cc-47c8-8acc-2a5f032ac606.jpg\",\"articleSection\":[\"Quadradinho em Foco\"],\"inLanguage\":\"pt-BR\"},{\"@type\":\"WebPage\",\"@id\":\"https:\/\/www.notibras.com\/site\/po-faz-justica-e-eterniza-nome-de-nivio-goncalves\/\",\"url\":\"https:\/\/www.notibras.com\/site\/po-faz-justica-e-eterniza-nome-de-nivio-goncalves\/\",\"name\":\"PO faz justi\u00e7a e eterniza nome de N\u00edvio Gon\u00e7alves - Notibras\",\"isPartOf\":{\"@id\":\"https:\/\/www.notibras.com\/site\/#website\"},\"primaryImageOfPage\":{\"@id\":\"https:\/\/www.notibras.com\/site\/po-faz-justica-e-eterniza-nome-de-nivio-goncalves\/#primaryimage\"},\"image\":{\"@id\":\"https:\/\/www.notibras.com\/site\/po-faz-justica-e-eterniza-nome-de-nivio-goncalves\/#primaryimage\"},\"thumbnailUrl\":\"https:\/\/www.notibras.com\/site\/wp-content\/uploads\/2023\/05\/e814d901-47cc-47c8-8acc-2a5f032ac606.jpg\",\"datePublished\":\"2023-05-28T12:16:06+00:00\",\"breadcrumb\":{\"@id\":\"https:\/\/www.notibras.com\/site\/po-faz-justica-e-eterniza-nome-de-nivio-goncalves\/#breadcrumb\"},\"inLanguage\":\"pt-BR\",\"potentialAction\":[{\"@type\":\"ReadAction\",\"target\":[\"https:\/\/www.notibras.com\/site\/po-faz-justica-e-eterniza-nome-de-nivio-goncalves\/\"]}]},{\"@type\":\"ImageObject\",\"inLanguage\":\"pt-BR\",\"@id\":\"https:\/\/www.notibras.com\/site\/po-faz-justica-e-eterniza-nome-de-nivio-goncalves\/#primaryimage\",\"url\":\"https:\/\/www.notibras.com\/site\/wp-content\/uploads\/2023\/05\/e814d901-47cc-47c8-8acc-2a5f032ac606.jpg\",\"contentUrl\":\"https:\/\/www.notibras.com\/site\/wp-content\/uploads\/2023\/05\/e814d901-47cc-47c8-8acc-2a5f032ac606.jpg\",\"width\":1524,\"height\":862},{\"@type\":\"BreadcrumbList\",\"@id\":\"https:\/\/www.notibras.com\/site\/po-faz-justica-e-eterniza-nome-de-nivio-goncalves\/#breadcrumb\",\"itemListElement\":[{\"@type\":\"ListItem\",\"position\":1,\"name\":\"In\u00edcio\",\"item\":\"https:\/\/www.notibras.com\/site\/\"},{\"@type\":\"ListItem\",\"position\":2,\"name\":\"PO faz justi\u00e7a e eterniza nome de N\u00edvio Gon\u00e7alves\"}]},{\"@type\":\"WebSite\",\"@id\":\"https:\/\/www.notibras.com\/site\/#website\",\"url\":\"https:\/\/www.notibras.com\/site\/\",\"name\":\"Notibras\",\"description\":\"Not\u00edcias de Bras\u00edlia, do Brasil e do Mundo\",\"publisher\":{\"@id\":\"https:\/\/www.notibras.com\/site\/#organization\"},\"potentialAction\":[{\"@type\":\"SearchAction\",\"target\":{\"@type\":\"EntryPoint\",\"urlTemplate\":\"https:\/\/www.notibras.com\/site\/?s={search_term_string}\"},\"query-input\":{\"@type\":\"PropertyValueSpecification\",\"valueRequired\":true,\"valueName\":\"search_term_string\"}}],\"inLanguage\":\"pt-BR\"},{\"@type\":\"Organization\",\"@id\":\"https:\/\/www.notibras.com\/site\/#organization\",\"name\":\"Grupo Notibras de Comunica\u00e7\u00e3o\",\"url\":\"https:\/\/www.notibras.com\/site\/\",\"logo\":{\"@type\":\"ImageObject\",\"inLanguage\":\"pt-BR\",\"@id\":\"https:\/\/www.notibras.com\/site\/#\/schema\/logo\/image\/\",\"url\":\"https:\/\/www.notibras.com\/site\/wp-content\/uploads\/2023\/01\/notibras23.png\",\"contentUrl\":\"https:\/\/www.notibras.com\/site\/wp-content\/uploads\/2023\/01\/notibras23.png\",\"width\":350,\"height\":87,\"caption\":\"Grupo Notibras de Comunica\u00e7\u00e3o\"},\"image\":{\"@id\":\"https:\/\/www.notibras.com\/site\/#\/schema\/logo\/image\/\"},\"sameAs\":[\"https:\/\/www.facebook.com\/notibras\/\",\"https:\/\/x.com\/Notibras\",\"https:\/\/www.instagram.com\/notibras\/\"]},{\"@type\":\"Person\",\"@id\":\"https:\/\/www.notibras.com\/site\/#\/schema\/person\/36ab0979449956132d3e5b517ea76ac8\",\"name\":\"Reda\u00e7\u00e3o\",\"image\":{\"@type\":\"ImageObject\",\"inLanguage\":\"pt-BR\",\"@id\":\"https:\/\/secure.gravatar.com\/avatar\/e0a867bdedb85fd243eadf09663511f96fc81e0720a4a42581f334ad4303aa6b?s=96&d=mm&r=g\",\"url\":\"https:\/\/secure.gravatar.com\/avatar\/e0a867bdedb85fd243eadf09663511f96fc81e0720a4a42581f334ad4303aa6b?s=96&d=mm&r=g\",\"contentUrl\":\"https:\/\/secure.gravatar.com\/avatar\/e0a867bdedb85fd243eadf09663511f96fc81e0720a4a42581f334ad4303aa6b?s=96&d=mm&r=g\",\"caption\":\"Reda\u00e7\u00e3o\"}}]}<\/script>\n<!-- \/ Yoast SEO plugin. -->","yoast_head_json":{"title":"PO faz justi\u00e7a e eterniza nome de N\u00edvio Gon\u00e7alves - Notibras","robots":{"index":"index","follow":"follow","max-snippet":"max-snippet:-1","max-image-preview":"max-image-preview:large","max-video-preview":"max-video-preview:-1"},"canonical":"https:\/\/www.notibras.com\/site\/po-faz-justica-e-eterniza-nome-de-nivio-goncalves\/","og_locale":"pt_BR","og_type":"article","og_title":"PO faz justi\u00e7a e eterniza nome de N\u00edvio Gon\u00e7alves - Notibras","og_description":"A PaulOOctavio entregou neste s\u00e1bado (27), o Residencial N\u00edvio Gon\u00e7alves, constru\u00eddo no Noroeste. Localizada na SQNW 307, a obra foi tocada por dois engenheiros e mais de 120 oper\u00e1rios e demorou 27 meses para ser erguida, sendo conclu\u00edda antes do prazo. A solenidade de inaugura\u00e7\u00e3o contou com a presen\u00e7a do homenageado e fam\u00edlia, dos ex-desembargadores [&hellip;]","og_url":"https:\/\/www.notibras.com\/site\/po-faz-justica-e-eterniza-nome-de-nivio-goncalves\/","og_site_name":"Notibras","article_publisher":"https:\/\/www.facebook.com\/notibras\/","article_published_time":"2023-05-28T12:16:06+00:00","og_image":[{"width":1524,"height":862,"url":"https:\/\/www.notibras.com\/site\/wp-content\/uploads\/2023\/05\/e814d901-47cc-47c8-8acc-2a5f032ac606.jpg","type":"image\/jpeg"}],"author":"Reda\u00e7\u00e3o","twitter_card":"summary_large_image","twitter_creator":"@Notibras","twitter_site":"@Notibras","twitter_misc":{"Escrito por":"Reda\u00e7\u00e3o","Est. tempo de leitura":"4 minutos"},"schema":{"@context":"https:\/\/schema.org","@graph":[{"@type":"Article","@id":"https:\/\/www.notibras.com\/site\/po-faz-justica-e-eterniza-nome-de-nivio-goncalves\/#article","isPartOf":{"@id":"https:\/\/www.notibras.com\/site\/po-faz-justica-e-eterniza-nome-de-nivio-goncalves\/"},"author":{"name":"Reda\u00e7\u00e3o","@id":"https:\/\/www.notibras.com\/site\/#\/schema\/person\/36ab0979449956132d3e5b517ea76ac8"},"headline":"PO faz justi\u00e7a e eterniza nome de N\u00edvio Gon\u00e7alves","datePublished":"2023-05-28T12:16:06+00:00","mainEntityOfPage":{"@id":"https:\/\/www.notibras.com\/site\/po-faz-justica-e-eterniza-nome-de-nivio-goncalves\/"},"wordCount":708,"publisher":{"@id":"https:\/\/www.notibras.com\/site\/#organization"},"image":{"@id":"https:\/\/www.notibras.com\/site\/po-faz-justica-e-eterniza-nome-de-nivio-goncalves\/#primaryimage"},"thumbnailUrl":"https:\/\/www.notibras.com\/site\/wp-content\/uploads\/2023\/05\/e814d901-47cc-47c8-8acc-2a5f032ac606.jpg","articleSection":["Quadradinho em Foco"],"inLanguage":"pt-BR"},{"@type":"WebPage","@id":"https:\/\/www.notibras.com\/site\/po-faz-justica-e-eterniza-nome-de-nivio-goncalves\/","url":"https:\/\/www.notibras.com\/site\/po-faz-justica-e-eterniza-nome-de-nivio-goncalves\/","name":"PO faz justi\u00e7a e eterniza nome de N\u00edvio Gon\u00e7alves - Notibras","isPartOf":{"@id":"https:\/\/www.notibras.com\/site\/#website"},"primaryImageOfPage":{"@id":"https:\/\/www.notibras.com\/site\/po-faz-justica-e-eterniza-nome-de-nivio-goncalves\/#primaryimage"},"image":{"@id":"https:\/\/www.notibras.com\/site\/po-faz-justica-e-eterniza-nome-de-nivio-goncalves\/#primaryimage"},"thumbnailUrl":"https:\/\/www.notibras.com\/site\/wp-content\/uploads\/2023\/05\/e814d901-47cc-47c8-8acc-2a5f032ac606.jpg","datePublished":"2023-05-28T12:16:06+00:00","breadcrumb":{"@id":"https:\/\/www.notibras.com\/site\/po-faz-justica-e-eterniza-nome-de-nivio-goncalves\/#breadcrumb"},"inLanguage":"pt-BR","potentialAction":[{"@type":"ReadAction","target":["https:\/\/www.notibras.com\/site\/po-faz-justica-e-eterniza-nome-de-nivio-goncalves\/"]}]},{"@type":"ImageObject","inLanguage":"pt-BR","@id":"https:\/\/www.notibras.com\/site\/po-faz-justica-e-eterniza-nome-de-nivio-goncalves\/#primaryimage","url":"https:\/\/www.notibras.com\/site\/wp-content\/uploads\/2023\/05\/e814d901-47cc-47c8-8acc-2a5f032ac606.jpg","contentUrl":"https:\/\/www.notibras.com\/site\/wp-content\/uploads\/2023\/05\/e814d901-47cc-47c8-8acc-2a5f032ac606.jpg","width":1524,"height":862},{"@type":"BreadcrumbList","@id":"https:\/\/www.notibras.com\/site\/po-faz-justica-e-eterniza-nome-de-nivio-goncalves\/#breadcrumb","itemListElement":[{"@type":"ListItem","position":1,"name":"In\u00edcio","item":"https:\/\/www.notibras.com\/site\/"},{"@type":"ListItem","position":2,"name":"PO faz justi\u00e7a e eterniza nome de N\u00edvio Gon\u00e7alves"}]},{"@type":"WebSite","@id":"https:\/\/www.notibras.com\/site\/#website","url":"https:\/\/www.notibras.com\/site\/","name":"Notibras","description":"Not\u00edcias de Bras\u00edlia, do Brasil e do Mundo","publisher":{"@id":"https:\/\/www.notibras.com\/site\/#organization"},"potentialAction":[{"@type":"SearchAction","target":{"@type":"EntryPoint","urlTemplate":"https:\/\/www.notibras.com\/site\/?s={search_term_string}"},"query-input":{"@type":"PropertyValueSpecification","valueRequired":true,"valueName":"search_term_string"}}],"inLanguage":"pt-BR"},{"@type":"Organization","@id":"https:\/\/www.notibras.com\/site\/#organization","name":"Grupo Notibras de Comunica\u00e7\u00e3o","url":"https:\/\/www.notibras.com\/site\/","logo":{"@type":"ImageObject","inLanguage":"pt-BR","@id":"https:\/\/www.notibras.com\/site\/#\/schema\/logo\/image\/","url":"https:\/\/www.notibras.com\/site\/wp-content\/uploads\/2023\/01\/notibras23.png","contentUrl":"https:\/\/www.notibras.com\/site\/wp-content\/uploads\/2023\/01\/notibras23.png","width":350,"height":87,"caption":"Grupo Notibras de Comunica\u00e7\u00e3o"},"image":{"@id":"https:\/\/www.notibras.com\/site\/#\/schema\/logo\/image\/"},"sameAs":["https:\/\/www.facebook.com\/notibras\/","https:\/\/x.com\/Notibras","https:\/\/www.instagram.com\/notibras\/"]},{"@type":"Person","@id":"https:\/\/www.notibras.com\/site\/#\/schema\/person\/36ab0979449956132d3e5b517ea76ac8","name":"Reda\u00e7\u00e3o","image":{"@type":"ImageObject","inLanguage":"pt-BR","@id":"https:\/\/secure.gravatar.com\/avatar\/e0a867bdedb85fd243eadf09663511f96fc81e0720a4a42581f334ad4303aa6b?s=96&d=mm&r=g","url":"https:\/\/secure.gravatar.com\/avatar\/e0a867bdedb85fd243eadf09663511f96fc81e0720a4a42581f334ad4303aa6b?s=96&d=mm&r=g","contentUrl":"https:\/\/secure.gravatar.com\/avatar\/e0a867bdedb85fd243eadf09663511f96fc81e0720a4a42581f334ad4303aa6b?s=96&d=mm&r=g","caption":"Reda\u00e7\u00e3o"}}]}},"amp_enabled":true,"_links":{"self":[{"href":"https:\/\/www.notibras.com\/site\/wp-json\/wp\/v2\/posts\/305771","targetHints":{"allow":["GET"]}}],"collection":[{"href":"https:\/\/www.notibras.com\/site\/wp-json\/wp\/v2\/posts"}],"about":[{"href":"https:\/\/www.notibras.com\/site\/wp-json\/wp\/v2\/types\/post"}],"author":[{"embeddable":true,"href":"https:\/\/www.notibras.com\/site\/wp-json\/wp\/v2\/users\/2"}],"replies":[{"embeddable":true,"href":"https:\/\/www.notibras.com\/site\/wp-json\/wp\/v2\/comments?post=305771"}],"version-history":[{"count":1,"href":"https:\/\/www.notibras.com\/site\/wp-json\/wp\/v2\/posts\/305771\/revisions"}],"predecessor-version":[{"id":305773,"href":"https:\/\/www.notibras.com\/site\/wp-json\/wp\/v2\/posts\/305771\/revisions\/305773"}],"wp:featuredmedia":[{"embeddable":true,"href":"https:\/\/www.notibras.com\/site\/wp-json\/wp\/v2\/media\/305772"}],"wp:attachment":[{"href":"https:\/\/www.notibras.com\/site\/wp-json\/wp\/v2\/media?parent=305771"}],"wp:term":[{"taxonomy":"category","embeddable":true,"href":"https:\/\/www.notibras.com\/site\/wp-json\/wp\/v2\/categories?post=305771"},{"taxonomy":"post_tag","embeddable":true,"href":"https:\/\/www.notibras.com\/site\/wp-json\/wp\/v2\/tags?post=305771"}],"curies":[{"name":"wp","href":"https:\/\/api.w.org\/{rel}","templated":true}]}}