{"id":305819,"date":"2023-05-29T14:40:02","date_gmt":"2023-05-29T17:40:02","guid":{"rendered":"https:\/\/www.notibras.com\/site\/?p=305819"},"modified":"2023-05-29T10:50:44","modified_gmt":"2023-05-29T13:50:44","slug":"supremo-corre-com-novo-acordo-para-manter-a-gasolina-barata","status":"publish","type":"post","link":"https:\/\/www.notibras.com\/site\/supremo-corre-com-novo-acordo-para-manter-a-gasolina-barata\/","title":{"rendered":"Supremo corre com novo acordo para manter a gasolina barata"},"content":{"rendered":"<p>O plen\u00e1rio do Supremo Tribunal Federal (STF) come\u00e7ou a julgar se d\u00e1 aval para um novo acordo negociado pelos estados, o Distrito Federal e a Uni\u00e3o, em que o governo federal se compromete a repassar R$ 26,9 bilh\u00f5es, at\u00e9 2026, em compensa\u00e7\u00e3o por perdas na arrecada\u00e7\u00e3o do Imposto sobre Circula\u00e7\u00e3o de Mercadorias e Servi\u00e7os (ICMS) com a desonera\u00e7\u00e3o de combust\u00edveis.<\/p>\n<p>O acordo foi anunciado pelo ministro da Fazenda, Fernando Haddad, em mar\u00e7o. Trata-se de uma nova negocia\u00e7\u00e3o. Um outro acordo parcial j\u00e1 foi homologado pelo Supremo, em dezembro do ano passado. Com a mudan\u00e7a de governo, contudo, um novo entendimento foi negociado diretamente entre a equipe econ\u00f4mica e governadores.<\/p>\n<p>At\u00e9 o momento, apenas o relator, ministro Gilmar Mendes, votou. Ele foi favor\u00e1vel \u00e0 homologa\u00e7\u00e3o do acordo. \u201cConsidero que todos os interesses jur\u00eddicos est\u00e3o equacionados e bem representados neste acordo hist\u00f3rico no \u00e2mbito federativo\u201d, escreveu ele. O caso \u00e9 julgado no plen\u00e1rio virtual, em que n\u00e3o h\u00e1 delibera\u00e7\u00e3o presencial. Os demais ministros t\u00eam at\u00e9 as 23h59 de 2 de junho para votar.<\/p>\n<p><strong>Entenda<\/strong><br \/>\nA necessidade de compensa\u00e7\u00e3o foi criada ap\u00f3s a aprova\u00e7\u00e3o, em junho do ano passado, no Congresso, de duas leis complementares que desoneraram o ICMS cobrado sobre a venda de combust\u00edveis, uma das principais fontes de arrecada\u00e7\u00e3o das 27 unidades federativas. O objetivo foi conter o aumento de pre\u00e7os nos postos.<\/p>\n<p>A legisla\u00e7\u00e3o previa compensa\u00e7\u00e3o aos estados e ao DF, mas o ent\u00e3o presidente Jair Bolsonaro vetou o dispositivo. Ap\u00f3s o Congresso derrubar o veto, o caso acabou sendo levado ao Supremo. Diante do impasse pol\u00edtico e legal, o ministro Gilmar Mendes, um dos relatores do tema, criou uma comiss\u00e3o especial para promover uma concilia\u00e7\u00e3o.<\/p>\n<p>Num primeiro acordo, homologado em dezembro, as unidades federativas aceitaram manter a essencialidade do diesel, do g\u00e1s natural e do g\u00e1s de cozinha, conforme defendido pela Uni\u00e3o. Com isso, o ICMS cobrado sobre esses produtos ficou limitado \u00e0 al\u00edquota geral do imposto, algo em torno de 17% e 18%, a depender da unidade federativa. Anteriormente, havia estado que cobrava mais de 30% de ICMS sobre os combust\u00edveis.<\/p>\n<p>Na ocasi\u00e3o, a gasolina ficou de fora. Prevaleceu o argumento dos estados de que o item n\u00e3o \u00e9 essencial, uma vez que s\u00e3o as pessoas de maior poder aquisitivo que possuem carros, sendo elas as mais beneficiadas com eventual desonera\u00e7\u00e3o sobre o produto.<\/p>\n<p><strong>Regras<\/strong><br \/>\nAgora, o Supremo julga se homologa o novo valor para a compensa\u00e7\u00e3o, ap\u00f3s as partes concordarem a respeito das estimativas de perda de arrecada\u00e7\u00e3o. Do R$ 26,9 bilh\u00f5es acordados, R$ 4 bilh\u00f5es devem ser pagos pela Uni\u00e3o ainda este ano. O restante fica para 2025 e 2026.<\/p>\n<p>At\u00e9 o momento, estados e DF j\u00e1 conseguiram liminares (decis\u00f5es provis\u00f3rias) do Supremo para suspender cerca de R$ 9 bilh\u00f5es em parcelas de d\u00edvidas coma Uni\u00e3o, de modo a compensar a perda com a desonera\u00e7\u00e3o de combust\u00edveis.<\/p>\n<p>O acordo que agora pretende ser definitivo prev\u00ea regras para que a Uni\u00e3o tamb\u00e9m possa descontar esse valor do total ainda a compensar, de acordo com a situa\u00e7\u00e3o de cada estado. Segundo a Fazenda, algumas unidades da federa\u00e7\u00e3o conseguiram compensar ainda mais do que teria a receber. H\u00e1 estados que ainda n\u00e3o obtiveram nada.<\/p>\n<p>Dos que ainda tem saldo a receber, a regras preveem que os estados com at\u00e9 R$ 150 milh\u00f5es em compensa\u00e7\u00f5es receber\u00e3o 50% em 2023 e 50% em 2024, com recursos do Tesouro Nacional. Os estados com compensa\u00e7\u00f5es entre R$ 150 milh\u00f5es e R$ 500 milh\u00f5es, receber\u00e3o um ter\u00e7o do valor em 2023 e dois ter\u00e7os em 2024. Os estados com mais de R$ 500 milh\u00f5es receber\u00e3o 25% em 2023, 50% em 2024 e 25% em 2025.<\/p>\n","protected":false},"excerpt":{"rendered":"<p>O plen\u00e1rio do Supremo Tribunal Federal (STF) come\u00e7ou a julgar se d\u00e1 aval para um novo acordo negociado pelos estados, o Distrito Federal e a Uni\u00e3o, em que o governo federal se compromete a repassar R$ 26,9 bilh\u00f5es, at\u00e9 2026, em compensa\u00e7\u00e3o por perdas na arrecada\u00e7\u00e3o do Imposto sobre Circula\u00e7\u00e3o de Mercadorias e Servi\u00e7os (ICMS) [&hellip;]<\/p>\n","protected":false},"author":2,"featured_media":305820,"comment_status":"closed","ping_status":"closed","sticky":false,"template":"","format":"standard","meta":{"_acf_changed":false,"footnotes":""},"categories":[161],"tags":[95],"class_list":["post-305819","post","type-post","status-publish","format-standard","has-post-thumbnail","hentry","category-quadradinho-em-foco","tag-capa"],"acf":[],"yoast_head":"<!-- This site is optimized with the Yoast SEO plugin v27.2 - https:\/\/yoast.com\/product\/yoast-seo-wordpress\/ -->\n<title>Supremo corre com novo acordo para manter a gasolina barata - Notibras<\/title>\n<meta name=\"robots\" content=\"index, follow, max-snippet:-1, max-image-preview:large, max-video-preview:-1\" \/>\n<link rel=\"canonical\" href=\"https:\/\/www.notibras.com\/site\/supremo-corre-com-novo-acordo-para-manter-a-gasolina-barata\/\" \/>\n<meta property=\"og:locale\" content=\"pt_BR\" \/>\n<meta property=\"og:type\" content=\"article\" \/>\n<meta property=\"og:title\" content=\"Supremo corre com novo acordo para manter a gasolina barata - Notibras\" \/>\n<meta property=\"og:description\" content=\"O plen\u00e1rio do Supremo Tribunal Federal (STF) come\u00e7ou a julgar se d\u00e1 aval para um novo acordo negociado pelos estados, o Distrito Federal e a Uni\u00e3o, em que o governo federal se compromete a repassar R$ 26,9 bilh\u00f5es, at\u00e9 2026, em compensa\u00e7\u00e3o por perdas na arrecada\u00e7\u00e3o do Imposto sobre Circula\u00e7\u00e3o de Mercadorias e Servi\u00e7os (ICMS) [&hellip;]\" \/>\n<meta property=\"og:url\" content=\"https:\/\/www.notibras.com\/site\/supremo-corre-com-novo-acordo-para-manter-a-gasolina-barata\/\" \/>\n<meta property=\"og:site_name\" content=\"Notibras\" \/>\n<meta property=\"article:publisher\" content=\"https:\/\/www.facebook.com\/notibras\/\" \/>\n<meta property=\"article:published_time\" content=\"2023-05-29T17:40:02+00:00\" \/>\n<meta property=\"og:image\" content=\"https:\/\/www.notibras.com\/site\/wp-content\/uploads\/2023\/05\/tnrgo_edit_28051807952.jpg\" \/>\n\t<meta property=\"og:image:width\" content=\"770\" \/>\n\t<meta property=\"og:image:height\" content=\"513\" \/>\n\t<meta property=\"og:image:type\" content=\"image\/jpeg\" \/>\n<meta name=\"author\" content=\"Reda\u00e7\u00e3o\" \/>\n<meta name=\"twitter:card\" content=\"summary_large_image\" \/>\n<meta name=\"twitter:creator\" content=\"@Notibras\" \/>\n<meta name=\"twitter:site\" content=\"@Notibras\" \/>\n<meta name=\"twitter:label1\" content=\"Escrito por\" \/>\n\t<meta name=\"twitter:data1\" content=\"Reda\u00e7\u00e3o\" \/>\n\t<meta name=\"twitter:label2\" content=\"Est. tempo de leitura\" \/>\n\t<meta name=\"twitter:data2\" content=\"4 minutos\" \/>\n<script type=\"application\/ld+json\" class=\"yoast-schema-graph\">{\"@context\":\"https:\/\/schema.org\",\"@graph\":[{\"@type\":\"Article\",\"@id\":\"https:\/\/www.notibras.com\/site\/supremo-corre-com-novo-acordo-para-manter-a-gasolina-barata\/#article\",\"isPartOf\":{\"@id\":\"https:\/\/www.notibras.com\/site\/supremo-corre-com-novo-acordo-para-manter-a-gasolina-barata\/\"},\"author\":{\"name\":\"Reda\u00e7\u00e3o\",\"@id\":\"https:\/\/www.notibras.com\/site\/#\/schema\/person\/36ab0979449956132d3e5b517ea76ac8\"},\"headline\":\"Supremo corre com novo acordo para manter a gasolina barata\",\"datePublished\":\"2023-05-29T17:40:02+00:00\",\"mainEntityOfPage\":{\"@id\":\"https:\/\/www.notibras.com\/site\/supremo-corre-com-novo-acordo-para-manter-a-gasolina-barata\/\"},\"wordCount\":653,\"publisher\":{\"@id\":\"https:\/\/www.notibras.com\/site\/#organization\"},\"image\":{\"@id\":\"https:\/\/www.notibras.com\/site\/supremo-corre-com-novo-acordo-para-manter-a-gasolina-barata\/#primaryimage\"},\"thumbnailUrl\":\"https:\/\/www.notibras.com\/site\/wp-content\/uploads\/2023\/05\/tnrgo_edit_28051807952.jpg\",\"keywords\":[\"capa\"],\"articleSection\":[\"Quadradinho em Foco\"],\"inLanguage\":\"pt-BR\"},{\"@type\":\"WebPage\",\"@id\":\"https:\/\/www.notibras.com\/site\/supremo-corre-com-novo-acordo-para-manter-a-gasolina-barata\/\",\"url\":\"https:\/\/www.notibras.com\/site\/supremo-corre-com-novo-acordo-para-manter-a-gasolina-barata\/\",\"name\":\"Supremo corre com novo acordo para manter a gasolina barata - Notibras\",\"isPartOf\":{\"@id\":\"https:\/\/www.notibras.com\/site\/#website\"},\"primaryImageOfPage\":{\"@id\":\"https:\/\/www.notibras.com\/site\/supremo-corre-com-novo-acordo-para-manter-a-gasolina-barata\/#primaryimage\"},\"image\":{\"@id\":\"https:\/\/www.notibras.com\/site\/supremo-corre-com-novo-acordo-para-manter-a-gasolina-barata\/#primaryimage\"},\"thumbnailUrl\":\"https:\/\/www.notibras.com\/site\/wp-content\/uploads\/2023\/05\/tnrgo_edit_28051807952.jpg\",\"datePublished\":\"2023-05-29T17:40:02+00:00\",\"breadcrumb\":{\"@id\":\"https:\/\/www.notibras.com\/site\/supremo-corre-com-novo-acordo-para-manter-a-gasolina-barata\/#breadcrumb\"},\"inLanguage\":\"pt-BR\",\"potentialAction\":[{\"@type\":\"ReadAction\",\"target\":[\"https:\/\/www.notibras.com\/site\/supremo-corre-com-novo-acordo-para-manter-a-gasolina-barata\/\"]}]},{\"@type\":\"ImageObject\",\"inLanguage\":\"pt-BR\",\"@id\":\"https:\/\/www.notibras.com\/site\/supremo-corre-com-novo-acordo-para-manter-a-gasolina-barata\/#primaryimage\",\"url\":\"https:\/\/www.notibras.com\/site\/wp-content\/uploads\/2023\/05\/tnrgo_edit_28051807952.jpg\",\"contentUrl\":\"https:\/\/www.notibras.com\/site\/wp-content\/uploads\/2023\/05\/tnrgo_edit_28051807952.jpg\",\"width\":770,\"height\":513,\"caption\":\"Posto de combustIvel, em S\u00e3o Crist\u00f3v\u00e3o, na zona norte da cidade, recebe gasolina e volta a abastecer, gerando enormes filas de carros e motos.\"},{\"@type\":\"BreadcrumbList\",\"@id\":\"https:\/\/www.notibras.com\/site\/supremo-corre-com-novo-acordo-para-manter-a-gasolina-barata\/#breadcrumb\",\"itemListElement\":[{\"@type\":\"ListItem\",\"position\":1,\"name\":\"In\u00edcio\",\"item\":\"https:\/\/www.notibras.com\/site\/\"},{\"@type\":\"ListItem\",\"position\":2,\"name\":\"Supremo corre com novo acordo para manter a gasolina barata\"}]},{\"@type\":\"WebSite\",\"@id\":\"https:\/\/www.notibras.com\/site\/#website\",\"url\":\"https:\/\/www.notibras.com\/site\/\",\"name\":\"Notibras\",\"description\":\"Not\u00edcias de Bras\u00edlia, do Brasil e do Mundo\",\"publisher\":{\"@id\":\"https:\/\/www.notibras.com\/site\/#organization\"},\"potentialAction\":[{\"@type\":\"SearchAction\",\"target\":{\"@type\":\"EntryPoint\",\"urlTemplate\":\"https:\/\/www.notibras.com\/site\/?s={search_term_string}\"},\"query-input\":{\"@type\":\"PropertyValueSpecification\",\"valueRequired\":true,\"valueName\":\"search_term_string\"}}],\"inLanguage\":\"pt-BR\"},{\"@type\":\"Organization\",\"@id\":\"https:\/\/www.notibras.com\/site\/#organization\",\"name\":\"Grupo Notibras de Comunica\u00e7\u00e3o\",\"url\":\"https:\/\/www.notibras.com\/site\/\",\"logo\":{\"@type\":\"ImageObject\",\"inLanguage\":\"pt-BR\",\"@id\":\"https:\/\/www.notibras.com\/site\/#\/schema\/logo\/image\/\",\"url\":\"https:\/\/www.notibras.com\/site\/wp-content\/uploads\/2023\/01\/notibras23.png\",\"contentUrl\":\"https:\/\/www.notibras.com\/site\/wp-content\/uploads\/2023\/01\/notibras23.png\",\"width\":350,\"height\":87,\"caption\":\"Grupo Notibras de Comunica\u00e7\u00e3o\"},\"image\":{\"@id\":\"https:\/\/www.notibras.com\/site\/#\/schema\/logo\/image\/\"},\"sameAs\":[\"https:\/\/www.facebook.com\/notibras\/\",\"https:\/\/x.com\/Notibras\",\"https:\/\/www.instagram.com\/notibras\/\"]},{\"@type\":\"Person\",\"@id\":\"https:\/\/www.notibras.com\/site\/#\/schema\/person\/36ab0979449956132d3e5b517ea76ac8\",\"name\":\"Reda\u00e7\u00e3o\",\"image\":{\"@type\":\"ImageObject\",\"inLanguage\":\"pt-BR\",\"@id\":\"https:\/\/secure.gravatar.com\/avatar\/e0a867bdedb85fd243eadf09663511f96fc81e0720a4a42581f334ad4303aa6b?s=96&d=mm&r=g\",\"url\":\"https:\/\/secure.gravatar.com\/avatar\/e0a867bdedb85fd243eadf09663511f96fc81e0720a4a42581f334ad4303aa6b?s=96&d=mm&r=g\",\"contentUrl\":\"https:\/\/secure.gravatar.com\/avatar\/e0a867bdedb85fd243eadf09663511f96fc81e0720a4a42581f334ad4303aa6b?s=96&d=mm&r=g\",\"caption\":\"Reda\u00e7\u00e3o\"}}]}<\/script>\n<!-- \/ Yoast SEO plugin. -->","yoast_head_json":{"title":"Supremo corre com novo acordo para manter a gasolina barata - Notibras","robots":{"index":"index","follow":"follow","max-snippet":"max-snippet:-1","max-image-preview":"max-image-preview:large","max-video-preview":"max-video-preview:-1"},"canonical":"https:\/\/www.notibras.com\/site\/supremo-corre-com-novo-acordo-para-manter-a-gasolina-barata\/","og_locale":"pt_BR","og_type":"article","og_title":"Supremo corre com novo acordo para manter a gasolina barata - Notibras","og_description":"O plen\u00e1rio do Supremo Tribunal Federal (STF) come\u00e7ou a julgar se d\u00e1 aval para um novo acordo negociado pelos estados, o Distrito Federal e a Uni\u00e3o, em que o governo federal se compromete a repassar R$ 26,9 bilh\u00f5es, at\u00e9 2026, em compensa\u00e7\u00e3o por perdas na arrecada\u00e7\u00e3o do Imposto sobre Circula\u00e7\u00e3o de Mercadorias e Servi\u00e7os (ICMS) [&hellip;]","og_url":"https:\/\/www.notibras.com\/site\/supremo-corre-com-novo-acordo-para-manter-a-gasolina-barata\/","og_site_name":"Notibras","article_publisher":"https:\/\/www.facebook.com\/notibras\/","article_published_time":"2023-05-29T17:40:02+00:00","og_image":[{"width":770,"height":513,"url":"https:\/\/www.notibras.com\/site\/wp-content\/uploads\/2023\/05\/tnrgo_edit_28051807952.jpg","type":"image\/jpeg"}],"author":"Reda\u00e7\u00e3o","twitter_card":"summary_large_image","twitter_creator":"@Notibras","twitter_site":"@Notibras","twitter_misc":{"Escrito por":"Reda\u00e7\u00e3o","Est. tempo de leitura":"4 minutos"},"schema":{"@context":"https:\/\/schema.org","@graph":[{"@type":"Article","@id":"https:\/\/www.notibras.com\/site\/supremo-corre-com-novo-acordo-para-manter-a-gasolina-barata\/#article","isPartOf":{"@id":"https:\/\/www.notibras.com\/site\/supremo-corre-com-novo-acordo-para-manter-a-gasolina-barata\/"},"author":{"name":"Reda\u00e7\u00e3o","@id":"https:\/\/www.notibras.com\/site\/#\/schema\/person\/36ab0979449956132d3e5b517ea76ac8"},"headline":"Supremo corre com novo acordo para manter a gasolina barata","datePublished":"2023-05-29T17:40:02+00:00","mainEntityOfPage":{"@id":"https:\/\/www.notibras.com\/site\/supremo-corre-com-novo-acordo-para-manter-a-gasolina-barata\/"},"wordCount":653,"publisher":{"@id":"https:\/\/www.notibras.com\/site\/#organization"},"image":{"@id":"https:\/\/www.notibras.com\/site\/supremo-corre-com-novo-acordo-para-manter-a-gasolina-barata\/#primaryimage"},"thumbnailUrl":"https:\/\/www.notibras.com\/site\/wp-content\/uploads\/2023\/05\/tnrgo_edit_28051807952.jpg","keywords":["capa"],"articleSection":["Quadradinho em Foco"],"inLanguage":"pt-BR"},{"@type":"WebPage","@id":"https:\/\/www.notibras.com\/site\/supremo-corre-com-novo-acordo-para-manter-a-gasolina-barata\/","url":"https:\/\/www.notibras.com\/site\/supremo-corre-com-novo-acordo-para-manter-a-gasolina-barata\/","name":"Supremo corre com novo acordo para manter a gasolina barata - Notibras","isPartOf":{"@id":"https:\/\/www.notibras.com\/site\/#website"},"primaryImageOfPage":{"@id":"https:\/\/www.notibras.com\/site\/supremo-corre-com-novo-acordo-para-manter-a-gasolina-barata\/#primaryimage"},"image":{"@id":"https:\/\/www.notibras.com\/site\/supremo-corre-com-novo-acordo-para-manter-a-gasolina-barata\/#primaryimage"},"thumbnailUrl":"https:\/\/www.notibras.com\/site\/wp-content\/uploads\/2023\/05\/tnrgo_edit_28051807952.jpg","datePublished":"2023-05-29T17:40:02+00:00","breadcrumb":{"@id":"https:\/\/www.notibras.com\/site\/supremo-corre-com-novo-acordo-para-manter-a-gasolina-barata\/#breadcrumb"},"inLanguage":"pt-BR","potentialAction":[{"@type":"ReadAction","target":["https:\/\/www.notibras.com\/site\/supremo-corre-com-novo-acordo-para-manter-a-gasolina-barata\/"]}]},{"@type":"ImageObject","inLanguage":"pt-BR","@id":"https:\/\/www.notibras.com\/site\/supremo-corre-com-novo-acordo-para-manter-a-gasolina-barata\/#primaryimage","url":"https:\/\/www.notibras.com\/site\/wp-content\/uploads\/2023\/05\/tnrgo_edit_28051807952.jpg","contentUrl":"https:\/\/www.notibras.com\/site\/wp-content\/uploads\/2023\/05\/tnrgo_edit_28051807952.jpg","width":770,"height":513,"caption":"Posto de combustIvel, em S\u00e3o Crist\u00f3v\u00e3o, na zona norte da cidade, recebe gasolina e volta a abastecer, gerando enormes filas de carros e motos."},{"@type":"BreadcrumbList","@id":"https:\/\/www.notibras.com\/site\/supremo-corre-com-novo-acordo-para-manter-a-gasolina-barata\/#breadcrumb","itemListElement":[{"@type":"ListItem","position":1,"name":"In\u00edcio","item":"https:\/\/www.notibras.com\/site\/"},{"@type":"ListItem","position":2,"name":"Supremo corre com novo acordo para manter a gasolina barata"}]},{"@type":"WebSite","@id":"https:\/\/www.notibras.com\/site\/#website","url":"https:\/\/www.notibras.com\/site\/","name":"Notibras","description":"Not\u00edcias de Bras\u00edlia, do Brasil e do Mundo","publisher":{"@id":"https:\/\/www.notibras.com\/site\/#organization"},"potentialAction":[{"@type":"SearchAction","target":{"@type":"EntryPoint","urlTemplate":"https:\/\/www.notibras.com\/site\/?s={search_term_string}"},"query-input":{"@type":"PropertyValueSpecification","valueRequired":true,"valueName":"search_term_string"}}],"inLanguage":"pt-BR"},{"@type":"Organization","@id":"https:\/\/www.notibras.com\/site\/#organization","name":"Grupo Notibras de Comunica\u00e7\u00e3o","url":"https:\/\/www.notibras.com\/site\/","logo":{"@type":"ImageObject","inLanguage":"pt-BR","@id":"https:\/\/www.notibras.com\/site\/#\/schema\/logo\/image\/","url":"https:\/\/www.notibras.com\/site\/wp-content\/uploads\/2023\/01\/notibras23.png","contentUrl":"https:\/\/www.notibras.com\/site\/wp-content\/uploads\/2023\/01\/notibras23.png","width":350,"height":87,"caption":"Grupo Notibras de Comunica\u00e7\u00e3o"},"image":{"@id":"https:\/\/www.notibras.com\/site\/#\/schema\/logo\/image\/"},"sameAs":["https:\/\/www.facebook.com\/notibras\/","https:\/\/x.com\/Notibras","https:\/\/www.instagram.com\/notibras\/"]},{"@type":"Person","@id":"https:\/\/www.notibras.com\/site\/#\/schema\/person\/36ab0979449956132d3e5b517ea76ac8","name":"Reda\u00e7\u00e3o","image":{"@type":"ImageObject","inLanguage":"pt-BR","@id":"https:\/\/secure.gravatar.com\/avatar\/e0a867bdedb85fd243eadf09663511f96fc81e0720a4a42581f334ad4303aa6b?s=96&d=mm&r=g","url":"https:\/\/secure.gravatar.com\/avatar\/e0a867bdedb85fd243eadf09663511f96fc81e0720a4a42581f334ad4303aa6b?s=96&d=mm&r=g","contentUrl":"https:\/\/secure.gravatar.com\/avatar\/e0a867bdedb85fd243eadf09663511f96fc81e0720a4a42581f334ad4303aa6b?s=96&d=mm&r=g","caption":"Reda\u00e7\u00e3o"}}]}},"amp_enabled":true,"_links":{"self":[{"href":"https:\/\/www.notibras.com\/site\/wp-json\/wp\/v2\/posts\/305819","targetHints":{"allow":["GET"]}}],"collection":[{"href":"https:\/\/www.notibras.com\/site\/wp-json\/wp\/v2\/posts"}],"about":[{"href":"https:\/\/www.notibras.com\/site\/wp-json\/wp\/v2\/types\/post"}],"author":[{"embeddable":true,"href":"https:\/\/www.notibras.com\/site\/wp-json\/wp\/v2\/users\/2"}],"replies":[{"embeddable":true,"href":"https:\/\/www.notibras.com\/site\/wp-json\/wp\/v2\/comments?post=305819"}],"version-history":[{"count":2,"href":"https:\/\/www.notibras.com\/site\/wp-json\/wp\/v2\/posts\/305819\/revisions"}],"predecessor-version":[{"id":305822,"href":"https:\/\/www.notibras.com\/site\/wp-json\/wp\/v2\/posts\/305819\/revisions\/305822"}],"wp:featuredmedia":[{"embeddable":true,"href":"https:\/\/www.notibras.com\/site\/wp-json\/wp\/v2\/media\/305820"}],"wp:attachment":[{"href":"https:\/\/www.notibras.com\/site\/wp-json\/wp\/v2\/media?parent=305819"}],"wp:term":[{"taxonomy":"category","embeddable":true,"href":"https:\/\/www.notibras.com\/site\/wp-json\/wp\/v2\/categories?post=305819"},{"taxonomy":"post_tag","embeddable":true,"href":"https:\/\/www.notibras.com\/site\/wp-json\/wp\/v2\/tags?post=305819"}],"curies":[{"name":"wp","href":"https:\/\/api.w.org\/{rel}","templated":true}]}}