{"id":305898,"date":"2023-05-29T11:42:14","date_gmt":"2023-05-29T14:42:14","guid":{"rendered":"https:\/\/www.notibras.com\/site\/?p=305898"},"modified":"2023-05-29T17:44:26","modified_gmt":"2023-05-29T20:44:26","slug":"stf-aceita-mais-131-denuncias-ligadas-a-atos-golpistas","status":"publish","type":"post","link":"https:\/\/www.notibras.com\/site\/stf-aceita-mais-131-denuncias-ligadas-a-atos-golpistas\/","title":{"rendered":"STF aceita mais 131 den\u00fancias ligadas a atos golpistas"},"content":{"rendered":"<p>A maioria dos ministros do Supremo Tribunal Federal (STF) votou por tornar r\u00e9us mais 131 denunciados por participa\u00e7\u00e3o nos atos golpistas de 8 de janeiro, quando as sedes dos Tr\u00eas Poderes da Rep\u00fablica, em Bras\u00edlia, foram invadidas e depredadas por apoiadores do ex-presidente Jair Bolsonaro.<\/p>\n<p>Com isso, chegam a 1.176 a\u00e7\u00f5es penais abertas contra pessoas envolvidas no epis\u00f3dio. At\u00e9 o momento, nenhuma das 1.390 acusa\u00e7\u00f5es formais apresentadas pela Procuradoria-Geral da Rep\u00fablica (PGR) foi rejeitada. A an\u00e1lise sobre o recebimento ou n\u00e3o das 214 den\u00fancias restantes ainda n\u00e3o foi marcada.<\/p>\n<p>Nesse lote mais recente de den\u00fancias, a principal acusa\u00e7\u00e3o, em todos os casos, \u00e9 a de incita\u00e7\u00e3o \u00e0 animosidade das For\u00e7as Armadas contra Poder constitu\u00eddo e de associa\u00e7\u00e3o criminosa. As den\u00fancias t\u00eam como alvo pessoas presas no acampamento montado em frente ao Quartel-General do Ex\u00e9rcito, em Bras\u00edlia, no dia seguinte aos ataques.<\/p>\n<p>Os recebimentos das den\u00fancias est\u00e3o sendo julgados no plen\u00e1rio virtual, em que os ministros t\u00eam uma janela de tempo para votar remotamente, sem delibera\u00e7\u00e3o presencial. A an\u00e1lise desse sexto grupo de den\u00fancias est\u00e1 marcada para durar at\u00e9 as 23h59 desta segunda-feira (29).<\/p>\n<p>At\u00e9 o momento, votaram pelo recebimento dessa nova leva o relator, ministro Alexandre de Moraes, e os ministros Dias Toffoil, C\u00e1rmen L\u00facia, Gilmar Mendes, Rosa Weber e Edson Fachin. Assim como nas vezes anteriores, divergiram os ministros Andr\u00e9 Mendon\u00e7a e Nunes Marques. Ainda faltam os votos de Lu\u00eds Roberto Barroso e Luiz Fux.<\/p>\n<p>Com o recebimento da den\u00fancia e abertura de a\u00e7\u00e3o penal, come\u00e7a nova fase de instru\u00e7\u00e3o do processo, em que s\u00e3o ouvidas testemunhas de defesa e acusa\u00e7\u00e3o, por exemplo. Somente ao final dessa etapa que o STF dever\u00e1 julgar, no caso a caso, eventual condena\u00e7\u00e3o dos r\u00e9us. N\u00e3o h\u00e1 prazo para que isso ocorra.<\/p>\n<p>Do total de den\u00fancias j\u00e1 recebidas, 225 dizem respeito a pessoas acusadas de participa\u00e7\u00e3o direta nos ataques aos pr\u00e9dios p\u00fablicos. Nesse caso, elas s\u00e3o acusadas de crimes como tentativa de aboli\u00e7\u00e3o violenta do Estado Democr\u00e1tico de Direito, golpe de Estado e depreda\u00e7\u00e3o de patrim\u00f4nio p\u00fablico protegido, entre outros.<\/p>\n<p>Todos os julgamentos sobre o recebimento ou n\u00e3o das den\u00fancias est\u00e3o sendo realizados dentro de dois inqu\u00e9ritos, que t\u00eam como alvo incitadores e praticantes dos atos golpistas, respectivamente.<\/p>\n<p>H\u00e1 ao menos mais dois inqu\u00e9ritos no Supremo relacionados ao 8 de janeiro, que t\u00eam como alvo eventuais financiadores e autoridades suspeitas de omiss\u00e3o diante dos ataques. \u00c0 frente das investiga\u00e7\u00f5es, a PGR ainda n\u00e3o apresentou den\u00fancias nesses processos, que se encontram ainda em fase de investiga\u00e7\u00e3o pela Pol\u00edcia Federal (PF), na opera\u00e7\u00e3o denominada Lesa P\u00e1tria.<\/p>\n","protected":false},"excerpt":{"rendered":"<p>A maioria dos ministros do Supremo Tribunal Federal (STF) votou por tornar r\u00e9us mais 131 denunciados por participa\u00e7\u00e3o nos atos golpistas de 8 de janeiro, quando as sedes dos Tr\u00eas Poderes da Rep\u00fablica, em Bras\u00edlia, foram invadidas e depredadas por apoiadores do ex-presidente Jair Bolsonaro. Com isso, chegam a 1.176 a\u00e7\u00f5es penais abertas contra pessoas [&hellip;]<\/p>\n","protected":false},"author":2,"featured_media":302915,"comment_status":"closed","ping_status":"closed","sticky":false,"template":"","format":"standard","meta":{"_acf_changed":false,"footnotes":""},"categories":[161],"tags":[],"class_list":["post-305898","post","type-post","status-publish","format-standard","has-post-thumbnail","hentry","category-quadradinho-em-foco"],"acf":[],"yoast_head":"<!-- This site is optimized with the Yoast SEO plugin v27.2 - https:\/\/yoast.com\/product\/yoast-seo-wordpress\/ -->\n<title>STF aceita mais 131 den\u00fancias ligadas a atos golpistas - Notibras<\/title>\n<meta name=\"robots\" content=\"index, follow, max-snippet:-1, max-image-preview:large, max-video-preview:-1\" \/>\n<link rel=\"canonical\" href=\"https:\/\/www.notibras.com\/site\/stf-aceita-mais-131-denuncias-ligadas-a-atos-golpistas\/\" \/>\n<meta property=\"og:locale\" content=\"pt_BR\" \/>\n<meta property=\"og:type\" content=\"article\" \/>\n<meta property=\"og:title\" content=\"STF aceita mais 131 den\u00fancias ligadas a atos golpistas - Notibras\" \/>\n<meta property=\"og:description\" content=\"A maioria dos ministros do Supremo Tribunal Federal (STF) votou por tornar r\u00e9us mais 131 denunciados por participa\u00e7\u00e3o nos atos golpistas de 8 de janeiro, quando as sedes dos Tr\u00eas Poderes da Rep\u00fablica, em Bras\u00edlia, foram invadidas e depredadas por apoiadores do ex-presidente Jair Bolsonaro. Com isso, chegam a 1.176 a\u00e7\u00f5es penais abertas contra pessoas [&hellip;]\" \/>\n<meta property=\"og:url\" content=\"https:\/\/www.notibras.com\/site\/stf-aceita-mais-131-denuncias-ligadas-a-atos-golpistas\/\" \/>\n<meta property=\"og:site_name\" content=\"Notibras\" \/>\n<meta property=\"article:publisher\" content=\"https:\/\/www.facebook.com\/notibras\/\" \/>\n<meta property=\"article:published_time\" content=\"2023-05-29T14:42:14+00:00\" \/>\n<meta property=\"article:modified_time\" content=\"2023-05-29T20:44:26+00:00\" \/>\n<meta property=\"og:image\" content=\"https:\/\/www.notibras.com\/site\/wp-content\/uploads\/2023\/04\/manifestacao_mcamgo_abr_080120231818-11-2.jpg\" \/>\n\t<meta property=\"og:image:width\" content=\"1170\" \/>\n\t<meta property=\"og:image:height\" content=\"700\" \/>\n\t<meta property=\"og:image:type\" content=\"image\/jpeg\" \/>\n<meta name=\"author\" content=\"Reda\u00e7\u00e3o\" \/>\n<meta name=\"twitter:card\" content=\"summary_large_image\" \/>\n<meta name=\"twitter:creator\" content=\"@Notibras\" \/>\n<meta name=\"twitter:site\" content=\"@Notibras\" \/>\n<meta name=\"twitter:label1\" content=\"Escrito por\" \/>\n\t<meta name=\"twitter:data1\" content=\"Reda\u00e7\u00e3o\" \/>\n\t<meta name=\"twitter:label2\" content=\"Est. tempo de leitura\" \/>\n\t<meta name=\"twitter:data2\" content=\"3 minutos\" \/>\n<script type=\"application\/ld+json\" class=\"yoast-schema-graph\">{\"@context\":\"https:\/\/schema.org\",\"@graph\":[{\"@type\":\"Article\",\"@id\":\"https:\/\/www.notibras.com\/site\/stf-aceita-mais-131-denuncias-ligadas-a-atos-golpistas\/#article\",\"isPartOf\":{\"@id\":\"https:\/\/www.notibras.com\/site\/stf-aceita-mais-131-denuncias-ligadas-a-atos-golpistas\/\"},\"author\":{\"name\":\"Reda\u00e7\u00e3o\",\"@id\":\"https:\/\/www.notibras.com\/site\/#\/schema\/person\/36ab0979449956132d3e5b517ea76ac8\"},\"headline\":\"STF aceita mais 131 den\u00fancias ligadas a atos golpistas\",\"datePublished\":\"2023-05-29T14:42:14+00:00\",\"dateModified\":\"2023-05-29T20:44:26+00:00\",\"mainEntityOfPage\":{\"@id\":\"https:\/\/www.notibras.com\/site\/stf-aceita-mais-131-denuncias-ligadas-a-atos-golpistas\/\"},\"wordCount\":487,\"publisher\":{\"@id\":\"https:\/\/www.notibras.com\/site\/#organization\"},\"image\":{\"@id\":\"https:\/\/www.notibras.com\/site\/stf-aceita-mais-131-denuncias-ligadas-a-atos-golpistas\/#primaryimage\"},\"thumbnailUrl\":\"https:\/\/www.notibras.com\/site\/wp-content\/uploads\/2023\/04\/manifestacao_mcamgo_abr_080120231818-11-2.jpg\",\"articleSection\":[\"Quadradinho em Foco\"],\"inLanguage\":\"pt-BR\"},{\"@type\":\"WebPage\",\"@id\":\"https:\/\/www.notibras.com\/site\/stf-aceita-mais-131-denuncias-ligadas-a-atos-golpistas\/\",\"url\":\"https:\/\/www.notibras.com\/site\/stf-aceita-mais-131-denuncias-ligadas-a-atos-golpistas\/\",\"name\":\"STF aceita mais 131 den\u00fancias ligadas a atos golpistas - Notibras\",\"isPartOf\":{\"@id\":\"https:\/\/www.notibras.com\/site\/#website\"},\"primaryImageOfPage\":{\"@id\":\"https:\/\/www.notibras.com\/site\/stf-aceita-mais-131-denuncias-ligadas-a-atos-golpistas\/#primaryimage\"},\"image\":{\"@id\":\"https:\/\/www.notibras.com\/site\/stf-aceita-mais-131-denuncias-ligadas-a-atos-golpistas\/#primaryimage\"},\"thumbnailUrl\":\"https:\/\/www.notibras.com\/site\/wp-content\/uploads\/2023\/04\/manifestacao_mcamgo_abr_080120231818-11-2.jpg\",\"datePublished\":\"2023-05-29T14:42:14+00:00\",\"dateModified\":\"2023-05-29T20:44:26+00:00\",\"breadcrumb\":{\"@id\":\"https:\/\/www.notibras.com\/site\/stf-aceita-mais-131-denuncias-ligadas-a-atos-golpistas\/#breadcrumb\"},\"inLanguage\":\"pt-BR\",\"potentialAction\":[{\"@type\":\"ReadAction\",\"target\":[\"https:\/\/www.notibras.com\/site\/stf-aceita-mais-131-denuncias-ligadas-a-atos-golpistas\/\"]}]},{\"@type\":\"ImageObject\",\"inLanguage\":\"pt-BR\",\"@id\":\"https:\/\/www.notibras.com\/site\/stf-aceita-mais-131-denuncias-ligadas-a-atos-golpistas\/#primaryimage\",\"url\":\"https:\/\/www.notibras.com\/site\/wp-content\/uploads\/2023\/04\/manifestacao_mcamgo_abr_080120231818-11-2.jpg\",\"contentUrl\":\"https:\/\/www.notibras.com\/site\/wp-content\/uploads\/2023\/04\/manifestacao_mcamgo_abr_080120231818-11-2.jpg\",\"width\":1170,\"height\":700,\"caption\":\"Manifestantes invadem Congresso, STF e Pal\u00e1cio do Planalto.\"},{\"@type\":\"BreadcrumbList\",\"@id\":\"https:\/\/www.notibras.com\/site\/stf-aceita-mais-131-denuncias-ligadas-a-atos-golpistas\/#breadcrumb\",\"itemListElement\":[{\"@type\":\"ListItem\",\"position\":1,\"name\":\"In\u00edcio\",\"item\":\"https:\/\/www.notibras.com\/site\/\"},{\"@type\":\"ListItem\",\"position\":2,\"name\":\"STF aceita mais 131 den\u00fancias ligadas a atos golpistas\"}]},{\"@type\":\"WebSite\",\"@id\":\"https:\/\/www.notibras.com\/site\/#website\",\"url\":\"https:\/\/www.notibras.com\/site\/\",\"name\":\"Notibras\",\"description\":\"Not\u00edcias de Bras\u00edlia, do Brasil e do Mundo\",\"publisher\":{\"@id\":\"https:\/\/www.notibras.com\/site\/#organization\"},\"potentialAction\":[{\"@type\":\"SearchAction\",\"target\":{\"@type\":\"EntryPoint\",\"urlTemplate\":\"https:\/\/www.notibras.com\/site\/?s={search_term_string}\"},\"query-input\":{\"@type\":\"PropertyValueSpecification\",\"valueRequired\":true,\"valueName\":\"search_term_string\"}}],\"inLanguage\":\"pt-BR\"},{\"@type\":\"Organization\",\"@id\":\"https:\/\/www.notibras.com\/site\/#organization\",\"name\":\"Grupo Notibras de Comunica\u00e7\u00e3o\",\"url\":\"https:\/\/www.notibras.com\/site\/\",\"logo\":{\"@type\":\"ImageObject\",\"inLanguage\":\"pt-BR\",\"@id\":\"https:\/\/www.notibras.com\/site\/#\/schema\/logo\/image\/\",\"url\":\"https:\/\/www.notibras.com\/site\/wp-content\/uploads\/2023\/01\/notibras23.png\",\"contentUrl\":\"https:\/\/www.notibras.com\/site\/wp-content\/uploads\/2023\/01\/notibras23.png\",\"width\":350,\"height\":87,\"caption\":\"Grupo Notibras de Comunica\u00e7\u00e3o\"},\"image\":{\"@id\":\"https:\/\/www.notibras.com\/site\/#\/schema\/logo\/image\/\"},\"sameAs\":[\"https:\/\/www.facebook.com\/notibras\/\",\"https:\/\/x.com\/Notibras\",\"https:\/\/www.instagram.com\/notibras\/\"]},{\"@type\":\"Person\",\"@id\":\"https:\/\/www.notibras.com\/site\/#\/schema\/person\/36ab0979449956132d3e5b517ea76ac8\",\"name\":\"Reda\u00e7\u00e3o\",\"image\":{\"@type\":\"ImageObject\",\"inLanguage\":\"pt-BR\",\"@id\":\"https:\/\/secure.gravatar.com\/avatar\/e0a867bdedb85fd243eadf09663511f96fc81e0720a4a42581f334ad4303aa6b?s=96&d=mm&r=g\",\"url\":\"https:\/\/secure.gravatar.com\/avatar\/e0a867bdedb85fd243eadf09663511f96fc81e0720a4a42581f334ad4303aa6b?s=96&d=mm&r=g\",\"contentUrl\":\"https:\/\/secure.gravatar.com\/avatar\/e0a867bdedb85fd243eadf09663511f96fc81e0720a4a42581f334ad4303aa6b?s=96&d=mm&r=g\",\"caption\":\"Reda\u00e7\u00e3o\"}}]}<\/script>\n<!-- \/ Yoast SEO plugin. -->","yoast_head_json":{"title":"STF aceita mais 131 den\u00fancias ligadas a atos golpistas - Notibras","robots":{"index":"index","follow":"follow","max-snippet":"max-snippet:-1","max-image-preview":"max-image-preview:large","max-video-preview":"max-video-preview:-1"},"canonical":"https:\/\/www.notibras.com\/site\/stf-aceita-mais-131-denuncias-ligadas-a-atos-golpistas\/","og_locale":"pt_BR","og_type":"article","og_title":"STF aceita mais 131 den\u00fancias ligadas a atos golpistas - Notibras","og_description":"A maioria dos ministros do Supremo Tribunal Federal (STF) votou por tornar r\u00e9us mais 131 denunciados por participa\u00e7\u00e3o nos atos golpistas de 8 de janeiro, quando as sedes dos Tr\u00eas Poderes da Rep\u00fablica, em Bras\u00edlia, foram invadidas e depredadas por apoiadores do ex-presidente Jair Bolsonaro. Com isso, chegam a 1.176 a\u00e7\u00f5es penais abertas contra pessoas [&hellip;]","og_url":"https:\/\/www.notibras.com\/site\/stf-aceita-mais-131-denuncias-ligadas-a-atos-golpistas\/","og_site_name":"Notibras","article_publisher":"https:\/\/www.facebook.com\/notibras\/","article_published_time":"2023-05-29T14:42:14+00:00","article_modified_time":"2023-05-29T20:44:26+00:00","og_image":[{"width":1170,"height":700,"url":"https:\/\/www.notibras.com\/site\/wp-content\/uploads\/2023\/04\/manifestacao_mcamgo_abr_080120231818-11-2.jpg","type":"image\/jpeg"}],"author":"Reda\u00e7\u00e3o","twitter_card":"summary_large_image","twitter_creator":"@Notibras","twitter_site":"@Notibras","twitter_misc":{"Escrito por":"Reda\u00e7\u00e3o","Est. tempo de leitura":"3 minutos"},"schema":{"@context":"https:\/\/schema.org","@graph":[{"@type":"Article","@id":"https:\/\/www.notibras.com\/site\/stf-aceita-mais-131-denuncias-ligadas-a-atos-golpistas\/#article","isPartOf":{"@id":"https:\/\/www.notibras.com\/site\/stf-aceita-mais-131-denuncias-ligadas-a-atos-golpistas\/"},"author":{"name":"Reda\u00e7\u00e3o","@id":"https:\/\/www.notibras.com\/site\/#\/schema\/person\/36ab0979449956132d3e5b517ea76ac8"},"headline":"STF aceita mais 131 den\u00fancias ligadas a atos golpistas","datePublished":"2023-05-29T14:42:14+00:00","dateModified":"2023-05-29T20:44:26+00:00","mainEntityOfPage":{"@id":"https:\/\/www.notibras.com\/site\/stf-aceita-mais-131-denuncias-ligadas-a-atos-golpistas\/"},"wordCount":487,"publisher":{"@id":"https:\/\/www.notibras.com\/site\/#organization"},"image":{"@id":"https:\/\/www.notibras.com\/site\/stf-aceita-mais-131-denuncias-ligadas-a-atos-golpistas\/#primaryimage"},"thumbnailUrl":"https:\/\/www.notibras.com\/site\/wp-content\/uploads\/2023\/04\/manifestacao_mcamgo_abr_080120231818-11-2.jpg","articleSection":["Quadradinho em Foco"],"inLanguage":"pt-BR"},{"@type":"WebPage","@id":"https:\/\/www.notibras.com\/site\/stf-aceita-mais-131-denuncias-ligadas-a-atos-golpistas\/","url":"https:\/\/www.notibras.com\/site\/stf-aceita-mais-131-denuncias-ligadas-a-atos-golpistas\/","name":"STF aceita mais 131 den\u00fancias ligadas a atos golpistas - Notibras","isPartOf":{"@id":"https:\/\/www.notibras.com\/site\/#website"},"primaryImageOfPage":{"@id":"https:\/\/www.notibras.com\/site\/stf-aceita-mais-131-denuncias-ligadas-a-atos-golpistas\/#primaryimage"},"image":{"@id":"https:\/\/www.notibras.com\/site\/stf-aceita-mais-131-denuncias-ligadas-a-atos-golpistas\/#primaryimage"},"thumbnailUrl":"https:\/\/www.notibras.com\/site\/wp-content\/uploads\/2023\/04\/manifestacao_mcamgo_abr_080120231818-11-2.jpg","datePublished":"2023-05-29T14:42:14+00:00","dateModified":"2023-05-29T20:44:26+00:00","breadcrumb":{"@id":"https:\/\/www.notibras.com\/site\/stf-aceita-mais-131-denuncias-ligadas-a-atos-golpistas\/#breadcrumb"},"inLanguage":"pt-BR","potentialAction":[{"@type":"ReadAction","target":["https:\/\/www.notibras.com\/site\/stf-aceita-mais-131-denuncias-ligadas-a-atos-golpistas\/"]}]},{"@type":"ImageObject","inLanguage":"pt-BR","@id":"https:\/\/www.notibras.com\/site\/stf-aceita-mais-131-denuncias-ligadas-a-atos-golpistas\/#primaryimage","url":"https:\/\/www.notibras.com\/site\/wp-content\/uploads\/2023\/04\/manifestacao_mcamgo_abr_080120231818-11-2.jpg","contentUrl":"https:\/\/www.notibras.com\/site\/wp-content\/uploads\/2023\/04\/manifestacao_mcamgo_abr_080120231818-11-2.jpg","width":1170,"height":700,"caption":"Manifestantes invadem Congresso, STF e Pal\u00e1cio do Planalto."},{"@type":"BreadcrumbList","@id":"https:\/\/www.notibras.com\/site\/stf-aceita-mais-131-denuncias-ligadas-a-atos-golpistas\/#breadcrumb","itemListElement":[{"@type":"ListItem","position":1,"name":"In\u00edcio","item":"https:\/\/www.notibras.com\/site\/"},{"@type":"ListItem","position":2,"name":"STF aceita mais 131 den\u00fancias ligadas a atos golpistas"}]},{"@type":"WebSite","@id":"https:\/\/www.notibras.com\/site\/#website","url":"https:\/\/www.notibras.com\/site\/","name":"Notibras","description":"Not\u00edcias de Bras\u00edlia, do Brasil e do Mundo","publisher":{"@id":"https:\/\/www.notibras.com\/site\/#organization"},"potentialAction":[{"@type":"SearchAction","target":{"@type":"EntryPoint","urlTemplate":"https:\/\/www.notibras.com\/site\/?s={search_term_string}"},"query-input":{"@type":"PropertyValueSpecification","valueRequired":true,"valueName":"search_term_string"}}],"inLanguage":"pt-BR"},{"@type":"Organization","@id":"https:\/\/www.notibras.com\/site\/#organization","name":"Grupo Notibras de Comunica\u00e7\u00e3o","url":"https:\/\/www.notibras.com\/site\/","logo":{"@type":"ImageObject","inLanguage":"pt-BR","@id":"https:\/\/www.notibras.com\/site\/#\/schema\/logo\/image\/","url":"https:\/\/www.notibras.com\/site\/wp-content\/uploads\/2023\/01\/notibras23.png","contentUrl":"https:\/\/www.notibras.com\/site\/wp-content\/uploads\/2023\/01\/notibras23.png","width":350,"height":87,"caption":"Grupo Notibras de Comunica\u00e7\u00e3o"},"image":{"@id":"https:\/\/www.notibras.com\/site\/#\/schema\/logo\/image\/"},"sameAs":["https:\/\/www.facebook.com\/notibras\/","https:\/\/x.com\/Notibras","https:\/\/www.instagram.com\/notibras\/"]},{"@type":"Person","@id":"https:\/\/www.notibras.com\/site\/#\/schema\/person\/36ab0979449956132d3e5b517ea76ac8","name":"Reda\u00e7\u00e3o","image":{"@type":"ImageObject","inLanguage":"pt-BR","@id":"https:\/\/secure.gravatar.com\/avatar\/e0a867bdedb85fd243eadf09663511f96fc81e0720a4a42581f334ad4303aa6b?s=96&d=mm&r=g","url":"https:\/\/secure.gravatar.com\/avatar\/e0a867bdedb85fd243eadf09663511f96fc81e0720a4a42581f334ad4303aa6b?s=96&d=mm&r=g","contentUrl":"https:\/\/secure.gravatar.com\/avatar\/e0a867bdedb85fd243eadf09663511f96fc81e0720a4a42581f334ad4303aa6b?s=96&d=mm&r=g","caption":"Reda\u00e7\u00e3o"}}]}},"amp_enabled":true,"_links":{"self":[{"href":"https:\/\/www.notibras.com\/site\/wp-json\/wp\/v2\/posts\/305898","targetHints":{"allow":["GET"]}}],"collection":[{"href":"https:\/\/www.notibras.com\/site\/wp-json\/wp\/v2\/posts"}],"about":[{"href":"https:\/\/www.notibras.com\/site\/wp-json\/wp\/v2\/types\/post"}],"author":[{"embeddable":true,"href":"https:\/\/www.notibras.com\/site\/wp-json\/wp\/v2\/users\/2"}],"replies":[{"embeddable":true,"href":"https:\/\/www.notibras.com\/site\/wp-json\/wp\/v2\/comments?post=305898"}],"version-history":[{"count":1,"href":"https:\/\/www.notibras.com\/site\/wp-json\/wp\/v2\/posts\/305898\/revisions"}],"predecessor-version":[{"id":305899,"href":"https:\/\/www.notibras.com\/site\/wp-json\/wp\/v2\/posts\/305898\/revisions\/305899"}],"wp:featuredmedia":[{"embeddable":true,"href":"https:\/\/www.notibras.com\/site\/wp-json\/wp\/v2\/media\/302915"}],"wp:attachment":[{"href":"https:\/\/www.notibras.com\/site\/wp-json\/wp\/v2\/media?parent=305898"}],"wp:term":[{"taxonomy":"category","embeddable":true,"href":"https:\/\/www.notibras.com\/site\/wp-json\/wp\/v2\/categories?post=305898"},{"taxonomy":"post_tag","embeddable":true,"href":"https:\/\/www.notibras.com\/site\/wp-json\/wp\/v2\/tags?post=305898"}],"curies":[{"name":"wp","href":"https:\/\/api.w.org\/{rel}","templated":true}]}}