{"id":30590,"date":"2014-12-08T12:45:41","date_gmt":"2014-12-08T15:45:41","guid":{"rendered":"http:\/\/www.notibras.com\/site\/?p=30590"},"modified":"2014-12-08T18:41:07","modified_gmt":"2014-12-08T21:41:07","slug":"fieis-revoltados-cercam-bispo-que-afastou-padre-negro-de-igreja","status":"publish","type":"post","link":"https:\/\/www.notibras.com\/site\/fieis-revoltados-cercam-bispo-que-afastou-padre-negro-de-igreja\/","title":{"rendered":"Fi\u00e9is irados cercam bispo que afastou padre negro de igreja"},"content":{"rendered":"<p class=\"text\">O bispo de Mar\u00edlia (SP), Dom Luiz Antonio Cipolini, deixou a igreja matriz de Adamantina, no interior de S\u00e3o Paulo, escoltado por dezenas de policiais na noite deste domingo. O bispo, que foi \u00e0 cidade comandar a missa de Crisma, ficou por mais de 1h40 encantoado no interior da igreja, esperando que milhares de pessoas, que o esperavam do lado de fora, se acalmassem.<\/p>\n<p class=\"text\">O motivo da revolta dos fieis foi a substitui\u00e7\u00e3o de um padre conhecido por suas a\u00e7\u00f5es sociais junto a usu\u00e1rios de drogas e \u00e0 comunidade carente. Segundo os manifestantes, o padre Wilson Lu\u00eds Ramos j\u00e1 havia sofrido preconceito racial por ser negro.<\/p>\n<p class=\"text\">Antes de sair escoltado, o bispo enfrentou a revolta dos fieis j\u00e1 dentro da igreja. Foi vaiado por centenas de manifestantes quando comandava a missa. No momento em que ele conduzia a eucaristia, j\u00e1 no final da celebra\u00e7\u00e3o, manifestantes levantaram cartazes e come\u00e7aram a gritar palavras de ordem em favor do padre.<\/p>\n<blockquote>\n<p class=\"text\">O padre teria sido substitu\u00eddo pelo bispo a pedido de um grupo de fieis ricos e conservadores, que tinham sido substitu\u00eddos pelo padre de cargos de coordena\u00e7\u00e3o da igreja, que ocupavam h\u00e1 13 anos. O grupo estava descontente com a op\u00e7\u00e3o dada pelo padre aos pobres e jovens usu\u00e1rios de drogas, que passaram a frequentar a principal igreja da cidade desde que o padre chegara a Adamantina, em 2012.<\/p>\n<\/blockquote>\n<p class=\"text\">Durante a missa deste domingo, revoltados com a sa\u00edda do padre, manifestantes tamb\u00e9m passaram a jogar moedas no altar da igreja, enquanto gritavam a palavra \u201cindigna\u00e7\u00e3o\u201d e frases pedindo para o padre Wilson permanecer na par\u00f3quia. Diante do protesto e do barulho, padre Wilson pediu que os manifestantes \u2013 na maioria jovens &#8211; parassem com o protesto, mas n\u00e3o foi atendido. Eles continuaram gritando enquanto o restante dos fieis \u2013 cerca de 800 &#8211; que ocupavam a igreja, lotada, os ajudavam batendo palmas.<\/p>\n<p class=\"text\">\u201cNunca vi uma coisa dessas. As pessoas acabaram se esquecendo de que se tratava de um local sagrado. Mas acho que elas t\u00eam raz\u00e3o porque o bispo at\u00e9 agora n\u00e3o deu uma explica\u00e7\u00e3o convincente sobre a sa\u00edda do padre. Se h\u00e1 culpado, o bispo \u00e9 o culpado\u201d, disse o comerciante Orlando Ferrari. \u201cMuitos pensam, e eu tamb\u00e9m, que se trata simplesmente de um ato de preconceito porque o padre \u00e9 negro, pois n\u00e3o h\u00e1 motivo algum para substitu\u00ed-lo\u201d, disse um empres\u00e1rio da cidade, que pediu anonimato.<\/p>\n","protected":false},"excerpt":{"rendered":"<p>O bispo de Mar\u00edlia (SP), Dom Luiz Antonio Cipolini, deixou a igreja matriz de Adamantina, no interior de S\u00e3o Paulo, escoltado por dezenas de policiais na noite deste domingo. O bispo, que foi \u00e0 cidade comandar a missa de Crisma, ficou por mais de 1h40 encantoado no interior da igreja, esperando que milhares de pessoas, [&hellip;]<\/p>\n","protected":false},"author":2,"featured_media":30591,"comment_status":"open","ping_status":"closed","sticky":false,"template":"","format":"standard","meta":{"_acf_changed":false,"footnotes":""},"categories":[16],"tags":[],"class_list":["post-30590","post","type-post","status-publish","format-standard","has-post-thumbnail","hentry","category-brasil"],"acf":[],"yoast_head":"<!-- This site is optimized with the Yoast SEO plugin v27.2 - https:\/\/yoast.com\/product\/yoast-seo-wordpress\/ -->\n<title>Fi\u00e9is irados cercam bispo que afastou padre negro de igreja - Notibras<\/title>\n<meta name=\"robots\" content=\"index, follow, max-snippet:-1, max-image-preview:large, max-video-preview:-1\" \/>\n<link rel=\"canonical\" href=\"https:\/\/www.notibras.com\/site\/fieis-revoltados-cercam-bispo-que-afastou-padre-negro-de-igreja\/\" \/>\n<meta property=\"og:locale\" content=\"pt_BR\" \/>\n<meta property=\"og:type\" content=\"article\" \/>\n<meta property=\"og:title\" content=\"Fi\u00e9is irados cercam bispo que afastou padre negro de igreja - Notibras\" \/>\n<meta property=\"og:description\" content=\"O bispo de Mar\u00edlia (SP), Dom Luiz Antonio Cipolini, deixou a igreja matriz de Adamantina, no interior de S\u00e3o Paulo, escoltado por dezenas de policiais na noite deste domingo. O bispo, que foi \u00e0 cidade comandar a missa de Crisma, ficou por mais de 1h40 encantoado no interior da igreja, esperando que milhares de pessoas, [&hellip;]\" \/>\n<meta property=\"og:url\" content=\"https:\/\/www.notibras.com\/site\/fieis-revoltados-cercam-bispo-que-afastou-padre-negro-de-igreja\/\" \/>\n<meta property=\"og:site_name\" content=\"Notibras\" \/>\n<meta property=\"article:publisher\" content=\"https:\/\/www.facebook.com\/notibras\/\" \/>\n<meta property=\"article:published_time\" content=\"2014-12-08T15:45:41+00:00\" \/>\n<meta property=\"article:modified_time\" content=\"2014-12-08T21:41:07+00:00\" \/>\n<meta property=\"og:image\" content=\"https:\/\/www.notibras.com\/site\/wp-content\/uploads\/2014\/12\/manifesta4.jpg\" \/>\n\t<meta property=\"og:image:width\" content=\"754\" \/>\n\t<meta property=\"og:image:height\" content=\"500\" \/>\n\t<meta property=\"og:image:type\" content=\"image\/jpeg\" \/>\n<meta name=\"author\" content=\"Reda\u00e7\u00e3o\" \/>\n<meta name=\"twitter:card\" content=\"summary_large_image\" \/>\n<meta name=\"twitter:creator\" content=\"@Notibras\" \/>\n<meta name=\"twitter:site\" content=\"@Notibras\" \/>\n<meta name=\"twitter:label1\" content=\"Escrito por\" \/>\n\t<meta name=\"twitter:data1\" content=\"Reda\u00e7\u00e3o\" \/>\n\t<meta name=\"twitter:label2\" content=\"Est. tempo de leitura\" \/>\n\t<meta name=\"twitter:data2\" content=\"2 minutos\" \/>\n<script type=\"application\/ld+json\" class=\"yoast-schema-graph\">{\"@context\":\"https:\/\/schema.org\",\"@graph\":[{\"@type\":\"Article\",\"@id\":\"https:\/\/www.notibras.com\/site\/fieis-revoltados-cercam-bispo-que-afastou-padre-negro-de-igreja\/#article\",\"isPartOf\":{\"@id\":\"https:\/\/www.notibras.com\/site\/fieis-revoltados-cercam-bispo-que-afastou-padre-negro-de-igreja\/\"},\"author\":{\"name\":\"Reda\u00e7\u00e3o\",\"@id\":\"https:\/\/www.notibras.com\/site\/#\/schema\/person\/36ab0979449956132d3e5b517ea76ac8\"},\"headline\":\"Fi\u00e9is irados cercam bispo que afastou padre negro de igreja\",\"datePublished\":\"2014-12-08T15:45:41+00:00\",\"dateModified\":\"2014-12-08T21:41:07+00:00\",\"mainEntityOfPage\":{\"@id\":\"https:\/\/www.notibras.com\/site\/fieis-revoltados-cercam-bispo-que-afastou-padre-negro-de-igreja\/\"},\"wordCount\":425,\"commentCount\":0,\"publisher\":{\"@id\":\"https:\/\/www.notibras.com\/site\/#organization\"},\"image\":{\"@id\":\"https:\/\/www.notibras.com\/site\/fieis-revoltados-cercam-bispo-que-afastou-padre-negro-de-igreja\/#primaryimage\"},\"thumbnailUrl\":\"https:\/\/www.notibras.com\/site\/wp-content\/uploads\/2014\/12\/manifesta4.jpg\",\"articleSection\":[\"Brasil\"],\"inLanguage\":\"pt-BR\",\"potentialAction\":[{\"@type\":\"CommentAction\",\"name\":\"Comment\",\"target\":[\"https:\/\/www.notibras.com\/site\/fieis-revoltados-cercam-bispo-que-afastou-padre-negro-de-igreja\/#respond\"]}]},{\"@type\":\"WebPage\",\"@id\":\"https:\/\/www.notibras.com\/site\/fieis-revoltados-cercam-bispo-que-afastou-padre-negro-de-igreja\/\",\"url\":\"https:\/\/www.notibras.com\/site\/fieis-revoltados-cercam-bispo-que-afastou-padre-negro-de-igreja\/\",\"name\":\"Fi\u00e9is irados cercam bispo que afastou padre negro de igreja - Notibras\",\"isPartOf\":{\"@id\":\"https:\/\/www.notibras.com\/site\/#website\"},\"primaryImageOfPage\":{\"@id\":\"https:\/\/www.notibras.com\/site\/fieis-revoltados-cercam-bispo-que-afastou-padre-negro-de-igreja\/#primaryimage\"},\"image\":{\"@id\":\"https:\/\/www.notibras.com\/site\/fieis-revoltados-cercam-bispo-que-afastou-padre-negro-de-igreja\/#primaryimage\"},\"thumbnailUrl\":\"https:\/\/www.notibras.com\/site\/wp-content\/uploads\/2014\/12\/manifesta4.jpg\",\"datePublished\":\"2014-12-08T15:45:41+00:00\",\"dateModified\":\"2014-12-08T21:41:07+00:00\",\"breadcrumb\":{\"@id\":\"https:\/\/www.notibras.com\/site\/fieis-revoltados-cercam-bispo-que-afastou-padre-negro-de-igreja\/#breadcrumb\"},\"inLanguage\":\"pt-BR\",\"potentialAction\":[{\"@type\":\"ReadAction\",\"target\":[\"https:\/\/www.notibras.com\/site\/fieis-revoltados-cercam-bispo-que-afastou-padre-negro-de-igreja\/\"]}]},{\"@type\":\"ImageObject\",\"inLanguage\":\"pt-BR\",\"@id\":\"https:\/\/www.notibras.com\/site\/fieis-revoltados-cercam-bispo-que-afastou-padre-negro-de-igreja\/#primaryimage\",\"url\":\"https:\/\/www.notibras.com\/site\/wp-content\/uploads\/2014\/12\/manifesta4.jpg\",\"contentUrl\":\"https:\/\/www.notibras.com\/site\/wp-content\/uploads\/2014\/12\/manifesta4.jpg\",\"width\":754,\"height\":500},{\"@type\":\"BreadcrumbList\",\"@id\":\"https:\/\/www.notibras.com\/site\/fieis-revoltados-cercam-bispo-que-afastou-padre-negro-de-igreja\/#breadcrumb\",\"itemListElement\":[{\"@type\":\"ListItem\",\"position\":1,\"name\":\"In\u00edcio\",\"item\":\"https:\/\/www.notibras.com\/site\/\"},{\"@type\":\"ListItem\",\"position\":2,\"name\":\"Fi\u00e9is irados cercam bispo que afastou padre negro de igreja\"}]},{\"@type\":\"WebSite\",\"@id\":\"https:\/\/www.notibras.com\/site\/#website\",\"url\":\"https:\/\/www.notibras.com\/site\/\",\"name\":\"Notibras\",\"description\":\"Not\u00edcias de Bras\u00edlia, do Brasil e do Mundo\",\"publisher\":{\"@id\":\"https:\/\/www.notibras.com\/site\/#organization\"},\"potentialAction\":[{\"@type\":\"SearchAction\",\"target\":{\"@type\":\"EntryPoint\",\"urlTemplate\":\"https:\/\/www.notibras.com\/site\/?s={search_term_string}\"},\"query-input\":{\"@type\":\"PropertyValueSpecification\",\"valueRequired\":true,\"valueName\":\"search_term_string\"}}],\"inLanguage\":\"pt-BR\"},{\"@type\":\"Organization\",\"@id\":\"https:\/\/www.notibras.com\/site\/#organization\",\"name\":\"Grupo Notibras de Comunica\u00e7\u00e3o\",\"url\":\"https:\/\/www.notibras.com\/site\/\",\"logo\":{\"@type\":\"ImageObject\",\"inLanguage\":\"pt-BR\",\"@id\":\"https:\/\/www.notibras.com\/site\/#\/schema\/logo\/image\/\",\"url\":\"https:\/\/www.notibras.com\/site\/wp-content\/uploads\/2023\/01\/notibras23.png\",\"contentUrl\":\"https:\/\/www.notibras.com\/site\/wp-content\/uploads\/2023\/01\/notibras23.png\",\"width\":350,\"height\":87,\"caption\":\"Grupo Notibras de Comunica\u00e7\u00e3o\"},\"image\":{\"@id\":\"https:\/\/www.notibras.com\/site\/#\/schema\/logo\/image\/\"},\"sameAs\":[\"https:\/\/www.facebook.com\/notibras\/\",\"https:\/\/x.com\/Notibras\",\"https:\/\/www.instagram.com\/notibras\/\"]},{\"@type\":\"Person\",\"@id\":\"https:\/\/www.notibras.com\/site\/#\/schema\/person\/36ab0979449956132d3e5b517ea76ac8\",\"name\":\"Reda\u00e7\u00e3o\",\"image\":{\"@type\":\"ImageObject\",\"inLanguage\":\"pt-BR\",\"@id\":\"https:\/\/secure.gravatar.com\/avatar\/e0a867bdedb85fd243eadf09663511f96fc81e0720a4a42581f334ad4303aa6b?s=96&d=mm&r=g\",\"url\":\"https:\/\/secure.gravatar.com\/avatar\/e0a867bdedb85fd243eadf09663511f96fc81e0720a4a42581f334ad4303aa6b?s=96&d=mm&r=g\",\"contentUrl\":\"https:\/\/secure.gravatar.com\/avatar\/e0a867bdedb85fd243eadf09663511f96fc81e0720a4a42581f334ad4303aa6b?s=96&d=mm&r=g\",\"caption\":\"Reda\u00e7\u00e3o\"}}]}<\/script>\n<!-- \/ Yoast SEO plugin. -->","yoast_head_json":{"title":"Fi\u00e9is irados cercam bispo que afastou padre negro de igreja - Notibras","robots":{"index":"index","follow":"follow","max-snippet":"max-snippet:-1","max-image-preview":"max-image-preview:large","max-video-preview":"max-video-preview:-1"},"canonical":"https:\/\/www.notibras.com\/site\/fieis-revoltados-cercam-bispo-que-afastou-padre-negro-de-igreja\/","og_locale":"pt_BR","og_type":"article","og_title":"Fi\u00e9is irados cercam bispo que afastou padre negro de igreja - Notibras","og_description":"O bispo de Mar\u00edlia (SP), Dom Luiz Antonio Cipolini, deixou a igreja matriz de Adamantina, no interior de S\u00e3o Paulo, escoltado por dezenas de policiais na noite deste domingo. O bispo, que foi \u00e0 cidade comandar a missa de Crisma, ficou por mais de 1h40 encantoado no interior da igreja, esperando que milhares de pessoas, [&hellip;]","og_url":"https:\/\/www.notibras.com\/site\/fieis-revoltados-cercam-bispo-que-afastou-padre-negro-de-igreja\/","og_site_name":"Notibras","article_publisher":"https:\/\/www.facebook.com\/notibras\/","article_published_time":"2014-12-08T15:45:41+00:00","article_modified_time":"2014-12-08T21:41:07+00:00","og_image":[{"width":754,"height":500,"url":"https:\/\/www.notibras.com\/site\/wp-content\/uploads\/2014\/12\/manifesta4.jpg","type":"image\/jpeg"}],"author":"Reda\u00e7\u00e3o","twitter_card":"summary_large_image","twitter_creator":"@Notibras","twitter_site":"@Notibras","twitter_misc":{"Escrito por":"Reda\u00e7\u00e3o","Est. tempo de leitura":"2 minutos"},"schema":{"@context":"https:\/\/schema.org","@graph":[{"@type":"Article","@id":"https:\/\/www.notibras.com\/site\/fieis-revoltados-cercam-bispo-que-afastou-padre-negro-de-igreja\/#article","isPartOf":{"@id":"https:\/\/www.notibras.com\/site\/fieis-revoltados-cercam-bispo-que-afastou-padre-negro-de-igreja\/"},"author":{"name":"Reda\u00e7\u00e3o","@id":"https:\/\/www.notibras.com\/site\/#\/schema\/person\/36ab0979449956132d3e5b517ea76ac8"},"headline":"Fi\u00e9is irados cercam bispo que afastou padre negro de igreja","datePublished":"2014-12-08T15:45:41+00:00","dateModified":"2014-12-08T21:41:07+00:00","mainEntityOfPage":{"@id":"https:\/\/www.notibras.com\/site\/fieis-revoltados-cercam-bispo-que-afastou-padre-negro-de-igreja\/"},"wordCount":425,"commentCount":0,"publisher":{"@id":"https:\/\/www.notibras.com\/site\/#organization"},"image":{"@id":"https:\/\/www.notibras.com\/site\/fieis-revoltados-cercam-bispo-que-afastou-padre-negro-de-igreja\/#primaryimage"},"thumbnailUrl":"https:\/\/www.notibras.com\/site\/wp-content\/uploads\/2014\/12\/manifesta4.jpg","articleSection":["Brasil"],"inLanguage":"pt-BR","potentialAction":[{"@type":"CommentAction","name":"Comment","target":["https:\/\/www.notibras.com\/site\/fieis-revoltados-cercam-bispo-que-afastou-padre-negro-de-igreja\/#respond"]}]},{"@type":"WebPage","@id":"https:\/\/www.notibras.com\/site\/fieis-revoltados-cercam-bispo-que-afastou-padre-negro-de-igreja\/","url":"https:\/\/www.notibras.com\/site\/fieis-revoltados-cercam-bispo-que-afastou-padre-negro-de-igreja\/","name":"Fi\u00e9is irados cercam bispo que afastou padre negro de igreja - Notibras","isPartOf":{"@id":"https:\/\/www.notibras.com\/site\/#website"},"primaryImageOfPage":{"@id":"https:\/\/www.notibras.com\/site\/fieis-revoltados-cercam-bispo-que-afastou-padre-negro-de-igreja\/#primaryimage"},"image":{"@id":"https:\/\/www.notibras.com\/site\/fieis-revoltados-cercam-bispo-que-afastou-padre-negro-de-igreja\/#primaryimage"},"thumbnailUrl":"https:\/\/www.notibras.com\/site\/wp-content\/uploads\/2014\/12\/manifesta4.jpg","datePublished":"2014-12-08T15:45:41+00:00","dateModified":"2014-12-08T21:41:07+00:00","breadcrumb":{"@id":"https:\/\/www.notibras.com\/site\/fieis-revoltados-cercam-bispo-que-afastou-padre-negro-de-igreja\/#breadcrumb"},"inLanguage":"pt-BR","potentialAction":[{"@type":"ReadAction","target":["https:\/\/www.notibras.com\/site\/fieis-revoltados-cercam-bispo-que-afastou-padre-negro-de-igreja\/"]}]},{"@type":"ImageObject","inLanguage":"pt-BR","@id":"https:\/\/www.notibras.com\/site\/fieis-revoltados-cercam-bispo-que-afastou-padre-negro-de-igreja\/#primaryimage","url":"https:\/\/www.notibras.com\/site\/wp-content\/uploads\/2014\/12\/manifesta4.jpg","contentUrl":"https:\/\/www.notibras.com\/site\/wp-content\/uploads\/2014\/12\/manifesta4.jpg","width":754,"height":500},{"@type":"BreadcrumbList","@id":"https:\/\/www.notibras.com\/site\/fieis-revoltados-cercam-bispo-que-afastou-padre-negro-de-igreja\/#breadcrumb","itemListElement":[{"@type":"ListItem","position":1,"name":"In\u00edcio","item":"https:\/\/www.notibras.com\/site\/"},{"@type":"ListItem","position":2,"name":"Fi\u00e9is irados cercam bispo que afastou padre negro de igreja"}]},{"@type":"WebSite","@id":"https:\/\/www.notibras.com\/site\/#website","url":"https:\/\/www.notibras.com\/site\/","name":"Notibras","description":"Not\u00edcias de Bras\u00edlia, do Brasil e do Mundo","publisher":{"@id":"https:\/\/www.notibras.com\/site\/#organization"},"potentialAction":[{"@type":"SearchAction","target":{"@type":"EntryPoint","urlTemplate":"https:\/\/www.notibras.com\/site\/?s={search_term_string}"},"query-input":{"@type":"PropertyValueSpecification","valueRequired":true,"valueName":"search_term_string"}}],"inLanguage":"pt-BR"},{"@type":"Organization","@id":"https:\/\/www.notibras.com\/site\/#organization","name":"Grupo Notibras de Comunica\u00e7\u00e3o","url":"https:\/\/www.notibras.com\/site\/","logo":{"@type":"ImageObject","inLanguage":"pt-BR","@id":"https:\/\/www.notibras.com\/site\/#\/schema\/logo\/image\/","url":"https:\/\/www.notibras.com\/site\/wp-content\/uploads\/2023\/01\/notibras23.png","contentUrl":"https:\/\/www.notibras.com\/site\/wp-content\/uploads\/2023\/01\/notibras23.png","width":350,"height":87,"caption":"Grupo Notibras de Comunica\u00e7\u00e3o"},"image":{"@id":"https:\/\/www.notibras.com\/site\/#\/schema\/logo\/image\/"},"sameAs":["https:\/\/www.facebook.com\/notibras\/","https:\/\/x.com\/Notibras","https:\/\/www.instagram.com\/notibras\/"]},{"@type":"Person","@id":"https:\/\/www.notibras.com\/site\/#\/schema\/person\/36ab0979449956132d3e5b517ea76ac8","name":"Reda\u00e7\u00e3o","image":{"@type":"ImageObject","inLanguage":"pt-BR","@id":"https:\/\/secure.gravatar.com\/avatar\/e0a867bdedb85fd243eadf09663511f96fc81e0720a4a42581f334ad4303aa6b?s=96&d=mm&r=g","url":"https:\/\/secure.gravatar.com\/avatar\/e0a867bdedb85fd243eadf09663511f96fc81e0720a4a42581f334ad4303aa6b?s=96&d=mm&r=g","contentUrl":"https:\/\/secure.gravatar.com\/avatar\/e0a867bdedb85fd243eadf09663511f96fc81e0720a4a42581f334ad4303aa6b?s=96&d=mm&r=g","caption":"Reda\u00e7\u00e3o"}}]}},"amp_enabled":true,"_links":{"self":[{"href":"https:\/\/www.notibras.com\/site\/wp-json\/wp\/v2\/posts\/30590","targetHints":{"allow":["GET"]}}],"collection":[{"href":"https:\/\/www.notibras.com\/site\/wp-json\/wp\/v2\/posts"}],"about":[{"href":"https:\/\/www.notibras.com\/site\/wp-json\/wp\/v2\/types\/post"}],"author":[{"embeddable":true,"href":"https:\/\/www.notibras.com\/site\/wp-json\/wp\/v2\/users\/2"}],"replies":[{"embeddable":true,"href":"https:\/\/www.notibras.com\/site\/wp-json\/wp\/v2\/comments?post=30590"}],"version-history":[{"count":0,"href":"https:\/\/www.notibras.com\/site\/wp-json\/wp\/v2\/posts\/30590\/revisions"}],"wp:featuredmedia":[{"embeddable":true,"href":"https:\/\/www.notibras.com\/site\/wp-json\/wp\/v2\/media\/30591"}],"wp:attachment":[{"href":"https:\/\/www.notibras.com\/site\/wp-json\/wp\/v2\/media?parent=30590"}],"wp:term":[{"taxonomy":"category","embeddable":true,"href":"https:\/\/www.notibras.com\/site\/wp-json\/wp\/v2\/categories?post=30590"},{"taxonomy":"post_tag","embeddable":true,"href":"https:\/\/www.notibras.com\/site\/wp-json\/wp\/v2\/tags?post=30590"}],"curies":[{"name":"wp","href":"https:\/\/api.w.org\/{rel}","templated":true}]}}