{"id":305900,"date":"2023-05-29T10:00:23","date_gmt":"2023-05-29T13:00:23","guid":{"rendered":"https:\/\/www.notibras.com\/site\/?p=305900"},"modified":"2023-05-29T18:02:15","modified_gmt":"2023-05-29T21:02:15","slug":"inscricao-para-concurso-de-cronicas-acaba-3a-feira","status":"publish","type":"post","link":"https:\/\/www.notibras.com\/site\/inscricao-para-concurso-de-cronicas-acaba-3a-feira\/","title":{"rendered":"Inscri\u00e7\u00e3o para concurso de cr\u00f4nicas acaba 3\u00aa feira"},"content":{"rendered":"<p>Para aqueles que ainda n\u00e3o realizaram as inscri\u00e7\u00f5es para o Concurso de Cr\u00f4nicas da Academia Internacional de Cultura, o prazo est\u00e1 pr\u00f3ximo de se esgotar. Esta ter\u00e7a-feira, 30 de maio, \u00e9 o \u00faltimo dia para efetuar a inscri\u00e7\u00e3o do concurso, que premiar\u00e1 o vencedor com R$ 4mil.<\/p>\n<p>O \u201cConcurso de Cr\u00f4nicas Fabiano de Cristo Melo\u201d tem como finalidade homenagear o escritor e selecionar novos talentos da literatura brasileira. Para participar, cada autor poder\u00e1 enviar somente um texto, que dever\u00e1 ser in\u00e9dito no meio impresso e digital. O tema \u00e9 livre.<\/p>\n<p>A participa\u00e7\u00e3o \u00e9 exclusiva para autores que sejam residentes em Bras\u00edlia e maiores de 18 anos, al\u00e9m dos membros da Academia Internacional de Cultura (AIC). O valor da taxa de inscri\u00e7\u00e3o \u00e9 de R$ 30.<\/p>\n<p>Qualidade liter\u00e1ria, criatividade\/originalidade, comunicabilidade, desenvolvimento tem\u00e1tico adequado, l\u00f3gico e compreens\u00edvel e uso correto da l\u00edngua portuguesa, com observ\u00e2ncia do Acordo Ortogr\u00e1fico de 16.12.1990, ser\u00e3o os aspectos observados pela Comiss\u00e3o Julgadora do Concurso, respons\u00e1vel por pontuar as cr\u00f4nicas.<\/p>\n<p>Para efetivar a inscri\u00e7\u00e3o \u00e9 necess\u00e1rio o comprovante de pagamento, a cr\u00f4nica, c\u00f3pia da carteira de identidade, do comprovante de resid\u00eancia do participante e a ficha de inscri\u00e7\u00e3o. Todos os documentos devem estar em formato PDF e enviados juntos em um \u00fanico e-mail, para o endere\u00e7o aic.concurso2023@gmail.com .<\/p>\n<p>O vencedor receber\u00e1 o pr\u00eamio de R$ 4 mil, o segundo colocado receber\u00e1 R$ 3 mil, o terceiro colocado R$ 2 mil e quarto colocado ganhar\u00e1 R$ 1 mil. O resultado ser\u00e1 divulgado via e-mail e pelo site da AIC, at\u00e9 30 de junho de 2023. A entrega dos pr\u00eamios dever\u00e1 ser realizada at\u00e9 o dia 30 de julho de 2023, em solenidade realizada pela Academia Internacional de Cultura.<\/p>\n<p><strong>Sobre Fabiano de Cristo Melo<\/strong><br \/>\nPiauiense, mudou-se para Bras\u00edlia em 1972. Teve sua forma\u00e7\u00e3o lastreada em cursos de filosofia e direito, exercendo o magist\u00e9rio em aulas de portugu\u00eas, antes de ingressar, como concursado, no Banco do Brasil, onde fez carreira at\u00e9 se aposentar. Escreveu sua primeira obra liter\u00e1ria \u2013 Ponta de Rama \u2013 em 1990, onde tratou das mem\u00f3rias de sua fam\u00edlia. Nessa toada, em anos seguintes, lan\u00e7ou outras quatros obras, que partiram de uma colet\u00e2nea de cr\u00f4nicas que abordam aspectos cotidianos, familiares e sociais por ele vivenciado \u2013 Minha M\u00e3e Retirante \u2013, passando por obras dedicadas a curiosidades sobre a nossa l\u00edngua portuguesa, com seus aforismos e significados \u2013 Logus-Nosso Pensamento e Catando Letras.<\/p>\n<p><strong>Inscri\u00e7\u00e3o<\/strong><br \/>\nData: at\u00e9 30 de maio<br \/>\nValor: R$ 30<br \/>\nEnvio de documentos em formato PDF para e-mail: aic.concurso2023@gmail.com<br \/>\nPagamento: Via PIX<br \/>\n(AIC CNPJ \u2013 01908811000158, dever\u00e1 conter na descri\u00e7\u00e3o do PIX o nome do participante)<br \/>\nResultado: 30 de junho de 2023<br \/>\nPr\u00eamio:<br \/>\n1\u00ba colocado: R$ 4.000,00 (quatro mil reais)<br \/>\n2\u00ba colocado: R$ 3.000,00 (tr\u00eas mil reais)<br \/>\n3\u00ba colocado: R$ 2.000.00 (dois mil reais)<br \/>\n4\u00ba colocado R$ 1.000,00 (um mil reais)<\/p>\n","protected":false},"excerpt":{"rendered":"<p>Para aqueles que ainda n\u00e3o realizaram as inscri\u00e7\u00f5es para o Concurso de Cr\u00f4nicas da Academia Internacional de Cultura, o prazo est\u00e1 pr\u00f3ximo de se esgotar. Esta ter\u00e7a-feira, 30 de maio, \u00e9 o \u00faltimo dia para efetuar a inscri\u00e7\u00e3o do concurso, que premiar\u00e1 o vencedor com R$ 4mil. O \u201cConcurso de Cr\u00f4nicas Fabiano de Cristo Melo\u201d [&hellip;]<\/p>\n","protected":false},"author":2,"featured_media":296640,"comment_status":"closed","ping_status":"closed","sticky":false,"template":"","format":"standard","meta":{"_acf_changed":false,"footnotes":""},"categories":[161],"tags":[],"class_list":["post-305900","post","type-post","status-publish","format-standard","has-post-thumbnail","hentry","category-quadradinho-em-foco"],"acf":[],"yoast_head":"<!-- This site is optimized with the Yoast SEO plugin v27.2 - https:\/\/yoast.com\/product\/yoast-seo-wordpress\/ -->\n<title>Inscri\u00e7\u00e3o para concurso de cr\u00f4nicas acaba 3\u00aa feira - Notibras<\/title>\n<meta name=\"robots\" content=\"index, follow, max-snippet:-1, max-image-preview:large, max-video-preview:-1\" \/>\n<link rel=\"canonical\" href=\"https:\/\/www.notibras.com\/site\/inscricao-para-concurso-de-cronicas-acaba-3a-feira\/\" \/>\n<meta property=\"og:locale\" content=\"pt_BR\" \/>\n<meta property=\"og:type\" content=\"article\" \/>\n<meta property=\"og:title\" content=\"Inscri\u00e7\u00e3o para concurso de cr\u00f4nicas acaba 3\u00aa feira - Notibras\" \/>\n<meta property=\"og:description\" content=\"Para aqueles que ainda n\u00e3o realizaram as inscri\u00e7\u00f5es para o Concurso de Cr\u00f4nicas da Academia Internacional de Cultura, o prazo est\u00e1 pr\u00f3ximo de se esgotar. Esta ter\u00e7a-feira, 30 de maio, \u00e9 o \u00faltimo dia para efetuar a inscri\u00e7\u00e3o do concurso, que premiar\u00e1 o vencedor com R$ 4mil. O \u201cConcurso de Cr\u00f4nicas Fabiano de Cristo Melo\u201d [&hellip;]\" \/>\n<meta property=\"og:url\" content=\"https:\/\/www.notibras.com\/site\/inscricao-para-concurso-de-cronicas-acaba-3a-feira\/\" \/>\n<meta property=\"og:site_name\" content=\"Notibras\" \/>\n<meta property=\"article:publisher\" content=\"https:\/\/www.facebook.com\/notibras\/\" \/>\n<meta property=\"article:published_time\" content=\"2023-05-29T13:00:23+00:00\" \/>\n<meta property=\"article:modified_time\" content=\"2023-05-29T21:02:15+00:00\" \/>\n<meta property=\"og:image\" content=\"https:\/\/www.notibras.com\/site\/wp-content\/uploads\/2022\/12\/real_moeda_50_reais020120a84t47165203.jpg\" \/>\n\t<meta property=\"og:image:width\" content=\"770\" \/>\n\t<meta property=\"og:image:height\" content=\"513\" \/>\n\t<meta property=\"og:image:type\" content=\"image\/jpeg\" \/>\n<meta name=\"author\" content=\"Reda\u00e7\u00e3o\" \/>\n<meta name=\"twitter:card\" content=\"summary_large_image\" \/>\n<meta name=\"twitter:creator\" content=\"@Notibras\" \/>\n<meta name=\"twitter:site\" content=\"@Notibras\" \/>\n<meta name=\"twitter:label1\" content=\"Escrito por\" \/>\n\t<meta name=\"twitter:data1\" content=\"Reda\u00e7\u00e3o\" \/>\n\t<meta name=\"twitter:label2\" content=\"Est. tempo de leitura\" \/>\n\t<meta name=\"twitter:data2\" content=\"3 minutos\" \/>\n<script type=\"application\/ld+json\" class=\"yoast-schema-graph\">{\"@context\":\"https:\/\/schema.org\",\"@graph\":[{\"@type\":\"Article\",\"@id\":\"https:\/\/www.notibras.com\/site\/inscricao-para-concurso-de-cronicas-acaba-3a-feira\/#article\",\"isPartOf\":{\"@id\":\"https:\/\/www.notibras.com\/site\/inscricao-para-concurso-de-cronicas-acaba-3a-feira\/\"},\"author\":{\"name\":\"Reda\u00e7\u00e3o\",\"@id\":\"https:\/\/www.notibras.com\/site\/#\/schema\/person\/36ab0979449956132d3e5b517ea76ac8\"},\"headline\":\"Inscri\u00e7\u00e3o para concurso de cr\u00f4nicas acaba 3\u00aa feira\",\"datePublished\":\"2023-05-29T13:00:23+00:00\",\"dateModified\":\"2023-05-29T21:02:15+00:00\",\"mainEntityOfPage\":{\"@id\":\"https:\/\/www.notibras.com\/site\/inscricao-para-concurso-de-cronicas-acaba-3a-feira\/\"},\"wordCount\":489,\"publisher\":{\"@id\":\"https:\/\/www.notibras.com\/site\/#organization\"},\"image\":{\"@id\":\"https:\/\/www.notibras.com\/site\/inscricao-para-concurso-de-cronicas-acaba-3a-feira\/#primaryimage\"},\"thumbnailUrl\":\"https:\/\/www.notibras.com\/site\/wp-content\/uploads\/2022\/12\/real_moeda_50_reais020120a84t47165203.jpg\",\"articleSection\":[\"Quadradinho em Foco\"],\"inLanguage\":\"pt-BR\"},{\"@type\":\"WebPage\",\"@id\":\"https:\/\/www.notibras.com\/site\/inscricao-para-concurso-de-cronicas-acaba-3a-feira\/\",\"url\":\"https:\/\/www.notibras.com\/site\/inscricao-para-concurso-de-cronicas-acaba-3a-feira\/\",\"name\":\"Inscri\u00e7\u00e3o para concurso de cr\u00f4nicas acaba 3\u00aa feira - Notibras\",\"isPartOf\":{\"@id\":\"https:\/\/www.notibras.com\/site\/#website\"},\"primaryImageOfPage\":{\"@id\":\"https:\/\/www.notibras.com\/site\/inscricao-para-concurso-de-cronicas-acaba-3a-feira\/#primaryimage\"},\"image\":{\"@id\":\"https:\/\/www.notibras.com\/site\/inscricao-para-concurso-de-cronicas-acaba-3a-feira\/#primaryimage\"},\"thumbnailUrl\":\"https:\/\/www.notibras.com\/site\/wp-content\/uploads\/2022\/12\/real_moeda_50_reais020120a84t47165203.jpg\",\"datePublished\":\"2023-05-29T13:00:23+00:00\",\"dateModified\":\"2023-05-29T21:02:15+00:00\",\"breadcrumb\":{\"@id\":\"https:\/\/www.notibras.com\/site\/inscricao-para-concurso-de-cronicas-acaba-3a-feira\/#breadcrumb\"},\"inLanguage\":\"pt-BR\",\"potentialAction\":[{\"@type\":\"ReadAction\",\"target\":[\"https:\/\/www.notibras.com\/site\/inscricao-para-concurso-de-cronicas-acaba-3a-feira\/\"]}]},{\"@type\":\"ImageObject\",\"inLanguage\":\"pt-BR\",\"@id\":\"https:\/\/www.notibras.com\/site\/inscricao-para-concurso-de-cronicas-acaba-3a-feira\/#primaryimage\",\"url\":\"https:\/\/www.notibras.com\/site\/wp-content\/uploads\/2022\/12\/real_moeda_50_reais020120a84t47165203.jpg\",\"contentUrl\":\"https:\/\/www.notibras.com\/site\/wp-content\/uploads\/2022\/12\/real_moeda_50_reais020120a84t47165203.jpg\",\"width\":770,\"height\":513,\"caption\":\"Moeda Nacional, Real, Dinheiro, notas de real\"},{\"@type\":\"BreadcrumbList\",\"@id\":\"https:\/\/www.notibras.com\/site\/inscricao-para-concurso-de-cronicas-acaba-3a-feira\/#breadcrumb\",\"itemListElement\":[{\"@type\":\"ListItem\",\"position\":1,\"name\":\"In\u00edcio\",\"item\":\"https:\/\/www.notibras.com\/site\/\"},{\"@type\":\"ListItem\",\"position\":2,\"name\":\"Inscri\u00e7\u00e3o para concurso de cr\u00f4nicas acaba 3\u00aa feira\"}]},{\"@type\":\"WebSite\",\"@id\":\"https:\/\/www.notibras.com\/site\/#website\",\"url\":\"https:\/\/www.notibras.com\/site\/\",\"name\":\"Notibras\",\"description\":\"Not\u00edcias de Bras\u00edlia, do Brasil e do Mundo\",\"publisher\":{\"@id\":\"https:\/\/www.notibras.com\/site\/#organization\"},\"potentialAction\":[{\"@type\":\"SearchAction\",\"target\":{\"@type\":\"EntryPoint\",\"urlTemplate\":\"https:\/\/www.notibras.com\/site\/?s={search_term_string}\"},\"query-input\":{\"@type\":\"PropertyValueSpecification\",\"valueRequired\":true,\"valueName\":\"search_term_string\"}}],\"inLanguage\":\"pt-BR\"},{\"@type\":\"Organization\",\"@id\":\"https:\/\/www.notibras.com\/site\/#organization\",\"name\":\"Grupo Notibras de Comunica\u00e7\u00e3o\",\"url\":\"https:\/\/www.notibras.com\/site\/\",\"logo\":{\"@type\":\"ImageObject\",\"inLanguage\":\"pt-BR\",\"@id\":\"https:\/\/www.notibras.com\/site\/#\/schema\/logo\/image\/\",\"url\":\"https:\/\/www.notibras.com\/site\/wp-content\/uploads\/2023\/01\/notibras23.png\",\"contentUrl\":\"https:\/\/www.notibras.com\/site\/wp-content\/uploads\/2023\/01\/notibras23.png\",\"width\":350,\"height\":87,\"caption\":\"Grupo Notibras de Comunica\u00e7\u00e3o\"},\"image\":{\"@id\":\"https:\/\/www.notibras.com\/site\/#\/schema\/logo\/image\/\"},\"sameAs\":[\"https:\/\/www.facebook.com\/notibras\/\",\"https:\/\/x.com\/Notibras\",\"https:\/\/www.instagram.com\/notibras\/\"]},{\"@type\":\"Person\",\"@id\":\"https:\/\/www.notibras.com\/site\/#\/schema\/person\/36ab0979449956132d3e5b517ea76ac8\",\"name\":\"Reda\u00e7\u00e3o\",\"image\":{\"@type\":\"ImageObject\",\"inLanguage\":\"pt-BR\",\"@id\":\"https:\/\/secure.gravatar.com\/avatar\/e0a867bdedb85fd243eadf09663511f96fc81e0720a4a42581f334ad4303aa6b?s=96&d=mm&r=g\",\"url\":\"https:\/\/secure.gravatar.com\/avatar\/e0a867bdedb85fd243eadf09663511f96fc81e0720a4a42581f334ad4303aa6b?s=96&d=mm&r=g\",\"contentUrl\":\"https:\/\/secure.gravatar.com\/avatar\/e0a867bdedb85fd243eadf09663511f96fc81e0720a4a42581f334ad4303aa6b?s=96&d=mm&r=g\",\"caption\":\"Reda\u00e7\u00e3o\"}}]}<\/script>\n<!-- \/ Yoast SEO plugin. -->","yoast_head_json":{"title":"Inscri\u00e7\u00e3o para concurso de cr\u00f4nicas acaba 3\u00aa feira - Notibras","robots":{"index":"index","follow":"follow","max-snippet":"max-snippet:-1","max-image-preview":"max-image-preview:large","max-video-preview":"max-video-preview:-1"},"canonical":"https:\/\/www.notibras.com\/site\/inscricao-para-concurso-de-cronicas-acaba-3a-feira\/","og_locale":"pt_BR","og_type":"article","og_title":"Inscri\u00e7\u00e3o para concurso de cr\u00f4nicas acaba 3\u00aa feira - Notibras","og_description":"Para aqueles que ainda n\u00e3o realizaram as inscri\u00e7\u00f5es para o Concurso de Cr\u00f4nicas da Academia Internacional de Cultura, o prazo est\u00e1 pr\u00f3ximo de se esgotar. Esta ter\u00e7a-feira, 30 de maio, \u00e9 o \u00faltimo dia para efetuar a inscri\u00e7\u00e3o do concurso, que premiar\u00e1 o vencedor com R$ 4mil. O \u201cConcurso de Cr\u00f4nicas Fabiano de Cristo Melo\u201d [&hellip;]","og_url":"https:\/\/www.notibras.com\/site\/inscricao-para-concurso-de-cronicas-acaba-3a-feira\/","og_site_name":"Notibras","article_publisher":"https:\/\/www.facebook.com\/notibras\/","article_published_time":"2023-05-29T13:00:23+00:00","article_modified_time":"2023-05-29T21:02:15+00:00","og_image":[{"width":770,"height":513,"url":"https:\/\/www.notibras.com\/site\/wp-content\/uploads\/2022\/12\/real_moeda_50_reais020120a84t47165203.jpg","type":"image\/jpeg"}],"author":"Reda\u00e7\u00e3o","twitter_card":"summary_large_image","twitter_creator":"@Notibras","twitter_site":"@Notibras","twitter_misc":{"Escrito por":"Reda\u00e7\u00e3o","Est. tempo de leitura":"3 minutos"},"schema":{"@context":"https:\/\/schema.org","@graph":[{"@type":"Article","@id":"https:\/\/www.notibras.com\/site\/inscricao-para-concurso-de-cronicas-acaba-3a-feira\/#article","isPartOf":{"@id":"https:\/\/www.notibras.com\/site\/inscricao-para-concurso-de-cronicas-acaba-3a-feira\/"},"author":{"name":"Reda\u00e7\u00e3o","@id":"https:\/\/www.notibras.com\/site\/#\/schema\/person\/36ab0979449956132d3e5b517ea76ac8"},"headline":"Inscri\u00e7\u00e3o para concurso de cr\u00f4nicas acaba 3\u00aa feira","datePublished":"2023-05-29T13:00:23+00:00","dateModified":"2023-05-29T21:02:15+00:00","mainEntityOfPage":{"@id":"https:\/\/www.notibras.com\/site\/inscricao-para-concurso-de-cronicas-acaba-3a-feira\/"},"wordCount":489,"publisher":{"@id":"https:\/\/www.notibras.com\/site\/#organization"},"image":{"@id":"https:\/\/www.notibras.com\/site\/inscricao-para-concurso-de-cronicas-acaba-3a-feira\/#primaryimage"},"thumbnailUrl":"https:\/\/www.notibras.com\/site\/wp-content\/uploads\/2022\/12\/real_moeda_50_reais020120a84t47165203.jpg","articleSection":["Quadradinho em Foco"],"inLanguage":"pt-BR"},{"@type":"WebPage","@id":"https:\/\/www.notibras.com\/site\/inscricao-para-concurso-de-cronicas-acaba-3a-feira\/","url":"https:\/\/www.notibras.com\/site\/inscricao-para-concurso-de-cronicas-acaba-3a-feira\/","name":"Inscri\u00e7\u00e3o para concurso de cr\u00f4nicas acaba 3\u00aa feira - Notibras","isPartOf":{"@id":"https:\/\/www.notibras.com\/site\/#website"},"primaryImageOfPage":{"@id":"https:\/\/www.notibras.com\/site\/inscricao-para-concurso-de-cronicas-acaba-3a-feira\/#primaryimage"},"image":{"@id":"https:\/\/www.notibras.com\/site\/inscricao-para-concurso-de-cronicas-acaba-3a-feira\/#primaryimage"},"thumbnailUrl":"https:\/\/www.notibras.com\/site\/wp-content\/uploads\/2022\/12\/real_moeda_50_reais020120a84t47165203.jpg","datePublished":"2023-05-29T13:00:23+00:00","dateModified":"2023-05-29T21:02:15+00:00","breadcrumb":{"@id":"https:\/\/www.notibras.com\/site\/inscricao-para-concurso-de-cronicas-acaba-3a-feira\/#breadcrumb"},"inLanguage":"pt-BR","potentialAction":[{"@type":"ReadAction","target":["https:\/\/www.notibras.com\/site\/inscricao-para-concurso-de-cronicas-acaba-3a-feira\/"]}]},{"@type":"ImageObject","inLanguage":"pt-BR","@id":"https:\/\/www.notibras.com\/site\/inscricao-para-concurso-de-cronicas-acaba-3a-feira\/#primaryimage","url":"https:\/\/www.notibras.com\/site\/wp-content\/uploads\/2022\/12\/real_moeda_50_reais020120a84t47165203.jpg","contentUrl":"https:\/\/www.notibras.com\/site\/wp-content\/uploads\/2022\/12\/real_moeda_50_reais020120a84t47165203.jpg","width":770,"height":513,"caption":"Moeda Nacional, Real, Dinheiro, notas de real"},{"@type":"BreadcrumbList","@id":"https:\/\/www.notibras.com\/site\/inscricao-para-concurso-de-cronicas-acaba-3a-feira\/#breadcrumb","itemListElement":[{"@type":"ListItem","position":1,"name":"In\u00edcio","item":"https:\/\/www.notibras.com\/site\/"},{"@type":"ListItem","position":2,"name":"Inscri\u00e7\u00e3o para concurso de cr\u00f4nicas acaba 3\u00aa feira"}]},{"@type":"WebSite","@id":"https:\/\/www.notibras.com\/site\/#website","url":"https:\/\/www.notibras.com\/site\/","name":"Notibras","description":"Not\u00edcias de Bras\u00edlia, do Brasil e do Mundo","publisher":{"@id":"https:\/\/www.notibras.com\/site\/#organization"},"potentialAction":[{"@type":"SearchAction","target":{"@type":"EntryPoint","urlTemplate":"https:\/\/www.notibras.com\/site\/?s={search_term_string}"},"query-input":{"@type":"PropertyValueSpecification","valueRequired":true,"valueName":"search_term_string"}}],"inLanguage":"pt-BR"},{"@type":"Organization","@id":"https:\/\/www.notibras.com\/site\/#organization","name":"Grupo Notibras de Comunica\u00e7\u00e3o","url":"https:\/\/www.notibras.com\/site\/","logo":{"@type":"ImageObject","inLanguage":"pt-BR","@id":"https:\/\/www.notibras.com\/site\/#\/schema\/logo\/image\/","url":"https:\/\/www.notibras.com\/site\/wp-content\/uploads\/2023\/01\/notibras23.png","contentUrl":"https:\/\/www.notibras.com\/site\/wp-content\/uploads\/2023\/01\/notibras23.png","width":350,"height":87,"caption":"Grupo Notibras de Comunica\u00e7\u00e3o"},"image":{"@id":"https:\/\/www.notibras.com\/site\/#\/schema\/logo\/image\/"},"sameAs":["https:\/\/www.facebook.com\/notibras\/","https:\/\/x.com\/Notibras","https:\/\/www.instagram.com\/notibras\/"]},{"@type":"Person","@id":"https:\/\/www.notibras.com\/site\/#\/schema\/person\/36ab0979449956132d3e5b517ea76ac8","name":"Reda\u00e7\u00e3o","image":{"@type":"ImageObject","inLanguage":"pt-BR","@id":"https:\/\/secure.gravatar.com\/avatar\/e0a867bdedb85fd243eadf09663511f96fc81e0720a4a42581f334ad4303aa6b?s=96&d=mm&r=g","url":"https:\/\/secure.gravatar.com\/avatar\/e0a867bdedb85fd243eadf09663511f96fc81e0720a4a42581f334ad4303aa6b?s=96&d=mm&r=g","contentUrl":"https:\/\/secure.gravatar.com\/avatar\/e0a867bdedb85fd243eadf09663511f96fc81e0720a4a42581f334ad4303aa6b?s=96&d=mm&r=g","caption":"Reda\u00e7\u00e3o"}}]}},"amp_enabled":true,"_links":{"self":[{"href":"https:\/\/www.notibras.com\/site\/wp-json\/wp\/v2\/posts\/305900","targetHints":{"allow":["GET"]}}],"collection":[{"href":"https:\/\/www.notibras.com\/site\/wp-json\/wp\/v2\/posts"}],"about":[{"href":"https:\/\/www.notibras.com\/site\/wp-json\/wp\/v2\/types\/post"}],"author":[{"embeddable":true,"href":"https:\/\/www.notibras.com\/site\/wp-json\/wp\/v2\/users\/2"}],"replies":[{"embeddable":true,"href":"https:\/\/www.notibras.com\/site\/wp-json\/wp\/v2\/comments?post=305900"}],"version-history":[{"count":1,"href":"https:\/\/www.notibras.com\/site\/wp-json\/wp\/v2\/posts\/305900\/revisions"}],"predecessor-version":[{"id":305901,"href":"https:\/\/www.notibras.com\/site\/wp-json\/wp\/v2\/posts\/305900\/revisions\/305901"}],"wp:featuredmedia":[{"embeddable":true,"href":"https:\/\/www.notibras.com\/site\/wp-json\/wp\/v2\/media\/296640"}],"wp:attachment":[{"href":"https:\/\/www.notibras.com\/site\/wp-json\/wp\/v2\/media?parent=305900"}],"wp:term":[{"taxonomy":"category","embeddable":true,"href":"https:\/\/www.notibras.com\/site\/wp-json\/wp\/v2\/categories?post=305900"},{"taxonomy":"post_tag","embeddable":true,"href":"https:\/\/www.notibras.com\/site\/wp-json\/wp\/v2\/tags?post=305900"}],"curies":[{"name":"wp","href":"https:\/\/api.w.org\/{rel}","templated":true}]}}