{"id":305939,"date":"2023-05-30T09:40:33","date_gmt":"2023-05-30T12:40:33","guid":{"rendered":"https:\/\/www.notibras.com\/site\/?p=305939"},"modified":"2023-05-30T09:40:33","modified_gmt":"2023-05-30T12:40:33","slug":"sociologa-ve-relacao-entre-ataques-a-escolas-e-violencia-cotidiana","status":"publish","type":"post","link":"https:\/\/www.notibras.com\/site\/sociologa-ve-relacao-entre-ataques-a-escolas-e-violencia-cotidiana\/","title":{"rendered":"Soci\u00f3loga v\u00ea rela\u00e7\u00e3o entre ataques a escolas e viol\u00eancia cotidiana"},"content":{"rendered":"<p>A solu\u00e7\u00e3o de conflitos &#8220;menos graves&#8221; no ambiente escolar \u00e9 medida que pode contribuir para evitar futuros ataques violentos. A avalia\u00e7\u00e3o \u00e9 da soci\u00f3loga Val\u00e9ria Cristina de Oliveira, pesquisadora e professora da Faculdade de Educa\u00e7\u00e3o da Universidade Federal de Minas Gerais (UFMG). Segundo ela, \u00e9 preciso dar voz aos alunos que s\u00e3o v\u00edtimas de microviol\u00eancias no cotidiano, sejam elas praticadas por profissionais adultos ou por colegas.<\/p>\n<p>&#8220;Mesmo que n\u00e3o seja um evento de viol\u00eancia grave hoje, ele pode se desdobrar no futuro em outro de viol\u00eancia grave em decorr\u00eancia do silenciamento&#8221;, disse nessa segunda-feira (29), durante debate com transmiss\u00e3o online que reuniu pesquisadores da UFMG de diferentes \u00e1reas. Eles apresentaram dados de variados estudos e fizeram uma discuss\u00e3o sobre o tema &#8220;Por uma cultura da paz: combate \u00e0 viol\u00eancia na educa\u00e7\u00e3o e \u00e0 desinforma\u00e7\u00e3o&#8221;.<\/p>\n<p>Segundo um dos levantamentos mencionados, divulgado na semana passada pela organiza\u00e7\u00e3o n\u00e3o governamental Instituto Sou da Paz, ocorreram no pa\u00eds 24 ataques a escolas nos \u00faltimos 22 anos. Mais da metade desses epis\u00f3dios, no entanto, est\u00e3o concentrados nos \u00faltimos quatro anos. Na maioria deles, os agressores s\u00e3o alunos ou ex-alunos com m\u00e9dia de idade de 16 anos.<\/p>\n<p>Um dos casos que tiveram forte repercuss\u00e3o neste ano ocorreu em mar\u00e7o, quando uma pessoa morreu e cinco ficaram feridas na Escola Estadual Thomazia Montoro, no bairro Vila S\u00f4nia, em S\u00e3o Paulo. O crime foi cometido por um de seus alunos, de 13 anos. Nos \u00faltimos anos, epis\u00f3dios similares que geraram grande como\u00e7\u00e3o no pa\u00eds tamb\u00e9m foram promovidos por estudantes ou ex-estudantes, como os registrados em Aracruz (ES) no ano passado e em Suzano (SP) em 2019.<\/p>\n<p>Um estudo recente da Universidade Estadual de Campinas (Unicamp) tra\u00e7ou o perfil mais frequente entre os autores dos ataques: homens jovens brancos, geralmente com baixa autoestima e sem popularidade na escola. Tamb\u00e9m foi observado que muitos deles tinham ind\u00edcios de transtornos mentais n\u00e3o diagnosticados ou sem o devido acompanhamento. S\u00e3o quadros que podem se desenvolver ou se agravar pela dificuldade de relacionamento nas escolas, o que pode ocorrer, por exemplo, com os que s\u00e3o alvos de bullying.<\/p>\n<p>Val\u00e9ria integra o Centro de Estudos de Criminalidade e Seguran\u00e7a P\u00fablica (Crisp) e o N\u00facleo de Pesquisas em Desigualdades Escolares (Nupede), dois grupos cient\u00edficos da UFMG que fazem investiga\u00e7\u00f5es sobre o assunto. &#8220;O ac\u00famulo de pequenas viol\u00eancias repercute em dificuldades na conviv\u00eancia. A deteriora\u00e7\u00e3o do tecido social pode ser a consequ\u00eancia negativa de v\u00e1rios eventos menos graves&#8221;, reitera.<\/p>\n<p>Segundo um estudo desenvolvido pelo Crisp em 2012, em escolas estaduais de todas as regi\u00f5es de Minas Gerais, 48% dos estudantes adolescentes declaravam ter sido v\u00edtimas de bullying, 20% de ter sofrido agress\u00e3o f\u00edsica e 40% de ter sido roubado ou furtado nos \u00faltimos 12 meses. Al\u00e9m disso, mais de 30% disseram ter sido alvo de viol\u00eancia verbal de colegas ou professores.<\/p>\n<p>N\u00e3o s\u00e3o raros os casos envolvendo essas agress\u00f5es com emprego de arma de fogo e com mais v\u00edtimas, em que ocorreram outras situa\u00e7\u00f5es menos graves anteriormente, pouco administradas ou sem que houvesse alguma administra\u00e7\u00e3o dos conflitos. &#8220;Isso ocorre, entre outras coisas, porque n\u00e3o tivemos a oportunidade de ouvir e escutar os principais alvos dessas pequenas agress\u00f5es. O perfil desses agressores tende a convergir para algu\u00e9m que tenha inser\u00e7\u00e3o social limitada na escola, que tenha sido v\u00edtima de bullying, que sofra exclus\u00e3o de alguma natureza&#8221;, diz Val\u00e9ria.<\/p>\n<p><strong>Solu\u00e7\u00f5es<\/strong><br \/>\nNo fim do ano passado, 11 pesquisadores de universidades de diversos estados do pa\u00eds elaboraram um documento propondo estrat\u00e9gias concretas para a a\u00e7\u00e3o governamental. Coordenado pelo professor da Faculdade de Educa\u00e7\u00e3o da Universidade de S\u00e3o Paulo (USP), Daniel Cara, eles ressaltaram que os casos deviam ser classificados como extremismo de direita, pois a maioria deles envolve coopta\u00e7\u00e3o de adolescentes por grupos neonazistas que se apoiam na ideia de supremacia branca e masculina e os estimulam a realizar os ataques. A presen\u00e7a de s\u00edmbolos associados a ideologias de extrema-direita tem sido recorrente nesses epis\u00f3dios violentos.<\/p>\n<p>De acordo com o documento, esses grupos disseminam um discurso que valoriza o preconceito, a discrimina\u00e7\u00e3o, o uso de for\u00e7a e de armas de fogo, encorajando direta e indiretamente atos agressivos e violentos. &#8220;\u00c9 necess\u00e1rio compreender que o processo de coopta\u00e7\u00e3o pela extrema-direita se d\u00e1 por meio de intera\u00e7\u00f5es virtuais, em que o adolescente ou jovem \u00e9 exposto com frequ\u00eancia ao conte\u00fado extremista difundido em aplicativos de mensagens, jogos, f\u00f3runs de discuss\u00e3o e redes sociais&#8221;, registram os pesquisadores. Segundo eles, medidas s\u00f3 ser\u00e3o eficazes se considerarem esse cen\u00e1rio.<\/p>\n<p>Em uma busca pela palavra &#8220;escola&#8221; no site da C\u00e2mara dos Deputados, Val\u00e9ria encontrou 312 projetos de lei apresentados em 2023. Chamou a aten\u00e7\u00e3o o grande volume de propostas que datam do dia 5 de abril, quando um ataque a uma creche em Blumenau (SC) resultou na morte de quatro crian\u00e7as. A legenda com mais proposi\u00e7\u00f5es \u00e9 o Partido Liberal (PL), de Jair Bolsonaro. Em seguida aparecem o Uni\u00e3o Brasil e o Progressistas (PP), que compuseram a base de apoio durante o governo do ex-presidente.<\/p>\n<p>&#8220;Nem todos esses projetos est\u00e3o ligados \u00e0 quest\u00e3o da viol\u00eancia nas escolas, mas a coincid\u00eancia entre o pico de apresenta\u00e7\u00f5es e a data do ataque nos mostra que esses eventos foram extremamente relevantes para que houvesse um movimento pol\u00edtico justamente daqueles grupos que t\u00eam sido apontados como associados a discursos que estimulam comportamentos violentos. E a maior parte dos projetos de lei sugere interven\u00e7\u00f5es no campo da seguran\u00e7a. H\u00e1 muitas propostas de uso de detectores de metais, implanta\u00e7\u00e3o de c\u00e2meras, presen\u00e7a de policiais no espa\u00e7o escolar. S\u00e3o estrat\u00e9gias de interven\u00e7\u00e3o que n\u00e3o s\u00e3o necessariamente eficazes&#8221;, diz a pesquisadora da UFMG.<\/p>\n<p>Solu\u00e7\u00f5es dessa natureza v\u00eam sendo criticadas por diversos especialistas, que observam que o aumento do aparato de seguran\u00e7a nas escolas n\u00e3o resolveu o problema nos Estados Unidos, onde os epis\u00f3dios acontecem h\u00e1 mais tempo e com mais frequ\u00eancia. Val\u00e9ria cita estudos em que fatores como viol\u00eancias pr\u00e9vias, rejei\u00e7\u00e3o pelos pares e clima escolar negativo s\u00e3o associados aos casos. &#8220;Ter mais dispositivos de seguran\u00e7a p\u00fablica n\u00e3o contornam isso&#8221;, diz.<\/p>\n<p>Entre suas sugest\u00f5es para enfrentar o atual cen\u00e1rio est\u00e1 a constru\u00e7\u00e3o de canais de comunica\u00e7\u00e3o para escuta e acolhimento das v\u00edtimas de conflitos escolares, maior foco no aprendizado de todos e n\u00e3o na puni\u00e7\u00e3o disciplinar, aten\u00e7\u00e3o aos princ\u00edpios de equidade e de justi\u00e7a e desenvolvimento de pol\u00edticas de sa\u00fade e assist\u00eancia para atendimento integral da comunidade e promo\u00e7\u00e3o da sa\u00fade mental. Ela tamb\u00e9m defende maior restri\u00e7\u00e3o no acesso a armas de fogo e investiga\u00e7\u00e3o de den\u00fancias da atua\u00e7\u00e3o de grupos que estimulam a viol\u00eancia nas redes sociais.<\/p>\n<p>Val\u00e9ria afirma que \u00e9 preciso criar novos mecanismos para registrar os casos de conflitos e de viol\u00eancia nas escolas, que permitam ampliar o monitoramento e a discuss\u00e3o de solu\u00e7\u00f5es, j\u00e1 que apenas os epis\u00f3dios mais graves aparecem nos registros policiais. Em um mapeamento das ocorr\u00eancias registradas pela Guarda Municipal de Belo Horizonte em 2015, os eventos mais frequentes em escolas municipais foram dano ao patrim\u00f4nio, vias de fato e amea\u00e7as.<\/p>\n<p><strong>Desinforma\u00e7\u00e3o<\/strong><br \/>\nDurante o debate, a pesquisadora Geane Carvalho Alzamora, vinculada ao Departamento de Comunica\u00e7\u00e3o da UFMG, observou que a circula\u00e7\u00e3o da desinforma\u00e7\u00e3o e dos discursos de \u00f3dio precisam ser enfrentados com um letramento midi\u00e1tico. Segundo ela, pesquisas com jovens j\u00e1 revelaram a dificuldade de muitos em conseguir diferenciar um texto com informa\u00e7\u00f5es verdadeiras de outro com fake news.<\/p>\n<p>&#8220;N\u00e3o basta desmentir. N\u00e3o se combate desinforma\u00e7\u00e3o com verdade. Se combate desinforma\u00e7\u00e3o com educa\u00e7\u00e3o&#8221;, diz ela. Geane avalia, por\u00e9m, que as institui\u00e7\u00f5es de ensino precisam de uma estrat\u00e9gia para lidar com esse desafio. &#8220;N\u00e3o \u00e9 uma quest\u00e3o de educar as pessoas para usar os meios. Precisamos entender o que os jovens est\u00e3o fazendo com os meios. A escola hoje passa alheia a esse problema&#8221;.<\/p>\n<p>O professor da Faculdade de Direito da UFMG, Fernando Jayme, defendeu o tratamento dos conflitos escolares por uma perspectiva de justi\u00e7a restaurativa. Ele avaliou que o sistema punitivo \u00e9 falho e que \u00e9 preciso apostar no di\u00e1logo e na media\u00e7\u00e3o dentro das institui\u00e7\u00f5es de ensino.<\/p>\n<p>&#8220;Isso passa pelo reempoderamento das escolas. A viol\u00eancia e a desinforma\u00e7\u00e3o v\u00eam deixando a escola muito vulner\u00e1vel. A escola \u00e9 um ambiente que acolhe a diversidade e \u00e9 um territ\u00f3rio de intera\u00e7\u00f5es humanas tensionadas pelas diferentes individualidades. Os conflitos representam janelas de oportunidades para ressignificar rela\u00e7\u00f5es, transformando-as, restaurando-as, reparando-as&#8221;.<\/p>\n","protected":false},"excerpt":{"rendered":"<p>A solu\u00e7\u00e3o de conflitos &#8220;menos graves&#8221; no ambiente escolar \u00e9 medida que pode contribuir para evitar futuros ataques violentos. A avalia\u00e7\u00e3o \u00e9 da soci\u00f3loga Val\u00e9ria Cristina de Oliveira, pesquisadora e professora da Faculdade de Educa\u00e7\u00e3o da Universidade Federal de Minas Gerais (UFMG). Segundo ela, \u00e9 preciso dar voz aos alunos que s\u00e3o v\u00edtimas de microviol\u00eancias [&hellip;]<\/p>\n","protected":false},"author":2,"featured_media":305940,"comment_status":"closed","ping_status":"closed","sticky":false,"template":"","format":"standard","meta":{"_acf_changed":false,"footnotes":""},"categories":[161],"tags":[],"class_list":["post-305939","post","type-post","status-publish","format-standard","has-post-thumbnail","hentry","category-quadradinho-em-foco"],"acf":[],"yoast_head":"<!-- This site is optimized with the Yoast SEO plugin v27.2 - https:\/\/yoast.com\/product\/yoast-seo-wordpress\/ -->\n<title>Soci\u00f3loga v\u00ea rela\u00e7\u00e3o entre ataques a escolas e viol\u00eancia cotidiana - Notibras<\/title>\n<meta name=\"robots\" content=\"index, follow, max-snippet:-1, max-image-preview:large, max-video-preview:-1\" \/>\n<link rel=\"canonical\" href=\"https:\/\/www.notibras.com\/site\/sociologa-ve-relacao-entre-ataques-a-escolas-e-violencia-cotidiana\/\" \/>\n<meta property=\"og:locale\" content=\"pt_BR\" \/>\n<meta property=\"og:type\" content=\"article\" \/>\n<meta property=\"og:title\" content=\"Soci\u00f3loga v\u00ea rela\u00e7\u00e3o entre ataques a escolas e viol\u00eancia cotidiana - Notibras\" \/>\n<meta property=\"og:description\" content=\"A solu\u00e7\u00e3o de conflitos &#8220;menos graves&#8221; no ambiente escolar \u00e9 medida que pode contribuir para evitar futuros ataques violentos. A avalia\u00e7\u00e3o \u00e9 da soci\u00f3loga Val\u00e9ria Cristina de Oliveira, pesquisadora e professora da Faculdade de Educa\u00e7\u00e3o da Universidade Federal de Minas Gerais (UFMG). Segundo ela, \u00e9 preciso dar voz aos alunos que s\u00e3o v\u00edtimas de microviol\u00eancias [&hellip;]\" \/>\n<meta property=\"og:url\" content=\"https:\/\/www.notibras.com\/site\/sociologa-ve-relacao-entre-ataques-a-escolas-e-violencia-cotidiana\/\" \/>\n<meta property=\"og:site_name\" content=\"Notibras\" \/>\n<meta property=\"article:publisher\" content=\"https:\/\/www.facebook.com\/notibras\/\" \/>\n<meta property=\"article:published_time\" content=\"2023-05-30T12:40:33+00:00\" \/>\n<meta property=\"og:image\" content=\"https:\/\/www.notibras.com\/site\/wp-content\/uploads\/2023\/05\/mg_6813_0-1.jpg\" \/>\n\t<meta property=\"og:image:width\" content=\"1170\" \/>\n\t<meta property=\"og:image:height\" content=\"700\" \/>\n\t<meta property=\"og:image:type\" content=\"image\/jpeg\" \/>\n<meta name=\"author\" content=\"Reda\u00e7\u00e3o\" \/>\n<meta name=\"twitter:card\" content=\"summary_large_image\" \/>\n<meta name=\"twitter:creator\" content=\"@Notibras\" \/>\n<meta name=\"twitter:site\" content=\"@Notibras\" \/>\n<meta name=\"twitter:label1\" content=\"Escrito por\" \/>\n\t<meta name=\"twitter:data1\" content=\"Reda\u00e7\u00e3o\" \/>\n\t<meta name=\"twitter:label2\" content=\"Est. tempo de leitura\" \/>\n\t<meta name=\"twitter:data2\" content=\"8 minutos\" \/>\n<script type=\"application\/ld+json\" class=\"yoast-schema-graph\">{\"@context\":\"https:\/\/schema.org\",\"@graph\":[{\"@type\":\"Article\",\"@id\":\"https:\/\/www.notibras.com\/site\/sociologa-ve-relacao-entre-ataques-a-escolas-e-violencia-cotidiana\/#article\",\"isPartOf\":{\"@id\":\"https:\/\/www.notibras.com\/site\/sociologa-ve-relacao-entre-ataques-a-escolas-e-violencia-cotidiana\/\"},\"author\":{\"name\":\"Reda\u00e7\u00e3o\",\"@id\":\"https:\/\/www.notibras.com\/site\/#\/schema\/person\/36ab0979449956132d3e5b517ea76ac8\"},\"headline\":\"Soci\u00f3loga v\u00ea rela\u00e7\u00e3o entre ataques a escolas e viol\u00eancia cotidiana\",\"datePublished\":\"2023-05-30T12:40:33+00:00\",\"mainEntityOfPage\":{\"@id\":\"https:\/\/www.notibras.com\/site\/sociologa-ve-relacao-entre-ataques-a-escolas-e-violencia-cotidiana\/\"},\"wordCount\":1526,\"publisher\":{\"@id\":\"https:\/\/www.notibras.com\/site\/#organization\"},\"image\":{\"@id\":\"https:\/\/www.notibras.com\/site\/sociologa-ve-relacao-entre-ataques-a-escolas-e-violencia-cotidiana\/#primaryimage\"},\"thumbnailUrl\":\"https:\/\/www.notibras.com\/site\/wp-content\/uploads\/2023\/05\/mg_6813_0-1.jpg\",\"articleSection\":[\"Quadradinho em Foco\"],\"inLanguage\":\"pt-BR\"},{\"@type\":\"WebPage\",\"@id\":\"https:\/\/www.notibras.com\/site\/sociologa-ve-relacao-entre-ataques-a-escolas-e-violencia-cotidiana\/\",\"url\":\"https:\/\/www.notibras.com\/site\/sociologa-ve-relacao-entre-ataques-a-escolas-e-violencia-cotidiana\/\",\"name\":\"Soci\u00f3loga v\u00ea rela\u00e7\u00e3o entre ataques a escolas e viol\u00eancia cotidiana - Notibras\",\"isPartOf\":{\"@id\":\"https:\/\/www.notibras.com\/site\/#website\"},\"primaryImageOfPage\":{\"@id\":\"https:\/\/www.notibras.com\/site\/sociologa-ve-relacao-entre-ataques-a-escolas-e-violencia-cotidiana\/#primaryimage\"},\"image\":{\"@id\":\"https:\/\/www.notibras.com\/site\/sociologa-ve-relacao-entre-ataques-a-escolas-e-violencia-cotidiana\/#primaryimage\"},\"thumbnailUrl\":\"https:\/\/www.notibras.com\/site\/wp-content\/uploads\/2023\/05\/mg_6813_0-1.jpg\",\"datePublished\":\"2023-05-30T12:40:33+00:00\",\"breadcrumb\":{\"@id\":\"https:\/\/www.notibras.com\/site\/sociologa-ve-relacao-entre-ataques-a-escolas-e-violencia-cotidiana\/#breadcrumb\"},\"inLanguage\":\"pt-BR\",\"potentialAction\":[{\"@type\":\"ReadAction\",\"target\":[\"https:\/\/www.notibras.com\/site\/sociologa-ve-relacao-entre-ataques-a-escolas-e-violencia-cotidiana\/\"]}]},{\"@type\":\"ImageObject\",\"inLanguage\":\"pt-BR\",\"@id\":\"https:\/\/www.notibras.com\/site\/sociologa-ve-relacao-entre-ataques-a-escolas-e-violencia-cotidiana\/#primaryimage\",\"url\":\"https:\/\/www.notibras.com\/site\/wp-content\/uploads\/2023\/05\/mg_6813_0-1.jpg\",\"contentUrl\":\"https:\/\/www.notibras.com\/site\/wp-content\/uploads\/2023\/05\/mg_6813_0-1.jpg\",\"width\":1170,\"height\":700,\"caption\":\"S\u00e3o Paulo (SP), 29\/03\/2023 - Professores de S\u00e3o Paulo protestam contra a viol\u00eancia nas escolas em frente \u00e0 Secretaria de Educa\u00e7\u00e3o, na Pra\u00e7a da Rep\u00fablica, ap\u00f3s o ataque na escola Thomazia Montoro. Foto: Fernando Fraz\u00e3o\/Ag\u00eancia Brasil\"},{\"@type\":\"BreadcrumbList\",\"@id\":\"https:\/\/www.notibras.com\/site\/sociologa-ve-relacao-entre-ataques-a-escolas-e-violencia-cotidiana\/#breadcrumb\",\"itemListElement\":[{\"@type\":\"ListItem\",\"position\":1,\"name\":\"In\u00edcio\",\"item\":\"https:\/\/www.notibras.com\/site\/\"},{\"@type\":\"ListItem\",\"position\":2,\"name\":\"Soci\u00f3loga v\u00ea rela\u00e7\u00e3o entre ataques a escolas e viol\u00eancia cotidiana\"}]},{\"@type\":\"WebSite\",\"@id\":\"https:\/\/www.notibras.com\/site\/#website\",\"url\":\"https:\/\/www.notibras.com\/site\/\",\"name\":\"Notibras\",\"description\":\"Not\u00edcias de Bras\u00edlia, do Brasil e do Mundo\",\"publisher\":{\"@id\":\"https:\/\/www.notibras.com\/site\/#organization\"},\"potentialAction\":[{\"@type\":\"SearchAction\",\"target\":{\"@type\":\"EntryPoint\",\"urlTemplate\":\"https:\/\/www.notibras.com\/site\/?s={search_term_string}\"},\"query-input\":{\"@type\":\"PropertyValueSpecification\",\"valueRequired\":true,\"valueName\":\"search_term_string\"}}],\"inLanguage\":\"pt-BR\"},{\"@type\":\"Organization\",\"@id\":\"https:\/\/www.notibras.com\/site\/#organization\",\"name\":\"Grupo Notibras de Comunica\u00e7\u00e3o\",\"url\":\"https:\/\/www.notibras.com\/site\/\",\"logo\":{\"@type\":\"ImageObject\",\"inLanguage\":\"pt-BR\",\"@id\":\"https:\/\/www.notibras.com\/site\/#\/schema\/logo\/image\/\",\"url\":\"https:\/\/www.notibras.com\/site\/wp-content\/uploads\/2023\/01\/notibras23.png\",\"contentUrl\":\"https:\/\/www.notibras.com\/site\/wp-content\/uploads\/2023\/01\/notibras23.png\",\"width\":350,\"height\":87,\"caption\":\"Grupo Notibras de Comunica\u00e7\u00e3o\"},\"image\":{\"@id\":\"https:\/\/www.notibras.com\/site\/#\/schema\/logo\/image\/\"},\"sameAs\":[\"https:\/\/www.facebook.com\/notibras\/\",\"https:\/\/x.com\/Notibras\",\"https:\/\/www.instagram.com\/notibras\/\"]},{\"@type\":\"Person\",\"@id\":\"https:\/\/www.notibras.com\/site\/#\/schema\/person\/36ab0979449956132d3e5b517ea76ac8\",\"name\":\"Reda\u00e7\u00e3o\",\"image\":{\"@type\":\"ImageObject\",\"inLanguage\":\"pt-BR\",\"@id\":\"https:\/\/secure.gravatar.com\/avatar\/e0a867bdedb85fd243eadf09663511f96fc81e0720a4a42581f334ad4303aa6b?s=96&d=mm&r=g\",\"url\":\"https:\/\/secure.gravatar.com\/avatar\/e0a867bdedb85fd243eadf09663511f96fc81e0720a4a42581f334ad4303aa6b?s=96&d=mm&r=g\",\"contentUrl\":\"https:\/\/secure.gravatar.com\/avatar\/e0a867bdedb85fd243eadf09663511f96fc81e0720a4a42581f334ad4303aa6b?s=96&d=mm&r=g\",\"caption\":\"Reda\u00e7\u00e3o\"}}]}<\/script>\n<!-- \/ Yoast SEO plugin. -->","yoast_head_json":{"title":"Soci\u00f3loga v\u00ea rela\u00e7\u00e3o entre ataques a escolas e viol\u00eancia cotidiana - Notibras","robots":{"index":"index","follow":"follow","max-snippet":"max-snippet:-1","max-image-preview":"max-image-preview:large","max-video-preview":"max-video-preview:-1"},"canonical":"https:\/\/www.notibras.com\/site\/sociologa-ve-relacao-entre-ataques-a-escolas-e-violencia-cotidiana\/","og_locale":"pt_BR","og_type":"article","og_title":"Soci\u00f3loga v\u00ea rela\u00e7\u00e3o entre ataques a escolas e viol\u00eancia cotidiana - Notibras","og_description":"A solu\u00e7\u00e3o de conflitos &#8220;menos graves&#8221; no ambiente escolar \u00e9 medida que pode contribuir para evitar futuros ataques violentos. A avalia\u00e7\u00e3o \u00e9 da soci\u00f3loga Val\u00e9ria Cristina de Oliveira, pesquisadora e professora da Faculdade de Educa\u00e7\u00e3o da Universidade Federal de Minas Gerais (UFMG). Segundo ela, \u00e9 preciso dar voz aos alunos que s\u00e3o v\u00edtimas de microviol\u00eancias [&hellip;]","og_url":"https:\/\/www.notibras.com\/site\/sociologa-ve-relacao-entre-ataques-a-escolas-e-violencia-cotidiana\/","og_site_name":"Notibras","article_publisher":"https:\/\/www.facebook.com\/notibras\/","article_published_time":"2023-05-30T12:40:33+00:00","og_image":[{"width":1170,"height":700,"url":"https:\/\/www.notibras.com\/site\/wp-content\/uploads\/2023\/05\/mg_6813_0-1.jpg","type":"image\/jpeg"}],"author":"Reda\u00e7\u00e3o","twitter_card":"summary_large_image","twitter_creator":"@Notibras","twitter_site":"@Notibras","twitter_misc":{"Escrito por":"Reda\u00e7\u00e3o","Est. tempo de leitura":"8 minutos"},"schema":{"@context":"https:\/\/schema.org","@graph":[{"@type":"Article","@id":"https:\/\/www.notibras.com\/site\/sociologa-ve-relacao-entre-ataques-a-escolas-e-violencia-cotidiana\/#article","isPartOf":{"@id":"https:\/\/www.notibras.com\/site\/sociologa-ve-relacao-entre-ataques-a-escolas-e-violencia-cotidiana\/"},"author":{"name":"Reda\u00e7\u00e3o","@id":"https:\/\/www.notibras.com\/site\/#\/schema\/person\/36ab0979449956132d3e5b517ea76ac8"},"headline":"Soci\u00f3loga v\u00ea rela\u00e7\u00e3o entre ataques a escolas e viol\u00eancia cotidiana","datePublished":"2023-05-30T12:40:33+00:00","mainEntityOfPage":{"@id":"https:\/\/www.notibras.com\/site\/sociologa-ve-relacao-entre-ataques-a-escolas-e-violencia-cotidiana\/"},"wordCount":1526,"publisher":{"@id":"https:\/\/www.notibras.com\/site\/#organization"},"image":{"@id":"https:\/\/www.notibras.com\/site\/sociologa-ve-relacao-entre-ataques-a-escolas-e-violencia-cotidiana\/#primaryimage"},"thumbnailUrl":"https:\/\/www.notibras.com\/site\/wp-content\/uploads\/2023\/05\/mg_6813_0-1.jpg","articleSection":["Quadradinho em Foco"],"inLanguage":"pt-BR"},{"@type":"WebPage","@id":"https:\/\/www.notibras.com\/site\/sociologa-ve-relacao-entre-ataques-a-escolas-e-violencia-cotidiana\/","url":"https:\/\/www.notibras.com\/site\/sociologa-ve-relacao-entre-ataques-a-escolas-e-violencia-cotidiana\/","name":"Soci\u00f3loga v\u00ea rela\u00e7\u00e3o entre ataques a escolas e viol\u00eancia cotidiana - Notibras","isPartOf":{"@id":"https:\/\/www.notibras.com\/site\/#website"},"primaryImageOfPage":{"@id":"https:\/\/www.notibras.com\/site\/sociologa-ve-relacao-entre-ataques-a-escolas-e-violencia-cotidiana\/#primaryimage"},"image":{"@id":"https:\/\/www.notibras.com\/site\/sociologa-ve-relacao-entre-ataques-a-escolas-e-violencia-cotidiana\/#primaryimage"},"thumbnailUrl":"https:\/\/www.notibras.com\/site\/wp-content\/uploads\/2023\/05\/mg_6813_0-1.jpg","datePublished":"2023-05-30T12:40:33+00:00","breadcrumb":{"@id":"https:\/\/www.notibras.com\/site\/sociologa-ve-relacao-entre-ataques-a-escolas-e-violencia-cotidiana\/#breadcrumb"},"inLanguage":"pt-BR","potentialAction":[{"@type":"ReadAction","target":["https:\/\/www.notibras.com\/site\/sociologa-ve-relacao-entre-ataques-a-escolas-e-violencia-cotidiana\/"]}]},{"@type":"ImageObject","inLanguage":"pt-BR","@id":"https:\/\/www.notibras.com\/site\/sociologa-ve-relacao-entre-ataques-a-escolas-e-violencia-cotidiana\/#primaryimage","url":"https:\/\/www.notibras.com\/site\/wp-content\/uploads\/2023\/05\/mg_6813_0-1.jpg","contentUrl":"https:\/\/www.notibras.com\/site\/wp-content\/uploads\/2023\/05\/mg_6813_0-1.jpg","width":1170,"height":700,"caption":"S\u00e3o Paulo (SP), 29\/03\/2023 - Professores de S\u00e3o Paulo protestam contra a viol\u00eancia nas escolas em frente \u00e0 Secretaria de Educa\u00e7\u00e3o, na Pra\u00e7a da Rep\u00fablica, ap\u00f3s o ataque na escola Thomazia Montoro. Foto: Fernando Fraz\u00e3o\/Ag\u00eancia Brasil"},{"@type":"BreadcrumbList","@id":"https:\/\/www.notibras.com\/site\/sociologa-ve-relacao-entre-ataques-a-escolas-e-violencia-cotidiana\/#breadcrumb","itemListElement":[{"@type":"ListItem","position":1,"name":"In\u00edcio","item":"https:\/\/www.notibras.com\/site\/"},{"@type":"ListItem","position":2,"name":"Soci\u00f3loga v\u00ea rela\u00e7\u00e3o entre ataques a escolas e viol\u00eancia cotidiana"}]},{"@type":"WebSite","@id":"https:\/\/www.notibras.com\/site\/#website","url":"https:\/\/www.notibras.com\/site\/","name":"Notibras","description":"Not\u00edcias de Bras\u00edlia, do Brasil e do Mundo","publisher":{"@id":"https:\/\/www.notibras.com\/site\/#organization"},"potentialAction":[{"@type":"SearchAction","target":{"@type":"EntryPoint","urlTemplate":"https:\/\/www.notibras.com\/site\/?s={search_term_string}"},"query-input":{"@type":"PropertyValueSpecification","valueRequired":true,"valueName":"search_term_string"}}],"inLanguage":"pt-BR"},{"@type":"Organization","@id":"https:\/\/www.notibras.com\/site\/#organization","name":"Grupo Notibras de Comunica\u00e7\u00e3o","url":"https:\/\/www.notibras.com\/site\/","logo":{"@type":"ImageObject","inLanguage":"pt-BR","@id":"https:\/\/www.notibras.com\/site\/#\/schema\/logo\/image\/","url":"https:\/\/www.notibras.com\/site\/wp-content\/uploads\/2023\/01\/notibras23.png","contentUrl":"https:\/\/www.notibras.com\/site\/wp-content\/uploads\/2023\/01\/notibras23.png","width":350,"height":87,"caption":"Grupo Notibras de Comunica\u00e7\u00e3o"},"image":{"@id":"https:\/\/www.notibras.com\/site\/#\/schema\/logo\/image\/"},"sameAs":["https:\/\/www.facebook.com\/notibras\/","https:\/\/x.com\/Notibras","https:\/\/www.instagram.com\/notibras\/"]},{"@type":"Person","@id":"https:\/\/www.notibras.com\/site\/#\/schema\/person\/36ab0979449956132d3e5b517ea76ac8","name":"Reda\u00e7\u00e3o","image":{"@type":"ImageObject","inLanguage":"pt-BR","@id":"https:\/\/secure.gravatar.com\/avatar\/e0a867bdedb85fd243eadf09663511f96fc81e0720a4a42581f334ad4303aa6b?s=96&d=mm&r=g","url":"https:\/\/secure.gravatar.com\/avatar\/e0a867bdedb85fd243eadf09663511f96fc81e0720a4a42581f334ad4303aa6b?s=96&d=mm&r=g","contentUrl":"https:\/\/secure.gravatar.com\/avatar\/e0a867bdedb85fd243eadf09663511f96fc81e0720a4a42581f334ad4303aa6b?s=96&d=mm&r=g","caption":"Reda\u00e7\u00e3o"}}]}},"amp_enabled":true,"_links":{"self":[{"href":"https:\/\/www.notibras.com\/site\/wp-json\/wp\/v2\/posts\/305939","targetHints":{"allow":["GET"]}}],"collection":[{"href":"https:\/\/www.notibras.com\/site\/wp-json\/wp\/v2\/posts"}],"about":[{"href":"https:\/\/www.notibras.com\/site\/wp-json\/wp\/v2\/types\/post"}],"author":[{"embeddable":true,"href":"https:\/\/www.notibras.com\/site\/wp-json\/wp\/v2\/users\/2"}],"replies":[{"embeddable":true,"href":"https:\/\/www.notibras.com\/site\/wp-json\/wp\/v2\/comments?post=305939"}],"version-history":[{"count":1,"href":"https:\/\/www.notibras.com\/site\/wp-json\/wp\/v2\/posts\/305939\/revisions"}],"predecessor-version":[{"id":305941,"href":"https:\/\/www.notibras.com\/site\/wp-json\/wp\/v2\/posts\/305939\/revisions\/305941"}],"wp:featuredmedia":[{"embeddable":true,"href":"https:\/\/www.notibras.com\/site\/wp-json\/wp\/v2\/media\/305940"}],"wp:attachment":[{"href":"https:\/\/www.notibras.com\/site\/wp-json\/wp\/v2\/media?parent=305939"}],"wp:term":[{"taxonomy":"category","embeddable":true,"href":"https:\/\/www.notibras.com\/site\/wp-json\/wp\/v2\/categories?post=305939"},{"taxonomy":"post_tag","embeddable":true,"href":"https:\/\/www.notibras.com\/site\/wp-json\/wp\/v2\/tags?post=305939"}],"curies":[{"name":"wp","href":"https:\/\/api.w.org\/{rel}","templated":true}]}}