{"id":305942,"date":"2023-05-30T09:49:36","date_gmt":"2023-05-30T12:49:36","guid":{"rendered":"https:\/\/www.notibras.com\/site\/?p=305942"},"modified":"2023-05-30T09:49:36","modified_gmt":"2023-05-30T12:49:36","slug":"chico-dois-pes-um-sapato-e-a-doacao-de-angelica","status":"publish","type":"post","link":"https:\/\/www.notibras.com\/site\/chico-dois-pes-um-sapato-e-a-doacao-de-angelica\/","title":{"rendered":"Chico, dois p\u00e9s, um sapato e a doa\u00e7\u00e3o de Ang\u00e9lica"},"content":{"rendered":"<p>De todos os seres humanos que vivem em uma cidade, provavelmente os mais desprotegidos sejam os mendigos. Todavia, essas pessoas s\u00e3o, tamb\u00e9m, as mais recha\u00e7adas, como se fossem pragas dessa sociedade incapaz de encontrar lugar digno para elas. Em tempos de meritocracia, que se virem! Como se fosse simples assim.<\/p>\n<p>Pois \u00e9 justamente nesse quadro que se encontra o Francisco, que \u00e9 apenas mais um entre tantos indiv\u00edduos em situa\u00e7\u00e3o de rua neste pa\u00eds imenso chamado Brasil e que tem na capital, Bras\u00edlia, um quadro gritante de desigualdades. De t\u00e3o enorme, por aqui deveria ter espa\u00e7o mais que suficiente para cada cidad\u00e3o. No entanto, a coisa n\u00e3o funciona dessa maneira.<\/p>\n<p>Tamb\u00e9m h\u00e1 de se notar a enorme religiosidade dos brasileiros. Somos, desde antes do nascimento, inundados de cren\u00e7as, o que nos transforma em verdadeiros basti\u00f5es da moral e dos bons costumes. Se bem que isso, tamb\u00e9m, n\u00e3o procede. Seja como for, gostamos de alardear para os quatro cantos que somos assim. E ai de quem se atreva a nos contradizer. Certamente escutar\u00e1 um &#8220;Sai pra l\u00e1, Satan\u00e1s!&#8221;<\/p>\n<p>Voltemos ao nosso amigo, ou melhor, conhecido, j\u00e1 que mendigos n\u00e3o possuem amizades fora das ruas. Talvez nem por esses ambientes desprotegidos tenham algum. Qui\u00e7\u00e1 o cachorro que lhes faz companhia nas noites frias de inverno. As pulgas, de certo, n\u00e3o fazem distin\u00e7\u00e3o entre o sangue de um e de outro.<\/p>\n<p>Ang\u00e9lica, apesar do nome e de toda a sacristia que a acompanhava por onde fosse, adorava alardear que havia vencido na vida gra\u00e7as aos pr\u00f3prios esfor\u00e7os. Obviamente que ela suprimia o fato de ter tido pai e m\u00e3e dedicados, que at\u00e9 lhe deixaram certa heran\u00e7a: uma padaria, uma bela casa de esquina, sem contar os dois apartamentos, que lhe garantiam um bom aluguel. Completava a renda com a aposentadoria magra de professora. No final das contas, figurava sem problema na dita classe m\u00e9dia, conforme o \u00faltimo censo.<\/p>\n<p>A mulher, de vez em quando, passava pelo pobre Francisco. Geralmente, era o momento em que Ang\u00e9lica virava o rosto para o outro lado, como se sentisse repulsa daquele ser supostamente desprez\u00edvel. Ele, de t\u00e3o miser\u00e1vel, possu\u00eda apenas o p\u00e9 esquerdo de um gasto sapato. De acordo com a precis\u00e3o, variava de lado, seja por uma ferida que n\u00e3o sarava, seja por um calo mais inc\u00f4modo.<\/p>\n<p>N\u00e3o se sabe ao certo o que fez com que Ang\u00e9lica olhasse pela primeira aquela figura suja Seja como for, ela o fez. E o observou por inteiro. Altiva, mas com certa d\u00f3 da situa\u00e7\u00e3o daquele homem, sentiu vontade de lhe fazer uma caridade.<\/p>\n<p>&#8211; Qual \u00e9 o n\u00famero do seu p\u00e9?<\/p>\n<p>&#8211; O que tiver, dona. P\u00e9 de pobre n\u00e3o tem tamanho.<\/p>\n","protected":false},"excerpt":{"rendered":"<p>De todos os seres humanos que vivem em uma cidade, provavelmente os mais desprotegidos sejam os mendigos. Todavia, essas pessoas s\u00e3o, tamb\u00e9m, as mais recha\u00e7adas, como se fossem pragas dessa sociedade incapaz de encontrar lugar digno para elas. Em tempos de meritocracia, que se virem! Como se fosse simples assim. Pois \u00e9 justamente nesse quadro [&hellip;]<\/p>\n","protected":false},"author":2,"featured_media":261141,"comment_status":"closed","ping_status":"closed","sticky":false,"template":"","format":"standard","meta":{"_acf_changed":false,"footnotes":""},"categories":[161],"tags":[],"class_list":["post-305942","post","type-post","status-publish","format-standard","has-post-thumbnail","hentry","category-quadradinho-em-foco"],"acf":[],"yoast_head":"<!-- This site is optimized with the Yoast SEO plugin v27.2 - https:\/\/yoast.com\/product\/yoast-seo-wordpress\/ -->\n<title>Chico, dois p\u00e9s, um sapato e a doa\u00e7\u00e3o de Ang\u00e9lica - Notibras<\/title>\n<meta name=\"robots\" content=\"index, follow, max-snippet:-1, max-image-preview:large, max-video-preview:-1\" \/>\n<link rel=\"canonical\" href=\"https:\/\/www.notibras.com\/site\/chico-dois-pes-um-sapato-e-a-doacao-de-angelica\/\" \/>\n<meta property=\"og:locale\" content=\"pt_BR\" \/>\n<meta property=\"og:type\" content=\"article\" \/>\n<meta property=\"og:title\" content=\"Chico, dois p\u00e9s, um sapato e a doa\u00e7\u00e3o de Ang\u00e9lica - Notibras\" \/>\n<meta property=\"og:description\" content=\"De todos os seres humanos que vivem em uma cidade, provavelmente os mais desprotegidos sejam os mendigos. Todavia, essas pessoas s\u00e3o, tamb\u00e9m, as mais recha\u00e7adas, como se fossem pragas dessa sociedade incapaz de encontrar lugar digno para elas. Em tempos de meritocracia, que se virem! Como se fosse simples assim. Pois \u00e9 justamente nesse quadro [&hellip;]\" \/>\n<meta property=\"og:url\" content=\"https:\/\/www.notibras.com\/site\/chico-dois-pes-um-sapato-e-a-doacao-de-angelica\/\" \/>\n<meta property=\"og:site_name\" content=\"Notibras\" \/>\n<meta property=\"article:publisher\" content=\"https:\/\/www.facebook.com\/notibras\/\" \/>\n<meta property=\"article:published_time\" content=\"2023-05-30T12:49:36+00:00\" \/>\n<meta property=\"og:image\" content=\"https:\/\/www.notibras.com\/site\/wp-content\/uploads\/2021\/07\/morador-de-rua-sem-teto-euroa-03022021142351241.jpeg\" \/>\n\t<meta property=\"og:image:width\" content=\"1500\" \/>\n\t<meta property=\"og:image:height\" content=\"1020\" \/>\n\t<meta property=\"og:image:type\" content=\"image\/jpeg\" \/>\n<meta name=\"author\" content=\"Reda\u00e7\u00e3o\" \/>\n<meta name=\"twitter:card\" content=\"summary_large_image\" \/>\n<meta name=\"twitter:creator\" content=\"@Notibras\" \/>\n<meta name=\"twitter:site\" content=\"@Notibras\" \/>\n<meta name=\"twitter:label1\" content=\"Escrito por\" \/>\n\t<meta name=\"twitter:data1\" content=\"Reda\u00e7\u00e3o\" \/>\n\t<meta name=\"twitter:label2\" content=\"Est. tempo de leitura\" \/>\n\t<meta name=\"twitter:data2\" content=\"3 minutos\" \/>\n<script type=\"application\/ld+json\" class=\"yoast-schema-graph\">{\"@context\":\"https:\/\/schema.org\",\"@graph\":[{\"@type\":\"Article\",\"@id\":\"https:\/\/www.notibras.com\/site\/chico-dois-pes-um-sapato-e-a-doacao-de-angelica\/#article\",\"isPartOf\":{\"@id\":\"https:\/\/www.notibras.com\/site\/chico-dois-pes-um-sapato-e-a-doacao-de-angelica\/\"},\"author\":{\"name\":\"Reda\u00e7\u00e3o\",\"@id\":\"https:\/\/www.notibras.com\/site\/#\/schema\/person\/36ab0979449956132d3e5b517ea76ac8\"},\"headline\":\"Chico, dois p\u00e9s, um sapato e a doa\u00e7\u00e3o de Ang\u00e9lica\",\"datePublished\":\"2023-05-30T12:49:36+00:00\",\"mainEntityOfPage\":{\"@id\":\"https:\/\/www.notibras.com\/site\/chico-dois-pes-um-sapato-e-a-doacao-de-angelica\/\"},\"wordCount\":494,\"publisher\":{\"@id\":\"https:\/\/www.notibras.com\/site\/#organization\"},\"image\":{\"@id\":\"https:\/\/www.notibras.com\/site\/chico-dois-pes-um-sapato-e-a-doacao-de-angelica\/#primaryimage\"},\"thumbnailUrl\":\"https:\/\/www.notibras.com\/site\/wp-content\/uploads\/2021\/07\/morador-de-rua-sem-teto-euroa-03022021142351241.jpeg\",\"articleSection\":[\"Quadradinho em Foco\"],\"inLanguage\":\"pt-BR\"},{\"@type\":\"WebPage\",\"@id\":\"https:\/\/www.notibras.com\/site\/chico-dois-pes-um-sapato-e-a-doacao-de-angelica\/\",\"url\":\"https:\/\/www.notibras.com\/site\/chico-dois-pes-um-sapato-e-a-doacao-de-angelica\/\",\"name\":\"Chico, dois p\u00e9s, um sapato e a doa\u00e7\u00e3o de Ang\u00e9lica - Notibras\",\"isPartOf\":{\"@id\":\"https:\/\/www.notibras.com\/site\/#website\"},\"primaryImageOfPage\":{\"@id\":\"https:\/\/www.notibras.com\/site\/chico-dois-pes-um-sapato-e-a-doacao-de-angelica\/#primaryimage\"},\"image\":{\"@id\":\"https:\/\/www.notibras.com\/site\/chico-dois-pes-um-sapato-e-a-doacao-de-angelica\/#primaryimage\"},\"thumbnailUrl\":\"https:\/\/www.notibras.com\/site\/wp-content\/uploads\/2021\/07\/morador-de-rua-sem-teto-euroa-03022021142351241.jpeg\",\"datePublished\":\"2023-05-30T12:49:36+00:00\",\"breadcrumb\":{\"@id\":\"https:\/\/www.notibras.com\/site\/chico-dois-pes-um-sapato-e-a-doacao-de-angelica\/#breadcrumb\"},\"inLanguage\":\"pt-BR\",\"potentialAction\":[{\"@type\":\"ReadAction\",\"target\":[\"https:\/\/www.notibras.com\/site\/chico-dois-pes-um-sapato-e-a-doacao-de-angelica\/\"]}]},{\"@type\":\"ImageObject\",\"inLanguage\":\"pt-BR\",\"@id\":\"https:\/\/www.notibras.com\/site\/chico-dois-pes-um-sapato-e-a-doacao-de-angelica\/#primaryimage\",\"url\":\"https:\/\/www.notibras.com\/site\/wp-content\/uploads\/2021\/07\/morador-de-rua-sem-teto-euroa-03022021142351241.jpeg\",\"contentUrl\":\"https:\/\/www.notibras.com\/site\/wp-content\/uploads\/2021\/07\/morador-de-rua-sem-teto-euroa-03022021142351241.jpeg\",\"width\":1500,\"height\":1020},{\"@type\":\"BreadcrumbList\",\"@id\":\"https:\/\/www.notibras.com\/site\/chico-dois-pes-um-sapato-e-a-doacao-de-angelica\/#breadcrumb\",\"itemListElement\":[{\"@type\":\"ListItem\",\"position\":1,\"name\":\"In\u00edcio\",\"item\":\"https:\/\/www.notibras.com\/site\/\"},{\"@type\":\"ListItem\",\"position\":2,\"name\":\"Chico, dois p\u00e9s, um sapato e a doa\u00e7\u00e3o de Ang\u00e9lica\"}]},{\"@type\":\"WebSite\",\"@id\":\"https:\/\/www.notibras.com\/site\/#website\",\"url\":\"https:\/\/www.notibras.com\/site\/\",\"name\":\"Notibras\",\"description\":\"Not\u00edcias de Bras\u00edlia, do Brasil e do Mundo\",\"publisher\":{\"@id\":\"https:\/\/www.notibras.com\/site\/#organization\"},\"potentialAction\":[{\"@type\":\"SearchAction\",\"target\":{\"@type\":\"EntryPoint\",\"urlTemplate\":\"https:\/\/www.notibras.com\/site\/?s={search_term_string}\"},\"query-input\":{\"@type\":\"PropertyValueSpecification\",\"valueRequired\":true,\"valueName\":\"search_term_string\"}}],\"inLanguage\":\"pt-BR\"},{\"@type\":\"Organization\",\"@id\":\"https:\/\/www.notibras.com\/site\/#organization\",\"name\":\"Grupo Notibras de Comunica\u00e7\u00e3o\",\"url\":\"https:\/\/www.notibras.com\/site\/\",\"logo\":{\"@type\":\"ImageObject\",\"inLanguage\":\"pt-BR\",\"@id\":\"https:\/\/www.notibras.com\/site\/#\/schema\/logo\/image\/\",\"url\":\"https:\/\/www.notibras.com\/site\/wp-content\/uploads\/2023\/01\/notibras23.png\",\"contentUrl\":\"https:\/\/www.notibras.com\/site\/wp-content\/uploads\/2023\/01\/notibras23.png\",\"width\":350,\"height\":87,\"caption\":\"Grupo Notibras de Comunica\u00e7\u00e3o\"},\"image\":{\"@id\":\"https:\/\/www.notibras.com\/site\/#\/schema\/logo\/image\/\"},\"sameAs\":[\"https:\/\/www.facebook.com\/notibras\/\",\"https:\/\/x.com\/Notibras\",\"https:\/\/www.instagram.com\/notibras\/\"]},{\"@type\":\"Person\",\"@id\":\"https:\/\/www.notibras.com\/site\/#\/schema\/person\/36ab0979449956132d3e5b517ea76ac8\",\"name\":\"Reda\u00e7\u00e3o\",\"image\":{\"@type\":\"ImageObject\",\"inLanguage\":\"pt-BR\",\"@id\":\"https:\/\/secure.gravatar.com\/avatar\/e0a867bdedb85fd243eadf09663511f96fc81e0720a4a42581f334ad4303aa6b?s=96&d=mm&r=g\",\"url\":\"https:\/\/secure.gravatar.com\/avatar\/e0a867bdedb85fd243eadf09663511f96fc81e0720a4a42581f334ad4303aa6b?s=96&d=mm&r=g\",\"contentUrl\":\"https:\/\/secure.gravatar.com\/avatar\/e0a867bdedb85fd243eadf09663511f96fc81e0720a4a42581f334ad4303aa6b?s=96&d=mm&r=g\",\"caption\":\"Reda\u00e7\u00e3o\"}}]}<\/script>\n<!-- \/ Yoast SEO plugin. -->","yoast_head_json":{"title":"Chico, dois p\u00e9s, um sapato e a doa\u00e7\u00e3o de Ang\u00e9lica - Notibras","robots":{"index":"index","follow":"follow","max-snippet":"max-snippet:-1","max-image-preview":"max-image-preview:large","max-video-preview":"max-video-preview:-1"},"canonical":"https:\/\/www.notibras.com\/site\/chico-dois-pes-um-sapato-e-a-doacao-de-angelica\/","og_locale":"pt_BR","og_type":"article","og_title":"Chico, dois p\u00e9s, um sapato e a doa\u00e7\u00e3o de Ang\u00e9lica - Notibras","og_description":"De todos os seres humanos que vivem em uma cidade, provavelmente os mais desprotegidos sejam os mendigos. Todavia, essas pessoas s\u00e3o, tamb\u00e9m, as mais recha\u00e7adas, como se fossem pragas dessa sociedade incapaz de encontrar lugar digno para elas. Em tempos de meritocracia, que se virem! Como se fosse simples assim. Pois \u00e9 justamente nesse quadro [&hellip;]","og_url":"https:\/\/www.notibras.com\/site\/chico-dois-pes-um-sapato-e-a-doacao-de-angelica\/","og_site_name":"Notibras","article_publisher":"https:\/\/www.facebook.com\/notibras\/","article_published_time":"2023-05-30T12:49:36+00:00","og_image":[{"width":1500,"height":1020,"url":"https:\/\/www.notibras.com\/site\/wp-content\/uploads\/2021\/07\/morador-de-rua-sem-teto-euroa-03022021142351241.jpeg","type":"image\/jpeg"}],"author":"Reda\u00e7\u00e3o","twitter_card":"summary_large_image","twitter_creator":"@Notibras","twitter_site":"@Notibras","twitter_misc":{"Escrito por":"Reda\u00e7\u00e3o","Est. tempo de leitura":"3 minutos"},"schema":{"@context":"https:\/\/schema.org","@graph":[{"@type":"Article","@id":"https:\/\/www.notibras.com\/site\/chico-dois-pes-um-sapato-e-a-doacao-de-angelica\/#article","isPartOf":{"@id":"https:\/\/www.notibras.com\/site\/chico-dois-pes-um-sapato-e-a-doacao-de-angelica\/"},"author":{"name":"Reda\u00e7\u00e3o","@id":"https:\/\/www.notibras.com\/site\/#\/schema\/person\/36ab0979449956132d3e5b517ea76ac8"},"headline":"Chico, dois p\u00e9s, um sapato e a doa\u00e7\u00e3o de Ang\u00e9lica","datePublished":"2023-05-30T12:49:36+00:00","mainEntityOfPage":{"@id":"https:\/\/www.notibras.com\/site\/chico-dois-pes-um-sapato-e-a-doacao-de-angelica\/"},"wordCount":494,"publisher":{"@id":"https:\/\/www.notibras.com\/site\/#organization"},"image":{"@id":"https:\/\/www.notibras.com\/site\/chico-dois-pes-um-sapato-e-a-doacao-de-angelica\/#primaryimage"},"thumbnailUrl":"https:\/\/www.notibras.com\/site\/wp-content\/uploads\/2021\/07\/morador-de-rua-sem-teto-euroa-03022021142351241.jpeg","articleSection":["Quadradinho em Foco"],"inLanguage":"pt-BR"},{"@type":"WebPage","@id":"https:\/\/www.notibras.com\/site\/chico-dois-pes-um-sapato-e-a-doacao-de-angelica\/","url":"https:\/\/www.notibras.com\/site\/chico-dois-pes-um-sapato-e-a-doacao-de-angelica\/","name":"Chico, dois p\u00e9s, um sapato e a doa\u00e7\u00e3o de Ang\u00e9lica - Notibras","isPartOf":{"@id":"https:\/\/www.notibras.com\/site\/#website"},"primaryImageOfPage":{"@id":"https:\/\/www.notibras.com\/site\/chico-dois-pes-um-sapato-e-a-doacao-de-angelica\/#primaryimage"},"image":{"@id":"https:\/\/www.notibras.com\/site\/chico-dois-pes-um-sapato-e-a-doacao-de-angelica\/#primaryimage"},"thumbnailUrl":"https:\/\/www.notibras.com\/site\/wp-content\/uploads\/2021\/07\/morador-de-rua-sem-teto-euroa-03022021142351241.jpeg","datePublished":"2023-05-30T12:49:36+00:00","breadcrumb":{"@id":"https:\/\/www.notibras.com\/site\/chico-dois-pes-um-sapato-e-a-doacao-de-angelica\/#breadcrumb"},"inLanguage":"pt-BR","potentialAction":[{"@type":"ReadAction","target":["https:\/\/www.notibras.com\/site\/chico-dois-pes-um-sapato-e-a-doacao-de-angelica\/"]}]},{"@type":"ImageObject","inLanguage":"pt-BR","@id":"https:\/\/www.notibras.com\/site\/chico-dois-pes-um-sapato-e-a-doacao-de-angelica\/#primaryimage","url":"https:\/\/www.notibras.com\/site\/wp-content\/uploads\/2021\/07\/morador-de-rua-sem-teto-euroa-03022021142351241.jpeg","contentUrl":"https:\/\/www.notibras.com\/site\/wp-content\/uploads\/2021\/07\/morador-de-rua-sem-teto-euroa-03022021142351241.jpeg","width":1500,"height":1020},{"@type":"BreadcrumbList","@id":"https:\/\/www.notibras.com\/site\/chico-dois-pes-um-sapato-e-a-doacao-de-angelica\/#breadcrumb","itemListElement":[{"@type":"ListItem","position":1,"name":"In\u00edcio","item":"https:\/\/www.notibras.com\/site\/"},{"@type":"ListItem","position":2,"name":"Chico, dois p\u00e9s, um sapato e a doa\u00e7\u00e3o de Ang\u00e9lica"}]},{"@type":"WebSite","@id":"https:\/\/www.notibras.com\/site\/#website","url":"https:\/\/www.notibras.com\/site\/","name":"Notibras","description":"Not\u00edcias de Bras\u00edlia, do Brasil e do Mundo","publisher":{"@id":"https:\/\/www.notibras.com\/site\/#organization"},"potentialAction":[{"@type":"SearchAction","target":{"@type":"EntryPoint","urlTemplate":"https:\/\/www.notibras.com\/site\/?s={search_term_string}"},"query-input":{"@type":"PropertyValueSpecification","valueRequired":true,"valueName":"search_term_string"}}],"inLanguage":"pt-BR"},{"@type":"Organization","@id":"https:\/\/www.notibras.com\/site\/#organization","name":"Grupo Notibras de Comunica\u00e7\u00e3o","url":"https:\/\/www.notibras.com\/site\/","logo":{"@type":"ImageObject","inLanguage":"pt-BR","@id":"https:\/\/www.notibras.com\/site\/#\/schema\/logo\/image\/","url":"https:\/\/www.notibras.com\/site\/wp-content\/uploads\/2023\/01\/notibras23.png","contentUrl":"https:\/\/www.notibras.com\/site\/wp-content\/uploads\/2023\/01\/notibras23.png","width":350,"height":87,"caption":"Grupo Notibras de Comunica\u00e7\u00e3o"},"image":{"@id":"https:\/\/www.notibras.com\/site\/#\/schema\/logo\/image\/"},"sameAs":["https:\/\/www.facebook.com\/notibras\/","https:\/\/x.com\/Notibras","https:\/\/www.instagram.com\/notibras\/"]},{"@type":"Person","@id":"https:\/\/www.notibras.com\/site\/#\/schema\/person\/36ab0979449956132d3e5b517ea76ac8","name":"Reda\u00e7\u00e3o","image":{"@type":"ImageObject","inLanguage":"pt-BR","@id":"https:\/\/secure.gravatar.com\/avatar\/e0a867bdedb85fd243eadf09663511f96fc81e0720a4a42581f334ad4303aa6b?s=96&d=mm&r=g","url":"https:\/\/secure.gravatar.com\/avatar\/e0a867bdedb85fd243eadf09663511f96fc81e0720a4a42581f334ad4303aa6b?s=96&d=mm&r=g","contentUrl":"https:\/\/secure.gravatar.com\/avatar\/e0a867bdedb85fd243eadf09663511f96fc81e0720a4a42581f334ad4303aa6b?s=96&d=mm&r=g","caption":"Reda\u00e7\u00e3o"}}]}},"amp_enabled":true,"_links":{"self":[{"href":"https:\/\/www.notibras.com\/site\/wp-json\/wp\/v2\/posts\/305942","targetHints":{"allow":["GET"]}}],"collection":[{"href":"https:\/\/www.notibras.com\/site\/wp-json\/wp\/v2\/posts"}],"about":[{"href":"https:\/\/www.notibras.com\/site\/wp-json\/wp\/v2\/types\/post"}],"author":[{"embeddable":true,"href":"https:\/\/www.notibras.com\/site\/wp-json\/wp\/v2\/users\/2"}],"replies":[{"embeddable":true,"href":"https:\/\/www.notibras.com\/site\/wp-json\/wp\/v2\/comments?post=305942"}],"version-history":[{"count":1,"href":"https:\/\/www.notibras.com\/site\/wp-json\/wp\/v2\/posts\/305942\/revisions"}],"predecessor-version":[{"id":305943,"href":"https:\/\/www.notibras.com\/site\/wp-json\/wp\/v2\/posts\/305942\/revisions\/305943"}],"wp:featuredmedia":[{"embeddable":true,"href":"https:\/\/www.notibras.com\/site\/wp-json\/wp\/v2\/media\/261141"}],"wp:attachment":[{"href":"https:\/\/www.notibras.com\/site\/wp-json\/wp\/v2\/media?parent=305942"}],"wp:term":[{"taxonomy":"category","embeddable":true,"href":"https:\/\/www.notibras.com\/site\/wp-json\/wp\/v2\/categories?post=305942"},{"taxonomy":"post_tag","embeddable":true,"href":"https:\/\/www.notibras.com\/site\/wp-json\/wp\/v2\/tags?post=305942"}],"curies":[{"name":"wp","href":"https:\/\/api.w.org\/{rel}","templated":true}]}}