{"id":305983,"date":"2023-05-31T07:58:00","date_gmt":"2023-05-31T10:58:00","guid":{"rendered":"https:\/\/www.notibras.com\/site\/?p=305983"},"modified":"2023-05-31T07:58:00","modified_gmt":"2023-05-31T10:58:00","slug":"agro-despeja-600-mi-de-litros-de-agrotoxico-no-cerrado","status":"publish","type":"post","link":"https:\/\/www.notibras.com\/site\/agro-despeja-600-mi-de-litros-de-agrotoxico-no-cerrado\/","title":{"rendered":"Agro despeja 600 mi de litros de agrot\u00f3xico no Cerrado"},"content":{"rendered":"<p>Todo ano, s\u00e3o lan\u00e7ados 600 milh\u00f5es de litros de agrot\u00f3xico no Cerrado, bioma que concentrava mais da metade (52%) da \u00e1rea reservada ao plantio de soja de todo o pa\u00eds, na safra 2020\/2021, de acordo com a Companhia Nacional de Abastecimento (Conab). Naquele per\u00edodo, o monocultivo de soja abrangia 38,5 milh\u00f5es de hectares. Um hectare corresponde \u00e0 \u00e1rea de um campo de futebol oficial.<\/p>\n<p>Essa \u00e9 uma das informa\u00e7\u00f5es que constam do documento Vivendo em territ\u00f3rios contaminados: um dossi\u00ea sobre agrot\u00f3xicos nas \u00e1guas do Cerrado, que compila trabalhos cient\u00edficos sobre o assunto.<\/p>\n<p>O relat\u00f3rio foi elaborado pela Campanha Nacional em Defesa do Cerrado, Comiss\u00e3o Pastoral da Terra (CPT) e pesquisadores da Funda\u00e7\u00e3o Oswaldo Cruz (Fiocruz) e foi lan\u00e7ado nesta ter\u00e7a-feira (30), dois dias antes da audi\u00eancia p\u00fablica organizada pelo deputado Nilto Natto (PT-SP), com o tema Impactos dos Agrot\u00f3xicos em povos e comunidades tradicionais do Cerrado, que acontecer\u00e1 \u00e0s 10h desta quinta-feira (1\u00ba), na C\u00e2mara dos Deputados, no \u00e2mbito das atividades da Comiss\u00e3o de Meio Ambiente de Desenvolvimento Sustent\u00e1vel.<\/p>\n<p>Entre os anos de 1985 e 2021, a extens\u00e3o das lavouras de soja no bioma aumentou cerca de 1.440%, ocupando o equivalente a 10% de sua \u00e1rea. A soja \u00e9 a cultura que mais tem demandado o uso de agrot\u00f3xicos. Mais de 63% desse tipo de produto vai para o plantio do gr\u00e3o. A forma como o agrot\u00f3xico \u00e9 lan\u00e7ado \u00e9 outro problema. Somente 32% do volume pulverizado atinge as plantas-alvo, enquanto 49% v\u00e3o para o solo e 16% s\u00e3o dispersados pelo ar para \u00e1reas vizinhas \u00e0 aplica\u00e7\u00e3o. O que se constata, portanto, \u00e9 que a contamina\u00e7\u00e3o \u00e9 expressiva.<\/p>\n<p>Mariana Pontes, membro da equipe da secretaria-executiva da Campanha Nacional em Defesa do Cerrado, que re\u00fane mais de 50 organiza\u00e7\u00f5es e movimentos sociais, alerta que, por tr\u00e1s do discurso de suposto desenvolvimento do bioma, que tem dado respaldo \u00e0 presen\u00e7a cada vez maior de grandes empreendimentos, da pecu\u00e1ria intensiva e do agroneg\u00f3cio, h\u00e1 um modelo de explora\u00e7\u00e3o na natureza das comunidades que vivem na regi\u00e3o. &#8220;E que traz muita viol\u00eancia, muita usurpa\u00e7\u00e3o dos territ\u00f3rios e viola\u00e7\u00e3o dos direitos humanos&#8221;, emenda.<\/p>\n<p>&#8220;O Cerrado \u00e9 uma das regi\u00f5es mais biodiversas do mundo, chegando a abrigar 5% da biodiversidade do planeta. E essa biodiversidade, toda essa riqueza devido \u00e0 perman\u00eancia, ao manejo das paisagens, \u00e0s lutas que v\u00eam sendo travadas h\u00e1 tantas gera\u00e7\u00f5es pelos povos e comunidades tradicionais do Cerrado. O Cerrado existe e resiste hoje devido aos modos de vida, aos saberes tradicionais das comunidades ind\u00edgenas, quilombolas, geraizeiras, quebradeiras de coco baba\u00e7u, raizeiras e v\u00e1rias outras comunidades&#8221;, acrescenta.<\/p>\n<p>O que est\u00e1 em debate, al\u00e9m da oposi\u00e7\u00e3o ao uso de agrot\u00f3xicos, \u00e9 o protesto contra transg\u00eanicos e outras biotecnologias que possam colocar em risco as diversas formas de vida. A campanha reivindica, ainda, a cria\u00e7\u00e3o de um projeto de lei (PL) que estabele\u00e7a a Pol\u00edcia Nacional de Redu\u00e7\u00e3o dos Agrot\u00f3xicos, que teria por fun\u00e7\u00e3o, paralelamente, o fomento a projetos de agroecologia.<\/p>\n<p>As organiza\u00e7\u00f5es que comp\u00f5em e campanha fazem uma s\u00e9rie de recomenda\u00e7\u00f5es, conforme detalha Mariana, como a cria\u00e7\u00e3o de um canal oficial para den\u00fancias relacionadas ao uso de agrot\u00f3xicos e danos derivados dele; a proibi\u00e7\u00e3o de pulveriza\u00e7\u00e3o a\u00e9rea, consolidada, inclusive, no Cear\u00e1, por decis\u00e3o do Supremo Tribunal Federal, h\u00e1 alguns dias; a revis\u00e3o de par\u00e2metros de contamina\u00e7\u00e3o da \u00e1gua, com a amplia\u00e7\u00e3o do n\u00famero de agrot\u00f3xicos examinado; o fim da isen\u00e7\u00e3o fiscal de agrot\u00f3xicos; o endurecimento de a\u00e7\u00f5es de fiscaliza\u00e7\u00e3o; mais transpar\u00eancia do Programa de An\u00e1lise de Res\u00edduos de Agrot\u00f3xicos em Alimentos (PARA), criado em 2001; a proibi\u00e7\u00e3o de uso de agrot\u00f3xicos barrados em outros pa\u00edses; e a derrubada do PL 1.459\/2022, conhecido como PL do Veneno. O PL recebeu cr\u00edticas da Funda\u00e7\u00e3o Oswaldo Cruz e da Abrasco, que chegou a elaborar um dossi\u00ea alertando sobre o que o uso de agrot\u00f3xicos representa para o meio ambiente e a sa\u00fade.<\/p>\n<p><strong>\u00c1reas plantadas<\/strong><br \/>\nO estudo Proje\u00e7\u00f5es do Agroneg\u00f3cio, divulgado em julho de 2021, indica que, no Brasil, a \u00e1rea plantada com lavouras deve passar de 80,8 milh\u00f5es de hectares, patamar da safra 2020\/2021, para 92,3 milh\u00f5es, em 2030\/31. A principal respons\u00e1vel por essa expans\u00e3o \u00e9 a soja, com um total de 10,3 milh\u00f5es de hectares. Atr\u00e1s, v\u00eam a cana-de-a\u00e7\u00facar (mais 1 milh\u00e3o) e o milho (2,1 milh\u00f5es de hectares. Outras culturas dever\u00e3o perder espa\u00e7o, como a mandioca, o caf\u00e9, o arroz, a laranja e o feij\u00e3o. &#8220;Sendo que a \u00e1rea do territ\u00f3rio \u00e9 de 851,49 milh\u00f5es de hectares, a \u00e1rea de lavouras dever\u00e1 ocupar em 2030, 10,8% do espa\u00e7o territorial&#8221;. Quem assina o levantamento \u00e9 a Secretaria de Pol\u00edtica Agr\u00edcola do Minist\u00e9rio da Agricultura, Pecu\u00e1ria e Abastecimento, em conjunto com a Secretaria de Intelig\u00eancia e Rela\u00e7\u00f5es Estrat\u00e9gicas da Empresa Brasileira de Pesquisa Agropecu\u00e1ria (Sire\/Embrapa) e o Departamento de Estat\u00edstica da Universidade de Bras\u00edlia (UnB).<\/p>\n<p>A equipe de pesquisadores que assina o Proje\u00e7\u00f5es do Agroneg\u00f3cio tamb\u00e9m sublinha que as regi\u00f5es Centro-Oeste e Norte s\u00e3o as que dever\u00e3o ter os maiores aumentos relativos de produ\u00e7\u00e3o e \u00e1rea e que, entre os estados do Norte, Tocantins e Rond\u00f4nia dever\u00e3o liderar a expans\u00e3o da produ\u00e7\u00e3o. O Cerrado abrange tanto estes dois estados como a regi\u00e3o Centro-Oeste, os estados de Minas Gerais, Bahia, Maranh\u00e3o, Piau\u00ed, Paran\u00e1, S\u00e3o Paulo e partes do Amap\u00e1, Roraima e Amazonas.<\/p>\n<p>O pesquisador Andr\u00e9 Pereira, da Empresa Brasileira de Pesquisa Agropecu\u00e1ria (Embrapa) afirma que o processo pelo qual o bioma passa agora \u00e9 tamb\u00e9m resultado de uma decis\u00e3o de anos atr\u00e1s, de se ocupar o centro do Brasil, &#8220;tanto \u00e9 que se fez a constru\u00e7\u00e3o de Bras\u00edlia no Cerrado&#8221;. Ele explica que, antes, havia uma perda grande de solo, que foi sendo contornada com o aprimoramento de conhecimentos. T\u00e9cnicas como a calagem, por exemplo, que consiste em aplicar no solo rocha mo\u00edda, para corrigir o pH e garantir a nutri\u00e7\u00e3o devida de plantas, t\u00eam sido aliadas.<\/p>\n<p>&#8220;A eleva\u00e7\u00e3o da produtividade \u00e9 algo muito importante para a gente reduzir a press\u00e3o sobre o bioma&#8221;, diz Pereira. &#8220;A gente espera que, daqui pra frente, nenhum hectare a mais, no Cerrado, seja desmatado para \u00e1rea de cultivos. Vamos avan\u00e7ar em produtividade e produ\u00e7\u00e3o em \u00e1reas j\u00e1 cultivadas, pastagens degradadas. A ci\u00eancia evolui justamente para isso, para que fa\u00e7amos agricultura em \u00e1rea de pastagem degradada. Nosso grande desafio, enquanto humanidade, \u00e9 conservar esse resto de Cerrado que est\u00e1 presente, aumentar a produtividade nessas \u00e1reas que j\u00e1 s\u00e3o cultivadas e avan\u00e7ar tamb\u00e9m em produ\u00e7\u00e3o em \u00e1rea de pastagem degradada.&#8221;<\/p>\n<p>O estado atual do Cerrado exige um conjunto inadi\u00e1vel de a\u00e7\u00f5es, segundo a vice-presidente do Conselho Nacional das Popula\u00e7\u00f5es Extrativistas (CNS), Maria do Socorro Lima. &#8220;A fauna e a flora se acabaram com o fogo, a derrubada e o uso indiscriminado de agrot\u00f3xico pelas grandes empresas. Essa \u00e9 a verdade&#8221;, diz ela, que tamb\u00e9m integra a Rede Cerrado.<\/p>\n<p>&#8220;O Cerrado e a Amaz\u00f4nia, eu digo que s\u00e3o um casal muito importante nas nossas vidas, porque um depende do outro. A Amaz\u00f4nia sem o Cerrado n\u00e3o \u00e9 a Amaz\u00f4nia e nem o Cerrado sem a Amaz\u00f4nia \u00e9 o Cerrado, O Cerrado precisa de chuva para juntar e estocar \u00e1gua. Da Amaz\u00f4nia n\u00f3s precisamos porque \u00e9 ela quem faz chover&#8221;, resume Maria sobre a din\u00e2mica de interdepend\u00eancia que se estabelece, entre os dois biomas, na pr\u00e1tica.<\/p>\n","protected":false},"excerpt":{"rendered":"<p>Todo ano, s\u00e3o lan\u00e7ados 600 milh\u00f5es de litros de agrot\u00f3xico no Cerrado, bioma que concentrava mais da metade (52%) da \u00e1rea reservada ao plantio de soja de todo o pa\u00eds, na safra 2020\/2021, de acordo com a Companhia Nacional de Abastecimento (Conab). Naquele per\u00edodo, o monocultivo de soja abrangia 38,5 milh\u00f5es de hectares. Um hectare [&hellip;]<\/p>\n","protected":false},"author":2,"featured_media":305984,"comment_status":"closed","ping_status":"closed","sticky":false,"template":"","format":"standard","meta":{"_acf_changed":false,"footnotes":""},"categories":[161],"tags":[],"class_list":["post-305983","post","type-post","status-publish","format-standard","has-post-thumbnail","hentry","category-quadradinho-em-foco"],"acf":[],"yoast_head":"<!-- This site is optimized with the Yoast SEO plugin v27.2 - https:\/\/yoast.com\/product\/yoast-seo-wordpress\/ -->\n<title>Agro despeja 600 mi de litros de agrot\u00f3xico no Cerrado - Notibras<\/title>\n<meta name=\"robots\" content=\"index, follow, max-snippet:-1, max-image-preview:large, max-video-preview:-1\" \/>\n<link rel=\"canonical\" href=\"https:\/\/www.notibras.com\/site\/agro-despeja-600-mi-de-litros-de-agrotoxico-no-cerrado\/\" \/>\n<meta property=\"og:locale\" content=\"pt_BR\" \/>\n<meta property=\"og:type\" content=\"article\" \/>\n<meta property=\"og:title\" content=\"Agro despeja 600 mi de litros de agrot\u00f3xico no Cerrado - Notibras\" \/>\n<meta property=\"og:description\" content=\"Todo ano, s\u00e3o lan\u00e7ados 600 milh\u00f5es de litros de agrot\u00f3xico no Cerrado, bioma que concentrava mais da metade (52%) da \u00e1rea reservada ao plantio de soja de todo o pa\u00eds, na safra 2020\/2021, de acordo com a Companhia Nacional de Abastecimento (Conab). Naquele per\u00edodo, o monocultivo de soja abrangia 38,5 milh\u00f5es de hectares. Um hectare [&hellip;]\" \/>\n<meta property=\"og:url\" content=\"https:\/\/www.notibras.com\/site\/agro-despeja-600-mi-de-litros-de-agrotoxico-no-cerrado\/\" \/>\n<meta property=\"og:site_name\" content=\"Notibras\" \/>\n<meta property=\"article:publisher\" content=\"https:\/\/www.facebook.com\/notibras\/\" \/>\n<meta property=\"article:published_time\" content=\"2023-05-31T10:58:00+00:00\" \/>\n<meta property=\"og:image\" content=\"https:\/\/www.notibras.com\/site\/wp-content\/uploads\/2023\/05\/50927545386_dc142e1f64_k-2.jpg\" \/>\n\t<meta property=\"og:image:width\" content=\"1170\" \/>\n\t<meta property=\"og:image:height\" content=\"700\" \/>\n\t<meta property=\"og:image:type\" content=\"image\/jpeg\" \/>\n<meta name=\"author\" content=\"Reda\u00e7\u00e3o\" \/>\n<meta name=\"twitter:card\" content=\"summary_large_image\" \/>\n<meta name=\"twitter:creator\" content=\"@Notibras\" \/>\n<meta name=\"twitter:site\" content=\"@Notibras\" \/>\n<meta name=\"twitter:label1\" content=\"Escrito por\" \/>\n\t<meta name=\"twitter:data1\" content=\"Reda\u00e7\u00e3o\" \/>\n\t<meta name=\"twitter:label2\" content=\"Est. tempo de leitura\" \/>\n\t<meta name=\"twitter:data2\" content=\"7 minutos\" \/>\n<script type=\"application\/ld+json\" class=\"yoast-schema-graph\">{\"@context\":\"https:\/\/schema.org\",\"@graph\":[{\"@type\":\"Article\",\"@id\":\"https:\/\/www.notibras.com\/site\/agro-despeja-600-mi-de-litros-de-agrotoxico-no-cerrado\/#article\",\"isPartOf\":{\"@id\":\"https:\/\/www.notibras.com\/site\/agro-despeja-600-mi-de-litros-de-agrotoxico-no-cerrado\/\"},\"author\":{\"name\":\"Reda\u00e7\u00e3o\",\"@id\":\"https:\/\/www.notibras.com\/site\/#\/schema\/person\/36ab0979449956132d3e5b517ea76ac8\"},\"headline\":\"Agro despeja 600 mi de litros de agrot\u00f3xico no Cerrado\",\"datePublished\":\"2023-05-31T10:58:00+00:00\",\"mainEntityOfPage\":{\"@id\":\"https:\/\/www.notibras.com\/site\/agro-despeja-600-mi-de-litros-de-agrotoxico-no-cerrado\/\"},\"wordCount\":1320,\"publisher\":{\"@id\":\"https:\/\/www.notibras.com\/site\/#organization\"},\"image\":{\"@id\":\"https:\/\/www.notibras.com\/site\/agro-despeja-600-mi-de-litros-de-agrotoxico-no-cerrado\/#primaryimage\"},\"thumbnailUrl\":\"https:\/\/www.notibras.com\/site\/wp-content\/uploads\/2023\/05\/50927545386_dc142e1f64_k-2.jpg\",\"articleSection\":[\"Quadradinho em Foco\"],\"inLanguage\":\"pt-BR\"},{\"@type\":\"WebPage\",\"@id\":\"https:\/\/www.notibras.com\/site\/agro-despeja-600-mi-de-litros-de-agrotoxico-no-cerrado\/\",\"url\":\"https:\/\/www.notibras.com\/site\/agro-despeja-600-mi-de-litros-de-agrotoxico-no-cerrado\/\",\"name\":\"Agro despeja 600 mi de litros de agrot\u00f3xico no Cerrado - Notibras\",\"isPartOf\":{\"@id\":\"https:\/\/www.notibras.com\/site\/#website\"},\"primaryImageOfPage\":{\"@id\":\"https:\/\/www.notibras.com\/site\/agro-despeja-600-mi-de-litros-de-agrotoxico-no-cerrado\/#primaryimage\"},\"image\":{\"@id\":\"https:\/\/www.notibras.com\/site\/agro-despeja-600-mi-de-litros-de-agrotoxico-no-cerrado\/#primaryimage\"},\"thumbnailUrl\":\"https:\/\/www.notibras.com\/site\/wp-content\/uploads\/2023\/05\/50927545386_dc142e1f64_k-2.jpg\",\"datePublished\":\"2023-05-31T10:58:00+00:00\",\"breadcrumb\":{\"@id\":\"https:\/\/www.notibras.com\/site\/agro-despeja-600-mi-de-litros-de-agrotoxico-no-cerrado\/#breadcrumb\"},\"inLanguage\":\"pt-BR\",\"potentialAction\":[{\"@type\":\"ReadAction\",\"target\":[\"https:\/\/www.notibras.com\/site\/agro-despeja-600-mi-de-litros-de-agrotoxico-no-cerrado\/\"]}]},{\"@type\":\"ImageObject\",\"inLanguage\":\"pt-BR\",\"@id\":\"https:\/\/www.notibras.com\/site\/agro-despeja-600-mi-de-litros-de-agrotoxico-no-cerrado\/#primaryimage\",\"url\":\"https:\/\/www.notibras.com\/site\/wp-content\/uploads\/2023\/05\/50927545386_dc142e1f64_k-2.jpg\",\"contentUrl\":\"https:\/\/www.notibras.com\/site\/wp-content\/uploads\/2023\/05\/50927545386_dc142e1f64_k-2.jpg\",\"width\":1170,\"height\":700},{\"@type\":\"BreadcrumbList\",\"@id\":\"https:\/\/www.notibras.com\/site\/agro-despeja-600-mi-de-litros-de-agrotoxico-no-cerrado\/#breadcrumb\",\"itemListElement\":[{\"@type\":\"ListItem\",\"position\":1,\"name\":\"In\u00edcio\",\"item\":\"https:\/\/www.notibras.com\/site\/\"},{\"@type\":\"ListItem\",\"position\":2,\"name\":\"Agro despeja 600 mi de litros de agrot\u00f3xico no Cerrado\"}]},{\"@type\":\"WebSite\",\"@id\":\"https:\/\/www.notibras.com\/site\/#website\",\"url\":\"https:\/\/www.notibras.com\/site\/\",\"name\":\"Notibras\",\"description\":\"Not\u00edcias de Bras\u00edlia, do Brasil e do Mundo\",\"publisher\":{\"@id\":\"https:\/\/www.notibras.com\/site\/#organization\"},\"potentialAction\":[{\"@type\":\"SearchAction\",\"target\":{\"@type\":\"EntryPoint\",\"urlTemplate\":\"https:\/\/www.notibras.com\/site\/?s={search_term_string}\"},\"query-input\":{\"@type\":\"PropertyValueSpecification\",\"valueRequired\":true,\"valueName\":\"search_term_string\"}}],\"inLanguage\":\"pt-BR\"},{\"@type\":\"Organization\",\"@id\":\"https:\/\/www.notibras.com\/site\/#organization\",\"name\":\"Grupo Notibras de Comunica\u00e7\u00e3o\",\"url\":\"https:\/\/www.notibras.com\/site\/\",\"logo\":{\"@type\":\"ImageObject\",\"inLanguage\":\"pt-BR\",\"@id\":\"https:\/\/www.notibras.com\/site\/#\/schema\/logo\/image\/\",\"url\":\"https:\/\/www.notibras.com\/site\/wp-content\/uploads\/2023\/01\/notibras23.png\",\"contentUrl\":\"https:\/\/www.notibras.com\/site\/wp-content\/uploads\/2023\/01\/notibras23.png\",\"width\":350,\"height\":87,\"caption\":\"Grupo Notibras de Comunica\u00e7\u00e3o\"},\"image\":{\"@id\":\"https:\/\/www.notibras.com\/site\/#\/schema\/logo\/image\/\"},\"sameAs\":[\"https:\/\/www.facebook.com\/notibras\/\",\"https:\/\/x.com\/Notibras\",\"https:\/\/www.instagram.com\/notibras\/\"]},{\"@type\":\"Person\",\"@id\":\"https:\/\/www.notibras.com\/site\/#\/schema\/person\/36ab0979449956132d3e5b517ea76ac8\",\"name\":\"Reda\u00e7\u00e3o\",\"image\":{\"@type\":\"ImageObject\",\"inLanguage\":\"pt-BR\",\"@id\":\"https:\/\/secure.gravatar.com\/avatar\/e0a867bdedb85fd243eadf09663511f96fc81e0720a4a42581f334ad4303aa6b?s=96&d=mm&r=g\",\"url\":\"https:\/\/secure.gravatar.com\/avatar\/e0a867bdedb85fd243eadf09663511f96fc81e0720a4a42581f334ad4303aa6b?s=96&d=mm&r=g\",\"contentUrl\":\"https:\/\/secure.gravatar.com\/avatar\/e0a867bdedb85fd243eadf09663511f96fc81e0720a4a42581f334ad4303aa6b?s=96&d=mm&r=g\",\"caption\":\"Reda\u00e7\u00e3o\"}}]}<\/script>\n<!-- \/ Yoast SEO plugin. -->","yoast_head_json":{"title":"Agro despeja 600 mi de litros de agrot\u00f3xico no Cerrado - Notibras","robots":{"index":"index","follow":"follow","max-snippet":"max-snippet:-1","max-image-preview":"max-image-preview:large","max-video-preview":"max-video-preview:-1"},"canonical":"https:\/\/www.notibras.com\/site\/agro-despeja-600-mi-de-litros-de-agrotoxico-no-cerrado\/","og_locale":"pt_BR","og_type":"article","og_title":"Agro despeja 600 mi de litros de agrot\u00f3xico no Cerrado - Notibras","og_description":"Todo ano, s\u00e3o lan\u00e7ados 600 milh\u00f5es de litros de agrot\u00f3xico no Cerrado, bioma que concentrava mais da metade (52%) da \u00e1rea reservada ao plantio de soja de todo o pa\u00eds, na safra 2020\/2021, de acordo com a Companhia Nacional de Abastecimento (Conab). Naquele per\u00edodo, o monocultivo de soja abrangia 38,5 milh\u00f5es de hectares. Um hectare [&hellip;]","og_url":"https:\/\/www.notibras.com\/site\/agro-despeja-600-mi-de-litros-de-agrotoxico-no-cerrado\/","og_site_name":"Notibras","article_publisher":"https:\/\/www.facebook.com\/notibras\/","article_published_time":"2023-05-31T10:58:00+00:00","og_image":[{"width":1170,"height":700,"url":"https:\/\/www.notibras.com\/site\/wp-content\/uploads\/2023\/05\/50927545386_dc142e1f64_k-2.jpg","type":"image\/jpeg"}],"author":"Reda\u00e7\u00e3o","twitter_card":"summary_large_image","twitter_creator":"@Notibras","twitter_site":"@Notibras","twitter_misc":{"Escrito por":"Reda\u00e7\u00e3o","Est. tempo de leitura":"7 minutos"},"schema":{"@context":"https:\/\/schema.org","@graph":[{"@type":"Article","@id":"https:\/\/www.notibras.com\/site\/agro-despeja-600-mi-de-litros-de-agrotoxico-no-cerrado\/#article","isPartOf":{"@id":"https:\/\/www.notibras.com\/site\/agro-despeja-600-mi-de-litros-de-agrotoxico-no-cerrado\/"},"author":{"name":"Reda\u00e7\u00e3o","@id":"https:\/\/www.notibras.com\/site\/#\/schema\/person\/36ab0979449956132d3e5b517ea76ac8"},"headline":"Agro despeja 600 mi de litros de agrot\u00f3xico no Cerrado","datePublished":"2023-05-31T10:58:00+00:00","mainEntityOfPage":{"@id":"https:\/\/www.notibras.com\/site\/agro-despeja-600-mi-de-litros-de-agrotoxico-no-cerrado\/"},"wordCount":1320,"publisher":{"@id":"https:\/\/www.notibras.com\/site\/#organization"},"image":{"@id":"https:\/\/www.notibras.com\/site\/agro-despeja-600-mi-de-litros-de-agrotoxico-no-cerrado\/#primaryimage"},"thumbnailUrl":"https:\/\/www.notibras.com\/site\/wp-content\/uploads\/2023\/05\/50927545386_dc142e1f64_k-2.jpg","articleSection":["Quadradinho em Foco"],"inLanguage":"pt-BR"},{"@type":"WebPage","@id":"https:\/\/www.notibras.com\/site\/agro-despeja-600-mi-de-litros-de-agrotoxico-no-cerrado\/","url":"https:\/\/www.notibras.com\/site\/agro-despeja-600-mi-de-litros-de-agrotoxico-no-cerrado\/","name":"Agro despeja 600 mi de litros de agrot\u00f3xico no Cerrado - Notibras","isPartOf":{"@id":"https:\/\/www.notibras.com\/site\/#website"},"primaryImageOfPage":{"@id":"https:\/\/www.notibras.com\/site\/agro-despeja-600-mi-de-litros-de-agrotoxico-no-cerrado\/#primaryimage"},"image":{"@id":"https:\/\/www.notibras.com\/site\/agro-despeja-600-mi-de-litros-de-agrotoxico-no-cerrado\/#primaryimage"},"thumbnailUrl":"https:\/\/www.notibras.com\/site\/wp-content\/uploads\/2023\/05\/50927545386_dc142e1f64_k-2.jpg","datePublished":"2023-05-31T10:58:00+00:00","breadcrumb":{"@id":"https:\/\/www.notibras.com\/site\/agro-despeja-600-mi-de-litros-de-agrotoxico-no-cerrado\/#breadcrumb"},"inLanguage":"pt-BR","potentialAction":[{"@type":"ReadAction","target":["https:\/\/www.notibras.com\/site\/agro-despeja-600-mi-de-litros-de-agrotoxico-no-cerrado\/"]}]},{"@type":"ImageObject","inLanguage":"pt-BR","@id":"https:\/\/www.notibras.com\/site\/agro-despeja-600-mi-de-litros-de-agrotoxico-no-cerrado\/#primaryimage","url":"https:\/\/www.notibras.com\/site\/wp-content\/uploads\/2023\/05\/50927545386_dc142e1f64_k-2.jpg","contentUrl":"https:\/\/www.notibras.com\/site\/wp-content\/uploads\/2023\/05\/50927545386_dc142e1f64_k-2.jpg","width":1170,"height":700},{"@type":"BreadcrumbList","@id":"https:\/\/www.notibras.com\/site\/agro-despeja-600-mi-de-litros-de-agrotoxico-no-cerrado\/#breadcrumb","itemListElement":[{"@type":"ListItem","position":1,"name":"In\u00edcio","item":"https:\/\/www.notibras.com\/site\/"},{"@type":"ListItem","position":2,"name":"Agro despeja 600 mi de litros de agrot\u00f3xico no Cerrado"}]},{"@type":"WebSite","@id":"https:\/\/www.notibras.com\/site\/#website","url":"https:\/\/www.notibras.com\/site\/","name":"Notibras","description":"Not\u00edcias de Bras\u00edlia, do Brasil e do Mundo","publisher":{"@id":"https:\/\/www.notibras.com\/site\/#organization"},"potentialAction":[{"@type":"SearchAction","target":{"@type":"EntryPoint","urlTemplate":"https:\/\/www.notibras.com\/site\/?s={search_term_string}"},"query-input":{"@type":"PropertyValueSpecification","valueRequired":true,"valueName":"search_term_string"}}],"inLanguage":"pt-BR"},{"@type":"Organization","@id":"https:\/\/www.notibras.com\/site\/#organization","name":"Grupo Notibras de Comunica\u00e7\u00e3o","url":"https:\/\/www.notibras.com\/site\/","logo":{"@type":"ImageObject","inLanguage":"pt-BR","@id":"https:\/\/www.notibras.com\/site\/#\/schema\/logo\/image\/","url":"https:\/\/www.notibras.com\/site\/wp-content\/uploads\/2023\/01\/notibras23.png","contentUrl":"https:\/\/www.notibras.com\/site\/wp-content\/uploads\/2023\/01\/notibras23.png","width":350,"height":87,"caption":"Grupo Notibras de Comunica\u00e7\u00e3o"},"image":{"@id":"https:\/\/www.notibras.com\/site\/#\/schema\/logo\/image\/"},"sameAs":["https:\/\/www.facebook.com\/notibras\/","https:\/\/x.com\/Notibras","https:\/\/www.instagram.com\/notibras\/"]},{"@type":"Person","@id":"https:\/\/www.notibras.com\/site\/#\/schema\/person\/36ab0979449956132d3e5b517ea76ac8","name":"Reda\u00e7\u00e3o","image":{"@type":"ImageObject","inLanguage":"pt-BR","@id":"https:\/\/secure.gravatar.com\/avatar\/e0a867bdedb85fd243eadf09663511f96fc81e0720a4a42581f334ad4303aa6b?s=96&d=mm&r=g","url":"https:\/\/secure.gravatar.com\/avatar\/e0a867bdedb85fd243eadf09663511f96fc81e0720a4a42581f334ad4303aa6b?s=96&d=mm&r=g","contentUrl":"https:\/\/secure.gravatar.com\/avatar\/e0a867bdedb85fd243eadf09663511f96fc81e0720a4a42581f334ad4303aa6b?s=96&d=mm&r=g","caption":"Reda\u00e7\u00e3o"}}]}},"amp_enabled":true,"_links":{"self":[{"href":"https:\/\/www.notibras.com\/site\/wp-json\/wp\/v2\/posts\/305983","targetHints":{"allow":["GET"]}}],"collection":[{"href":"https:\/\/www.notibras.com\/site\/wp-json\/wp\/v2\/posts"}],"about":[{"href":"https:\/\/www.notibras.com\/site\/wp-json\/wp\/v2\/types\/post"}],"author":[{"embeddable":true,"href":"https:\/\/www.notibras.com\/site\/wp-json\/wp\/v2\/users\/2"}],"replies":[{"embeddable":true,"href":"https:\/\/www.notibras.com\/site\/wp-json\/wp\/v2\/comments?post=305983"}],"version-history":[{"count":1,"href":"https:\/\/www.notibras.com\/site\/wp-json\/wp\/v2\/posts\/305983\/revisions"}],"predecessor-version":[{"id":305985,"href":"https:\/\/www.notibras.com\/site\/wp-json\/wp\/v2\/posts\/305983\/revisions\/305985"}],"wp:featuredmedia":[{"embeddable":true,"href":"https:\/\/www.notibras.com\/site\/wp-json\/wp\/v2\/media\/305984"}],"wp:attachment":[{"href":"https:\/\/www.notibras.com\/site\/wp-json\/wp\/v2\/media?parent=305983"}],"wp:term":[{"taxonomy":"category","embeddable":true,"href":"https:\/\/www.notibras.com\/site\/wp-json\/wp\/v2\/categories?post=305983"},{"taxonomy":"post_tag","embeddable":true,"href":"https:\/\/www.notibras.com\/site\/wp-json\/wp\/v2\/tags?post=305983"}],"curies":[{"name":"wp","href":"https:\/\/api.w.org\/{rel}","templated":true}]}}