{"id":305986,"date":"2023-05-31T08:02:47","date_gmt":"2023-05-31T11:02:47","guid":{"rendered":"https:\/\/www.notibras.com\/site\/?p=305986"},"modified":"2023-05-31T08:02:47","modified_gmt":"2023-05-31T11:02:47","slug":"teatro-brasiliense-coloca-os-pes-nos-palcos-europeus","status":"publish","type":"post","link":"https:\/\/www.notibras.com\/site\/teatro-brasiliense-coloca-os-pes-nos-palcos-europeus\/","title":{"rendered":"Teatro brasiliense coloca os p\u00e9s nos palcos europeus"},"content":{"rendered":"<p>Vejam s\u00f3. O Coletivo Levante \u00e9 um grupo de teatro brasiliense composto pelos atores Lucca Marques, Rafael Salmona e Vin\u00edcius Fac\u00f3. Depois de apresentar &#8220;Uma Cr\u00f4nica para quem n\u00e3o deveria AMAR&#8221;, de Rafael Salmona, em Bras\u00edlia, S\u00e3o Paulo e Rio de Janeiro, o grupo saiu do Brasil em mar\u00e7o, para encenar a pe\u00e7a em Portugal e Espanha, para isso contando com o apoio do FAC.<\/p>\n<p>Depois de apresent\u00e1-la em Porto, Lisboa, Barcelona e mais 3 cidades portuguesas, o grupo foi selecionado para levar a pe\u00e7a outra vez a Porto, Oeiras, P\u00f3voa de Santa Iria e Sintra.<\/p>\n<p>Com o sucesso alcan\u00e7ado, o Coletivo Levante foi convidado para encenar outras duas pe\u00e7as em Sintra, Set\u00fabal, Barcelona, Oeiras, Povoa de Santa Iria e Porto. &#8220;Sombrio&#8221;, de Lucca Marques e Rafael Salmona, que ter\u00e1 a dire\u00e7\u00e3o de Fernando de Carvalho, e &#8220;O Jogo de J\u00falia&#8221;, uma adapta\u00e7\u00e3o do autor sueco August Strindberg, publicada originalmente no s\u00e9culo XIX com o t\u00edtulo de &#8220;Miss Julie&#8221;. A dire\u00e7\u00e3o de &#8220;O Jogo de J\u00falia&#8221; \u00e9 de Salmona e estar\u00e3o no elenco Maria L\u00e9o Araruna e Vinicius Fac\u00f3.<\/p>\n<p>O grupo j\u00e1 apresentou &#8220;O Jogo de J\u00falia&#8221; em Bras\u00edlia, mas a estreia de &#8220;Sombrio&#8221; ser\u00e1 na Europa. O grupo atualmente est\u00e1 mobilizando um financiamento coletivo para conseguir executar a circula\u00e7\u00e3o dos novos espet\u00e1culos. As informa\u00e7\u00f5es podem ser obtidas pela p\u00e1gina do grupo nas redes sociais, <em>@ocoletivolevante<\/em>.<\/p>\n","protected":false},"excerpt":{"rendered":"<p>Vejam s\u00f3. O Coletivo Levante \u00e9 um grupo de teatro brasiliense composto pelos atores Lucca Marques, Rafael Salmona e Vin\u00edcius Fac\u00f3. Depois de apresentar &#8220;Uma Cr\u00f4nica para quem n\u00e3o deveria AMAR&#8221;, de Rafael Salmona, em Bras\u00edlia, S\u00e3o Paulo e Rio de Janeiro, o grupo saiu do Brasil em mar\u00e7o, para encenar a pe\u00e7a em Portugal [&hellip;]<\/p>\n","protected":false},"author":2,"featured_media":305987,"comment_status":"closed","ping_status":"closed","sticky":false,"template":"","format":"standard","meta":{"_acf_changed":false,"footnotes":""},"categories":[161],"tags":[],"class_list":["post-305986","post","type-post","status-publish","format-standard","has-post-thumbnail","hentry","category-quadradinho-em-foco"],"acf":[],"yoast_head":"<!-- This site is optimized with the Yoast SEO plugin v27.2 - https:\/\/yoast.com\/product\/yoast-seo-wordpress\/ -->\n<title>Teatro brasiliense coloca os p\u00e9s nos palcos europeus - Notibras<\/title>\n<meta name=\"robots\" content=\"index, follow, max-snippet:-1, max-image-preview:large, max-video-preview:-1\" \/>\n<link rel=\"canonical\" href=\"https:\/\/www.notibras.com\/site\/teatro-brasiliense-coloca-os-pes-nos-palcos-europeus\/\" \/>\n<meta property=\"og:locale\" content=\"pt_BR\" \/>\n<meta property=\"og:type\" content=\"article\" \/>\n<meta property=\"og:title\" content=\"Teatro brasiliense coloca os p\u00e9s nos palcos europeus - Notibras\" \/>\n<meta property=\"og:description\" content=\"Vejam s\u00f3. O Coletivo Levante \u00e9 um grupo de teatro brasiliense composto pelos atores Lucca Marques, Rafael Salmona e Vin\u00edcius Fac\u00f3. Depois de apresentar &#8220;Uma Cr\u00f4nica para quem n\u00e3o deveria AMAR&#8221;, de Rafael Salmona, em Bras\u00edlia, S\u00e3o Paulo e Rio de Janeiro, o grupo saiu do Brasil em mar\u00e7o, para encenar a pe\u00e7a em Portugal [&hellip;]\" \/>\n<meta property=\"og:url\" content=\"https:\/\/www.notibras.com\/site\/teatro-brasiliense-coloca-os-pes-nos-palcos-europeus\/\" \/>\n<meta property=\"og:site_name\" content=\"Notibras\" \/>\n<meta property=\"article:publisher\" content=\"https:\/\/www.facebook.com\/notibras\/\" \/>\n<meta property=\"article:published_time\" content=\"2023-05-31T11:02:47+00:00\" \/>\n<meta property=\"og:image\" content=\"https:\/\/www.notibras.com\/site\/wp-content\/uploads\/2023\/05\/tolentino.jpg\" \/>\n\t<meta property=\"og:image:width\" content=\"1740\" \/>\n\t<meta property=\"og:image:height\" content=\"1160\" \/>\n\t<meta property=\"og:image:type\" content=\"image\/jpeg\" \/>\n<meta name=\"author\" content=\"Reda\u00e7\u00e3o\" \/>\n<meta name=\"twitter:card\" content=\"summary_large_image\" \/>\n<meta name=\"twitter:creator\" content=\"@Notibras\" \/>\n<meta name=\"twitter:site\" content=\"@Notibras\" \/>\n<meta name=\"twitter:label1\" content=\"Escrito por\" \/>\n\t<meta name=\"twitter:data1\" content=\"Reda\u00e7\u00e3o\" \/>\n\t<meta name=\"twitter:label2\" content=\"Est. tempo de leitura\" \/>\n\t<meta name=\"twitter:data2\" content=\"2 minutos\" \/>\n<script type=\"application\/ld+json\" class=\"yoast-schema-graph\">{\"@context\":\"https:\/\/schema.org\",\"@graph\":[{\"@type\":\"Article\",\"@id\":\"https:\/\/www.notibras.com\/site\/teatro-brasiliense-coloca-os-pes-nos-palcos-europeus\/#article\",\"isPartOf\":{\"@id\":\"https:\/\/www.notibras.com\/site\/teatro-brasiliense-coloca-os-pes-nos-palcos-europeus\/\"},\"author\":{\"name\":\"Reda\u00e7\u00e3o\",\"@id\":\"https:\/\/www.notibras.com\/site\/#\/schema\/person\/36ab0979449956132d3e5b517ea76ac8\"},\"headline\":\"Teatro brasiliense coloca os p\u00e9s nos palcos europeus\",\"datePublished\":\"2023-05-31T11:02:47+00:00\",\"mainEntityOfPage\":{\"@id\":\"https:\/\/www.notibras.com\/site\/teatro-brasiliense-coloca-os-pes-nos-palcos-europeus\/\"},\"wordCount\":260,\"publisher\":{\"@id\":\"https:\/\/www.notibras.com\/site\/#organization\"},\"image\":{\"@id\":\"https:\/\/www.notibras.com\/site\/teatro-brasiliense-coloca-os-pes-nos-palcos-europeus\/#primaryimage\"},\"thumbnailUrl\":\"https:\/\/www.notibras.com\/site\/wp-content\/uploads\/2023\/05\/tolentino.jpg\",\"articleSection\":[\"Quadradinho em Foco\"],\"inLanguage\":\"pt-BR\"},{\"@type\":\"WebPage\",\"@id\":\"https:\/\/www.notibras.com\/site\/teatro-brasiliense-coloca-os-pes-nos-palcos-europeus\/\",\"url\":\"https:\/\/www.notibras.com\/site\/teatro-brasiliense-coloca-os-pes-nos-palcos-europeus\/\",\"name\":\"Teatro brasiliense coloca os p\u00e9s nos palcos europeus - Notibras\",\"isPartOf\":{\"@id\":\"https:\/\/www.notibras.com\/site\/#website\"},\"primaryImageOfPage\":{\"@id\":\"https:\/\/www.notibras.com\/site\/teatro-brasiliense-coloca-os-pes-nos-palcos-europeus\/#primaryimage\"},\"image\":{\"@id\":\"https:\/\/www.notibras.com\/site\/teatro-brasiliense-coloca-os-pes-nos-palcos-europeus\/#primaryimage\"},\"thumbnailUrl\":\"https:\/\/www.notibras.com\/site\/wp-content\/uploads\/2023\/05\/tolentino.jpg\",\"datePublished\":\"2023-05-31T11:02:47+00:00\",\"breadcrumb\":{\"@id\":\"https:\/\/www.notibras.com\/site\/teatro-brasiliense-coloca-os-pes-nos-palcos-europeus\/#breadcrumb\"},\"inLanguage\":\"pt-BR\",\"potentialAction\":[{\"@type\":\"ReadAction\",\"target\":[\"https:\/\/www.notibras.com\/site\/teatro-brasiliense-coloca-os-pes-nos-palcos-europeus\/\"]}]},{\"@type\":\"ImageObject\",\"inLanguage\":\"pt-BR\",\"@id\":\"https:\/\/www.notibras.com\/site\/teatro-brasiliense-coloca-os-pes-nos-palcos-europeus\/#primaryimage\",\"url\":\"https:\/\/www.notibras.com\/site\/wp-content\/uploads\/2023\/05\/tolentino.jpg\",\"contentUrl\":\"https:\/\/www.notibras.com\/site\/wp-content\/uploads\/2023\/05\/tolentino.jpg\",\"width\":1740,\"height\":1160},{\"@type\":\"BreadcrumbList\",\"@id\":\"https:\/\/www.notibras.com\/site\/teatro-brasiliense-coloca-os-pes-nos-palcos-europeus\/#breadcrumb\",\"itemListElement\":[{\"@type\":\"ListItem\",\"position\":1,\"name\":\"In\u00edcio\",\"item\":\"https:\/\/www.notibras.com\/site\/\"},{\"@type\":\"ListItem\",\"position\":2,\"name\":\"Teatro brasiliense coloca os p\u00e9s nos palcos europeus\"}]},{\"@type\":\"WebSite\",\"@id\":\"https:\/\/www.notibras.com\/site\/#website\",\"url\":\"https:\/\/www.notibras.com\/site\/\",\"name\":\"Notibras\",\"description\":\"Not\u00edcias de Bras\u00edlia, do Brasil e do Mundo\",\"publisher\":{\"@id\":\"https:\/\/www.notibras.com\/site\/#organization\"},\"potentialAction\":[{\"@type\":\"SearchAction\",\"target\":{\"@type\":\"EntryPoint\",\"urlTemplate\":\"https:\/\/www.notibras.com\/site\/?s={search_term_string}\"},\"query-input\":{\"@type\":\"PropertyValueSpecification\",\"valueRequired\":true,\"valueName\":\"search_term_string\"}}],\"inLanguage\":\"pt-BR\"},{\"@type\":\"Organization\",\"@id\":\"https:\/\/www.notibras.com\/site\/#organization\",\"name\":\"Grupo Notibras de Comunica\u00e7\u00e3o\",\"url\":\"https:\/\/www.notibras.com\/site\/\",\"logo\":{\"@type\":\"ImageObject\",\"inLanguage\":\"pt-BR\",\"@id\":\"https:\/\/www.notibras.com\/site\/#\/schema\/logo\/image\/\",\"url\":\"https:\/\/www.notibras.com\/site\/wp-content\/uploads\/2023\/01\/notibras23.png\",\"contentUrl\":\"https:\/\/www.notibras.com\/site\/wp-content\/uploads\/2023\/01\/notibras23.png\",\"width\":350,\"height\":87,\"caption\":\"Grupo Notibras de Comunica\u00e7\u00e3o\"},\"image\":{\"@id\":\"https:\/\/www.notibras.com\/site\/#\/schema\/logo\/image\/\"},\"sameAs\":[\"https:\/\/www.facebook.com\/notibras\/\",\"https:\/\/x.com\/Notibras\",\"https:\/\/www.instagram.com\/notibras\/\"]},{\"@type\":\"Person\",\"@id\":\"https:\/\/www.notibras.com\/site\/#\/schema\/person\/36ab0979449956132d3e5b517ea76ac8\",\"name\":\"Reda\u00e7\u00e3o\",\"image\":{\"@type\":\"ImageObject\",\"inLanguage\":\"pt-BR\",\"@id\":\"https:\/\/secure.gravatar.com\/avatar\/e0a867bdedb85fd243eadf09663511f96fc81e0720a4a42581f334ad4303aa6b?s=96&d=mm&r=g\",\"url\":\"https:\/\/secure.gravatar.com\/avatar\/e0a867bdedb85fd243eadf09663511f96fc81e0720a4a42581f334ad4303aa6b?s=96&d=mm&r=g\",\"contentUrl\":\"https:\/\/secure.gravatar.com\/avatar\/e0a867bdedb85fd243eadf09663511f96fc81e0720a4a42581f334ad4303aa6b?s=96&d=mm&r=g\",\"caption\":\"Reda\u00e7\u00e3o\"}}]}<\/script>\n<!-- \/ Yoast SEO plugin. -->","yoast_head_json":{"title":"Teatro brasiliense coloca os p\u00e9s nos palcos europeus - Notibras","robots":{"index":"index","follow":"follow","max-snippet":"max-snippet:-1","max-image-preview":"max-image-preview:large","max-video-preview":"max-video-preview:-1"},"canonical":"https:\/\/www.notibras.com\/site\/teatro-brasiliense-coloca-os-pes-nos-palcos-europeus\/","og_locale":"pt_BR","og_type":"article","og_title":"Teatro brasiliense coloca os p\u00e9s nos palcos europeus - Notibras","og_description":"Vejam s\u00f3. O Coletivo Levante \u00e9 um grupo de teatro brasiliense composto pelos atores Lucca Marques, Rafael Salmona e Vin\u00edcius Fac\u00f3. Depois de apresentar &#8220;Uma Cr\u00f4nica para quem n\u00e3o deveria AMAR&#8221;, de Rafael Salmona, em Bras\u00edlia, S\u00e3o Paulo e Rio de Janeiro, o grupo saiu do Brasil em mar\u00e7o, para encenar a pe\u00e7a em Portugal [&hellip;]","og_url":"https:\/\/www.notibras.com\/site\/teatro-brasiliense-coloca-os-pes-nos-palcos-europeus\/","og_site_name":"Notibras","article_publisher":"https:\/\/www.facebook.com\/notibras\/","article_published_time":"2023-05-31T11:02:47+00:00","og_image":[{"width":1740,"height":1160,"url":"https:\/\/www.notibras.com\/site\/wp-content\/uploads\/2023\/05\/tolentino.jpg","type":"image\/jpeg"}],"author":"Reda\u00e7\u00e3o","twitter_card":"summary_large_image","twitter_creator":"@Notibras","twitter_site":"@Notibras","twitter_misc":{"Escrito por":"Reda\u00e7\u00e3o","Est. tempo de leitura":"2 minutos"},"schema":{"@context":"https:\/\/schema.org","@graph":[{"@type":"Article","@id":"https:\/\/www.notibras.com\/site\/teatro-brasiliense-coloca-os-pes-nos-palcos-europeus\/#article","isPartOf":{"@id":"https:\/\/www.notibras.com\/site\/teatro-brasiliense-coloca-os-pes-nos-palcos-europeus\/"},"author":{"name":"Reda\u00e7\u00e3o","@id":"https:\/\/www.notibras.com\/site\/#\/schema\/person\/36ab0979449956132d3e5b517ea76ac8"},"headline":"Teatro brasiliense coloca os p\u00e9s nos palcos europeus","datePublished":"2023-05-31T11:02:47+00:00","mainEntityOfPage":{"@id":"https:\/\/www.notibras.com\/site\/teatro-brasiliense-coloca-os-pes-nos-palcos-europeus\/"},"wordCount":260,"publisher":{"@id":"https:\/\/www.notibras.com\/site\/#organization"},"image":{"@id":"https:\/\/www.notibras.com\/site\/teatro-brasiliense-coloca-os-pes-nos-palcos-europeus\/#primaryimage"},"thumbnailUrl":"https:\/\/www.notibras.com\/site\/wp-content\/uploads\/2023\/05\/tolentino.jpg","articleSection":["Quadradinho em Foco"],"inLanguage":"pt-BR"},{"@type":"WebPage","@id":"https:\/\/www.notibras.com\/site\/teatro-brasiliense-coloca-os-pes-nos-palcos-europeus\/","url":"https:\/\/www.notibras.com\/site\/teatro-brasiliense-coloca-os-pes-nos-palcos-europeus\/","name":"Teatro brasiliense coloca os p\u00e9s nos palcos europeus - Notibras","isPartOf":{"@id":"https:\/\/www.notibras.com\/site\/#website"},"primaryImageOfPage":{"@id":"https:\/\/www.notibras.com\/site\/teatro-brasiliense-coloca-os-pes-nos-palcos-europeus\/#primaryimage"},"image":{"@id":"https:\/\/www.notibras.com\/site\/teatro-brasiliense-coloca-os-pes-nos-palcos-europeus\/#primaryimage"},"thumbnailUrl":"https:\/\/www.notibras.com\/site\/wp-content\/uploads\/2023\/05\/tolentino.jpg","datePublished":"2023-05-31T11:02:47+00:00","breadcrumb":{"@id":"https:\/\/www.notibras.com\/site\/teatro-brasiliense-coloca-os-pes-nos-palcos-europeus\/#breadcrumb"},"inLanguage":"pt-BR","potentialAction":[{"@type":"ReadAction","target":["https:\/\/www.notibras.com\/site\/teatro-brasiliense-coloca-os-pes-nos-palcos-europeus\/"]}]},{"@type":"ImageObject","inLanguage":"pt-BR","@id":"https:\/\/www.notibras.com\/site\/teatro-brasiliense-coloca-os-pes-nos-palcos-europeus\/#primaryimage","url":"https:\/\/www.notibras.com\/site\/wp-content\/uploads\/2023\/05\/tolentino.jpg","contentUrl":"https:\/\/www.notibras.com\/site\/wp-content\/uploads\/2023\/05\/tolentino.jpg","width":1740,"height":1160},{"@type":"BreadcrumbList","@id":"https:\/\/www.notibras.com\/site\/teatro-brasiliense-coloca-os-pes-nos-palcos-europeus\/#breadcrumb","itemListElement":[{"@type":"ListItem","position":1,"name":"In\u00edcio","item":"https:\/\/www.notibras.com\/site\/"},{"@type":"ListItem","position":2,"name":"Teatro brasiliense coloca os p\u00e9s nos palcos europeus"}]},{"@type":"WebSite","@id":"https:\/\/www.notibras.com\/site\/#website","url":"https:\/\/www.notibras.com\/site\/","name":"Notibras","description":"Not\u00edcias de Bras\u00edlia, do Brasil e do Mundo","publisher":{"@id":"https:\/\/www.notibras.com\/site\/#organization"},"potentialAction":[{"@type":"SearchAction","target":{"@type":"EntryPoint","urlTemplate":"https:\/\/www.notibras.com\/site\/?s={search_term_string}"},"query-input":{"@type":"PropertyValueSpecification","valueRequired":true,"valueName":"search_term_string"}}],"inLanguage":"pt-BR"},{"@type":"Organization","@id":"https:\/\/www.notibras.com\/site\/#organization","name":"Grupo Notibras de Comunica\u00e7\u00e3o","url":"https:\/\/www.notibras.com\/site\/","logo":{"@type":"ImageObject","inLanguage":"pt-BR","@id":"https:\/\/www.notibras.com\/site\/#\/schema\/logo\/image\/","url":"https:\/\/www.notibras.com\/site\/wp-content\/uploads\/2023\/01\/notibras23.png","contentUrl":"https:\/\/www.notibras.com\/site\/wp-content\/uploads\/2023\/01\/notibras23.png","width":350,"height":87,"caption":"Grupo Notibras de Comunica\u00e7\u00e3o"},"image":{"@id":"https:\/\/www.notibras.com\/site\/#\/schema\/logo\/image\/"},"sameAs":["https:\/\/www.facebook.com\/notibras\/","https:\/\/x.com\/Notibras","https:\/\/www.instagram.com\/notibras\/"]},{"@type":"Person","@id":"https:\/\/www.notibras.com\/site\/#\/schema\/person\/36ab0979449956132d3e5b517ea76ac8","name":"Reda\u00e7\u00e3o","image":{"@type":"ImageObject","inLanguage":"pt-BR","@id":"https:\/\/secure.gravatar.com\/avatar\/e0a867bdedb85fd243eadf09663511f96fc81e0720a4a42581f334ad4303aa6b?s=96&d=mm&r=g","url":"https:\/\/secure.gravatar.com\/avatar\/e0a867bdedb85fd243eadf09663511f96fc81e0720a4a42581f334ad4303aa6b?s=96&d=mm&r=g","contentUrl":"https:\/\/secure.gravatar.com\/avatar\/e0a867bdedb85fd243eadf09663511f96fc81e0720a4a42581f334ad4303aa6b?s=96&d=mm&r=g","caption":"Reda\u00e7\u00e3o"}}]}},"amp_enabled":true,"_links":{"self":[{"href":"https:\/\/www.notibras.com\/site\/wp-json\/wp\/v2\/posts\/305986","targetHints":{"allow":["GET"]}}],"collection":[{"href":"https:\/\/www.notibras.com\/site\/wp-json\/wp\/v2\/posts"}],"about":[{"href":"https:\/\/www.notibras.com\/site\/wp-json\/wp\/v2\/types\/post"}],"author":[{"embeddable":true,"href":"https:\/\/www.notibras.com\/site\/wp-json\/wp\/v2\/users\/2"}],"replies":[{"embeddable":true,"href":"https:\/\/www.notibras.com\/site\/wp-json\/wp\/v2\/comments?post=305986"}],"version-history":[{"count":1,"href":"https:\/\/www.notibras.com\/site\/wp-json\/wp\/v2\/posts\/305986\/revisions"}],"predecessor-version":[{"id":305988,"href":"https:\/\/www.notibras.com\/site\/wp-json\/wp\/v2\/posts\/305986\/revisions\/305988"}],"wp:featuredmedia":[{"embeddable":true,"href":"https:\/\/www.notibras.com\/site\/wp-json\/wp\/v2\/media\/305987"}],"wp:attachment":[{"href":"https:\/\/www.notibras.com\/site\/wp-json\/wp\/v2\/media?parent=305986"}],"wp:term":[{"taxonomy":"category","embeddable":true,"href":"https:\/\/www.notibras.com\/site\/wp-json\/wp\/v2\/categories?post=305986"},{"taxonomy":"post_tag","embeddable":true,"href":"https:\/\/www.notibras.com\/site\/wp-json\/wp\/v2\/tags?post=305986"}],"curies":[{"name":"wp","href":"https:\/\/api.w.org\/{rel}","templated":true}]}}