{"id":305993,"date":"2023-05-31T10:31:16","date_gmt":"2023-05-31T13:31:16","guid":{"rendered":"https:\/\/www.notibras.com\/site\/?p=305993"},"modified":"2023-05-31T10:31:16","modified_gmt":"2023-05-31T13:31:16","slug":"cenografia-especial-marca-namorados-no-terraco","status":"publish","type":"post","link":"https:\/\/www.notibras.com\/site\/cenografia-especial-marca-namorados-no-terraco\/","title":{"rendered":"Cenografia especial marca namorados no Terra\u00e7o"},"content":{"rendered":"<p>Na programa\u00e7\u00e3o especial do Terra\u00e7o Shopping para o Dia dos Namorados, os casais poder\u00e3o garantir belas fotos em uma cenografia tem\u00e1tica, brindar com um seleto espumante e, ao som de uma boa m\u00fasica, curtir a noite mais apaixonada do ano.Nos dias 11 e 12 de junho, um espa\u00e7o instagram\u00e1vel estar\u00e1 montado na Pra\u00e7a Central, para os apaixonados que desejarem registrar um momento especial com o seu amor.<\/p>\n<p>Na segunda-feira (12), Dia dos Namorados, a programa\u00e7\u00e3o vai das 18h \u00e0s 22h. Aos amantes de um delicioso brinde, haver\u00e1 um lounge com espumante para os namorados brindarem. E para dar mais romance a todo esse clima, a partir das 19h30, a cantora Paula Tortoretti, em parceria com o pianista e cantor Alexandre Moreno, far\u00e3o um show especial, com um repert\u00f3rio internacional, trazendo can\u00e7\u00f5es em italiano, espanhol, ingl\u00eas, franc\u00eas e muito mais.<\/p>\n<p><strong>Servi\u00e7o<\/strong><br \/>\nDOMINGO (11)<br \/>\nCen\u00e1rio Instagram\u00e1vel \u2013 13h \u00e0s 18h<\/p>\n<p>SEGUNDA-FEIRA (12)<br \/>\nCen\u00e1rio Instagram\u00e1vel \u2013 18h \u00e0s 22h<br \/>\nLounge \u2013 18h \u00e0s 22h<br \/>\nShow especial de Namorados, com Paula Tortoretti<br \/>\n19h30 \u00e0s 21h<br \/>\nLocal: Pra\u00e7a Central<br \/>\nEntrada gratuita<\/p>\n<p>&nbsp;<\/p>\n","protected":false},"excerpt":{"rendered":"<p>Na programa\u00e7\u00e3o especial do Terra\u00e7o Shopping para o Dia dos Namorados, os casais poder\u00e3o garantir belas fotos em uma cenografia tem\u00e1tica, brindar com um seleto espumante e, ao som de uma boa m\u00fasica, curtir a noite mais apaixonada do ano.Nos dias 11 e 12 de junho, um espa\u00e7o instagram\u00e1vel estar\u00e1 montado na Pra\u00e7a Central, para [&hellip;]<\/p>\n","protected":false},"author":2,"featured_media":305994,"comment_status":"closed","ping_status":"closed","sticky":false,"template":"","format":"standard","meta":{"_acf_changed":false,"footnotes":""},"categories":[161],"tags":[],"class_list":["post-305993","post","type-post","status-publish","format-standard","has-post-thumbnail","hentry","category-quadradinho-em-foco"],"acf":[],"yoast_head":"<!-- This site is optimized with the Yoast SEO plugin v27.2 - https:\/\/yoast.com\/product\/yoast-seo-wordpress\/ -->\n<title>Cenografia especial marca namorados no Terra\u00e7o - Notibras<\/title>\n<meta name=\"robots\" content=\"index, follow, max-snippet:-1, max-image-preview:large, max-video-preview:-1\" \/>\n<link rel=\"canonical\" href=\"https:\/\/www.notibras.com\/site\/cenografia-especial-marca-namorados-no-terraco\/\" \/>\n<meta property=\"og:locale\" content=\"pt_BR\" \/>\n<meta property=\"og:type\" content=\"article\" \/>\n<meta property=\"og:title\" content=\"Cenografia especial marca namorados no Terra\u00e7o - Notibras\" \/>\n<meta property=\"og:description\" content=\"Na programa\u00e7\u00e3o especial do Terra\u00e7o Shopping para o Dia dos Namorados, os casais poder\u00e3o garantir belas fotos em uma cenografia tem\u00e1tica, brindar com um seleto espumante e, ao som de uma boa m\u00fasica, curtir a noite mais apaixonada do ano.Nos dias 11 e 12 de junho, um espa\u00e7o instagram\u00e1vel estar\u00e1 montado na Pra\u00e7a Central, para [&hellip;]\" \/>\n<meta property=\"og:url\" content=\"https:\/\/www.notibras.com\/site\/cenografia-especial-marca-namorados-no-terraco\/\" \/>\n<meta property=\"og:site_name\" content=\"Notibras\" \/>\n<meta property=\"article:publisher\" content=\"https:\/\/www.facebook.com\/notibras\/\" \/>\n<meta property=\"article:published_time\" content=\"2023-05-31T13:31:16+00:00\" \/>\n<meta property=\"og:image\" content=\"https:\/\/www.notibras.com\/site\/wp-content\/uploads\/2023\/05\/espumantes.jpeg\" \/>\n\t<meta property=\"og:image:width\" content=\"1430\" \/>\n\t<meta property=\"og:image:height\" content=\"1012\" \/>\n\t<meta property=\"og:image:type\" content=\"image\/jpeg\" \/>\n<meta name=\"author\" content=\"Reda\u00e7\u00e3o\" \/>\n<meta name=\"twitter:card\" content=\"summary_large_image\" \/>\n<meta name=\"twitter:creator\" content=\"@Notibras\" \/>\n<meta name=\"twitter:site\" content=\"@Notibras\" \/>\n<meta name=\"twitter:label1\" content=\"Escrito por\" \/>\n\t<meta name=\"twitter:data1\" content=\"Reda\u00e7\u00e3o\" \/>\n\t<meta name=\"twitter:label2\" content=\"Est. tempo de leitura\" \/>\n\t<meta name=\"twitter:data2\" content=\"1 minuto\" \/>\n<script type=\"application\/ld+json\" class=\"yoast-schema-graph\">{\"@context\":\"https:\/\/schema.org\",\"@graph\":[{\"@type\":\"Article\",\"@id\":\"https:\/\/www.notibras.com\/site\/cenografia-especial-marca-namorados-no-terraco\/#article\",\"isPartOf\":{\"@id\":\"https:\/\/www.notibras.com\/site\/cenografia-especial-marca-namorados-no-terraco\/\"},\"author\":{\"name\":\"Reda\u00e7\u00e3o\",\"@id\":\"https:\/\/www.notibras.com\/site\/#\/schema\/person\/36ab0979449956132d3e5b517ea76ac8\"},\"headline\":\"Cenografia especial marca namorados no Terra\u00e7o\",\"datePublished\":\"2023-05-31T13:31:16+00:00\",\"mainEntityOfPage\":{\"@id\":\"https:\/\/www.notibras.com\/site\/cenografia-especial-marca-namorados-no-terraco\/\"},\"wordCount\":197,\"publisher\":{\"@id\":\"https:\/\/www.notibras.com\/site\/#organization\"},\"image\":{\"@id\":\"https:\/\/www.notibras.com\/site\/cenografia-especial-marca-namorados-no-terraco\/#primaryimage\"},\"thumbnailUrl\":\"https:\/\/www.notibras.com\/site\/wp-content\/uploads\/2023\/05\/espumantes.jpeg\",\"articleSection\":[\"Quadradinho em Foco\"],\"inLanguage\":\"pt-BR\"},{\"@type\":\"WebPage\",\"@id\":\"https:\/\/www.notibras.com\/site\/cenografia-especial-marca-namorados-no-terraco\/\",\"url\":\"https:\/\/www.notibras.com\/site\/cenografia-especial-marca-namorados-no-terraco\/\",\"name\":\"Cenografia especial marca namorados no Terra\u00e7o - Notibras\",\"isPartOf\":{\"@id\":\"https:\/\/www.notibras.com\/site\/#website\"},\"primaryImageOfPage\":{\"@id\":\"https:\/\/www.notibras.com\/site\/cenografia-especial-marca-namorados-no-terraco\/#primaryimage\"},\"image\":{\"@id\":\"https:\/\/www.notibras.com\/site\/cenografia-especial-marca-namorados-no-terraco\/#primaryimage\"},\"thumbnailUrl\":\"https:\/\/www.notibras.com\/site\/wp-content\/uploads\/2023\/05\/espumantes.jpeg\",\"datePublished\":\"2023-05-31T13:31:16+00:00\",\"breadcrumb\":{\"@id\":\"https:\/\/www.notibras.com\/site\/cenografia-especial-marca-namorados-no-terraco\/#breadcrumb\"},\"inLanguage\":\"pt-BR\",\"potentialAction\":[{\"@type\":\"ReadAction\",\"target\":[\"https:\/\/www.notibras.com\/site\/cenografia-especial-marca-namorados-no-terraco\/\"]}]},{\"@type\":\"ImageObject\",\"inLanguage\":\"pt-BR\",\"@id\":\"https:\/\/www.notibras.com\/site\/cenografia-especial-marca-namorados-no-terraco\/#primaryimage\",\"url\":\"https:\/\/www.notibras.com\/site\/wp-content\/uploads\/2023\/05\/espumantes.jpeg\",\"contentUrl\":\"https:\/\/www.notibras.com\/site\/wp-content\/uploads\/2023\/05\/espumantes.jpeg\",\"width\":1430,\"height\":1012},{\"@type\":\"BreadcrumbList\",\"@id\":\"https:\/\/www.notibras.com\/site\/cenografia-especial-marca-namorados-no-terraco\/#breadcrumb\",\"itemListElement\":[{\"@type\":\"ListItem\",\"position\":1,\"name\":\"In\u00edcio\",\"item\":\"https:\/\/www.notibras.com\/site\/\"},{\"@type\":\"ListItem\",\"position\":2,\"name\":\"Cenografia especial marca namorados no Terra\u00e7o\"}]},{\"@type\":\"WebSite\",\"@id\":\"https:\/\/www.notibras.com\/site\/#website\",\"url\":\"https:\/\/www.notibras.com\/site\/\",\"name\":\"Notibras\",\"description\":\"Not\u00edcias de Bras\u00edlia, do Brasil e do Mundo\",\"publisher\":{\"@id\":\"https:\/\/www.notibras.com\/site\/#organization\"},\"potentialAction\":[{\"@type\":\"SearchAction\",\"target\":{\"@type\":\"EntryPoint\",\"urlTemplate\":\"https:\/\/www.notibras.com\/site\/?s={search_term_string}\"},\"query-input\":{\"@type\":\"PropertyValueSpecification\",\"valueRequired\":true,\"valueName\":\"search_term_string\"}}],\"inLanguage\":\"pt-BR\"},{\"@type\":\"Organization\",\"@id\":\"https:\/\/www.notibras.com\/site\/#organization\",\"name\":\"Grupo Notibras de Comunica\u00e7\u00e3o\",\"url\":\"https:\/\/www.notibras.com\/site\/\",\"logo\":{\"@type\":\"ImageObject\",\"inLanguage\":\"pt-BR\",\"@id\":\"https:\/\/www.notibras.com\/site\/#\/schema\/logo\/image\/\",\"url\":\"https:\/\/www.notibras.com\/site\/wp-content\/uploads\/2023\/01\/notibras23.png\",\"contentUrl\":\"https:\/\/www.notibras.com\/site\/wp-content\/uploads\/2023\/01\/notibras23.png\",\"width\":350,\"height\":87,\"caption\":\"Grupo Notibras de Comunica\u00e7\u00e3o\"},\"image\":{\"@id\":\"https:\/\/www.notibras.com\/site\/#\/schema\/logo\/image\/\"},\"sameAs\":[\"https:\/\/www.facebook.com\/notibras\/\",\"https:\/\/x.com\/Notibras\",\"https:\/\/www.instagram.com\/notibras\/\"]},{\"@type\":\"Person\",\"@id\":\"https:\/\/www.notibras.com\/site\/#\/schema\/person\/36ab0979449956132d3e5b517ea76ac8\",\"name\":\"Reda\u00e7\u00e3o\",\"image\":{\"@type\":\"ImageObject\",\"inLanguage\":\"pt-BR\",\"@id\":\"https:\/\/secure.gravatar.com\/avatar\/e0a867bdedb85fd243eadf09663511f96fc81e0720a4a42581f334ad4303aa6b?s=96&d=mm&r=g\",\"url\":\"https:\/\/secure.gravatar.com\/avatar\/e0a867bdedb85fd243eadf09663511f96fc81e0720a4a42581f334ad4303aa6b?s=96&d=mm&r=g\",\"contentUrl\":\"https:\/\/secure.gravatar.com\/avatar\/e0a867bdedb85fd243eadf09663511f96fc81e0720a4a42581f334ad4303aa6b?s=96&d=mm&r=g\",\"caption\":\"Reda\u00e7\u00e3o\"}}]}<\/script>\n<!-- \/ Yoast SEO plugin. -->","yoast_head_json":{"title":"Cenografia especial marca namorados no Terra\u00e7o - Notibras","robots":{"index":"index","follow":"follow","max-snippet":"max-snippet:-1","max-image-preview":"max-image-preview:large","max-video-preview":"max-video-preview:-1"},"canonical":"https:\/\/www.notibras.com\/site\/cenografia-especial-marca-namorados-no-terraco\/","og_locale":"pt_BR","og_type":"article","og_title":"Cenografia especial marca namorados no Terra\u00e7o - Notibras","og_description":"Na programa\u00e7\u00e3o especial do Terra\u00e7o Shopping para o Dia dos Namorados, os casais poder\u00e3o garantir belas fotos em uma cenografia tem\u00e1tica, brindar com um seleto espumante e, ao som de uma boa m\u00fasica, curtir a noite mais apaixonada do ano.Nos dias 11 e 12 de junho, um espa\u00e7o instagram\u00e1vel estar\u00e1 montado na Pra\u00e7a Central, para [&hellip;]","og_url":"https:\/\/www.notibras.com\/site\/cenografia-especial-marca-namorados-no-terraco\/","og_site_name":"Notibras","article_publisher":"https:\/\/www.facebook.com\/notibras\/","article_published_time":"2023-05-31T13:31:16+00:00","og_image":[{"width":1430,"height":1012,"url":"https:\/\/www.notibras.com\/site\/wp-content\/uploads\/2023\/05\/espumantes.jpeg","type":"image\/jpeg"}],"author":"Reda\u00e7\u00e3o","twitter_card":"summary_large_image","twitter_creator":"@Notibras","twitter_site":"@Notibras","twitter_misc":{"Escrito por":"Reda\u00e7\u00e3o","Est. tempo de leitura":"1 minuto"},"schema":{"@context":"https:\/\/schema.org","@graph":[{"@type":"Article","@id":"https:\/\/www.notibras.com\/site\/cenografia-especial-marca-namorados-no-terraco\/#article","isPartOf":{"@id":"https:\/\/www.notibras.com\/site\/cenografia-especial-marca-namorados-no-terraco\/"},"author":{"name":"Reda\u00e7\u00e3o","@id":"https:\/\/www.notibras.com\/site\/#\/schema\/person\/36ab0979449956132d3e5b517ea76ac8"},"headline":"Cenografia especial marca namorados no Terra\u00e7o","datePublished":"2023-05-31T13:31:16+00:00","mainEntityOfPage":{"@id":"https:\/\/www.notibras.com\/site\/cenografia-especial-marca-namorados-no-terraco\/"},"wordCount":197,"publisher":{"@id":"https:\/\/www.notibras.com\/site\/#organization"},"image":{"@id":"https:\/\/www.notibras.com\/site\/cenografia-especial-marca-namorados-no-terraco\/#primaryimage"},"thumbnailUrl":"https:\/\/www.notibras.com\/site\/wp-content\/uploads\/2023\/05\/espumantes.jpeg","articleSection":["Quadradinho em Foco"],"inLanguage":"pt-BR"},{"@type":"WebPage","@id":"https:\/\/www.notibras.com\/site\/cenografia-especial-marca-namorados-no-terraco\/","url":"https:\/\/www.notibras.com\/site\/cenografia-especial-marca-namorados-no-terraco\/","name":"Cenografia especial marca namorados no Terra\u00e7o - Notibras","isPartOf":{"@id":"https:\/\/www.notibras.com\/site\/#website"},"primaryImageOfPage":{"@id":"https:\/\/www.notibras.com\/site\/cenografia-especial-marca-namorados-no-terraco\/#primaryimage"},"image":{"@id":"https:\/\/www.notibras.com\/site\/cenografia-especial-marca-namorados-no-terraco\/#primaryimage"},"thumbnailUrl":"https:\/\/www.notibras.com\/site\/wp-content\/uploads\/2023\/05\/espumantes.jpeg","datePublished":"2023-05-31T13:31:16+00:00","breadcrumb":{"@id":"https:\/\/www.notibras.com\/site\/cenografia-especial-marca-namorados-no-terraco\/#breadcrumb"},"inLanguage":"pt-BR","potentialAction":[{"@type":"ReadAction","target":["https:\/\/www.notibras.com\/site\/cenografia-especial-marca-namorados-no-terraco\/"]}]},{"@type":"ImageObject","inLanguage":"pt-BR","@id":"https:\/\/www.notibras.com\/site\/cenografia-especial-marca-namorados-no-terraco\/#primaryimage","url":"https:\/\/www.notibras.com\/site\/wp-content\/uploads\/2023\/05\/espumantes.jpeg","contentUrl":"https:\/\/www.notibras.com\/site\/wp-content\/uploads\/2023\/05\/espumantes.jpeg","width":1430,"height":1012},{"@type":"BreadcrumbList","@id":"https:\/\/www.notibras.com\/site\/cenografia-especial-marca-namorados-no-terraco\/#breadcrumb","itemListElement":[{"@type":"ListItem","position":1,"name":"In\u00edcio","item":"https:\/\/www.notibras.com\/site\/"},{"@type":"ListItem","position":2,"name":"Cenografia especial marca namorados no Terra\u00e7o"}]},{"@type":"WebSite","@id":"https:\/\/www.notibras.com\/site\/#website","url":"https:\/\/www.notibras.com\/site\/","name":"Notibras","description":"Not\u00edcias de Bras\u00edlia, do Brasil e do Mundo","publisher":{"@id":"https:\/\/www.notibras.com\/site\/#organization"},"potentialAction":[{"@type":"SearchAction","target":{"@type":"EntryPoint","urlTemplate":"https:\/\/www.notibras.com\/site\/?s={search_term_string}"},"query-input":{"@type":"PropertyValueSpecification","valueRequired":true,"valueName":"search_term_string"}}],"inLanguage":"pt-BR"},{"@type":"Organization","@id":"https:\/\/www.notibras.com\/site\/#organization","name":"Grupo Notibras de Comunica\u00e7\u00e3o","url":"https:\/\/www.notibras.com\/site\/","logo":{"@type":"ImageObject","inLanguage":"pt-BR","@id":"https:\/\/www.notibras.com\/site\/#\/schema\/logo\/image\/","url":"https:\/\/www.notibras.com\/site\/wp-content\/uploads\/2023\/01\/notibras23.png","contentUrl":"https:\/\/www.notibras.com\/site\/wp-content\/uploads\/2023\/01\/notibras23.png","width":350,"height":87,"caption":"Grupo Notibras de Comunica\u00e7\u00e3o"},"image":{"@id":"https:\/\/www.notibras.com\/site\/#\/schema\/logo\/image\/"},"sameAs":["https:\/\/www.facebook.com\/notibras\/","https:\/\/x.com\/Notibras","https:\/\/www.instagram.com\/notibras\/"]},{"@type":"Person","@id":"https:\/\/www.notibras.com\/site\/#\/schema\/person\/36ab0979449956132d3e5b517ea76ac8","name":"Reda\u00e7\u00e3o","image":{"@type":"ImageObject","inLanguage":"pt-BR","@id":"https:\/\/secure.gravatar.com\/avatar\/e0a867bdedb85fd243eadf09663511f96fc81e0720a4a42581f334ad4303aa6b?s=96&d=mm&r=g","url":"https:\/\/secure.gravatar.com\/avatar\/e0a867bdedb85fd243eadf09663511f96fc81e0720a4a42581f334ad4303aa6b?s=96&d=mm&r=g","contentUrl":"https:\/\/secure.gravatar.com\/avatar\/e0a867bdedb85fd243eadf09663511f96fc81e0720a4a42581f334ad4303aa6b?s=96&d=mm&r=g","caption":"Reda\u00e7\u00e3o"}}]}},"amp_enabled":true,"_links":{"self":[{"href":"https:\/\/www.notibras.com\/site\/wp-json\/wp\/v2\/posts\/305993","targetHints":{"allow":["GET"]}}],"collection":[{"href":"https:\/\/www.notibras.com\/site\/wp-json\/wp\/v2\/posts"}],"about":[{"href":"https:\/\/www.notibras.com\/site\/wp-json\/wp\/v2\/types\/post"}],"author":[{"embeddable":true,"href":"https:\/\/www.notibras.com\/site\/wp-json\/wp\/v2\/users\/2"}],"replies":[{"embeddable":true,"href":"https:\/\/www.notibras.com\/site\/wp-json\/wp\/v2\/comments?post=305993"}],"version-history":[{"count":1,"href":"https:\/\/www.notibras.com\/site\/wp-json\/wp\/v2\/posts\/305993\/revisions"}],"predecessor-version":[{"id":305995,"href":"https:\/\/www.notibras.com\/site\/wp-json\/wp\/v2\/posts\/305993\/revisions\/305995"}],"wp:featuredmedia":[{"embeddable":true,"href":"https:\/\/www.notibras.com\/site\/wp-json\/wp\/v2\/media\/305994"}],"wp:attachment":[{"href":"https:\/\/www.notibras.com\/site\/wp-json\/wp\/v2\/media?parent=305993"}],"wp:term":[{"taxonomy":"category","embeddable":true,"href":"https:\/\/www.notibras.com\/site\/wp-json\/wp\/v2\/categories?post=305993"},{"taxonomy":"post_tag","embeddable":true,"href":"https:\/\/www.notibras.com\/site\/wp-json\/wp\/v2\/tags?post=305993"}],"curies":[{"name":"wp","href":"https:\/\/api.w.org\/{rel}","templated":true}]}}