{"id":305999,"date":"2023-05-31T00:44:19","date_gmt":"2023-05-31T03:44:19","guid":{"rendered":"https:\/\/www.notibras.com\/site\/?p=305999"},"modified":"2023-05-31T10:49:10","modified_gmt":"2023-05-31T13:49:10","slug":"saude-publica-na-uti-vai-acabar-no-cemiterio","status":"publish","type":"post","link":"https:\/\/www.notibras.com\/site\/saude-publica-na-uti-vai-acabar-no-cemiterio\/","title":{"rendered":"Sa\u00fade p\u00fablica, na UTI, vai acabar no cemit\u00e9rio"},"content":{"rendered":"<p>A deputada Dayse Amarilio (PSB) apontou, na C\u00e2mara Legislativa, uma s\u00e9rie de situa\u00e7\u00f5es preocupantes na Sa\u00fade do Distrito Federal. Segundo informou, h\u00e1 uma demanda reprimida de 800 pacientes na regula\u00e7\u00e3o, aguardando atendimento na \u00e1rea de oncologia.<\/p>\n<p>Al\u00e9m disso, a distrital denunciou que, das 30 viaturas do Samu, 15 est\u00e3o paradas. E, segundo ela, das oito viaturas avan\u00e7adas (aquelas para o atendimento e transporte de pacientes de alto risco e que necessitam de cuidados m\u00e9dicos intensivos), apenas duas est\u00e3o em circula\u00e7\u00e3o. \u201cEssas viaturas foram recebidas agora, sem contrato de manuten\u00e7\u00e3o\u201d, criticou.<\/p>\n<p>A parlamentar alertou, ainda, para a situa\u00e7\u00e3o do contrato de manuten\u00e7\u00e3o da esteriliza\u00e7\u00e3o: \u201cEst\u00e1 vencido desde janeiro\u201d.<\/p>\n","protected":false},"excerpt":{"rendered":"<p>A deputada Dayse Amarilio (PSB) apontou, na C\u00e2mara Legislativa, uma s\u00e9rie de situa\u00e7\u00f5es preocupantes na Sa\u00fade do Distrito Federal. Segundo informou, h\u00e1 uma demanda reprimida de 800 pacientes na regula\u00e7\u00e3o, aguardando atendimento na \u00e1rea de oncologia. Al\u00e9m disso, a distrital denunciou que, das 30 viaturas do Samu, 15 est\u00e3o paradas. E, segundo ela, das oito [&hellip;]<\/p>\n","protected":false},"author":2,"featured_media":306001,"comment_status":"closed","ping_status":"closed","sticky":false,"template":"","format":"standard","meta":{"_acf_changed":false,"footnotes":""},"categories":[161],"tags":[],"class_list":["post-305999","post","type-post","status-publish","format-standard","has-post-thumbnail","hentry","category-quadradinho-em-foco"],"acf":[],"yoast_head":"<!-- This site is optimized with the Yoast SEO plugin v27.2 - https:\/\/yoast.com\/product\/yoast-seo-wordpress\/ -->\n<title>Sa\u00fade p\u00fablica, na UTI, vai acabar no cemit\u00e9rio - Notibras<\/title>\n<meta name=\"robots\" content=\"index, follow, max-snippet:-1, max-image-preview:large, max-video-preview:-1\" \/>\n<link rel=\"canonical\" href=\"https:\/\/www.notibras.com\/site\/saude-publica-na-uti-vai-acabar-no-cemiterio\/\" \/>\n<meta property=\"og:locale\" content=\"pt_BR\" \/>\n<meta property=\"og:type\" content=\"article\" \/>\n<meta property=\"og:title\" content=\"Sa\u00fade p\u00fablica, na UTI, vai acabar no cemit\u00e9rio - Notibras\" \/>\n<meta property=\"og:description\" content=\"A deputada Dayse Amarilio (PSB) apontou, na C\u00e2mara Legislativa, uma s\u00e9rie de situa\u00e7\u00f5es preocupantes na Sa\u00fade do Distrito Federal. Segundo informou, h\u00e1 uma demanda reprimida de 800 pacientes na regula\u00e7\u00e3o, aguardando atendimento na \u00e1rea de oncologia. Al\u00e9m disso, a distrital denunciou que, das 30 viaturas do Samu, 15 est\u00e3o paradas. E, segundo ela, das oito [&hellip;]\" \/>\n<meta property=\"og:url\" content=\"https:\/\/www.notibras.com\/site\/saude-publica-na-uti-vai-acabar-no-cemiterio\/\" \/>\n<meta property=\"og:site_name\" content=\"Notibras\" \/>\n<meta property=\"article:publisher\" content=\"https:\/\/www.facebook.com\/notibras\/\" \/>\n<meta property=\"article:published_time\" content=\"2023-05-31T03:44:19+00:00\" \/>\n<meta property=\"article:modified_time\" content=\"2023-05-31T13:49:10+00:00\" \/>\n<meta property=\"og:image\" content=\"https:\/\/www.notibras.com\/site\/wp-content\/uploads\/2023\/05\/WhatsApp-Image-2023-05-30-at-21.58.12-2.jpeg\" \/>\n\t<meta property=\"og:image:width\" content=\"1024\" \/>\n\t<meta property=\"og:image:height\" content=\"683\" \/>\n\t<meta property=\"og:image:type\" content=\"image\/jpeg\" \/>\n<meta name=\"author\" content=\"Reda\u00e7\u00e3o\" \/>\n<meta name=\"twitter:card\" content=\"summary_large_image\" \/>\n<meta name=\"twitter:creator\" content=\"@Notibras\" \/>\n<meta name=\"twitter:site\" content=\"@Notibras\" \/>\n<meta name=\"twitter:label1\" content=\"Escrito por\" \/>\n\t<meta name=\"twitter:data1\" content=\"Reda\u00e7\u00e3o\" \/>\n\t<meta name=\"twitter:label2\" content=\"Est. tempo de leitura\" \/>\n\t<meta name=\"twitter:data2\" content=\"1 minuto\" \/>\n<script type=\"application\/ld+json\" class=\"yoast-schema-graph\">{\"@context\":\"https:\/\/schema.org\",\"@graph\":[{\"@type\":\"Article\",\"@id\":\"https:\/\/www.notibras.com\/site\/saude-publica-na-uti-vai-acabar-no-cemiterio\/#article\",\"isPartOf\":{\"@id\":\"https:\/\/www.notibras.com\/site\/saude-publica-na-uti-vai-acabar-no-cemiterio\/\"},\"author\":{\"name\":\"Reda\u00e7\u00e3o\",\"@id\":\"https:\/\/www.notibras.com\/site\/#\/schema\/person\/36ab0979449956132d3e5b517ea76ac8\"},\"headline\":\"Sa\u00fade p\u00fablica, na UTI, vai acabar no cemit\u00e9rio\",\"datePublished\":\"2023-05-31T03:44:19+00:00\",\"dateModified\":\"2023-05-31T13:49:10+00:00\",\"mainEntityOfPage\":{\"@id\":\"https:\/\/www.notibras.com\/site\/saude-publica-na-uti-vai-acabar-no-cemiterio\/\"},\"wordCount\":130,\"publisher\":{\"@id\":\"https:\/\/www.notibras.com\/site\/#organization\"},\"image\":{\"@id\":\"https:\/\/www.notibras.com\/site\/saude-publica-na-uti-vai-acabar-no-cemiterio\/#primaryimage\"},\"thumbnailUrl\":\"https:\/\/www.notibras.com\/site\/wp-content\/uploads\/2023\/05\/WhatsApp-Image-2023-05-30-at-21.58.12-2.jpeg\",\"articleSection\":[\"Quadradinho em Foco\"],\"inLanguage\":\"pt-BR\"},{\"@type\":\"WebPage\",\"@id\":\"https:\/\/www.notibras.com\/site\/saude-publica-na-uti-vai-acabar-no-cemiterio\/\",\"url\":\"https:\/\/www.notibras.com\/site\/saude-publica-na-uti-vai-acabar-no-cemiterio\/\",\"name\":\"Sa\u00fade p\u00fablica, na UTI, vai acabar no cemit\u00e9rio - Notibras\",\"isPartOf\":{\"@id\":\"https:\/\/www.notibras.com\/site\/#website\"},\"primaryImageOfPage\":{\"@id\":\"https:\/\/www.notibras.com\/site\/saude-publica-na-uti-vai-acabar-no-cemiterio\/#primaryimage\"},\"image\":{\"@id\":\"https:\/\/www.notibras.com\/site\/saude-publica-na-uti-vai-acabar-no-cemiterio\/#primaryimage\"},\"thumbnailUrl\":\"https:\/\/www.notibras.com\/site\/wp-content\/uploads\/2023\/05\/WhatsApp-Image-2023-05-30-at-21.58.12-2.jpeg\",\"datePublished\":\"2023-05-31T03:44:19+00:00\",\"dateModified\":\"2023-05-31T13:49:10+00:00\",\"breadcrumb\":{\"@id\":\"https:\/\/www.notibras.com\/site\/saude-publica-na-uti-vai-acabar-no-cemiterio\/#breadcrumb\"},\"inLanguage\":\"pt-BR\",\"potentialAction\":[{\"@type\":\"ReadAction\",\"target\":[\"https:\/\/www.notibras.com\/site\/saude-publica-na-uti-vai-acabar-no-cemiterio\/\"]}]},{\"@type\":\"ImageObject\",\"inLanguage\":\"pt-BR\",\"@id\":\"https:\/\/www.notibras.com\/site\/saude-publica-na-uti-vai-acabar-no-cemiterio\/#primaryimage\",\"url\":\"https:\/\/www.notibras.com\/site\/wp-content\/uploads\/2023\/05\/WhatsApp-Image-2023-05-30-at-21.58.12-2.jpeg\",\"contentUrl\":\"https:\/\/www.notibras.com\/site\/wp-content\/uploads\/2023\/05\/WhatsApp-Image-2023-05-30-at-21.58.12-2.jpeg\",\"width\":1024,\"height\":683},{\"@type\":\"BreadcrumbList\",\"@id\":\"https:\/\/www.notibras.com\/site\/saude-publica-na-uti-vai-acabar-no-cemiterio\/#breadcrumb\",\"itemListElement\":[{\"@type\":\"ListItem\",\"position\":1,\"name\":\"In\u00edcio\",\"item\":\"https:\/\/www.notibras.com\/site\/\"},{\"@type\":\"ListItem\",\"position\":2,\"name\":\"Sa\u00fade p\u00fablica, na UTI, vai acabar no cemit\u00e9rio\"}]},{\"@type\":\"WebSite\",\"@id\":\"https:\/\/www.notibras.com\/site\/#website\",\"url\":\"https:\/\/www.notibras.com\/site\/\",\"name\":\"Notibras\",\"description\":\"Not\u00edcias de Bras\u00edlia, do Brasil e do Mundo\",\"publisher\":{\"@id\":\"https:\/\/www.notibras.com\/site\/#organization\"},\"potentialAction\":[{\"@type\":\"SearchAction\",\"target\":{\"@type\":\"EntryPoint\",\"urlTemplate\":\"https:\/\/www.notibras.com\/site\/?s={search_term_string}\"},\"query-input\":{\"@type\":\"PropertyValueSpecification\",\"valueRequired\":true,\"valueName\":\"search_term_string\"}}],\"inLanguage\":\"pt-BR\"},{\"@type\":\"Organization\",\"@id\":\"https:\/\/www.notibras.com\/site\/#organization\",\"name\":\"Grupo Notibras de Comunica\u00e7\u00e3o\",\"url\":\"https:\/\/www.notibras.com\/site\/\",\"logo\":{\"@type\":\"ImageObject\",\"inLanguage\":\"pt-BR\",\"@id\":\"https:\/\/www.notibras.com\/site\/#\/schema\/logo\/image\/\",\"url\":\"https:\/\/www.notibras.com\/site\/wp-content\/uploads\/2023\/01\/notibras23.png\",\"contentUrl\":\"https:\/\/www.notibras.com\/site\/wp-content\/uploads\/2023\/01\/notibras23.png\",\"width\":350,\"height\":87,\"caption\":\"Grupo Notibras de Comunica\u00e7\u00e3o\"},\"image\":{\"@id\":\"https:\/\/www.notibras.com\/site\/#\/schema\/logo\/image\/\"},\"sameAs\":[\"https:\/\/www.facebook.com\/notibras\/\",\"https:\/\/x.com\/Notibras\",\"https:\/\/www.instagram.com\/notibras\/\"]},{\"@type\":\"Person\",\"@id\":\"https:\/\/www.notibras.com\/site\/#\/schema\/person\/36ab0979449956132d3e5b517ea76ac8\",\"name\":\"Reda\u00e7\u00e3o\",\"image\":{\"@type\":\"ImageObject\",\"inLanguage\":\"pt-BR\",\"@id\":\"https:\/\/secure.gravatar.com\/avatar\/e0a867bdedb85fd243eadf09663511f96fc81e0720a4a42581f334ad4303aa6b?s=96&d=mm&r=g\",\"url\":\"https:\/\/secure.gravatar.com\/avatar\/e0a867bdedb85fd243eadf09663511f96fc81e0720a4a42581f334ad4303aa6b?s=96&d=mm&r=g\",\"contentUrl\":\"https:\/\/secure.gravatar.com\/avatar\/e0a867bdedb85fd243eadf09663511f96fc81e0720a4a42581f334ad4303aa6b?s=96&d=mm&r=g\",\"caption\":\"Reda\u00e7\u00e3o\"}}]}<\/script>\n<!-- \/ Yoast SEO plugin. -->","yoast_head_json":{"title":"Sa\u00fade p\u00fablica, na UTI, vai acabar no cemit\u00e9rio - Notibras","robots":{"index":"index","follow":"follow","max-snippet":"max-snippet:-1","max-image-preview":"max-image-preview:large","max-video-preview":"max-video-preview:-1"},"canonical":"https:\/\/www.notibras.com\/site\/saude-publica-na-uti-vai-acabar-no-cemiterio\/","og_locale":"pt_BR","og_type":"article","og_title":"Sa\u00fade p\u00fablica, na UTI, vai acabar no cemit\u00e9rio - Notibras","og_description":"A deputada Dayse Amarilio (PSB) apontou, na C\u00e2mara Legislativa, uma s\u00e9rie de situa\u00e7\u00f5es preocupantes na Sa\u00fade do Distrito Federal. Segundo informou, h\u00e1 uma demanda reprimida de 800 pacientes na regula\u00e7\u00e3o, aguardando atendimento na \u00e1rea de oncologia. Al\u00e9m disso, a distrital denunciou que, das 30 viaturas do Samu, 15 est\u00e3o paradas. E, segundo ela, das oito [&hellip;]","og_url":"https:\/\/www.notibras.com\/site\/saude-publica-na-uti-vai-acabar-no-cemiterio\/","og_site_name":"Notibras","article_publisher":"https:\/\/www.facebook.com\/notibras\/","article_published_time":"2023-05-31T03:44:19+00:00","article_modified_time":"2023-05-31T13:49:10+00:00","og_image":[{"width":1024,"height":683,"url":"https:\/\/www.notibras.com\/site\/wp-content\/uploads\/2023\/05\/WhatsApp-Image-2023-05-30-at-21.58.12-2.jpeg","type":"image\/jpeg"}],"author":"Reda\u00e7\u00e3o","twitter_card":"summary_large_image","twitter_creator":"@Notibras","twitter_site":"@Notibras","twitter_misc":{"Escrito por":"Reda\u00e7\u00e3o","Est. tempo de leitura":"1 minuto"},"schema":{"@context":"https:\/\/schema.org","@graph":[{"@type":"Article","@id":"https:\/\/www.notibras.com\/site\/saude-publica-na-uti-vai-acabar-no-cemiterio\/#article","isPartOf":{"@id":"https:\/\/www.notibras.com\/site\/saude-publica-na-uti-vai-acabar-no-cemiterio\/"},"author":{"name":"Reda\u00e7\u00e3o","@id":"https:\/\/www.notibras.com\/site\/#\/schema\/person\/36ab0979449956132d3e5b517ea76ac8"},"headline":"Sa\u00fade p\u00fablica, na UTI, vai acabar no cemit\u00e9rio","datePublished":"2023-05-31T03:44:19+00:00","dateModified":"2023-05-31T13:49:10+00:00","mainEntityOfPage":{"@id":"https:\/\/www.notibras.com\/site\/saude-publica-na-uti-vai-acabar-no-cemiterio\/"},"wordCount":130,"publisher":{"@id":"https:\/\/www.notibras.com\/site\/#organization"},"image":{"@id":"https:\/\/www.notibras.com\/site\/saude-publica-na-uti-vai-acabar-no-cemiterio\/#primaryimage"},"thumbnailUrl":"https:\/\/www.notibras.com\/site\/wp-content\/uploads\/2023\/05\/WhatsApp-Image-2023-05-30-at-21.58.12-2.jpeg","articleSection":["Quadradinho em Foco"],"inLanguage":"pt-BR"},{"@type":"WebPage","@id":"https:\/\/www.notibras.com\/site\/saude-publica-na-uti-vai-acabar-no-cemiterio\/","url":"https:\/\/www.notibras.com\/site\/saude-publica-na-uti-vai-acabar-no-cemiterio\/","name":"Sa\u00fade p\u00fablica, na UTI, vai acabar no cemit\u00e9rio - Notibras","isPartOf":{"@id":"https:\/\/www.notibras.com\/site\/#website"},"primaryImageOfPage":{"@id":"https:\/\/www.notibras.com\/site\/saude-publica-na-uti-vai-acabar-no-cemiterio\/#primaryimage"},"image":{"@id":"https:\/\/www.notibras.com\/site\/saude-publica-na-uti-vai-acabar-no-cemiterio\/#primaryimage"},"thumbnailUrl":"https:\/\/www.notibras.com\/site\/wp-content\/uploads\/2023\/05\/WhatsApp-Image-2023-05-30-at-21.58.12-2.jpeg","datePublished":"2023-05-31T03:44:19+00:00","dateModified":"2023-05-31T13:49:10+00:00","breadcrumb":{"@id":"https:\/\/www.notibras.com\/site\/saude-publica-na-uti-vai-acabar-no-cemiterio\/#breadcrumb"},"inLanguage":"pt-BR","potentialAction":[{"@type":"ReadAction","target":["https:\/\/www.notibras.com\/site\/saude-publica-na-uti-vai-acabar-no-cemiterio\/"]}]},{"@type":"ImageObject","inLanguage":"pt-BR","@id":"https:\/\/www.notibras.com\/site\/saude-publica-na-uti-vai-acabar-no-cemiterio\/#primaryimage","url":"https:\/\/www.notibras.com\/site\/wp-content\/uploads\/2023\/05\/WhatsApp-Image-2023-05-30-at-21.58.12-2.jpeg","contentUrl":"https:\/\/www.notibras.com\/site\/wp-content\/uploads\/2023\/05\/WhatsApp-Image-2023-05-30-at-21.58.12-2.jpeg","width":1024,"height":683},{"@type":"BreadcrumbList","@id":"https:\/\/www.notibras.com\/site\/saude-publica-na-uti-vai-acabar-no-cemiterio\/#breadcrumb","itemListElement":[{"@type":"ListItem","position":1,"name":"In\u00edcio","item":"https:\/\/www.notibras.com\/site\/"},{"@type":"ListItem","position":2,"name":"Sa\u00fade p\u00fablica, na UTI, vai acabar no cemit\u00e9rio"}]},{"@type":"WebSite","@id":"https:\/\/www.notibras.com\/site\/#website","url":"https:\/\/www.notibras.com\/site\/","name":"Notibras","description":"Not\u00edcias de Bras\u00edlia, do Brasil e do Mundo","publisher":{"@id":"https:\/\/www.notibras.com\/site\/#organization"},"potentialAction":[{"@type":"SearchAction","target":{"@type":"EntryPoint","urlTemplate":"https:\/\/www.notibras.com\/site\/?s={search_term_string}"},"query-input":{"@type":"PropertyValueSpecification","valueRequired":true,"valueName":"search_term_string"}}],"inLanguage":"pt-BR"},{"@type":"Organization","@id":"https:\/\/www.notibras.com\/site\/#organization","name":"Grupo Notibras de Comunica\u00e7\u00e3o","url":"https:\/\/www.notibras.com\/site\/","logo":{"@type":"ImageObject","inLanguage":"pt-BR","@id":"https:\/\/www.notibras.com\/site\/#\/schema\/logo\/image\/","url":"https:\/\/www.notibras.com\/site\/wp-content\/uploads\/2023\/01\/notibras23.png","contentUrl":"https:\/\/www.notibras.com\/site\/wp-content\/uploads\/2023\/01\/notibras23.png","width":350,"height":87,"caption":"Grupo Notibras de Comunica\u00e7\u00e3o"},"image":{"@id":"https:\/\/www.notibras.com\/site\/#\/schema\/logo\/image\/"},"sameAs":["https:\/\/www.facebook.com\/notibras\/","https:\/\/x.com\/Notibras","https:\/\/www.instagram.com\/notibras\/"]},{"@type":"Person","@id":"https:\/\/www.notibras.com\/site\/#\/schema\/person\/36ab0979449956132d3e5b517ea76ac8","name":"Reda\u00e7\u00e3o","image":{"@type":"ImageObject","inLanguage":"pt-BR","@id":"https:\/\/secure.gravatar.com\/avatar\/e0a867bdedb85fd243eadf09663511f96fc81e0720a4a42581f334ad4303aa6b?s=96&d=mm&r=g","url":"https:\/\/secure.gravatar.com\/avatar\/e0a867bdedb85fd243eadf09663511f96fc81e0720a4a42581f334ad4303aa6b?s=96&d=mm&r=g","contentUrl":"https:\/\/secure.gravatar.com\/avatar\/e0a867bdedb85fd243eadf09663511f96fc81e0720a4a42581f334ad4303aa6b?s=96&d=mm&r=g","caption":"Reda\u00e7\u00e3o"}}]}},"amp_enabled":true,"_links":{"self":[{"href":"https:\/\/www.notibras.com\/site\/wp-json\/wp\/v2\/posts\/305999","targetHints":{"allow":["GET"]}}],"collection":[{"href":"https:\/\/www.notibras.com\/site\/wp-json\/wp\/v2\/posts"}],"about":[{"href":"https:\/\/www.notibras.com\/site\/wp-json\/wp\/v2\/types\/post"}],"author":[{"embeddable":true,"href":"https:\/\/www.notibras.com\/site\/wp-json\/wp\/v2\/users\/2"}],"replies":[{"embeddable":true,"href":"https:\/\/www.notibras.com\/site\/wp-json\/wp\/v2\/comments?post=305999"}],"version-history":[{"count":1,"href":"https:\/\/www.notibras.com\/site\/wp-json\/wp\/v2\/posts\/305999\/revisions"}],"predecessor-version":[{"id":306002,"href":"https:\/\/www.notibras.com\/site\/wp-json\/wp\/v2\/posts\/305999\/revisions\/306002"}],"wp:featuredmedia":[{"embeddable":true,"href":"https:\/\/www.notibras.com\/site\/wp-json\/wp\/v2\/media\/306001"}],"wp:attachment":[{"href":"https:\/\/www.notibras.com\/site\/wp-json\/wp\/v2\/media?parent=305999"}],"wp:term":[{"taxonomy":"category","embeddable":true,"href":"https:\/\/www.notibras.com\/site\/wp-json\/wp\/v2\/categories?post=305999"},{"taxonomy":"post_tag","embeddable":true,"href":"https:\/\/www.notibras.com\/site\/wp-json\/wp\/v2\/tags?post=305999"}],"curies":[{"name":"wp","href":"https:\/\/api.w.org\/{rel}","templated":true}]}}