{"id":306059,"date":"2023-06-01T00:02:27","date_gmt":"2023-06-01T03:02:27","guid":{"rendered":"https:\/\/www.notibras.com\/site\/?p=306059"},"modified":"2023-06-01T06:55:31","modified_gmt":"2023-06-01T09:55:31","slug":"especialistas-apontam-alta-da-gasolina-com-novo-icms","status":"publish","type":"post","link":"https:\/\/www.notibras.com\/site\/especialistas-apontam-alta-da-gasolina-com-novo-icms\/","title":{"rendered":"Especialistas apontam alta da gasolina com novo ICMS"},"content":{"rendered":"<p>A entrada em vigor da al\u00edquota \u00fanica e fixa do Imposto sobre Circula\u00e7\u00e3o de Mercadorias e Servi\u00e7os (ICMS) dever\u00e1 provocar um aumento no pre\u00e7o da gasolina. A partir desta quinta-feira (1\u00ba), a cobran\u00e7a ser\u00e1 de R$ 1,22 por litro em todo o territ\u00f3rio nacional. Atualmente, as al\u00edquotas s\u00e3o proporcionais ao valor e s\u00e3o definidas por cada estado, variando geralmente entre 17% e 20%.<\/p>\n<p>Os efeitos do novo ICMS no pre\u00e7o praticado na bomba dos postos de combust\u00edveis ainda n\u00e3o s\u00e3o precisos. O aumento, no entanto, \u00e9 considerado certo por economistas. No Rio de Janeiro, por exemplo, a cobran\u00e7a \u00e9 de 18% e atualmente gira em torno de R$ 0,97 por litro se considerarmos o pre\u00e7o m\u00e9dio de revenda de R$ 5,38, registrado no \u00faltimo levantamento da Ag\u00eancia Nacional de Petr\u00f3leo (ANP). Nesse caso, se a diferen\u00e7a for integralmente repassada ao consumidor, a mudan\u00e7a acarretaria um acr\u00e9scimo de R$ 0,25 por litro.<\/p>\n<p>&#8220;O aumento \u00e9 inevit\u00e1vel, porque o valor de R$ 1,22 centavos por litro \u00e9 superior \u00e0 al\u00edquota m\u00e9dia de ICMS que os estados praticam hoje. Tive acesso a c\u00e1lculos de especialistas do setor que variam de R$ 0,16 a R$ 0,20 o aumento para o consumidor na bomba&#8221;, diz Pedro Faria, economista e pesquisador do Centro de Desenvolvimento e Planejamento Regional da Universidade Federal de Minas Gerais (Cedeplar-UFMG). Ele avalia que a mudan\u00e7a gera simplifica\u00e7\u00e3o tribut\u00e1ria e reduz a espa\u00e7o para a guerra fiscal entre os estados.<\/p>\n<p><strong>Pre\u00e7os<\/strong><br \/>\nAl\u00e9m dos tributos, outros fatores exercem influ\u00eancia no pre\u00e7o final cobrado pelos postos de gasolina, tais como os valores de venda nas refinarias, os custos de transporte e as margens de lucro das distribuidoras. Por esta raz\u00e3o, existem varia\u00e7\u00f5es nas estimativas. A ANP monitora o mercado mas n\u00e3o tem participa\u00e7\u00e3o na forma\u00e7\u00e3o dos pre\u00e7os. N\u00e3o h\u00e1 m\u00e1ximos, m\u00ednimos, tabelamento, nem necessidade de autoriza\u00e7\u00e3o para o repasse de reajustes ao consumidor. &#8220;Os pre\u00e7os s\u00e3o feitos pelo mercado, pelos agentes que nele atuam, como as refinarias (parte da Petrobras e parte privadas), usinas, distribuidoras e postos de combust\u00edveis\u201d, informa a ANP.<\/p>\n<p>A mudan\u00e7a na cobran\u00e7a do ICMS da gasolina foi institu\u00edda pela Lei Complementar 192 de 2022. O valor das al\u00edquotas fixas foi definido em mar\u00e7o deste ano pelo Conselho Nacional de Pol\u00edtica Fazend\u00e1ria (Confaz). No caso do diesel, a altera\u00e7\u00e3o j\u00e1 est\u00e1 valendo desde 1\u00ba de maio, com uma cobran\u00e7a de R$ 0,94 por litro.<\/p>\n<p>Na semana passada, o doutor em direito, advogado e professor da Funda\u00e7\u00e3o Get\u00falio Vargas (FGV), Gabriel Quintanilha, tamb\u00e9m havia pontuado em entrevista \u00e0 Ag\u00eancia Brasil que o novo ICMS causaria o aumento nos pre\u00e7os da gasolina. Segundo ele, no ano passado, durante a tramita\u00e7\u00e3o da Lei Complementar 192 de 2022, os pre\u00e7os dos combust\u00edveis estavam muito altos no Brasil e a al\u00edquota fixa por litro foi uma solu\u00e7\u00e3o apresentada para ajudar a diminuir a oscila\u00e7\u00e3o. No entanto, a medida ser\u00e1 aplicada em um cen\u00e1rio diferente daquele que motivou o in\u00edcio das discuss\u00f5es.<\/p>\n<p>\u201cO momento em que n\u00f3s estamos hoje \u00e9 exatamente esse: uma al\u00edquota ad rem, fixa, por litro de combust\u00edvel, que vai gerar mais arrecada\u00e7\u00e3o do que uma al\u00edquota ad valorem, porque o mercado reagiu e o d\u00f3lar est\u00e1 mais baixo, assim como o pre\u00e7o do petr\u00f3leo\u201d, analisou. Para Quintanilha, a al\u00edquota fixa poderia ser boa para o consumidor naquele momento em que come\u00e7ou a ser discutida. Por outro lado, a mudan\u00e7a ter\u00e1 impacto positivo para os estados, porque aumentar\u00e1 a arrecada\u00e7\u00e3o.<\/p>\n<p>O Instituto Brasileiro do Petr\u00f3leo, G\u00e1s Natural e Biocombust\u00edveis (IBP), que representa as distribuidoras de combust\u00edveis, tem se mostrado favor\u00e1vel \u00e0 mudan\u00e7a. O gerente jur\u00eddico e tribut\u00e1rio da entidade Mozart Rodrigues Filho disse \u00e0 Ag\u00eancia Brasil que a medida traz mais clareza e mais simplifica\u00e7\u00e3o tanto para o consumidor final, como para as empresas e os estados, que passariam a ter maior previsibilidade de arrecada\u00e7\u00e3o e mais facilidade para detectar fraudes tribut\u00e1rias.<\/p>\n<p><strong>Mudan\u00e7as previstas<\/strong><br \/>\nO economista Pedro Faria lembra que, no pr\u00f3ximo m\u00eas, provavelmente ocorrer\u00e1 um novo aumento. No dia 1\u00ba de julho, tributos federais (PIS\/Cofins e Cide) devem voltar a incidir integralmente sobre a gasolina e o etanol. Sua cobran\u00e7a havia sido zerada pelo ex-presidente Jair Bolsonaro no ano passado, durante o per\u00edodo eleitoral. Posteriormente, o governo Lula instituiu uma cobran\u00e7a parcial em vigor at\u00e9 o dia 30 de junho.<\/p>\n<p>Apesar do poss\u00edvel impacto para o consumidor, Pedro Faria destaca que s\u00e3o mudan\u00e7as que j\u00e1 estavam no horizonte. &#8220;\u00c9 importante ressaltar que tudo isso j\u00e1 est\u00e1 precificado e n\u00e3o \u00e9 uma novidade. J\u00e1 est\u00e1 embutido nas expectativas de infla\u00e7\u00e3o que a gente v\u00ea o Banco Central divulgando. J\u00e1 est\u00e1 embutido nas estimativas de arrecada\u00e7\u00e3o. Todo mundo est\u00e1 levando em conta os efeitos dessas mudan\u00e7as. E as expectativas de infla\u00e7\u00e3o que Banco Central divulga a partir de consultas a agentes do mercado financeiro mostram uma queda. Mesmo sendo agentes que t\u00eam uma leitura um pouco mais conservadora da infla\u00e7\u00e3o, elas ca\u00edram nas \u00faltimas quatro semanas. Sa\u00edram de 6,05% e foram para 5,71 no \u00faltimo Boletim Focus&#8221;.<\/p>\n<p>Pedro Faria observa ainda que o novo ICMS pode n\u00e3o ter vida longa, tendo em vista as discuss\u00f5es em torno da reforma tribut\u00e1ria. Segundo ele, o que est\u00e1 em pauta \u00e9 uma maior simplifica\u00e7\u00e3o na tributa\u00e7\u00e3o. A al\u00edquota fixa da gasolina j\u00e1 se insere nessa perspectiva, mas as regras que est\u00e3o sendo pensadas dever\u00e3o englobar os combust\u00edveis. &#8220;A mudan\u00e7a da gasolina j\u00e1 estava prevista, mas a gente espera que ela seja engolida por essa mudan\u00e7a mais ampla da reforma tribut\u00e1ria, que tem esse esp\u00edrito da simplifica\u00e7\u00e3o tribut\u00e1ria e da gera\u00e7\u00e3o de ganho de produtividade&#8221;.<\/p>\n<p><strong>Pol\u00edtica da Petrobras<\/strong><br \/>\nO novo ICMS para a gasolina entra em vigor apenas duas semanas ap\u00f3s a Petrobras anunciar sua nova pol\u00edtica de pre\u00e7os, colocando fim ao Pre\u00e7o de Paridade Internacional (PPI) que vigorava h\u00e1 mais de seis anos, durante os governos dos ex-presidentes Michel Temer e Jair Bolsonaro. No antigo modelo, seguiam-se as tend\u00eancias do mercado internacional.<\/p>\n<p>Agora, s\u00e3o consideradas as alternativas que o consumidor possui no mercado interno e as condi\u00e7\u00f5es obtidas pela estatal para produ\u00e7\u00e3o, importa\u00e7\u00e3o e exporta\u00e7\u00e3o. A mudan\u00e7a do PPI foi uma promessa feita pelo presidente Luiz In\u00e1cio Lula da Silva durante a campanha eleitoral no ano passado.<\/p>\n<p>No mesmo dia em que tornou p\u00fablica a mudan\u00e7a, a Petrobras oficializou uma redu\u00e7\u00e3o nos pre\u00e7os praticados para a venda da gasolina, do diesel e do g\u00e1s de cozinha aos distribuidores. No caso da gasolina, a queda foi de R$ 0,40 por litro. O impacto para o consumidor foi menor. O pre\u00e7o m\u00e9dio do litro da gasolina nos postos de combust\u00edvel caiu, em m\u00e9dia, R$ 0,20 segundo levantamento da ANP divulgado n sexta-feira (26).<\/p>\n<p>Para Pedro Faria, a nova pol\u00edtica d\u00e1 flexibilidade para a Petrobras cumprir a miss\u00e3o de empresa p\u00fablica e estatal. O economista observa que a estatal precisa atuar na defesa da soberania energ\u00e9tica do pa\u00eds, garantindo a disponibilidade de combust\u00edveis a pre\u00e7os est\u00e1veis e acess\u00edveis para a economia brasileira.<\/p>\n<p>&#8220;Ela pode segurar eventuais aumentos ou at\u00e9 baixar o pre\u00e7o para poder acomodar essa mudan\u00e7a de tributa\u00e7\u00e3o e depois ela vai liberando e corrigindo a varia\u00e7\u00e3o. A fun\u00e7\u00e3o da Petrobras, considerando seu car\u00e1ter p\u00fablico, \u00e9 justamente suavizar varia\u00e7\u00f5es para que a gente tenha um pre\u00e7o est\u00e1vel. N\u00e3o tenha sobe e desce de acordo com o d\u00f3lar, com a cota\u00e7\u00e3o do petr\u00f3leo ou com mudan\u00e7a de tributa\u00e7\u00e3o&#8221;. Procurada pela Ag\u00eancia Brasil, a Petrobras n\u00e3o informou se pretende fazer algum ajuste nos pre\u00e7os da gasolina para suavizar os efeitos do novo ICMS.<\/p>\n","protected":false},"excerpt":{"rendered":"<p>A entrada em vigor da al\u00edquota \u00fanica e fixa do Imposto sobre Circula\u00e7\u00e3o de Mercadorias e Servi\u00e7os (ICMS) dever\u00e1 provocar um aumento no pre\u00e7o da gasolina. A partir desta quinta-feira (1\u00ba), a cobran\u00e7a ser\u00e1 de R$ 1,22 por litro em todo o territ\u00f3rio nacional. Atualmente, as al\u00edquotas s\u00e3o proporcionais ao valor e s\u00e3o definidas por [&hellip;]<\/p>\n","protected":false},"author":2,"featured_media":306060,"comment_status":"closed","ping_status":"closed","sticky":false,"template":"","format":"standard","meta":{"_acf_changed":false,"footnotes":""},"categories":[161],"tags":[95],"class_list":["post-306059","post","type-post","status-publish","format-standard","has-post-thumbnail","hentry","category-quadradinho-em-foco","tag-capa"],"acf":[],"yoast_head":"<!-- This site is optimized with the Yoast SEO plugin v27.2 - https:\/\/yoast.com\/product\/yoast-seo-wordpress\/ -->\n<title>Especialistas apontam alta da gasolina com novo ICMS - Notibras<\/title>\n<meta name=\"robots\" content=\"index, follow, max-snippet:-1, max-image-preview:large, max-video-preview:-1\" \/>\n<link rel=\"canonical\" href=\"https:\/\/www.notibras.com\/site\/especialistas-apontam-alta-da-gasolina-com-novo-icms\/\" \/>\n<meta property=\"og:locale\" content=\"pt_BR\" \/>\n<meta property=\"og:type\" content=\"article\" \/>\n<meta property=\"og:title\" content=\"Especialistas apontam alta da gasolina com novo ICMS - Notibras\" \/>\n<meta property=\"og:description\" content=\"A entrada em vigor da al\u00edquota \u00fanica e fixa do Imposto sobre Circula\u00e7\u00e3o de Mercadorias e Servi\u00e7os (ICMS) dever\u00e1 provocar um aumento no pre\u00e7o da gasolina. A partir desta quinta-feira (1\u00ba), a cobran\u00e7a ser\u00e1 de R$ 1,22 por litro em todo o territ\u00f3rio nacional. Atualmente, as al\u00edquotas s\u00e3o proporcionais ao valor e s\u00e3o definidas por [&hellip;]\" \/>\n<meta property=\"og:url\" content=\"https:\/\/www.notibras.com\/site\/especialistas-apontam-alta-da-gasolina-com-novo-icms\/\" \/>\n<meta property=\"og:site_name\" content=\"Notibras\" \/>\n<meta property=\"article:publisher\" content=\"https:\/\/www.facebook.com\/notibras\/\" \/>\n<meta property=\"article:published_time\" content=\"2023-06-01T03:02:27+00:00\" \/>\n<meta property=\"article:modified_time\" content=\"2023-06-01T09:55:31+00:00\" \/>\n<meta property=\"og:image\" content=\"https:\/\/www.notibras.com\/site\/wp-content\/uploads\/2023\/06\/aumento_gazolina_rj_0506202742-3.jpg\" \/>\n\t<meta property=\"og:image:width\" content=\"1170\" \/>\n\t<meta property=\"og:image:height\" content=\"700\" \/>\n\t<meta property=\"og:image:type\" content=\"image\/jpeg\" \/>\n<meta name=\"author\" content=\"Reda\u00e7\u00e3o\" \/>\n<meta name=\"twitter:card\" content=\"summary_large_image\" \/>\n<meta name=\"twitter:creator\" content=\"@Notibras\" \/>\n<meta name=\"twitter:site\" content=\"@Notibras\" \/>\n<meta name=\"twitter:label1\" content=\"Escrito por\" \/>\n\t<meta name=\"twitter:data1\" content=\"Reda\u00e7\u00e3o\" \/>\n\t<meta name=\"twitter:label2\" content=\"Est. tempo de leitura\" \/>\n\t<meta name=\"twitter:data2\" content=\"7 minutos\" \/>\n<script type=\"application\/ld+json\" class=\"yoast-schema-graph\">{\"@context\":\"https:\/\/schema.org\",\"@graph\":[{\"@type\":\"Article\",\"@id\":\"https:\/\/www.notibras.com\/site\/especialistas-apontam-alta-da-gasolina-com-novo-icms\/#article\",\"isPartOf\":{\"@id\":\"https:\/\/www.notibras.com\/site\/especialistas-apontam-alta-da-gasolina-com-novo-icms\/\"},\"author\":{\"name\":\"Reda\u00e7\u00e3o\",\"@id\":\"https:\/\/www.notibras.com\/site\/#\/schema\/person\/36ab0979449956132d3e5b517ea76ac8\"},\"headline\":\"Especialistas apontam alta da gasolina com novo ICMS\",\"datePublished\":\"2023-06-01T03:02:27+00:00\",\"dateModified\":\"2023-06-01T09:55:31+00:00\",\"mainEntityOfPage\":{\"@id\":\"https:\/\/www.notibras.com\/site\/especialistas-apontam-alta-da-gasolina-com-novo-icms\/\"},\"wordCount\":1380,\"publisher\":{\"@id\":\"https:\/\/www.notibras.com\/site\/#organization\"},\"image\":{\"@id\":\"https:\/\/www.notibras.com\/site\/especialistas-apontam-alta-da-gasolina-com-novo-icms\/#primaryimage\"},\"thumbnailUrl\":\"https:\/\/www.notibras.com\/site\/wp-content\/uploads\/2023\/06\/aumento_gazolina_rj_0506202742-3.jpg\",\"keywords\":[\"capa\"],\"articleSection\":[\"Quadradinho em Foco\"],\"inLanguage\":\"pt-BR\"},{\"@type\":\"WebPage\",\"@id\":\"https:\/\/www.notibras.com\/site\/especialistas-apontam-alta-da-gasolina-com-novo-icms\/\",\"url\":\"https:\/\/www.notibras.com\/site\/especialistas-apontam-alta-da-gasolina-com-novo-icms\/\",\"name\":\"Especialistas apontam alta da gasolina com novo ICMS - Notibras\",\"isPartOf\":{\"@id\":\"https:\/\/www.notibras.com\/site\/#website\"},\"primaryImageOfPage\":{\"@id\":\"https:\/\/www.notibras.com\/site\/especialistas-apontam-alta-da-gasolina-com-novo-icms\/#primaryimage\"},\"image\":{\"@id\":\"https:\/\/www.notibras.com\/site\/especialistas-apontam-alta-da-gasolina-com-novo-icms\/#primaryimage\"},\"thumbnailUrl\":\"https:\/\/www.notibras.com\/site\/wp-content\/uploads\/2023\/06\/aumento_gazolina_rj_0506202742-3.jpg\",\"datePublished\":\"2023-06-01T03:02:27+00:00\",\"dateModified\":\"2023-06-01T09:55:31+00:00\",\"breadcrumb\":{\"@id\":\"https:\/\/www.notibras.com\/site\/especialistas-apontam-alta-da-gasolina-com-novo-icms\/#breadcrumb\"},\"inLanguage\":\"pt-BR\",\"potentialAction\":[{\"@type\":\"ReadAction\",\"target\":[\"https:\/\/www.notibras.com\/site\/especialistas-apontam-alta-da-gasolina-com-novo-icms\/\"]}]},{\"@type\":\"ImageObject\",\"inLanguage\":\"pt-BR\",\"@id\":\"https:\/\/www.notibras.com\/site\/especialistas-apontam-alta-da-gasolina-com-novo-icms\/#primaryimage\",\"url\":\"https:\/\/www.notibras.com\/site\/wp-content\/uploads\/2023\/06\/aumento_gazolina_rj_0506202742-3.jpg\",\"contentUrl\":\"https:\/\/www.notibras.com\/site\/wp-content\/uploads\/2023\/06\/aumento_gazolina_rj_0506202742-3.jpg\",\"width\":1170,\"height\":700,\"caption\":\"Petrobras reajusta em 12% o pre\u00e7o da gasolina nas refinarias a partir desta quinta-feira\"},{\"@type\":\"BreadcrumbList\",\"@id\":\"https:\/\/www.notibras.com\/site\/especialistas-apontam-alta-da-gasolina-com-novo-icms\/#breadcrumb\",\"itemListElement\":[{\"@type\":\"ListItem\",\"position\":1,\"name\":\"In\u00edcio\",\"item\":\"https:\/\/www.notibras.com\/site\/\"},{\"@type\":\"ListItem\",\"position\":2,\"name\":\"Especialistas apontam alta da gasolina com novo ICMS\"}]},{\"@type\":\"WebSite\",\"@id\":\"https:\/\/www.notibras.com\/site\/#website\",\"url\":\"https:\/\/www.notibras.com\/site\/\",\"name\":\"Notibras\",\"description\":\"Not\u00edcias de Bras\u00edlia, do Brasil e do Mundo\",\"publisher\":{\"@id\":\"https:\/\/www.notibras.com\/site\/#organization\"},\"potentialAction\":[{\"@type\":\"SearchAction\",\"target\":{\"@type\":\"EntryPoint\",\"urlTemplate\":\"https:\/\/www.notibras.com\/site\/?s={search_term_string}\"},\"query-input\":{\"@type\":\"PropertyValueSpecification\",\"valueRequired\":true,\"valueName\":\"search_term_string\"}}],\"inLanguage\":\"pt-BR\"},{\"@type\":\"Organization\",\"@id\":\"https:\/\/www.notibras.com\/site\/#organization\",\"name\":\"Grupo Notibras de Comunica\u00e7\u00e3o\",\"url\":\"https:\/\/www.notibras.com\/site\/\",\"logo\":{\"@type\":\"ImageObject\",\"inLanguage\":\"pt-BR\",\"@id\":\"https:\/\/www.notibras.com\/site\/#\/schema\/logo\/image\/\",\"url\":\"https:\/\/www.notibras.com\/site\/wp-content\/uploads\/2023\/01\/notibras23.png\",\"contentUrl\":\"https:\/\/www.notibras.com\/site\/wp-content\/uploads\/2023\/01\/notibras23.png\",\"width\":350,\"height\":87,\"caption\":\"Grupo Notibras de Comunica\u00e7\u00e3o\"},\"image\":{\"@id\":\"https:\/\/www.notibras.com\/site\/#\/schema\/logo\/image\/\"},\"sameAs\":[\"https:\/\/www.facebook.com\/notibras\/\",\"https:\/\/x.com\/Notibras\",\"https:\/\/www.instagram.com\/notibras\/\"]},{\"@type\":\"Person\",\"@id\":\"https:\/\/www.notibras.com\/site\/#\/schema\/person\/36ab0979449956132d3e5b517ea76ac8\",\"name\":\"Reda\u00e7\u00e3o\",\"image\":{\"@type\":\"ImageObject\",\"inLanguage\":\"pt-BR\",\"@id\":\"https:\/\/secure.gravatar.com\/avatar\/e0a867bdedb85fd243eadf09663511f96fc81e0720a4a42581f334ad4303aa6b?s=96&d=mm&r=g\",\"url\":\"https:\/\/secure.gravatar.com\/avatar\/e0a867bdedb85fd243eadf09663511f96fc81e0720a4a42581f334ad4303aa6b?s=96&d=mm&r=g\",\"contentUrl\":\"https:\/\/secure.gravatar.com\/avatar\/e0a867bdedb85fd243eadf09663511f96fc81e0720a4a42581f334ad4303aa6b?s=96&d=mm&r=g\",\"caption\":\"Reda\u00e7\u00e3o\"}}]}<\/script>\n<!-- \/ Yoast SEO plugin. -->","yoast_head_json":{"title":"Especialistas apontam alta da gasolina com novo ICMS - Notibras","robots":{"index":"index","follow":"follow","max-snippet":"max-snippet:-1","max-image-preview":"max-image-preview:large","max-video-preview":"max-video-preview:-1"},"canonical":"https:\/\/www.notibras.com\/site\/especialistas-apontam-alta-da-gasolina-com-novo-icms\/","og_locale":"pt_BR","og_type":"article","og_title":"Especialistas apontam alta da gasolina com novo ICMS - Notibras","og_description":"A entrada em vigor da al\u00edquota \u00fanica e fixa do Imposto sobre Circula\u00e7\u00e3o de Mercadorias e Servi\u00e7os (ICMS) dever\u00e1 provocar um aumento no pre\u00e7o da gasolina. A partir desta quinta-feira (1\u00ba), a cobran\u00e7a ser\u00e1 de R$ 1,22 por litro em todo o territ\u00f3rio nacional. Atualmente, as al\u00edquotas s\u00e3o proporcionais ao valor e s\u00e3o definidas por [&hellip;]","og_url":"https:\/\/www.notibras.com\/site\/especialistas-apontam-alta-da-gasolina-com-novo-icms\/","og_site_name":"Notibras","article_publisher":"https:\/\/www.facebook.com\/notibras\/","article_published_time":"2023-06-01T03:02:27+00:00","article_modified_time":"2023-06-01T09:55:31+00:00","og_image":[{"width":1170,"height":700,"url":"https:\/\/www.notibras.com\/site\/wp-content\/uploads\/2023\/06\/aumento_gazolina_rj_0506202742-3.jpg","type":"image\/jpeg"}],"author":"Reda\u00e7\u00e3o","twitter_card":"summary_large_image","twitter_creator":"@Notibras","twitter_site":"@Notibras","twitter_misc":{"Escrito por":"Reda\u00e7\u00e3o","Est. tempo de leitura":"7 minutos"},"schema":{"@context":"https:\/\/schema.org","@graph":[{"@type":"Article","@id":"https:\/\/www.notibras.com\/site\/especialistas-apontam-alta-da-gasolina-com-novo-icms\/#article","isPartOf":{"@id":"https:\/\/www.notibras.com\/site\/especialistas-apontam-alta-da-gasolina-com-novo-icms\/"},"author":{"name":"Reda\u00e7\u00e3o","@id":"https:\/\/www.notibras.com\/site\/#\/schema\/person\/36ab0979449956132d3e5b517ea76ac8"},"headline":"Especialistas apontam alta da gasolina com novo ICMS","datePublished":"2023-06-01T03:02:27+00:00","dateModified":"2023-06-01T09:55:31+00:00","mainEntityOfPage":{"@id":"https:\/\/www.notibras.com\/site\/especialistas-apontam-alta-da-gasolina-com-novo-icms\/"},"wordCount":1380,"publisher":{"@id":"https:\/\/www.notibras.com\/site\/#organization"},"image":{"@id":"https:\/\/www.notibras.com\/site\/especialistas-apontam-alta-da-gasolina-com-novo-icms\/#primaryimage"},"thumbnailUrl":"https:\/\/www.notibras.com\/site\/wp-content\/uploads\/2023\/06\/aumento_gazolina_rj_0506202742-3.jpg","keywords":["capa"],"articleSection":["Quadradinho em Foco"],"inLanguage":"pt-BR"},{"@type":"WebPage","@id":"https:\/\/www.notibras.com\/site\/especialistas-apontam-alta-da-gasolina-com-novo-icms\/","url":"https:\/\/www.notibras.com\/site\/especialistas-apontam-alta-da-gasolina-com-novo-icms\/","name":"Especialistas apontam alta da gasolina com novo ICMS - Notibras","isPartOf":{"@id":"https:\/\/www.notibras.com\/site\/#website"},"primaryImageOfPage":{"@id":"https:\/\/www.notibras.com\/site\/especialistas-apontam-alta-da-gasolina-com-novo-icms\/#primaryimage"},"image":{"@id":"https:\/\/www.notibras.com\/site\/especialistas-apontam-alta-da-gasolina-com-novo-icms\/#primaryimage"},"thumbnailUrl":"https:\/\/www.notibras.com\/site\/wp-content\/uploads\/2023\/06\/aumento_gazolina_rj_0506202742-3.jpg","datePublished":"2023-06-01T03:02:27+00:00","dateModified":"2023-06-01T09:55:31+00:00","breadcrumb":{"@id":"https:\/\/www.notibras.com\/site\/especialistas-apontam-alta-da-gasolina-com-novo-icms\/#breadcrumb"},"inLanguage":"pt-BR","potentialAction":[{"@type":"ReadAction","target":["https:\/\/www.notibras.com\/site\/especialistas-apontam-alta-da-gasolina-com-novo-icms\/"]}]},{"@type":"ImageObject","inLanguage":"pt-BR","@id":"https:\/\/www.notibras.com\/site\/especialistas-apontam-alta-da-gasolina-com-novo-icms\/#primaryimage","url":"https:\/\/www.notibras.com\/site\/wp-content\/uploads\/2023\/06\/aumento_gazolina_rj_0506202742-3.jpg","contentUrl":"https:\/\/www.notibras.com\/site\/wp-content\/uploads\/2023\/06\/aumento_gazolina_rj_0506202742-3.jpg","width":1170,"height":700,"caption":"Petrobras reajusta em 12% o pre\u00e7o da gasolina nas refinarias a partir desta quinta-feira"},{"@type":"BreadcrumbList","@id":"https:\/\/www.notibras.com\/site\/especialistas-apontam-alta-da-gasolina-com-novo-icms\/#breadcrumb","itemListElement":[{"@type":"ListItem","position":1,"name":"In\u00edcio","item":"https:\/\/www.notibras.com\/site\/"},{"@type":"ListItem","position":2,"name":"Especialistas apontam alta da gasolina com novo ICMS"}]},{"@type":"WebSite","@id":"https:\/\/www.notibras.com\/site\/#website","url":"https:\/\/www.notibras.com\/site\/","name":"Notibras","description":"Not\u00edcias de Bras\u00edlia, do Brasil e do Mundo","publisher":{"@id":"https:\/\/www.notibras.com\/site\/#organization"},"potentialAction":[{"@type":"SearchAction","target":{"@type":"EntryPoint","urlTemplate":"https:\/\/www.notibras.com\/site\/?s={search_term_string}"},"query-input":{"@type":"PropertyValueSpecification","valueRequired":true,"valueName":"search_term_string"}}],"inLanguage":"pt-BR"},{"@type":"Organization","@id":"https:\/\/www.notibras.com\/site\/#organization","name":"Grupo Notibras de Comunica\u00e7\u00e3o","url":"https:\/\/www.notibras.com\/site\/","logo":{"@type":"ImageObject","inLanguage":"pt-BR","@id":"https:\/\/www.notibras.com\/site\/#\/schema\/logo\/image\/","url":"https:\/\/www.notibras.com\/site\/wp-content\/uploads\/2023\/01\/notibras23.png","contentUrl":"https:\/\/www.notibras.com\/site\/wp-content\/uploads\/2023\/01\/notibras23.png","width":350,"height":87,"caption":"Grupo Notibras de Comunica\u00e7\u00e3o"},"image":{"@id":"https:\/\/www.notibras.com\/site\/#\/schema\/logo\/image\/"},"sameAs":["https:\/\/www.facebook.com\/notibras\/","https:\/\/x.com\/Notibras","https:\/\/www.instagram.com\/notibras\/"]},{"@type":"Person","@id":"https:\/\/www.notibras.com\/site\/#\/schema\/person\/36ab0979449956132d3e5b517ea76ac8","name":"Reda\u00e7\u00e3o","image":{"@type":"ImageObject","inLanguage":"pt-BR","@id":"https:\/\/secure.gravatar.com\/avatar\/e0a867bdedb85fd243eadf09663511f96fc81e0720a4a42581f334ad4303aa6b?s=96&d=mm&r=g","url":"https:\/\/secure.gravatar.com\/avatar\/e0a867bdedb85fd243eadf09663511f96fc81e0720a4a42581f334ad4303aa6b?s=96&d=mm&r=g","contentUrl":"https:\/\/secure.gravatar.com\/avatar\/e0a867bdedb85fd243eadf09663511f96fc81e0720a4a42581f334ad4303aa6b?s=96&d=mm&r=g","caption":"Reda\u00e7\u00e3o"}}]}},"amp_enabled":true,"_links":{"self":[{"href":"https:\/\/www.notibras.com\/site\/wp-json\/wp\/v2\/posts\/306059","targetHints":{"allow":["GET"]}}],"collection":[{"href":"https:\/\/www.notibras.com\/site\/wp-json\/wp\/v2\/posts"}],"about":[{"href":"https:\/\/www.notibras.com\/site\/wp-json\/wp\/v2\/types\/post"}],"author":[{"embeddable":true,"href":"https:\/\/www.notibras.com\/site\/wp-json\/wp\/v2\/users\/2"}],"replies":[{"embeddable":true,"href":"https:\/\/www.notibras.com\/site\/wp-json\/wp\/v2\/comments?post=306059"}],"version-history":[{"count":1,"href":"https:\/\/www.notibras.com\/site\/wp-json\/wp\/v2\/posts\/306059\/revisions"}],"predecessor-version":[{"id":306061,"href":"https:\/\/www.notibras.com\/site\/wp-json\/wp\/v2\/posts\/306059\/revisions\/306061"}],"wp:featuredmedia":[{"embeddable":true,"href":"https:\/\/www.notibras.com\/site\/wp-json\/wp\/v2\/media\/306060"}],"wp:attachment":[{"href":"https:\/\/www.notibras.com\/site\/wp-json\/wp\/v2\/media?parent=306059"}],"wp:term":[{"taxonomy":"category","embeddable":true,"href":"https:\/\/www.notibras.com\/site\/wp-json\/wp\/v2\/categories?post=306059"},{"taxonomy":"post_tag","embeddable":true,"href":"https:\/\/www.notibras.com\/site\/wp-json\/wp\/v2\/tags?post=306059"}],"curies":[{"name":"wp","href":"https:\/\/api.w.org\/{rel}","templated":true}]}}