{"id":306069,"date":"2023-06-01T07:33:31","date_gmt":"2023-06-01T10:33:31","guid":{"rendered":"https:\/\/www.notibras.com\/site\/?p=306069"},"modified":"2023-06-01T07:33:31","modified_gmt":"2023-06-01T10:33:31","slug":"crocancia-do-mcflurry-oreo-volta-ao-mcdonalds","status":"publish","type":"post","link":"https:\/\/www.notibras.com\/site\/crocancia-do-mcflurry-oreo-volta-ao-mcdonalds\/","title":{"rendered":"Croc\u00e2ncia do McFlurry Oreo volta ao McDonald\u2019s"},"content":{"rendered":"<p>O McFlurry Oreo retorna ao card\u00e1pio combinando a croc\u00e2ncia sem igual dos biscoitos Oreo com a cremosidade \u00fanica do McFlurry, afinal s\u00f3 Oreo \u00e9 Oreo e no McFlurry fica ainda melhor.<\/p>\n<p>Esse lan\u00e7amento, como todas as sobremesas do McDonald\u2019s, segue os altos padr\u00f5es de qualidade da marca. \u00c0 base de bebida l\u00e1ctea, ou seja, tem na maioria de sua composi\u00e7\u00e3o ingredientes l\u00e1cteos, \u00e9 feita com aroma natural de baunilha, chocolate ou os dois, acompanha a cobertura de prefer\u00eancia do cliente, que n\u00e3o tem adi\u00e7\u00e3o de gordura hidrogenada na formula\u00e7\u00e3o, junto com peda\u00e7os do cl\u00e1ssico e ic\u00f4nico Oreo, biscoito extremamente crocante e de recheio incompar\u00e1vel.<\/p>\n<p>Para S\u00e9rgio Eleut\u00e9rio, diretor de Marketing do McDonald\u2019s Brasil, a renova\u00e7\u00e3o da parceria entre Oreo e McDonald&#8217;s \u00e9 um motivo de celebra\u00e7\u00e3o: \u201cBuscamos oferecer sempre op\u00e7\u00f5es novas e deliciosas para os nossos consumidores possa matar sua #FomeDeM\u00e9qui, mas confesso que voltar com os cl\u00e1ssicos mais pedidos \u00e9 sempre uma del\u00edcia. A parceria com Oreo \u00e9 uma dessas combina\u00e7\u00f5es perfeitas de cl\u00e1ssico e saboroso.\u201d<\/p>\n<p>A sobremesa j\u00e1 est\u00e1 dispon\u00edvel em McDonald\u2019s do pa\u00eds todo e, para experimentar basta pedir pelo McDelivery, no Pe\u00e7a e Retire, passar no Drive-Tudo ou at\u00e9 mesmo no balc\u00e3o do restaurante ou pelos totens de autoatendimento. Para n\u00e3o perder outras novidades como essa, acesse o site do McDonald\u2019s.<\/p>\n<p><strong>Sobre a Arcos Dorados<\/strong><br \/>\nA Arcos Dorados \u00e9 a maior franquia independente do McDonald\u2019s do mundo e a maior rede de servi\u00e7o r\u00e1pido de alimenta\u00e7\u00e3o da Am\u00e9rica Latina e Caribe. A companhia conta com direitos exclusivos de possuir, operar e conceder franquias locais de restaurantes McDonald\u2019s em 20 pa\u00edses e territ\u00f3rios dessas regi\u00f5es. Atualmente, a rede possui mais de 2.300 restaurantes, entre unidades pr\u00f3prias e de seus franqueados, que juntos empregam mais de 95.000 funcion\u00e1rios (dados de 31\/03\/2023). A empresa tamb\u00e9m utiliza sua plataforma ESG, Receita do Futuro, para impactar positivamente as comunidades onde est\u00e1 presente. A Arcos Dorados est\u00e1 listada na Bolsa de Valores de Nova York (NYSE: ARCO). Para saber mais sobre a Companhia por favor visite o nosso site: www.arcosdorados.com<\/p>\n","protected":false},"excerpt":{"rendered":"<p>O McFlurry Oreo retorna ao card\u00e1pio combinando a croc\u00e2ncia sem igual dos biscoitos Oreo com a cremosidade \u00fanica do McFlurry, afinal s\u00f3 Oreo \u00e9 Oreo e no McFlurry fica ainda melhor. Esse lan\u00e7amento, como todas as sobremesas do McDonald\u2019s, segue os altos padr\u00f5es de qualidade da marca. \u00c0 base de bebida l\u00e1ctea, ou seja, tem [&hellip;]<\/p>\n","protected":false},"author":2,"featured_media":306070,"comment_status":"closed","ping_status":"closed","sticky":false,"template":"","format":"standard","meta":{"_acf_changed":false,"footnotes":""},"categories":[161],"tags":[],"class_list":["post-306069","post","type-post","status-publish","format-standard","has-post-thumbnail","hentry","category-quadradinho-em-foco"],"acf":[],"yoast_head":"<!-- This site is optimized with the Yoast SEO plugin v27.2 - https:\/\/yoast.com\/product\/yoast-seo-wordpress\/ -->\n<title>Croc\u00e2ncia do McFlurry Oreo volta ao McDonald\u2019s - Notibras<\/title>\n<meta name=\"robots\" content=\"index, follow, max-snippet:-1, max-image-preview:large, max-video-preview:-1\" \/>\n<link rel=\"canonical\" href=\"https:\/\/www.notibras.com\/site\/crocancia-do-mcflurry-oreo-volta-ao-mcdonalds\/\" \/>\n<meta property=\"og:locale\" content=\"pt_BR\" \/>\n<meta property=\"og:type\" content=\"article\" \/>\n<meta property=\"og:title\" content=\"Croc\u00e2ncia do McFlurry Oreo volta ao McDonald\u2019s - Notibras\" \/>\n<meta property=\"og:description\" content=\"O McFlurry Oreo retorna ao card\u00e1pio combinando a croc\u00e2ncia sem igual dos biscoitos Oreo com a cremosidade \u00fanica do McFlurry, afinal s\u00f3 Oreo \u00e9 Oreo e no McFlurry fica ainda melhor. Esse lan\u00e7amento, como todas as sobremesas do McDonald\u2019s, segue os altos padr\u00f5es de qualidade da marca. \u00c0 base de bebida l\u00e1ctea, ou seja, tem [&hellip;]\" \/>\n<meta property=\"og:url\" content=\"https:\/\/www.notibras.com\/site\/crocancia-do-mcflurry-oreo-volta-ao-mcdonalds\/\" \/>\n<meta property=\"og:site_name\" content=\"Notibras\" \/>\n<meta property=\"article:publisher\" content=\"https:\/\/www.facebook.com\/notibras\/\" \/>\n<meta property=\"article:published_time\" content=\"2023-06-01T10:33:31+00:00\" \/>\n<meta property=\"og:image\" content=\"https:\/\/www.notibras.com\/site\/wp-content\/uploads\/2023\/06\/unnamed-72.jpg\" \/>\n\t<meta property=\"og:image:width\" content=\"1351\" \/>\n\t<meta property=\"og:image:height\" content=\"2048\" \/>\n\t<meta property=\"og:image:type\" content=\"image\/jpeg\" \/>\n<meta name=\"author\" content=\"Reda\u00e7\u00e3o\" \/>\n<meta name=\"twitter:card\" content=\"summary_large_image\" \/>\n<meta name=\"twitter:creator\" content=\"@Notibras\" \/>\n<meta name=\"twitter:site\" content=\"@Notibras\" \/>\n<meta name=\"twitter:label1\" content=\"Escrito por\" \/>\n\t<meta name=\"twitter:data1\" content=\"Reda\u00e7\u00e3o\" \/>\n\t<meta name=\"twitter:label2\" content=\"Est. tempo de leitura\" \/>\n\t<meta name=\"twitter:data2\" content=\"2 minutos\" \/>\n<script type=\"application\/ld+json\" class=\"yoast-schema-graph\">{\"@context\":\"https:\/\/schema.org\",\"@graph\":[{\"@type\":\"Article\",\"@id\":\"https:\/\/www.notibras.com\/site\/crocancia-do-mcflurry-oreo-volta-ao-mcdonalds\/#article\",\"isPartOf\":{\"@id\":\"https:\/\/www.notibras.com\/site\/crocancia-do-mcflurry-oreo-volta-ao-mcdonalds\/\"},\"author\":{\"name\":\"Reda\u00e7\u00e3o\",\"@id\":\"https:\/\/www.notibras.com\/site\/#\/schema\/person\/36ab0979449956132d3e5b517ea76ac8\"},\"headline\":\"Croc\u00e2ncia do McFlurry Oreo volta ao McDonald\u2019s\",\"datePublished\":\"2023-06-01T10:33:31+00:00\",\"mainEntityOfPage\":{\"@id\":\"https:\/\/www.notibras.com\/site\/crocancia-do-mcflurry-oreo-volta-ao-mcdonalds\/\"},\"wordCount\":384,\"publisher\":{\"@id\":\"https:\/\/www.notibras.com\/site\/#organization\"},\"image\":{\"@id\":\"https:\/\/www.notibras.com\/site\/crocancia-do-mcflurry-oreo-volta-ao-mcdonalds\/#primaryimage\"},\"thumbnailUrl\":\"https:\/\/www.notibras.com\/site\/wp-content\/uploads\/2023\/06\/unnamed-72.jpg\",\"articleSection\":[\"Quadradinho em Foco\"],\"inLanguage\":\"pt-BR\"},{\"@type\":\"WebPage\",\"@id\":\"https:\/\/www.notibras.com\/site\/crocancia-do-mcflurry-oreo-volta-ao-mcdonalds\/\",\"url\":\"https:\/\/www.notibras.com\/site\/crocancia-do-mcflurry-oreo-volta-ao-mcdonalds\/\",\"name\":\"Croc\u00e2ncia do McFlurry Oreo volta ao McDonald\u2019s - Notibras\",\"isPartOf\":{\"@id\":\"https:\/\/www.notibras.com\/site\/#website\"},\"primaryImageOfPage\":{\"@id\":\"https:\/\/www.notibras.com\/site\/crocancia-do-mcflurry-oreo-volta-ao-mcdonalds\/#primaryimage\"},\"image\":{\"@id\":\"https:\/\/www.notibras.com\/site\/crocancia-do-mcflurry-oreo-volta-ao-mcdonalds\/#primaryimage\"},\"thumbnailUrl\":\"https:\/\/www.notibras.com\/site\/wp-content\/uploads\/2023\/06\/unnamed-72.jpg\",\"datePublished\":\"2023-06-01T10:33:31+00:00\",\"breadcrumb\":{\"@id\":\"https:\/\/www.notibras.com\/site\/crocancia-do-mcflurry-oreo-volta-ao-mcdonalds\/#breadcrumb\"},\"inLanguage\":\"pt-BR\",\"potentialAction\":[{\"@type\":\"ReadAction\",\"target\":[\"https:\/\/www.notibras.com\/site\/crocancia-do-mcflurry-oreo-volta-ao-mcdonalds\/\"]}]},{\"@type\":\"ImageObject\",\"inLanguage\":\"pt-BR\",\"@id\":\"https:\/\/www.notibras.com\/site\/crocancia-do-mcflurry-oreo-volta-ao-mcdonalds\/#primaryimage\",\"url\":\"https:\/\/www.notibras.com\/site\/wp-content\/uploads\/2023\/06\/unnamed-72.jpg\",\"contentUrl\":\"https:\/\/www.notibras.com\/site\/wp-content\/uploads\/2023\/06\/unnamed-72.jpg\",\"width\":1351,\"height\":2048},{\"@type\":\"BreadcrumbList\",\"@id\":\"https:\/\/www.notibras.com\/site\/crocancia-do-mcflurry-oreo-volta-ao-mcdonalds\/#breadcrumb\",\"itemListElement\":[{\"@type\":\"ListItem\",\"position\":1,\"name\":\"In\u00edcio\",\"item\":\"https:\/\/www.notibras.com\/site\/\"},{\"@type\":\"ListItem\",\"position\":2,\"name\":\"Croc\u00e2ncia do McFlurry Oreo volta ao McDonald\u2019s\"}]},{\"@type\":\"WebSite\",\"@id\":\"https:\/\/www.notibras.com\/site\/#website\",\"url\":\"https:\/\/www.notibras.com\/site\/\",\"name\":\"Notibras\",\"description\":\"Not\u00edcias de Bras\u00edlia, do Brasil e do Mundo\",\"publisher\":{\"@id\":\"https:\/\/www.notibras.com\/site\/#organization\"},\"potentialAction\":[{\"@type\":\"SearchAction\",\"target\":{\"@type\":\"EntryPoint\",\"urlTemplate\":\"https:\/\/www.notibras.com\/site\/?s={search_term_string}\"},\"query-input\":{\"@type\":\"PropertyValueSpecification\",\"valueRequired\":true,\"valueName\":\"search_term_string\"}}],\"inLanguage\":\"pt-BR\"},{\"@type\":\"Organization\",\"@id\":\"https:\/\/www.notibras.com\/site\/#organization\",\"name\":\"Grupo Notibras de Comunica\u00e7\u00e3o\",\"url\":\"https:\/\/www.notibras.com\/site\/\",\"logo\":{\"@type\":\"ImageObject\",\"inLanguage\":\"pt-BR\",\"@id\":\"https:\/\/www.notibras.com\/site\/#\/schema\/logo\/image\/\",\"url\":\"https:\/\/www.notibras.com\/site\/wp-content\/uploads\/2023\/01\/notibras23.png\",\"contentUrl\":\"https:\/\/www.notibras.com\/site\/wp-content\/uploads\/2023\/01\/notibras23.png\",\"width\":350,\"height\":87,\"caption\":\"Grupo Notibras de Comunica\u00e7\u00e3o\"},\"image\":{\"@id\":\"https:\/\/www.notibras.com\/site\/#\/schema\/logo\/image\/\"},\"sameAs\":[\"https:\/\/www.facebook.com\/notibras\/\",\"https:\/\/x.com\/Notibras\",\"https:\/\/www.instagram.com\/notibras\/\"]},{\"@type\":\"Person\",\"@id\":\"https:\/\/www.notibras.com\/site\/#\/schema\/person\/36ab0979449956132d3e5b517ea76ac8\",\"name\":\"Reda\u00e7\u00e3o\",\"image\":{\"@type\":\"ImageObject\",\"inLanguage\":\"pt-BR\",\"@id\":\"https:\/\/secure.gravatar.com\/avatar\/e0a867bdedb85fd243eadf09663511f96fc81e0720a4a42581f334ad4303aa6b?s=96&d=mm&r=g\",\"url\":\"https:\/\/secure.gravatar.com\/avatar\/e0a867bdedb85fd243eadf09663511f96fc81e0720a4a42581f334ad4303aa6b?s=96&d=mm&r=g\",\"contentUrl\":\"https:\/\/secure.gravatar.com\/avatar\/e0a867bdedb85fd243eadf09663511f96fc81e0720a4a42581f334ad4303aa6b?s=96&d=mm&r=g\",\"caption\":\"Reda\u00e7\u00e3o\"}}]}<\/script>\n<!-- \/ Yoast SEO plugin. -->","yoast_head_json":{"title":"Croc\u00e2ncia do McFlurry Oreo volta ao McDonald\u2019s - Notibras","robots":{"index":"index","follow":"follow","max-snippet":"max-snippet:-1","max-image-preview":"max-image-preview:large","max-video-preview":"max-video-preview:-1"},"canonical":"https:\/\/www.notibras.com\/site\/crocancia-do-mcflurry-oreo-volta-ao-mcdonalds\/","og_locale":"pt_BR","og_type":"article","og_title":"Croc\u00e2ncia do McFlurry Oreo volta ao McDonald\u2019s - Notibras","og_description":"O McFlurry Oreo retorna ao card\u00e1pio combinando a croc\u00e2ncia sem igual dos biscoitos Oreo com a cremosidade \u00fanica do McFlurry, afinal s\u00f3 Oreo \u00e9 Oreo e no McFlurry fica ainda melhor. Esse lan\u00e7amento, como todas as sobremesas do McDonald\u2019s, segue os altos padr\u00f5es de qualidade da marca. \u00c0 base de bebida l\u00e1ctea, ou seja, tem [&hellip;]","og_url":"https:\/\/www.notibras.com\/site\/crocancia-do-mcflurry-oreo-volta-ao-mcdonalds\/","og_site_name":"Notibras","article_publisher":"https:\/\/www.facebook.com\/notibras\/","article_published_time":"2023-06-01T10:33:31+00:00","og_image":[{"width":1351,"height":2048,"url":"https:\/\/www.notibras.com\/site\/wp-content\/uploads\/2023\/06\/unnamed-72.jpg","type":"image\/jpeg"}],"author":"Reda\u00e7\u00e3o","twitter_card":"summary_large_image","twitter_creator":"@Notibras","twitter_site":"@Notibras","twitter_misc":{"Escrito por":"Reda\u00e7\u00e3o","Est. tempo de leitura":"2 minutos"},"schema":{"@context":"https:\/\/schema.org","@graph":[{"@type":"Article","@id":"https:\/\/www.notibras.com\/site\/crocancia-do-mcflurry-oreo-volta-ao-mcdonalds\/#article","isPartOf":{"@id":"https:\/\/www.notibras.com\/site\/crocancia-do-mcflurry-oreo-volta-ao-mcdonalds\/"},"author":{"name":"Reda\u00e7\u00e3o","@id":"https:\/\/www.notibras.com\/site\/#\/schema\/person\/36ab0979449956132d3e5b517ea76ac8"},"headline":"Croc\u00e2ncia do McFlurry Oreo volta ao McDonald\u2019s","datePublished":"2023-06-01T10:33:31+00:00","mainEntityOfPage":{"@id":"https:\/\/www.notibras.com\/site\/crocancia-do-mcflurry-oreo-volta-ao-mcdonalds\/"},"wordCount":384,"publisher":{"@id":"https:\/\/www.notibras.com\/site\/#organization"},"image":{"@id":"https:\/\/www.notibras.com\/site\/crocancia-do-mcflurry-oreo-volta-ao-mcdonalds\/#primaryimage"},"thumbnailUrl":"https:\/\/www.notibras.com\/site\/wp-content\/uploads\/2023\/06\/unnamed-72.jpg","articleSection":["Quadradinho em Foco"],"inLanguage":"pt-BR"},{"@type":"WebPage","@id":"https:\/\/www.notibras.com\/site\/crocancia-do-mcflurry-oreo-volta-ao-mcdonalds\/","url":"https:\/\/www.notibras.com\/site\/crocancia-do-mcflurry-oreo-volta-ao-mcdonalds\/","name":"Croc\u00e2ncia do McFlurry Oreo volta ao McDonald\u2019s - Notibras","isPartOf":{"@id":"https:\/\/www.notibras.com\/site\/#website"},"primaryImageOfPage":{"@id":"https:\/\/www.notibras.com\/site\/crocancia-do-mcflurry-oreo-volta-ao-mcdonalds\/#primaryimage"},"image":{"@id":"https:\/\/www.notibras.com\/site\/crocancia-do-mcflurry-oreo-volta-ao-mcdonalds\/#primaryimage"},"thumbnailUrl":"https:\/\/www.notibras.com\/site\/wp-content\/uploads\/2023\/06\/unnamed-72.jpg","datePublished":"2023-06-01T10:33:31+00:00","breadcrumb":{"@id":"https:\/\/www.notibras.com\/site\/crocancia-do-mcflurry-oreo-volta-ao-mcdonalds\/#breadcrumb"},"inLanguage":"pt-BR","potentialAction":[{"@type":"ReadAction","target":["https:\/\/www.notibras.com\/site\/crocancia-do-mcflurry-oreo-volta-ao-mcdonalds\/"]}]},{"@type":"ImageObject","inLanguage":"pt-BR","@id":"https:\/\/www.notibras.com\/site\/crocancia-do-mcflurry-oreo-volta-ao-mcdonalds\/#primaryimage","url":"https:\/\/www.notibras.com\/site\/wp-content\/uploads\/2023\/06\/unnamed-72.jpg","contentUrl":"https:\/\/www.notibras.com\/site\/wp-content\/uploads\/2023\/06\/unnamed-72.jpg","width":1351,"height":2048},{"@type":"BreadcrumbList","@id":"https:\/\/www.notibras.com\/site\/crocancia-do-mcflurry-oreo-volta-ao-mcdonalds\/#breadcrumb","itemListElement":[{"@type":"ListItem","position":1,"name":"In\u00edcio","item":"https:\/\/www.notibras.com\/site\/"},{"@type":"ListItem","position":2,"name":"Croc\u00e2ncia do McFlurry Oreo volta ao McDonald\u2019s"}]},{"@type":"WebSite","@id":"https:\/\/www.notibras.com\/site\/#website","url":"https:\/\/www.notibras.com\/site\/","name":"Notibras","description":"Not\u00edcias de Bras\u00edlia, do Brasil e do Mundo","publisher":{"@id":"https:\/\/www.notibras.com\/site\/#organization"},"potentialAction":[{"@type":"SearchAction","target":{"@type":"EntryPoint","urlTemplate":"https:\/\/www.notibras.com\/site\/?s={search_term_string}"},"query-input":{"@type":"PropertyValueSpecification","valueRequired":true,"valueName":"search_term_string"}}],"inLanguage":"pt-BR"},{"@type":"Organization","@id":"https:\/\/www.notibras.com\/site\/#organization","name":"Grupo Notibras de Comunica\u00e7\u00e3o","url":"https:\/\/www.notibras.com\/site\/","logo":{"@type":"ImageObject","inLanguage":"pt-BR","@id":"https:\/\/www.notibras.com\/site\/#\/schema\/logo\/image\/","url":"https:\/\/www.notibras.com\/site\/wp-content\/uploads\/2023\/01\/notibras23.png","contentUrl":"https:\/\/www.notibras.com\/site\/wp-content\/uploads\/2023\/01\/notibras23.png","width":350,"height":87,"caption":"Grupo Notibras de Comunica\u00e7\u00e3o"},"image":{"@id":"https:\/\/www.notibras.com\/site\/#\/schema\/logo\/image\/"},"sameAs":["https:\/\/www.facebook.com\/notibras\/","https:\/\/x.com\/Notibras","https:\/\/www.instagram.com\/notibras\/"]},{"@type":"Person","@id":"https:\/\/www.notibras.com\/site\/#\/schema\/person\/36ab0979449956132d3e5b517ea76ac8","name":"Reda\u00e7\u00e3o","image":{"@type":"ImageObject","inLanguage":"pt-BR","@id":"https:\/\/secure.gravatar.com\/avatar\/e0a867bdedb85fd243eadf09663511f96fc81e0720a4a42581f334ad4303aa6b?s=96&d=mm&r=g","url":"https:\/\/secure.gravatar.com\/avatar\/e0a867bdedb85fd243eadf09663511f96fc81e0720a4a42581f334ad4303aa6b?s=96&d=mm&r=g","contentUrl":"https:\/\/secure.gravatar.com\/avatar\/e0a867bdedb85fd243eadf09663511f96fc81e0720a4a42581f334ad4303aa6b?s=96&d=mm&r=g","caption":"Reda\u00e7\u00e3o"}}]}},"amp_enabled":true,"_links":{"self":[{"href":"https:\/\/www.notibras.com\/site\/wp-json\/wp\/v2\/posts\/306069","targetHints":{"allow":["GET"]}}],"collection":[{"href":"https:\/\/www.notibras.com\/site\/wp-json\/wp\/v2\/posts"}],"about":[{"href":"https:\/\/www.notibras.com\/site\/wp-json\/wp\/v2\/types\/post"}],"author":[{"embeddable":true,"href":"https:\/\/www.notibras.com\/site\/wp-json\/wp\/v2\/users\/2"}],"replies":[{"embeddable":true,"href":"https:\/\/www.notibras.com\/site\/wp-json\/wp\/v2\/comments?post=306069"}],"version-history":[{"count":1,"href":"https:\/\/www.notibras.com\/site\/wp-json\/wp\/v2\/posts\/306069\/revisions"}],"predecessor-version":[{"id":306071,"href":"https:\/\/www.notibras.com\/site\/wp-json\/wp\/v2\/posts\/306069\/revisions\/306071"}],"wp:featuredmedia":[{"embeddable":true,"href":"https:\/\/www.notibras.com\/site\/wp-json\/wp\/v2\/media\/306070"}],"wp:attachment":[{"href":"https:\/\/www.notibras.com\/site\/wp-json\/wp\/v2\/media?parent=306069"}],"wp:term":[{"taxonomy":"category","embeddable":true,"href":"https:\/\/www.notibras.com\/site\/wp-json\/wp\/v2\/categories?post=306069"},{"taxonomy":"post_tag","embeddable":true,"href":"https:\/\/www.notibras.com\/site\/wp-json\/wp\/v2\/tags?post=306069"}],"curies":[{"name":"wp","href":"https:\/\/api.w.org\/{rel}","templated":true}]}}