{"id":306072,"date":"2023-06-01T07:38:00","date_gmt":"2023-06-01T10:38:00","guid":{"rendered":"https:\/\/www.notibras.com\/site\/?p=306072"},"modified":"2023-06-01T07:38:00","modified_gmt":"2023-06-01T10:38:00","slug":"novos-pratos-chegam-ao-menu-do-abbraccio","status":"publish","type":"post","link":"https:\/\/www.notibras.com\/site\/novos-pratos-chegam-ao-menu-do-abbraccio\/","title":{"rendered":"Novos pratos chegam ao menu do Abbraccio"},"content":{"rendered":"<p>Pratos que aquecem o corpo e oferecem del\u00edcias italian\u00edssimas e aconchegantes para o dia a dia: esta \u00e9 a proposta da nova campanha \u201cAbra\u00e7os de Inverno\u201d do Abbraccio, rede inspirada no lifestyle italiano e parte do grupo Bloomin\u2019 Brands no Brasil, que tamb\u00e9m det\u00e9m as marcas Outback e Aussie Grill. Com a proximidade da \u00e9poca mais fria do ano, o restaurante lan\u00e7a nesta segunda-feira (29) duas novidades em seu menu: o Speciale Quattro Formaggi (R$ 69,90) e a Burrata Caprese (R$ 64,90).<\/p>\n<p>Tradicional na gastronomia italiana, a burrata \u00e9 um queijo que surgiu na regi\u00e3o de Puglia, no sul da It\u00e1lia, e consiste em uma massa filada recheada com creme de leite e mu\u00e7arela, comumente apreciada com tomate fresco. Na culin\u00e1ria autoral de Abbraccio, a burrata \u00e9 preparada com queijo de b\u00fafala e azeite de manjeric\u00e3o e depois combinada com o cl\u00e1ssico molho pomodoro em massa artesanal feita na casa.<\/p>\n<p>O prato, que re\u00fane os ingredientes mais cl\u00e1ssicos da cozinha \u00edtalo, \u00e9 um aperitivo perfeito para compartilhar e pode ser harmonizado com vinho tinto nos dias frios.<\/p>\n<p>Para abra\u00e7ar e esquentar os amantes de queijo, o in\u00e9dito Speciale Quattro Formaggi chega ao menu italiano da marca com muita cremosidade e sabor: molho de queijo de cabra, parmes\u00e3o e blue cheese em massa casarecce artesanal. Na apresenta\u00e7\u00e3o do prato, um toque que o torna ainda mais delicioso e exclusivo: a massa \u00e9 servida dentro do p\u00e3o italiano e finalizada com queijo mu\u00e7arela gratinado.<\/p>\n<p>\u201cNa linha do \u2018confort food\u2019, queremos que nossos clientes se sintam aquecidos e abra\u00e7ados com estas novidades de inverno, afinal somos o lugar onde todos os abra\u00e7os acontecem\u201d, comenta Paula Zequetti, Gerente de Marketing do Abbraccio no Brasil.<\/p>\n<p>Os lan\u00e7amentos est\u00e3o dispon\u00edveis em todas as unidades f\u00edsicas da rede, espalhadas pelas cidades de S\u00e3o Paulo, Rio de Janeiro, Niter\u00f3i, Campinas e Bras\u00edlia.<\/p>\n<p><strong>Sobre o Abbraccio<\/strong><br \/>\nO Abbraccio conta com 13 unidades f\u00edsicas no pa\u00eds, localizadas nas cidades de S\u00e3o Paulo, Campinas, Rio de Janeiro, Niter\u00f3i e Bras\u00edlia. Com a filosofia &#8220;Todos os abra\u00e7os acontecem aqui&#8221;, traz uma experi\u00eancia diferenciada de casual dining fundamentada na hospitalidade calorosa e em um card\u00e1pio variado, com um toque moderno e vibrante. Ambiente inspirado no lifestyle italiano, com cozinha aberta que permite que os clientes acompanhem de perto a prepara\u00e7\u00e3o dos pratos com massas artesanais e ingredientes frescos. O Abbraccio restaurante pertence ao grupo Bloomin&#8217; Brands, que tamb\u00e9m conta com as marcas Outback Steakhouse e Aussie Grill no pa\u00eds.<\/p>\n","protected":false},"excerpt":{"rendered":"<p>Pratos que aquecem o corpo e oferecem del\u00edcias italian\u00edssimas e aconchegantes para o dia a dia: esta \u00e9 a proposta da nova campanha \u201cAbra\u00e7os de Inverno\u201d do Abbraccio, rede inspirada no lifestyle italiano e parte do grupo Bloomin\u2019 Brands no Brasil, que tamb\u00e9m det\u00e9m as marcas Outback e Aussie Grill. Com a proximidade da \u00e9poca [&hellip;]<\/p>\n","protected":false},"author":2,"featured_media":306073,"comment_status":"closed","ping_status":"closed","sticky":false,"template":"","format":"standard","meta":{"_acf_changed":false,"footnotes":""},"categories":[161],"tags":[],"class_list":["post-306072","post","type-post","status-publish","format-standard","has-post-thumbnail","hentry","category-quadradinho-em-foco"],"acf":[],"yoast_head":"<!-- This site is optimized with the Yoast SEO plugin v27.2 - https:\/\/yoast.com\/product\/yoast-seo-wordpress\/ -->\n<title>Novos pratos chegam ao menu do Abbraccio - Notibras<\/title>\n<meta name=\"robots\" content=\"index, follow, max-snippet:-1, max-image-preview:large, max-video-preview:-1\" \/>\n<link rel=\"canonical\" href=\"https:\/\/www.notibras.com\/site\/novos-pratos-chegam-ao-menu-do-abbraccio\/\" \/>\n<meta property=\"og:locale\" content=\"pt_BR\" \/>\n<meta property=\"og:type\" content=\"article\" \/>\n<meta property=\"og:title\" content=\"Novos pratos chegam ao menu do Abbraccio - Notibras\" \/>\n<meta property=\"og:description\" content=\"Pratos que aquecem o corpo e oferecem del\u00edcias italian\u00edssimas e aconchegantes para o dia a dia: esta \u00e9 a proposta da nova campanha \u201cAbra\u00e7os de Inverno\u201d do Abbraccio, rede inspirada no lifestyle italiano e parte do grupo Bloomin\u2019 Brands no Brasil, que tamb\u00e9m det\u00e9m as marcas Outback e Aussie Grill. Com a proximidade da \u00e9poca [&hellip;]\" \/>\n<meta property=\"og:url\" content=\"https:\/\/www.notibras.com\/site\/novos-pratos-chegam-ao-menu-do-abbraccio\/\" \/>\n<meta property=\"og:site_name\" content=\"Notibras\" \/>\n<meta property=\"article:publisher\" content=\"https:\/\/www.facebook.com\/notibras\/\" \/>\n<meta property=\"article:published_time\" content=\"2023-06-01T10:38:00+00:00\" \/>\n<meta property=\"og:image\" content=\"https:\/\/www.notibras.com\/site\/wp-content\/uploads\/2023\/06\/unnamed-10.png\" \/>\n\t<meta property=\"og:image:width\" content=\"770\" \/>\n\t<meta property=\"og:image:height\" content=\"676\" \/>\n\t<meta property=\"og:image:type\" content=\"image\/png\" \/>\n<meta name=\"author\" content=\"Reda\u00e7\u00e3o\" \/>\n<meta name=\"twitter:card\" content=\"summary_large_image\" \/>\n<meta name=\"twitter:creator\" content=\"@Notibras\" \/>\n<meta name=\"twitter:site\" content=\"@Notibras\" \/>\n<meta name=\"twitter:label1\" content=\"Escrito por\" \/>\n\t<meta name=\"twitter:data1\" content=\"Reda\u00e7\u00e3o\" \/>\n\t<meta name=\"twitter:label2\" content=\"Est. tempo de leitura\" \/>\n\t<meta name=\"twitter:data2\" content=\"3 minutos\" \/>\n<script type=\"application\/ld+json\" class=\"yoast-schema-graph\">{\"@context\":\"https:\/\/schema.org\",\"@graph\":[{\"@type\":\"Article\",\"@id\":\"https:\/\/www.notibras.com\/site\/novos-pratos-chegam-ao-menu-do-abbraccio\/#article\",\"isPartOf\":{\"@id\":\"https:\/\/www.notibras.com\/site\/novos-pratos-chegam-ao-menu-do-abbraccio\/\"},\"author\":{\"name\":\"Reda\u00e7\u00e3o\",\"@id\":\"https:\/\/www.notibras.com\/site\/#\/schema\/person\/36ab0979449956132d3e5b517ea76ac8\"},\"headline\":\"Novos pratos chegam ao menu do Abbraccio\",\"datePublished\":\"2023-06-01T10:38:00+00:00\",\"mainEntityOfPage\":{\"@id\":\"https:\/\/www.notibras.com\/site\/novos-pratos-chegam-ao-menu-do-abbraccio\/\"},\"wordCount\":445,\"publisher\":{\"@id\":\"https:\/\/www.notibras.com\/site\/#organization\"},\"image\":{\"@id\":\"https:\/\/www.notibras.com\/site\/novos-pratos-chegam-ao-menu-do-abbraccio\/#primaryimage\"},\"thumbnailUrl\":\"https:\/\/www.notibras.com\/site\/wp-content\/uploads\/2023\/06\/unnamed-10.png\",\"articleSection\":[\"Quadradinho em Foco\"],\"inLanguage\":\"pt-BR\"},{\"@type\":\"WebPage\",\"@id\":\"https:\/\/www.notibras.com\/site\/novos-pratos-chegam-ao-menu-do-abbraccio\/\",\"url\":\"https:\/\/www.notibras.com\/site\/novos-pratos-chegam-ao-menu-do-abbraccio\/\",\"name\":\"Novos pratos chegam ao menu do Abbraccio - Notibras\",\"isPartOf\":{\"@id\":\"https:\/\/www.notibras.com\/site\/#website\"},\"primaryImageOfPage\":{\"@id\":\"https:\/\/www.notibras.com\/site\/novos-pratos-chegam-ao-menu-do-abbraccio\/#primaryimage\"},\"image\":{\"@id\":\"https:\/\/www.notibras.com\/site\/novos-pratos-chegam-ao-menu-do-abbraccio\/#primaryimage\"},\"thumbnailUrl\":\"https:\/\/www.notibras.com\/site\/wp-content\/uploads\/2023\/06\/unnamed-10.png\",\"datePublished\":\"2023-06-01T10:38:00+00:00\",\"breadcrumb\":{\"@id\":\"https:\/\/www.notibras.com\/site\/novos-pratos-chegam-ao-menu-do-abbraccio\/#breadcrumb\"},\"inLanguage\":\"pt-BR\",\"potentialAction\":[{\"@type\":\"ReadAction\",\"target\":[\"https:\/\/www.notibras.com\/site\/novos-pratos-chegam-ao-menu-do-abbraccio\/\"]}]},{\"@type\":\"ImageObject\",\"inLanguage\":\"pt-BR\",\"@id\":\"https:\/\/www.notibras.com\/site\/novos-pratos-chegam-ao-menu-do-abbraccio\/#primaryimage\",\"url\":\"https:\/\/www.notibras.com\/site\/wp-content\/uploads\/2023\/06\/unnamed-10.png\",\"contentUrl\":\"https:\/\/www.notibras.com\/site\/wp-content\/uploads\/2023\/06\/unnamed-10.png\",\"width\":770,\"height\":676},{\"@type\":\"BreadcrumbList\",\"@id\":\"https:\/\/www.notibras.com\/site\/novos-pratos-chegam-ao-menu-do-abbraccio\/#breadcrumb\",\"itemListElement\":[{\"@type\":\"ListItem\",\"position\":1,\"name\":\"In\u00edcio\",\"item\":\"https:\/\/www.notibras.com\/site\/\"},{\"@type\":\"ListItem\",\"position\":2,\"name\":\"Novos pratos chegam ao menu do Abbraccio\"}]},{\"@type\":\"WebSite\",\"@id\":\"https:\/\/www.notibras.com\/site\/#website\",\"url\":\"https:\/\/www.notibras.com\/site\/\",\"name\":\"Notibras\",\"description\":\"Not\u00edcias de Bras\u00edlia, do Brasil e do Mundo\",\"publisher\":{\"@id\":\"https:\/\/www.notibras.com\/site\/#organization\"},\"potentialAction\":[{\"@type\":\"SearchAction\",\"target\":{\"@type\":\"EntryPoint\",\"urlTemplate\":\"https:\/\/www.notibras.com\/site\/?s={search_term_string}\"},\"query-input\":{\"@type\":\"PropertyValueSpecification\",\"valueRequired\":true,\"valueName\":\"search_term_string\"}}],\"inLanguage\":\"pt-BR\"},{\"@type\":\"Organization\",\"@id\":\"https:\/\/www.notibras.com\/site\/#organization\",\"name\":\"Grupo Notibras de Comunica\u00e7\u00e3o\",\"url\":\"https:\/\/www.notibras.com\/site\/\",\"logo\":{\"@type\":\"ImageObject\",\"inLanguage\":\"pt-BR\",\"@id\":\"https:\/\/www.notibras.com\/site\/#\/schema\/logo\/image\/\",\"url\":\"https:\/\/www.notibras.com\/site\/wp-content\/uploads\/2023\/01\/notibras23.png\",\"contentUrl\":\"https:\/\/www.notibras.com\/site\/wp-content\/uploads\/2023\/01\/notibras23.png\",\"width\":350,\"height\":87,\"caption\":\"Grupo Notibras de Comunica\u00e7\u00e3o\"},\"image\":{\"@id\":\"https:\/\/www.notibras.com\/site\/#\/schema\/logo\/image\/\"},\"sameAs\":[\"https:\/\/www.facebook.com\/notibras\/\",\"https:\/\/x.com\/Notibras\",\"https:\/\/www.instagram.com\/notibras\/\"]},{\"@type\":\"Person\",\"@id\":\"https:\/\/www.notibras.com\/site\/#\/schema\/person\/36ab0979449956132d3e5b517ea76ac8\",\"name\":\"Reda\u00e7\u00e3o\",\"image\":{\"@type\":\"ImageObject\",\"inLanguage\":\"pt-BR\",\"@id\":\"https:\/\/secure.gravatar.com\/avatar\/e0a867bdedb85fd243eadf09663511f96fc81e0720a4a42581f334ad4303aa6b?s=96&d=mm&r=g\",\"url\":\"https:\/\/secure.gravatar.com\/avatar\/e0a867bdedb85fd243eadf09663511f96fc81e0720a4a42581f334ad4303aa6b?s=96&d=mm&r=g\",\"contentUrl\":\"https:\/\/secure.gravatar.com\/avatar\/e0a867bdedb85fd243eadf09663511f96fc81e0720a4a42581f334ad4303aa6b?s=96&d=mm&r=g\",\"caption\":\"Reda\u00e7\u00e3o\"}}]}<\/script>\n<!-- \/ Yoast SEO plugin. -->","yoast_head_json":{"title":"Novos pratos chegam ao menu do Abbraccio - Notibras","robots":{"index":"index","follow":"follow","max-snippet":"max-snippet:-1","max-image-preview":"max-image-preview:large","max-video-preview":"max-video-preview:-1"},"canonical":"https:\/\/www.notibras.com\/site\/novos-pratos-chegam-ao-menu-do-abbraccio\/","og_locale":"pt_BR","og_type":"article","og_title":"Novos pratos chegam ao menu do Abbraccio - Notibras","og_description":"Pratos que aquecem o corpo e oferecem del\u00edcias italian\u00edssimas e aconchegantes para o dia a dia: esta \u00e9 a proposta da nova campanha \u201cAbra\u00e7os de Inverno\u201d do Abbraccio, rede inspirada no lifestyle italiano e parte do grupo Bloomin\u2019 Brands no Brasil, que tamb\u00e9m det\u00e9m as marcas Outback e Aussie Grill. Com a proximidade da \u00e9poca [&hellip;]","og_url":"https:\/\/www.notibras.com\/site\/novos-pratos-chegam-ao-menu-do-abbraccio\/","og_site_name":"Notibras","article_publisher":"https:\/\/www.facebook.com\/notibras\/","article_published_time":"2023-06-01T10:38:00+00:00","og_image":[{"width":770,"height":676,"url":"https:\/\/www.notibras.com\/site\/wp-content\/uploads\/2023\/06\/unnamed-10.png","type":"image\/png"}],"author":"Reda\u00e7\u00e3o","twitter_card":"summary_large_image","twitter_creator":"@Notibras","twitter_site":"@Notibras","twitter_misc":{"Escrito por":"Reda\u00e7\u00e3o","Est. tempo de leitura":"3 minutos"},"schema":{"@context":"https:\/\/schema.org","@graph":[{"@type":"Article","@id":"https:\/\/www.notibras.com\/site\/novos-pratos-chegam-ao-menu-do-abbraccio\/#article","isPartOf":{"@id":"https:\/\/www.notibras.com\/site\/novos-pratos-chegam-ao-menu-do-abbraccio\/"},"author":{"name":"Reda\u00e7\u00e3o","@id":"https:\/\/www.notibras.com\/site\/#\/schema\/person\/36ab0979449956132d3e5b517ea76ac8"},"headline":"Novos pratos chegam ao menu do Abbraccio","datePublished":"2023-06-01T10:38:00+00:00","mainEntityOfPage":{"@id":"https:\/\/www.notibras.com\/site\/novos-pratos-chegam-ao-menu-do-abbraccio\/"},"wordCount":445,"publisher":{"@id":"https:\/\/www.notibras.com\/site\/#organization"},"image":{"@id":"https:\/\/www.notibras.com\/site\/novos-pratos-chegam-ao-menu-do-abbraccio\/#primaryimage"},"thumbnailUrl":"https:\/\/www.notibras.com\/site\/wp-content\/uploads\/2023\/06\/unnamed-10.png","articleSection":["Quadradinho em Foco"],"inLanguage":"pt-BR"},{"@type":"WebPage","@id":"https:\/\/www.notibras.com\/site\/novos-pratos-chegam-ao-menu-do-abbraccio\/","url":"https:\/\/www.notibras.com\/site\/novos-pratos-chegam-ao-menu-do-abbraccio\/","name":"Novos pratos chegam ao menu do Abbraccio - Notibras","isPartOf":{"@id":"https:\/\/www.notibras.com\/site\/#website"},"primaryImageOfPage":{"@id":"https:\/\/www.notibras.com\/site\/novos-pratos-chegam-ao-menu-do-abbraccio\/#primaryimage"},"image":{"@id":"https:\/\/www.notibras.com\/site\/novos-pratos-chegam-ao-menu-do-abbraccio\/#primaryimage"},"thumbnailUrl":"https:\/\/www.notibras.com\/site\/wp-content\/uploads\/2023\/06\/unnamed-10.png","datePublished":"2023-06-01T10:38:00+00:00","breadcrumb":{"@id":"https:\/\/www.notibras.com\/site\/novos-pratos-chegam-ao-menu-do-abbraccio\/#breadcrumb"},"inLanguage":"pt-BR","potentialAction":[{"@type":"ReadAction","target":["https:\/\/www.notibras.com\/site\/novos-pratos-chegam-ao-menu-do-abbraccio\/"]}]},{"@type":"ImageObject","inLanguage":"pt-BR","@id":"https:\/\/www.notibras.com\/site\/novos-pratos-chegam-ao-menu-do-abbraccio\/#primaryimage","url":"https:\/\/www.notibras.com\/site\/wp-content\/uploads\/2023\/06\/unnamed-10.png","contentUrl":"https:\/\/www.notibras.com\/site\/wp-content\/uploads\/2023\/06\/unnamed-10.png","width":770,"height":676},{"@type":"BreadcrumbList","@id":"https:\/\/www.notibras.com\/site\/novos-pratos-chegam-ao-menu-do-abbraccio\/#breadcrumb","itemListElement":[{"@type":"ListItem","position":1,"name":"In\u00edcio","item":"https:\/\/www.notibras.com\/site\/"},{"@type":"ListItem","position":2,"name":"Novos pratos chegam ao menu do Abbraccio"}]},{"@type":"WebSite","@id":"https:\/\/www.notibras.com\/site\/#website","url":"https:\/\/www.notibras.com\/site\/","name":"Notibras","description":"Not\u00edcias de Bras\u00edlia, do Brasil e do Mundo","publisher":{"@id":"https:\/\/www.notibras.com\/site\/#organization"},"potentialAction":[{"@type":"SearchAction","target":{"@type":"EntryPoint","urlTemplate":"https:\/\/www.notibras.com\/site\/?s={search_term_string}"},"query-input":{"@type":"PropertyValueSpecification","valueRequired":true,"valueName":"search_term_string"}}],"inLanguage":"pt-BR"},{"@type":"Organization","@id":"https:\/\/www.notibras.com\/site\/#organization","name":"Grupo Notibras de Comunica\u00e7\u00e3o","url":"https:\/\/www.notibras.com\/site\/","logo":{"@type":"ImageObject","inLanguage":"pt-BR","@id":"https:\/\/www.notibras.com\/site\/#\/schema\/logo\/image\/","url":"https:\/\/www.notibras.com\/site\/wp-content\/uploads\/2023\/01\/notibras23.png","contentUrl":"https:\/\/www.notibras.com\/site\/wp-content\/uploads\/2023\/01\/notibras23.png","width":350,"height":87,"caption":"Grupo Notibras de Comunica\u00e7\u00e3o"},"image":{"@id":"https:\/\/www.notibras.com\/site\/#\/schema\/logo\/image\/"},"sameAs":["https:\/\/www.facebook.com\/notibras\/","https:\/\/x.com\/Notibras","https:\/\/www.instagram.com\/notibras\/"]},{"@type":"Person","@id":"https:\/\/www.notibras.com\/site\/#\/schema\/person\/36ab0979449956132d3e5b517ea76ac8","name":"Reda\u00e7\u00e3o","image":{"@type":"ImageObject","inLanguage":"pt-BR","@id":"https:\/\/secure.gravatar.com\/avatar\/e0a867bdedb85fd243eadf09663511f96fc81e0720a4a42581f334ad4303aa6b?s=96&d=mm&r=g","url":"https:\/\/secure.gravatar.com\/avatar\/e0a867bdedb85fd243eadf09663511f96fc81e0720a4a42581f334ad4303aa6b?s=96&d=mm&r=g","contentUrl":"https:\/\/secure.gravatar.com\/avatar\/e0a867bdedb85fd243eadf09663511f96fc81e0720a4a42581f334ad4303aa6b?s=96&d=mm&r=g","caption":"Reda\u00e7\u00e3o"}}]}},"amp_enabled":true,"_links":{"self":[{"href":"https:\/\/www.notibras.com\/site\/wp-json\/wp\/v2\/posts\/306072","targetHints":{"allow":["GET"]}}],"collection":[{"href":"https:\/\/www.notibras.com\/site\/wp-json\/wp\/v2\/posts"}],"about":[{"href":"https:\/\/www.notibras.com\/site\/wp-json\/wp\/v2\/types\/post"}],"author":[{"embeddable":true,"href":"https:\/\/www.notibras.com\/site\/wp-json\/wp\/v2\/users\/2"}],"replies":[{"embeddable":true,"href":"https:\/\/www.notibras.com\/site\/wp-json\/wp\/v2\/comments?post=306072"}],"version-history":[{"count":1,"href":"https:\/\/www.notibras.com\/site\/wp-json\/wp\/v2\/posts\/306072\/revisions"}],"predecessor-version":[{"id":306074,"href":"https:\/\/www.notibras.com\/site\/wp-json\/wp\/v2\/posts\/306072\/revisions\/306074"}],"wp:featuredmedia":[{"embeddable":true,"href":"https:\/\/www.notibras.com\/site\/wp-json\/wp\/v2\/media\/306073"}],"wp:attachment":[{"href":"https:\/\/www.notibras.com\/site\/wp-json\/wp\/v2\/media?parent=306072"}],"wp:term":[{"taxonomy":"category","embeddable":true,"href":"https:\/\/www.notibras.com\/site\/wp-json\/wp\/v2\/categories?post=306072"},{"taxonomy":"post_tag","embeddable":true,"href":"https:\/\/www.notibras.com\/site\/wp-json\/wp\/v2\/tags?post=306072"}],"curies":[{"name":"wp","href":"https:\/\/api.w.org\/{rel}","templated":true}]}}