{"id":306078,"date":"2023-06-01T08:01:55","date_gmt":"2023-06-01T11:01:55","guid":{"rendered":"https:\/\/www.notibras.com\/site\/?p=306078"},"modified":"2023-06-01T08:01:55","modified_gmt":"2023-06-01T11:01:55","slug":"escova-de-dentes-complica-vida-de-funcionario","status":"publish","type":"post","link":"https:\/\/www.notibras.com\/site\/escova-de-dentes-complica-vida-de-funcionario\/","title":{"rendered":"Escova de dentes complica vida de funcion\u00e1rio"},"content":{"rendered":"<p>Vou confessar aqui uma coisa, que talvez choque alguns colegas de trabalho. N\u00e3o sou torcedor do Cruzeiro, apesar de j\u00e1 ter mentido algumas vezes sobre isso. A hist\u00f3ria \u00e9 at\u00e9 engra\u00e7ada. Pois bem, \u00e9 que tenho algumas coincid\u00eancias com o maior \u00eddolo da hist\u00f3ria da Raposa, o Tost\u00e3o.<\/p>\n<p>N\u00f3s dois temos o mesmo nome, fazemos anivers\u00e1rio no mesmo dia (o Tom Jobim tamb\u00e9m), somos canhotos, ele \u00e9 m\u00e9dico, eu sou m\u00e9dico veterin\u00e1rio. Essas informa\u00e7\u00f5es sobre o Tost\u00e3o s\u00e3o pouco conhecidas pelos cruzeirenses, fato que descobri ao longo dos anos. Como eu sei disso? Ah, o meu pai, vasca\u00edno inveterado, sempre gostou muito do Tost\u00e3o, que tamb\u00e9m jogou no Vasco, mesmo que por pouqu\u00edssimo tempo, antes de se aposentar precocemente por causa de um deslocamento de retina.<\/p>\n<p>Provavelmente, a primeira vez que menti sobre ser cruzeirense tenha sido quando fui trabalhar em uma se\u00e7\u00e3o, onde o chefe ostentava um enorme escudo de pl\u00e1stico do Cruzeiro sobre a mesa. N\u00e3o sou do tipo que j\u00e1 chega a um novo ambiente e faz amizade rapidamente. Pois \u00e9, sou t\u00edmido, pelo menos no in\u00edcio.<\/p>\n<p>Ent\u00e3o, depois de um tempo, o chefe me perguntou qual era o meu time. Respondi sem pensar: &#8220;Cruzeiro&#8221;. Ele n\u00e3o acreditou, pois sou carioca e, naturalmente, deveria ser torcedor de algum time do Rio. Mas, a\u00ed, lhe perguntei qual era o maior \u00eddolo da hist\u00f3ria do Cruzeiro. Ele, depois de pensar um pouco, respondeu que era o Tost\u00e3o.<\/p>\n<p>Eu fiz nova pergunta: &#8220;Qual \u00e9 o nome dele?&#8221; O meu chefe pensou, pensou, mas n\u00e3o soube responder. Falei que era Eduardo. Todavia, o cara ainda n\u00e3o estava convencido de que eu era mesmo cruzeirense<\/p>\n<p>Fiz-lhe nova pergunta: &#8220;Qual \u00e9 a profiss\u00e3o do Tost\u00e3o?&#8221; Se ele n\u00e3o sabia nem o nome do Tost\u00e3o, com certeza n\u00e3o saberia dizer o que ele fazia. Respondi sem pestanejar: &#8220;Ele \u00e9 m\u00e9dico! E eu, como voc\u00ea sabe, sou m\u00e9dico veterin\u00e1rio&#8221;.<\/p>\n<p>Mas isso ainda n\u00e3o era suficiente para o meu chefe, que disse que eu estava mentindo, pois eu n\u00e3o era cruzeirense nem aqui nem na China. Era hora de eu dar a \u00faltima cartada, que seria certeira como um p\u00eanalti batido pela Marta.<\/p>\n<p>&#8211; Quando o Tost\u00e3o nasceu?<\/p>\n<p>&#8211; Sei l\u00e1!<\/p>\n<p>Pedi para ele pesquisar na internet, j\u00e1 que havia um computador bem \u00e0 sua frente. Ele olhou em um site e encontrou a data de nascimento do craque.<\/p>\n<p>&#8211; E por acaso voc\u00ea sabe?, meu chefe me questionou, crente que havia me desmascarado.<\/p>\n<p>Poxa, como me senti bem naquele instante. Simplesmente tirei minha carteira de identidade do bolso e lhe mostrei. O cara, com cara de surpreso, finalmente havia sido convencido de que eu era mesmo Cruzeiro.<\/p>\n<p>Certamente, essa j\u00e1 seria uma excelente hist\u00f3ria para ser contada, caso n\u00e3o houvesse um outro desenlace, que, para mim, muito mais interessante. \u00c9 que, algum tempo ap\u00f3s, fui trabalhar em outra se\u00e7\u00e3o, quando essa situa\u00e7\u00e3o inusitada me aconteceu.<\/p>\n<p>A minha esposa, como muitos sabem, \u00e9 torcedora do Palmeiras. Torcedora \u00e9 modo de falar, pois ela \u00e9 fan\u00e1tica pelo Verd\u00e3o. Tanto \u00e9 que, antes de chegar ao servi\u00e7o, passei em uma farm\u00e1cia, onde vi uma escova de dentes do Palmeiras. Obviamente que a comprei. Coloquei a tal escova no bolso da frente do meu casaco, o que a deixou \u00e0 mostra.<\/p>\n<p>Cheguei \u00e0 nova sala, onde me deparei com o novo chefe. O cara me recebeu com um sorris\u00e3o no rosto e at\u00e9 me deu um abra\u00e7o de boas-vindas.<\/p>\n<p>&#8211; Ah, tamb\u00e9m sou Verd\u00e3o!<\/p>\n<p>Confesso que a ficha demorou alguns mil\u00e9simos de segundo para captar essa frase, mas o fato dele me apontar para o bolso do meu casaco foi bem providencial. J\u00e1 fui engatando um &#8220;Quando surge o alviverde imponente&#8230;&#8221;<\/p>\n<p>Mas n\u00e3o sei muito mais que essa parte inicial, mesmo j\u00e1 tendo ouvido esse hino in\u00fameras vezes. A minha esposa vive cantando. Seja como for, naquele momento o meu novo chefe me acolheu de maneira efusiva. Virei, ali mesmo, um palmeirense roxo, quase igual \u00e0 minha esposa.<\/p>\n<p>Tempo vai, tempo vem, o inevit\u00e1vel acabou acontecendo. Isso mesmo, o meu antigo chefe, que continuou trabalhando em uma sala pr\u00f3xima, foi resolver algumas coisas na minha nova se\u00e7\u00e3o. Naquele momento, os dois estavam ali: o meu antigo chefe e o novo, separados de mim por uma fina parede de compensado.<\/p>\n<p>Os dois acabaram falando sobre futebol, o que os levou a mencionarem sobre o meu time do cora\u00e7\u00e3o. O antigo chefe disse que eu era Cruzeiro, o que foi prontamente rebatido pelo novo, que afirmou categoricamente que eu era Verd\u00e3o. Na verdade, eu nem ouvi esse pequeno embate, pois estava entretido com o servi\u00e7o. Quem me contou isso depois foi o Gilmar, ent\u00e3o colega na mesma se\u00e7\u00e3o e, hoje, um amigo muito querido.<\/p>\n<p>Seja como for, de repente, l\u00e1 estavam os respectivos apaixonados por Cruzeiro e Palmeiras bem em frente \u00e0 minha mesa. Os dois, quase em un\u00edssono, me pressionaram.<\/p>\n<p>&#8211; Afinal, voc\u00ea \u00e9 Cruzeiro ou Palmeiras?<\/p>\n<p>Gente, nem sei como respondi isso, mas foi assim:<\/p>\n<p>&#8211; Sou Palestra It\u00e1lia!<\/p>\n<p>O meu novo chefe, ciente de que o Cruzeiro tamb\u00e9m era Palestra It\u00e1lia, me falou:<\/p>\n<p>&#8211; Se saiu bem, hein!<\/p>\n","protected":false},"excerpt":{"rendered":"<p>Vou confessar aqui uma coisa, que talvez choque alguns colegas de trabalho. N\u00e3o sou torcedor do Cruzeiro, apesar de j\u00e1 ter mentido algumas vezes sobre isso. A hist\u00f3ria \u00e9 at\u00e9 engra\u00e7ada. Pois bem, \u00e9 que tenho algumas coincid\u00eancias com o maior \u00eddolo da hist\u00f3ria da Raposa, o Tost\u00e3o. N\u00f3s dois temos o mesmo nome, fazemos [&hellip;]<\/p>\n","protected":false},"author":2,"featured_media":306079,"comment_status":"closed","ping_status":"closed","sticky":false,"template":"","format":"standard","meta":{"_acf_changed":false,"footnotes":""},"categories":[161],"tags":[],"class_list":["post-306078","post","type-post","status-publish","format-standard","has-post-thumbnail","hentry","category-quadradinho-em-foco"],"acf":[],"yoast_head":"<!-- This site is optimized with the Yoast SEO plugin v27.2 - https:\/\/yoast.com\/product\/yoast-seo-wordpress\/ -->\n<title>Escova de dentes complica vida de funcion\u00e1rio - Notibras<\/title>\n<meta name=\"robots\" content=\"index, follow, max-snippet:-1, max-image-preview:large, max-video-preview:-1\" \/>\n<link rel=\"canonical\" href=\"https:\/\/www.notibras.com\/site\/escova-de-dentes-complica-vida-de-funcionario\/\" \/>\n<meta property=\"og:locale\" content=\"pt_BR\" \/>\n<meta property=\"og:type\" content=\"article\" \/>\n<meta property=\"og:title\" content=\"Escova de dentes complica vida de funcion\u00e1rio - Notibras\" \/>\n<meta property=\"og:description\" content=\"Vou confessar aqui uma coisa, que talvez choque alguns colegas de trabalho. N\u00e3o sou torcedor do Cruzeiro, apesar de j\u00e1 ter mentido algumas vezes sobre isso. A hist\u00f3ria \u00e9 at\u00e9 engra\u00e7ada. Pois bem, \u00e9 que tenho algumas coincid\u00eancias com o maior \u00eddolo da hist\u00f3ria da Raposa, o Tost\u00e3o. N\u00f3s dois temos o mesmo nome, fazemos [&hellip;]\" \/>\n<meta property=\"og:url\" content=\"https:\/\/www.notibras.com\/site\/escova-de-dentes-complica-vida-de-funcionario\/\" \/>\n<meta property=\"og:site_name\" content=\"Notibras\" \/>\n<meta property=\"article:publisher\" content=\"https:\/\/www.facebook.com\/notibras\/\" \/>\n<meta property=\"article:published_time\" content=\"2023-06-01T11:01:55+00:00\" \/>\n<meta property=\"og:image\" content=\"https:\/\/www.notibras.com\/site\/wp-content\/uploads\/2023\/06\/5d7d677268e1a.jpeg\" \/>\n\t<meta property=\"og:image:width\" content=\"760\" \/>\n\t<meta property=\"og:image:height\" content=\"475\" \/>\n\t<meta property=\"og:image:type\" content=\"image\/jpeg\" \/>\n<meta name=\"author\" content=\"Reda\u00e7\u00e3o\" \/>\n<meta name=\"twitter:card\" content=\"summary_large_image\" \/>\n<meta name=\"twitter:creator\" content=\"@Notibras\" \/>\n<meta name=\"twitter:site\" content=\"@Notibras\" \/>\n<meta name=\"twitter:label1\" content=\"Escrito por\" \/>\n\t<meta name=\"twitter:data1\" content=\"Reda\u00e7\u00e3o\" \/>\n\t<meta name=\"twitter:label2\" content=\"Est. tempo de leitura\" \/>\n\t<meta name=\"twitter:data2\" content=\"5 minutos\" \/>\n<script type=\"application\/ld+json\" class=\"yoast-schema-graph\">{\"@context\":\"https:\/\/schema.org\",\"@graph\":[{\"@type\":\"Article\",\"@id\":\"https:\/\/www.notibras.com\/site\/escova-de-dentes-complica-vida-de-funcionario\/#article\",\"isPartOf\":{\"@id\":\"https:\/\/www.notibras.com\/site\/escova-de-dentes-complica-vida-de-funcionario\/\"},\"author\":{\"name\":\"Reda\u00e7\u00e3o\",\"@id\":\"https:\/\/www.notibras.com\/site\/#\/schema\/person\/36ab0979449956132d3e5b517ea76ac8\"},\"headline\":\"Escova de dentes complica vida de funcion\u00e1rio\",\"datePublished\":\"2023-06-01T11:01:55+00:00\",\"mainEntityOfPage\":{\"@id\":\"https:\/\/www.notibras.com\/site\/escova-de-dentes-complica-vida-de-funcionario\/\"},\"wordCount\":910,\"publisher\":{\"@id\":\"https:\/\/www.notibras.com\/site\/#organization\"},\"image\":{\"@id\":\"https:\/\/www.notibras.com\/site\/escova-de-dentes-complica-vida-de-funcionario\/#primaryimage\"},\"thumbnailUrl\":\"https:\/\/www.notibras.com\/site\/wp-content\/uploads\/2023\/06\/5d7d677268e1a.jpeg\",\"articleSection\":[\"Quadradinho em Foco\"],\"inLanguage\":\"pt-BR\"},{\"@type\":\"WebPage\",\"@id\":\"https:\/\/www.notibras.com\/site\/escova-de-dentes-complica-vida-de-funcionario\/\",\"url\":\"https:\/\/www.notibras.com\/site\/escova-de-dentes-complica-vida-de-funcionario\/\",\"name\":\"Escova de dentes complica vida de funcion\u00e1rio - Notibras\",\"isPartOf\":{\"@id\":\"https:\/\/www.notibras.com\/site\/#website\"},\"primaryImageOfPage\":{\"@id\":\"https:\/\/www.notibras.com\/site\/escova-de-dentes-complica-vida-de-funcionario\/#primaryimage\"},\"image\":{\"@id\":\"https:\/\/www.notibras.com\/site\/escova-de-dentes-complica-vida-de-funcionario\/#primaryimage\"},\"thumbnailUrl\":\"https:\/\/www.notibras.com\/site\/wp-content\/uploads\/2023\/06\/5d7d677268e1a.jpeg\",\"datePublished\":\"2023-06-01T11:01:55+00:00\",\"breadcrumb\":{\"@id\":\"https:\/\/www.notibras.com\/site\/escova-de-dentes-complica-vida-de-funcionario\/#breadcrumb\"},\"inLanguage\":\"pt-BR\",\"potentialAction\":[{\"@type\":\"ReadAction\",\"target\":[\"https:\/\/www.notibras.com\/site\/escova-de-dentes-complica-vida-de-funcionario\/\"]}]},{\"@type\":\"ImageObject\",\"inLanguage\":\"pt-BR\",\"@id\":\"https:\/\/www.notibras.com\/site\/escova-de-dentes-complica-vida-de-funcionario\/#primaryimage\",\"url\":\"https:\/\/www.notibras.com\/site\/wp-content\/uploads\/2023\/06\/5d7d677268e1a.jpeg\",\"contentUrl\":\"https:\/\/www.notibras.com\/site\/wp-content\/uploads\/2023\/06\/5d7d677268e1a.jpeg\",\"width\":760,\"height\":475},{\"@type\":\"BreadcrumbList\",\"@id\":\"https:\/\/www.notibras.com\/site\/escova-de-dentes-complica-vida-de-funcionario\/#breadcrumb\",\"itemListElement\":[{\"@type\":\"ListItem\",\"position\":1,\"name\":\"In\u00edcio\",\"item\":\"https:\/\/www.notibras.com\/site\/\"},{\"@type\":\"ListItem\",\"position\":2,\"name\":\"Escova de dentes complica vida de funcion\u00e1rio\"}]},{\"@type\":\"WebSite\",\"@id\":\"https:\/\/www.notibras.com\/site\/#website\",\"url\":\"https:\/\/www.notibras.com\/site\/\",\"name\":\"Notibras\",\"description\":\"Not\u00edcias de Bras\u00edlia, do Brasil e do Mundo\",\"publisher\":{\"@id\":\"https:\/\/www.notibras.com\/site\/#organization\"},\"potentialAction\":[{\"@type\":\"SearchAction\",\"target\":{\"@type\":\"EntryPoint\",\"urlTemplate\":\"https:\/\/www.notibras.com\/site\/?s={search_term_string}\"},\"query-input\":{\"@type\":\"PropertyValueSpecification\",\"valueRequired\":true,\"valueName\":\"search_term_string\"}}],\"inLanguage\":\"pt-BR\"},{\"@type\":\"Organization\",\"@id\":\"https:\/\/www.notibras.com\/site\/#organization\",\"name\":\"Grupo Notibras de Comunica\u00e7\u00e3o\",\"url\":\"https:\/\/www.notibras.com\/site\/\",\"logo\":{\"@type\":\"ImageObject\",\"inLanguage\":\"pt-BR\",\"@id\":\"https:\/\/www.notibras.com\/site\/#\/schema\/logo\/image\/\",\"url\":\"https:\/\/www.notibras.com\/site\/wp-content\/uploads\/2023\/01\/notibras23.png\",\"contentUrl\":\"https:\/\/www.notibras.com\/site\/wp-content\/uploads\/2023\/01\/notibras23.png\",\"width\":350,\"height\":87,\"caption\":\"Grupo Notibras de Comunica\u00e7\u00e3o\"},\"image\":{\"@id\":\"https:\/\/www.notibras.com\/site\/#\/schema\/logo\/image\/\"},\"sameAs\":[\"https:\/\/www.facebook.com\/notibras\/\",\"https:\/\/x.com\/Notibras\",\"https:\/\/www.instagram.com\/notibras\/\"]},{\"@type\":\"Person\",\"@id\":\"https:\/\/www.notibras.com\/site\/#\/schema\/person\/36ab0979449956132d3e5b517ea76ac8\",\"name\":\"Reda\u00e7\u00e3o\",\"image\":{\"@type\":\"ImageObject\",\"inLanguage\":\"pt-BR\",\"@id\":\"https:\/\/secure.gravatar.com\/avatar\/e0a867bdedb85fd243eadf09663511f96fc81e0720a4a42581f334ad4303aa6b?s=96&d=mm&r=g\",\"url\":\"https:\/\/secure.gravatar.com\/avatar\/e0a867bdedb85fd243eadf09663511f96fc81e0720a4a42581f334ad4303aa6b?s=96&d=mm&r=g\",\"contentUrl\":\"https:\/\/secure.gravatar.com\/avatar\/e0a867bdedb85fd243eadf09663511f96fc81e0720a4a42581f334ad4303aa6b?s=96&d=mm&r=g\",\"caption\":\"Reda\u00e7\u00e3o\"}}]}<\/script>\n<!-- \/ Yoast SEO plugin. -->","yoast_head_json":{"title":"Escova de dentes complica vida de funcion\u00e1rio - Notibras","robots":{"index":"index","follow":"follow","max-snippet":"max-snippet:-1","max-image-preview":"max-image-preview:large","max-video-preview":"max-video-preview:-1"},"canonical":"https:\/\/www.notibras.com\/site\/escova-de-dentes-complica-vida-de-funcionario\/","og_locale":"pt_BR","og_type":"article","og_title":"Escova de dentes complica vida de funcion\u00e1rio - Notibras","og_description":"Vou confessar aqui uma coisa, que talvez choque alguns colegas de trabalho. N\u00e3o sou torcedor do Cruzeiro, apesar de j\u00e1 ter mentido algumas vezes sobre isso. A hist\u00f3ria \u00e9 at\u00e9 engra\u00e7ada. Pois bem, \u00e9 que tenho algumas coincid\u00eancias com o maior \u00eddolo da hist\u00f3ria da Raposa, o Tost\u00e3o. N\u00f3s dois temos o mesmo nome, fazemos [&hellip;]","og_url":"https:\/\/www.notibras.com\/site\/escova-de-dentes-complica-vida-de-funcionario\/","og_site_name":"Notibras","article_publisher":"https:\/\/www.facebook.com\/notibras\/","article_published_time":"2023-06-01T11:01:55+00:00","og_image":[{"width":760,"height":475,"url":"https:\/\/www.notibras.com\/site\/wp-content\/uploads\/2023\/06\/5d7d677268e1a.jpeg","type":"image\/jpeg"}],"author":"Reda\u00e7\u00e3o","twitter_card":"summary_large_image","twitter_creator":"@Notibras","twitter_site":"@Notibras","twitter_misc":{"Escrito por":"Reda\u00e7\u00e3o","Est. tempo de leitura":"5 minutos"},"schema":{"@context":"https:\/\/schema.org","@graph":[{"@type":"Article","@id":"https:\/\/www.notibras.com\/site\/escova-de-dentes-complica-vida-de-funcionario\/#article","isPartOf":{"@id":"https:\/\/www.notibras.com\/site\/escova-de-dentes-complica-vida-de-funcionario\/"},"author":{"name":"Reda\u00e7\u00e3o","@id":"https:\/\/www.notibras.com\/site\/#\/schema\/person\/36ab0979449956132d3e5b517ea76ac8"},"headline":"Escova de dentes complica vida de funcion\u00e1rio","datePublished":"2023-06-01T11:01:55+00:00","mainEntityOfPage":{"@id":"https:\/\/www.notibras.com\/site\/escova-de-dentes-complica-vida-de-funcionario\/"},"wordCount":910,"publisher":{"@id":"https:\/\/www.notibras.com\/site\/#organization"},"image":{"@id":"https:\/\/www.notibras.com\/site\/escova-de-dentes-complica-vida-de-funcionario\/#primaryimage"},"thumbnailUrl":"https:\/\/www.notibras.com\/site\/wp-content\/uploads\/2023\/06\/5d7d677268e1a.jpeg","articleSection":["Quadradinho em Foco"],"inLanguage":"pt-BR"},{"@type":"WebPage","@id":"https:\/\/www.notibras.com\/site\/escova-de-dentes-complica-vida-de-funcionario\/","url":"https:\/\/www.notibras.com\/site\/escova-de-dentes-complica-vida-de-funcionario\/","name":"Escova de dentes complica vida de funcion\u00e1rio - Notibras","isPartOf":{"@id":"https:\/\/www.notibras.com\/site\/#website"},"primaryImageOfPage":{"@id":"https:\/\/www.notibras.com\/site\/escova-de-dentes-complica-vida-de-funcionario\/#primaryimage"},"image":{"@id":"https:\/\/www.notibras.com\/site\/escova-de-dentes-complica-vida-de-funcionario\/#primaryimage"},"thumbnailUrl":"https:\/\/www.notibras.com\/site\/wp-content\/uploads\/2023\/06\/5d7d677268e1a.jpeg","datePublished":"2023-06-01T11:01:55+00:00","breadcrumb":{"@id":"https:\/\/www.notibras.com\/site\/escova-de-dentes-complica-vida-de-funcionario\/#breadcrumb"},"inLanguage":"pt-BR","potentialAction":[{"@type":"ReadAction","target":["https:\/\/www.notibras.com\/site\/escova-de-dentes-complica-vida-de-funcionario\/"]}]},{"@type":"ImageObject","inLanguage":"pt-BR","@id":"https:\/\/www.notibras.com\/site\/escova-de-dentes-complica-vida-de-funcionario\/#primaryimage","url":"https:\/\/www.notibras.com\/site\/wp-content\/uploads\/2023\/06\/5d7d677268e1a.jpeg","contentUrl":"https:\/\/www.notibras.com\/site\/wp-content\/uploads\/2023\/06\/5d7d677268e1a.jpeg","width":760,"height":475},{"@type":"BreadcrumbList","@id":"https:\/\/www.notibras.com\/site\/escova-de-dentes-complica-vida-de-funcionario\/#breadcrumb","itemListElement":[{"@type":"ListItem","position":1,"name":"In\u00edcio","item":"https:\/\/www.notibras.com\/site\/"},{"@type":"ListItem","position":2,"name":"Escova de dentes complica vida de funcion\u00e1rio"}]},{"@type":"WebSite","@id":"https:\/\/www.notibras.com\/site\/#website","url":"https:\/\/www.notibras.com\/site\/","name":"Notibras","description":"Not\u00edcias de Bras\u00edlia, do Brasil e do Mundo","publisher":{"@id":"https:\/\/www.notibras.com\/site\/#organization"},"potentialAction":[{"@type":"SearchAction","target":{"@type":"EntryPoint","urlTemplate":"https:\/\/www.notibras.com\/site\/?s={search_term_string}"},"query-input":{"@type":"PropertyValueSpecification","valueRequired":true,"valueName":"search_term_string"}}],"inLanguage":"pt-BR"},{"@type":"Organization","@id":"https:\/\/www.notibras.com\/site\/#organization","name":"Grupo Notibras de Comunica\u00e7\u00e3o","url":"https:\/\/www.notibras.com\/site\/","logo":{"@type":"ImageObject","inLanguage":"pt-BR","@id":"https:\/\/www.notibras.com\/site\/#\/schema\/logo\/image\/","url":"https:\/\/www.notibras.com\/site\/wp-content\/uploads\/2023\/01\/notibras23.png","contentUrl":"https:\/\/www.notibras.com\/site\/wp-content\/uploads\/2023\/01\/notibras23.png","width":350,"height":87,"caption":"Grupo Notibras de Comunica\u00e7\u00e3o"},"image":{"@id":"https:\/\/www.notibras.com\/site\/#\/schema\/logo\/image\/"},"sameAs":["https:\/\/www.facebook.com\/notibras\/","https:\/\/x.com\/Notibras","https:\/\/www.instagram.com\/notibras\/"]},{"@type":"Person","@id":"https:\/\/www.notibras.com\/site\/#\/schema\/person\/36ab0979449956132d3e5b517ea76ac8","name":"Reda\u00e7\u00e3o","image":{"@type":"ImageObject","inLanguage":"pt-BR","@id":"https:\/\/secure.gravatar.com\/avatar\/e0a867bdedb85fd243eadf09663511f96fc81e0720a4a42581f334ad4303aa6b?s=96&d=mm&r=g","url":"https:\/\/secure.gravatar.com\/avatar\/e0a867bdedb85fd243eadf09663511f96fc81e0720a4a42581f334ad4303aa6b?s=96&d=mm&r=g","contentUrl":"https:\/\/secure.gravatar.com\/avatar\/e0a867bdedb85fd243eadf09663511f96fc81e0720a4a42581f334ad4303aa6b?s=96&d=mm&r=g","caption":"Reda\u00e7\u00e3o"}}]}},"amp_enabled":true,"_links":{"self":[{"href":"https:\/\/www.notibras.com\/site\/wp-json\/wp\/v2\/posts\/306078","targetHints":{"allow":["GET"]}}],"collection":[{"href":"https:\/\/www.notibras.com\/site\/wp-json\/wp\/v2\/posts"}],"about":[{"href":"https:\/\/www.notibras.com\/site\/wp-json\/wp\/v2\/types\/post"}],"author":[{"embeddable":true,"href":"https:\/\/www.notibras.com\/site\/wp-json\/wp\/v2\/users\/2"}],"replies":[{"embeddable":true,"href":"https:\/\/www.notibras.com\/site\/wp-json\/wp\/v2\/comments?post=306078"}],"version-history":[{"count":1,"href":"https:\/\/www.notibras.com\/site\/wp-json\/wp\/v2\/posts\/306078\/revisions"}],"predecessor-version":[{"id":306080,"href":"https:\/\/www.notibras.com\/site\/wp-json\/wp\/v2\/posts\/306078\/revisions\/306080"}],"wp:featuredmedia":[{"embeddable":true,"href":"https:\/\/www.notibras.com\/site\/wp-json\/wp\/v2\/media\/306079"}],"wp:attachment":[{"href":"https:\/\/www.notibras.com\/site\/wp-json\/wp\/v2\/media?parent=306078"}],"wp:term":[{"taxonomy":"category","embeddable":true,"href":"https:\/\/www.notibras.com\/site\/wp-json\/wp\/v2\/categories?post=306078"},{"taxonomy":"post_tag","embeddable":true,"href":"https:\/\/www.notibras.com\/site\/wp-json\/wp\/v2\/tags?post=306078"}],"curies":[{"name":"wp","href":"https:\/\/api.w.org\/{rel}","templated":true}]}}