{"id":306104,"date":"2023-06-02T00:00:42","date_gmt":"2023-06-02T03:00:42","guid":{"rendered":"https:\/\/www.notibras.com\/site\/?p=306104"},"modified":"2023-06-02T07:57:50","modified_gmt":"2023-06-02T10:57:50","slug":"general-heleno-nega-ter-participado-de-plano-de-golpe","status":"publish","type":"post","link":"https:\/\/www.notibras.com\/site\/general-heleno-nega-ter-participado-de-plano-de-golpe\/","title":{"rendered":"General Heleno nega ter participado de plano de golpe"},"content":{"rendered":"<p>O chefe do Gabinete de Seguran\u00e7a Institucional (GSI) do governo Jair Bolsonaro, general Augusto Heleno, foi ouvido nesta quinta-feira (1\u00b0) na Comiss\u00e3o Parlamentar de Inqu\u00e9rito (CPI) dos Atos Antidemocr\u00e1ticos da C\u00e2mara Legislativa do Distrito Federal (DF).<\/p>\n<p>A comiss\u00e3o da C\u00e2mara distrital trata dos atos de 8 de janeiro, quando apoiadores do ex-presidente, insatisfeitos com o resultado das urnas que deu vit\u00f3ria a Luiz In\u00e1cio Lula da Silva, invadiram e depredaram a sede dos Tr\u00eas Poderes da Rep\u00fablica, em Bras\u00edlia.<\/p>\n<p>Aos deputados, o general defendeu que para se aplicar um golpe de Estado no pa\u00eds seria necess\u00e1rio um l\u00edder. Heleno foi questionado sobre \u00e1udios de militares ligados ao ex-presidente em que discutiam um plano para um movimento golpista. Ele negou ter participado e afirmou que o termo &#8216;golpe&#8217; foi banalizado.<\/p>\n<p>&#8220;Se eu tivesse sido articulador, eu diria aqui. Eu acho que o tratamento que est\u00e3o dando a essa palavra &#8216;golpe&#8217; n\u00e3o \u00e9 um tratamento adequado. Porque um golpe, para ter realmente sucesso, ele precisa ter um l\u00edder principal, algu\u00e9m que esteja disposto a assumir esse papel de liderar um golpe. N\u00e3o \u00e9 uma atitude simples, ainda mais em um pa\u00eds do tamanho e da popula\u00e7\u00e3o do Brasil.&#8221;<\/p>\n<p>Augusto Heleno garantiu que aconselhava Bolsonaro no sentido de n\u00e3o tomar atitudes dr\u00e1sticas contra o Supremo Tribunal Federal. Ele, no entanto, n\u00e3o quis comentar se o reconhecimento da vit\u00f3ria de Lula teria acalmado os apoiadores do ex-presidente.<\/p>\n<p>Sobre uma live em que o ex-presidente atacou as urnas eletr\u00f4nicas, o general disse n\u00e3o se lembrar da transmiss\u00e3o e que confiava \u201cem termos\u201d nos equipamentos.<\/p>\n<p>&#8220;Eu acredito, em termos, mas eu acho que \u00e9 preciso que haja uma evolu\u00e7\u00e3o da urna eletr\u00f4nica, para que ela seja totalmente confi\u00e1vel. Houve uma s\u00e9rie de questionamentos em rela\u00e7\u00e3o \u00e0 confiabilidade da urna. Isso \u00e9 normal em um regime democr\u00e1tico. Isso \u00e9 normal. O resultado da elei\u00e7\u00e3o foi respeitado.&#8221;<\/p>\n<p>Sobre acusa\u00e7\u00f5es de que teria aparelhado o GSI, o general contou que durante a transi\u00e7\u00e3o de governos passou todas as informa\u00e7\u00f5es ao general Gon\u00e7alves Dias, que ocupou o GSI nos primeiros meses deste ano, durante o governo do presidente Lula da Silva.<\/p>\n<p>&#8220;O general Gon\u00e7alves Dias \u2013 eu sempre tive um bom relacionamento com ele \u2013, e me coloquei \u00e0 disposi\u00e7\u00e3o para conversar com ele sobre o que ele quisesse. Meu secret\u00e1rio executivo fez quatro palestras pra ele [general Gon\u00e7alves Dias], em uma delas ele levou, inclusive, o ministro [Aloizio] Mercadante. Ent\u00e3o foi passado tudo que ele quisesse saber sobre o GSI. [O secret\u00e1rio executivo] colocou pra ele [Gon\u00e7alves Dias] que ele tiraria [do GSI] quem ele quisesse e colocaria quem ele quisesse.&#8221;<\/p>\n<p>Heleno informou ainda que n\u00e3o se lembra de ter curtido uma postagem com conte\u00fado golpista. O tu\u00edte foi mostrado pelos deputados na CPI.<\/p>\n<p><strong>Convoca\u00e7\u00f5es<\/strong><br \/>\nAntes do depoimento come\u00e7ar, os deputados decidiram convocar novamente o Coronel Jorge Eduardo Naime, ex-comandante de opera\u00e7\u00f5es da Pol\u00edcia Militar do Distrito Federal. Segundo o requerimento, foram identificadas contradi\u00e7\u00f5es entre o primeiro depoimento dele e o do general Dutra, ex-chefe do Comando Militar do Planalto.<\/p>\n<p>Os parlamentares tamb\u00e9m aprovaram a convoca\u00e7\u00e3o do major da PM Fl\u00e1vio Silvestre de Alencar e do diretor do Departamento da Pol\u00edcia Especializada da Pol\u00edcia Civil do DF, Victor Dan de Alencar Alves.<\/p>\n<p>A CPI terminou com bate boca ap\u00f3s o general Augusto Heleno defender a ditadura militar no Brasil.<\/p>\n<p><strong>Ditadura<\/strong><br \/>\nO deputado distrital Gabriel Magno, do PT, ao questionar o general, afirmou que o golpe de 1964 foi um \u201catentado contra os direitos humanos, contra a vida, contra os direitos pol\u00edticos e contra os direitos f\u00edsicos dos brasileiros\u201d.<\/p>\n<p>Heleno respondeu que a a\u00e7\u00e3o impediu o Brasil de virar um pa\u00eds comunista. \u201cO deputado acha que o movimento de 64 matou mais de mil pessoas, o que n\u00e3o aconteceu. Acha que foi um movimento de vingan\u00e7a, de \u00f3dio, quando o movimento de 64 salvou o Brasil de virar um pa\u00eds comunista isso n\u00e3o tem nenhuma d\u00favida\u201d.<\/p>\n<p>Ap\u00f3s a declara\u00e7\u00e3o, os deputados come\u00e7aram a discutir e o presidente da CPI, deputado Chico Vigilante, encerrou o depoimento.<\/p>\n","protected":false},"excerpt":{"rendered":"<p>O chefe do Gabinete de Seguran\u00e7a Institucional (GSI) do governo Jair Bolsonaro, general Augusto Heleno, foi ouvido nesta quinta-feira (1\u00b0) na Comiss\u00e3o Parlamentar de Inqu\u00e9rito (CPI) dos Atos Antidemocr\u00e1ticos da C\u00e2mara Legislativa do Distrito Federal (DF). A comiss\u00e3o da C\u00e2mara distrital trata dos atos de 8 de janeiro, quando apoiadores do ex-presidente, insatisfeitos com o [&hellip;]<\/p>\n","protected":false},"author":2,"featured_media":306105,"comment_status":"closed","ping_status":"closed","sticky":false,"template":"","format":"standard","meta":{"_acf_changed":false,"footnotes":""},"categories":[161],"tags":[],"class_list":["post-306104","post","type-post","status-publish","format-standard","has-post-thumbnail","hentry","category-quadradinho-em-foco"],"acf":[],"yoast_head":"<!-- This site is optimized with the Yoast SEO plugin v27.2 - https:\/\/yoast.com\/product\/yoast-seo-wordpress\/ -->\n<title>General Heleno nega ter participado de plano de golpe - Notibras<\/title>\n<meta name=\"robots\" content=\"index, follow, max-snippet:-1, max-image-preview:large, max-video-preview:-1\" \/>\n<link rel=\"canonical\" href=\"https:\/\/www.notibras.com\/site\/general-heleno-nega-ter-participado-de-plano-de-golpe\/\" \/>\n<meta property=\"og:locale\" content=\"pt_BR\" \/>\n<meta property=\"og:type\" content=\"article\" \/>\n<meta property=\"og:title\" content=\"General Heleno nega ter participado de plano de golpe - Notibras\" \/>\n<meta property=\"og:description\" content=\"O chefe do Gabinete de Seguran\u00e7a Institucional (GSI) do governo Jair Bolsonaro, general Augusto Heleno, foi ouvido nesta quinta-feira (1\u00b0) na Comiss\u00e3o Parlamentar de Inqu\u00e9rito (CPI) dos Atos Antidemocr\u00e1ticos da C\u00e2mara Legislativa do Distrito Federal (DF). A comiss\u00e3o da C\u00e2mara distrital trata dos atos de 8 de janeiro, quando apoiadores do ex-presidente, insatisfeitos com o [&hellip;]\" \/>\n<meta property=\"og:url\" content=\"https:\/\/www.notibras.com\/site\/general-heleno-nega-ter-participado-de-plano-de-golpe\/\" \/>\n<meta property=\"og:site_name\" content=\"Notibras\" \/>\n<meta property=\"article:publisher\" content=\"https:\/\/www.facebook.com\/notibras\/\" \/>\n<meta property=\"article:published_time\" content=\"2023-06-02T03:00:42+00:00\" \/>\n<meta property=\"article:modified_time\" content=\"2023-06-02T10:57:50+00:00\" \/>\n<meta property=\"og:image\" content=\"https:\/\/www.notibras.com\/site\/wp-content\/uploads\/2023\/06\/a81t5403.jpg\" \/>\n\t<meta property=\"og:image:width\" content=\"1170\" \/>\n\t<meta property=\"og:image:height\" content=\"700\" \/>\n\t<meta property=\"og:image:type\" content=\"image\/jpeg\" \/>\n<meta name=\"author\" content=\"Reda\u00e7\u00e3o\" \/>\n<meta name=\"twitter:card\" content=\"summary_large_image\" \/>\n<meta name=\"twitter:creator\" content=\"@Notibras\" \/>\n<meta name=\"twitter:site\" content=\"@Notibras\" \/>\n<meta name=\"twitter:label1\" content=\"Escrito por\" \/>\n\t<meta name=\"twitter:data1\" content=\"Reda\u00e7\u00e3o\" \/>\n\t<meta name=\"twitter:label2\" content=\"Est. tempo de leitura\" \/>\n\t<meta name=\"twitter:data2\" content=\"4 minutos\" \/>\n<script type=\"application\/ld+json\" class=\"yoast-schema-graph\">{\"@context\":\"https:\/\/schema.org\",\"@graph\":[{\"@type\":\"Article\",\"@id\":\"https:\/\/www.notibras.com\/site\/general-heleno-nega-ter-participado-de-plano-de-golpe\/#article\",\"isPartOf\":{\"@id\":\"https:\/\/www.notibras.com\/site\/general-heleno-nega-ter-participado-de-plano-de-golpe\/\"},\"author\":{\"name\":\"Reda\u00e7\u00e3o\",\"@id\":\"https:\/\/www.notibras.com\/site\/#\/schema\/person\/36ab0979449956132d3e5b517ea76ac8\"},\"headline\":\"General Heleno nega ter participado de plano de golpe\",\"datePublished\":\"2023-06-02T03:00:42+00:00\",\"dateModified\":\"2023-06-02T10:57:50+00:00\",\"mainEntityOfPage\":{\"@id\":\"https:\/\/www.notibras.com\/site\/general-heleno-nega-ter-participado-de-plano-de-golpe\/\"},\"wordCount\":733,\"publisher\":{\"@id\":\"https:\/\/www.notibras.com\/site\/#organization\"},\"image\":{\"@id\":\"https:\/\/www.notibras.com\/site\/general-heleno-nega-ter-participado-de-plano-de-golpe\/#primaryimage\"},\"thumbnailUrl\":\"https:\/\/www.notibras.com\/site\/wp-content\/uploads\/2023\/06\/a81t5403.jpg\",\"articleSection\":[\"Quadradinho em Foco\"],\"inLanguage\":\"pt-BR\"},{\"@type\":\"WebPage\",\"@id\":\"https:\/\/www.notibras.com\/site\/general-heleno-nega-ter-participado-de-plano-de-golpe\/\",\"url\":\"https:\/\/www.notibras.com\/site\/general-heleno-nega-ter-participado-de-plano-de-golpe\/\",\"name\":\"General Heleno nega ter participado de plano de golpe - Notibras\",\"isPartOf\":{\"@id\":\"https:\/\/www.notibras.com\/site\/#website\"},\"primaryImageOfPage\":{\"@id\":\"https:\/\/www.notibras.com\/site\/general-heleno-nega-ter-participado-de-plano-de-golpe\/#primaryimage\"},\"image\":{\"@id\":\"https:\/\/www.notibras.com\/site\/general-heleno-nega-ter-participado-de-plano-de-golpe\/#primaryimage\"},\"thumbnailUrl\":\"https:\/\/www.notibras.com\/site\/wp-content\/uploads\/2023\/06\/a81t5403.jpg\",\"datePublished\":\"2023-06-02T03:00:42+00:00\",\"dateModified\":\"2023-06-02T10:57:50+00:00\",\"breadcrumb\":{\"@id\":\"https:\/\/www.notibras.com\/site\/general-heleno-nega-ter-participado-de-plano-de-golpe\/#breadcrumb\"},\"inLanguage\":\"pt-BR\",\"potentialAction\":[{\"@type\":\"ReadAction\",\"target\":[\"https:\/\/www.notibras.com\/site\/general-heleno-nega-ter-participado-de-plano-de-golpe\/\"]}]},{\"@type\":\"ImageObject\",\"inLanguage\":\"pt-BR\",\"@id\":\"https:\/\/www.notibras.com\/site\/general-heleno-nega-ter-participado-de-plano-de-golpe\/#primaryimage\",\"url\":\"https:\/\/www.notibras.com\/site\/wp-content\/uploads\/2023\/06\/a81t5403.jpg\",\"contentUrl\":\"https:\/\/www.notibras.com\/site\/wp-content\/uploads\/2023\/06\/a81t5403.jpg\",\"width\":1170,\"height\":700,\"caption\":\"Bras\u00edlia (DF) 01\/06\/2023 - O General Augusto Heleno e o presidente da CPI, Chico Vigilante, durante CPI dos Atos Antidemocr\u00e1ticos aberta na C\u00e2mara Distrital do DF. Foto Jos\u00e9 Cruz\/Ag\u00eancia Brasil\"},{\"@type\":\"BreadcrumbList\",\"@id\":\"https:\/\/www.notibras.com\/site\/general-heleno-nega-ter-participado-de-plano-de-golpe\/#breadcrumb\",\"itemListElement\":[{\"@type\":\"ListItem\",\"position\":1,\"name\":\"In\u00edcio\",\"item\":\"https:\/\/www.notibras.com\/site\/\"},{\"@type\":\"ListItem\",\"position\":2,\"name\":\"General Heleno nega ter participado de plano de golpe\"}]},{\"@type\":\"WebSite\",\"@id\":\"https:\/\/www.notibras.com\/site\/#website\",\"url\":\"https:\/\/www.notibras.com\/site\/\",\"name\":\"Notibras\",\"description\":\"Not\u00edcias de Bras\u00edlia, do Brasil e do Mundo\",\"publisher\":{\"@id\":\"https:\/\/www.notibras.com\/site\/#organization\"},\"potentialAction\":[{\"@type\":\"SearchAction\",\"target\":{\"@type\":\"EntryPoint\",\"urlTemplate\":\"https:\/\/www.notibras.com\/site\/?s={search_term_string}\"},\"query-input\":{\"@type\":\"PropertyValueSpecification\",\"valueRequired\":true,\"valueName\":\"search_term_string\"}}],\"inLanguage\":\"pt-BR\"},{\"@type\":\"Organization\",\"@id\":\"https:\/\/www.notibras.com\/site\/#organization\",\"name\":\"Grupo Notibras de Comunica\u00e7\u00e3o\",\"url\":\"https:\/\/www.notibras.com\/site\/\",\"logo\":{\"@type\":\"ImageObject\",\"inLanguage\":\"pt-BR\",\"@id\":\"https:\/\/www.notibras.com\/site\/#\/schema\/logo\/image\/\",\"url\":\"https:\/\/www.notibras.com\/site\/wp-content\/uploads\/2023\/01\/notibras23.png\",\"contentUrl\":\"https:\/\/www.notibras.com\/site\/wp-content\/uploads\/2023\/01\/notibras23.png\",\"width\":350,\"height\":87,\"caption\":\"Grupo Notibras de Comunica\u00e7\u00e3o\"},\"image\":{\"@id\":\"https:\/\/www.notibras.com\/site\/#\/schema\/logo\/image\/\"},\"sameAs\":[\"https:\/\/www.facebook.com\/notibras\/\",\"https:\/\/x.com\/Notibras\",\"https:\/\/www.instagram.com\/notibras\/\"]},{\"@type\":\"Person\",\"@id\":\"https:\/\/www.notibras.com\/site\/#\/schema\/person\/36ab0979449956132d3e5b517ea76ac8\",\"name\":\"Reda\u00e7\u00e3o\",\"image\":{\"@type\":\"ImageObject\",\"inLanguage\":\"pt-BR\",\"@id\":\"https:\/\/secure.gravatar.com\/avatar\/e0a867bdedb85fd243eadf09663511f96fc81e0720a4a42581f334ad4303aa6b?s=96&d=mm&r=g\",\"url\":\"https:\/\/secure.gravatar.com\/avatar\/e0a867bdedb85fd243eadf09663511f96fc81e0720a4a42581f334ad4303aa6b?s=96&d=mm&r=g\",\"contentUrl\":\"https:\/\/secure.gravatar.com\/avatar\/e0a867bdedb85fd243eadf09663511f96fc81e0720a4a42581f334ad4303aa6b?s=96&d=mm&r=g\",\"caption\":\"Reda\u00e7\u00e3o\"}}]}<\/script>\n<!-- \/ Yoast SEO plugin. -->","yoast_head_json":{"title":"General Heleno nega ter participado de plano de golpe - Notibras","robots":{"index":"index","follow":"follow","max-snippet":"max-snippet:-1","max-image-preview":"max-image-preview:large","max-video-preview":"max-video-preview:-1"},"canonical":"https:\/\/www.notibras.com\/site\/general-heleno-nega-ter-participado-de-plano-de-golpe\/","og_locale":"pt_BR","og_type":"article","og_title":"General Heleno nega ter participado de plano de golpe - Notibras","og_description":"O chefe do Gabinete de Seguran\u00e7a Institucional (GSI) do governo Jair Bolsonaro, general Augusto Heleno, foi ouvido nesta quinta-feira (1\u00b0) na Comiss\u00e3o Parlamentar de Inqu\u00e9rito (CPI) dos Atos Antidemocr\u00e1ticos da C\u00e2mara Legislativa do Distrito Federal (DF). A comiss\u00e3o da C\u00e2mara distrital trata dos atos de 8 de janeiro, quando apoiadores do ex-presidente, insatisfeitos com o [&hellip;]","og_url":"https:\/\/www.notibras.com\/site\/general-heleno-nega-ter-participado-de-plano-de-golpe\/","og_site_name":"Notibras","article_publisher":"https:\/\/www.facebook.com\/notibras\/","article_published_time":"2023-06-02T03:00:42+00:00","article_modified_time":"2023-06-02T10:57:50+00:00","og_image":[{"width":1170,"height":700,"url":"https:\/\/www.notibras.com\/site\/wp-content\/uploads\/2023\/06\/a81t5403.jpg","type":"image\/jpeg"}],"author":"Reda\u00e7\u00e3o","twitter_card":"summary_large_image","twitter_creator":"@Notibras","twitter_site":"@Notibras","twitter_misc":{"Escrito por":"Reda\u00e7\u00e3o","Est. tempo de leitura":"4 minutos"},"schema":{"@context":"https:\/\/schema.org","@graph":[{"@type":"Article","@id":"https:\/\/www.notibras.com\/site\/general-heleno-nega-ter-participado-de-plano-de-golpe\/#article","isPartOf":{"@id":"https:\/\/www.notibras.com\/site\/general-heleno-nega-ter-participado-de-plano-de-golpe\/"},"author":{"name":"Reda\u00e7\u00e3o","@id":"https:\/\/www.notibras.com\/site\/#\/schema\/person\/36ab0979449956132d3e5b517ea76ac8"},"headline":"General Heleno nega ter participado de plano de golpe","datePublished":"2023-06-02T03:00:42+00:00","dateModified":"2023-06-02T10:57:50+00:00","mainEntityOfPage":{"@id":"https:\/\/www.notibras.com\/site\/general-heleno-nega-ter-participado-de-plano-de-golpe\/"},"wordCount":733,"publisher":{"@id":"https:\/\/www.notibras.com\/site\/#organization"},"image":{"@id":"https:\/\/www.notibras.com\/site\/general-heleno-nega-ter-participado-de-plano-de-golpe\/#primaryimage"},"thumbnailUrl":"https:\/\/www.notibras.com\/site\/wp-content\/uploads\/2023\/06\/a81t5403.jpg","articleSection":["Quadradinho em Foco"],"inLanguage":"pt-BR"},{"@type":"WebPage","@id":"https:\/\/www.notibras.com\/site\/general-heleno-nega-ter-participado-de-plano-de-golpe\/","url":"https:\/\/www.notibras.com\/site\/general-heleno-nega-ter-participado-de-plano-de-golpe\/","name":"General Heleno nega ter participado de plano de golpe - Notibras","isPartOf":{"@id":"https:\/\/www.notibras.com\/site\/#website"},"primaryImageOfPage":{"@id":"https:\/\/www.notibras.com\/site\/general-heleno-nega-ter-participado-de-plano-de-golpe\/#primaryimage"},"image":{"@id":"https:\/\/www.notibras.com\/site\/general-heleno-nega-ter-participado-de-plano-de-golpe\/#primaryimage"},"thumbnailUrl":"https:\/\/www.notibras.com\/site\/wp-content\/uploads\/2023\/06\/a81t5403.jpg","datePublished":"2023-06-02T03:00:42+00:00","dateModified":"2023-06-02T10:57:50+00:00","breadcrumb":{"@id":"https:\/\/www.notibras.com\/site\/general-heleno-nega-ter-participado-de-plano-de-golpe\/#breadcrumb"},"inLanguage":"pt-BR","potentialAction":[{"@type":"ReadAction","target":["https:\/\/www.notibras.com\/site\/general-heleno-nega-ter-participado-de-plano-de-golpe\/"]}]},{"@type":"ImageObject","inLanguage":"pt-BR","@id":"https:\/\/www.notibras.com\/site\/general-heleno-nega-ter-participado-de-plano-de-golpe\/#primaryimage","url":"https:\/\/www.notibras.com\/site\/wp-content\/uploads\/2023\/06\/a81t5403.jpg","contentUrl":"https:\/\/www.notibras.com\/site\/wp-content\/uploads\/2023\/06\/a81t5403.jpg","width":1170,"height":700,"caption":"Bras\u00edlia (DF) 01\/06\/2023 - O General Augusto Heleno e o presidente da CPI, Chico Vigilante, durante CPI dos Atos Antidemocr\u00e1ticos aberta na C\u00e2mara Distrital do DF. Foto Jos\u00e9 Cruz\/Ag\u00eancia Brasil"},{"@type":"BreadcrumbList","@id":"https:\/\/www.notibras.com\/site\/general-heleno-nega-ter-participado-de-plano-de-golpe\/#breadcrumb","itemListElement":[{"@type":"ListItem","position":1,"name":"In\u00edcio","item":"https:\/\/www.notibras.com\/site\/"},{"@type":"ListItem","position":2,"name":"General Heleno nega ter participado de plano de golpe"}]},{"@type":"WebSite","@id":"https:\/\/www.notibras.com\/site\/#website","url":"https:\/\/www.notibras.com\/site\/","name":"Notibras","description":"Not\u00edcias de Bras\u00edlia, do Brasil e do Mundo","publisher":{"@id":"https:\/\/www.notibras.com\/site\/#organization"},"potentialAction":[{"@type":"SearchAction","target":{"@type":"EntryPoint","urlTemplate":"https:\/\/www.notibras.com\/site\/?s={search_term_string}"},"query-input":{"@type":"PropertyValueSpecification","valueRequired":true,"valueName":"search_term_string"}}],"inLanguage":"pt-BR"},{"@type":"Organization","@id":"https:\/\/www.notibras.com\/site\/#organization","name":"Grupo Notibras de Comunica\u00e7\u00e3o","url":"https:\/\/www.notibras.com\/site\/","logo":{"@type":"ImageObject","inLanguage":"pt-BR","@id":"https:\/\/www.notibras.com\/site\/#\/schema\/logo\/image\/","url":"https:\/\/www.notibras.com\/site\/wp-content\/uploads\/2023\/01\/notibras23.png","contentUrl":"https:\/\/www.notibras.com\/site\/wp-content\/uploads\/2023\/01\/notibras23.png","width":350,"height":87,"caption":"Grupo Notibras de Comunica\u00e7\u00e3o"},"image":{"@id":"https:\/\/www.notibras.com\/site\/#\/schema\/logo\/image\/"},"sameAs":["https:\/\/www.facebook.com\/notibras\/","https:\/\/x.com\/Notibras","https:\/\/www.instagram.com\/notibras\/"]},{"@type":"Person","@id":"https:\/\/www.notibras.com\/site\/#\/schema\/person\/36ab0979449956132d3e5b517ea76ac8","name":"Reda\u00e7\u00e3o","image":{"@type":"ImageObject","inLanguage":"pt-BR","@id":"https:\/\/secure.gravatar.com\/avatar\/e0a867bdedb85fd243eadf09663511f96fc81e0720a4a42581f334ad4303aa6b?s=96&d=mm&r=g","url":"https:\/\/secure.gravatar.com\/avatar\/e0a867bdedb85fd243eadf09663511f96fc81e0720a4a42581f334ad4303aa6b?s=96&d=mm&r=g","contentUrl":"https:\/\/secure.gravatar.com\/avatar\/e0a867bdedb85fd243eadf09663511f96fc81e0720a4a42581f334ad4303aa6b?s=96&d=mm&r=g","caption":"Reda\u00e7\u00e3o"}}]}},"amp_enabled":true,"_links":{"self":[{"href":"https:\/\/www.notibras.com\/site\/wp-json\/wp\/v2\/posts\/306104","targetHints":{"allow":["GET"]}}],"collection":[{"href":"https:\/\/www.notibras.com\/site\/wp-json\/wp\/v2\/posts"}],"about":[{"href":"https:\/\/www.notibras.com\/site\/wp-json\/wp\/v2\/types\/post"}],"author":[{"embeddable":true,"href":"https:\/\/www.notibras.com\/site\/wp-json\/wp\/v2\/users\/2"}],"replies":[{"embeddable":true,"href":"https:\/\/www.notibras.com\/site\/wp-json\/wp\/v2\/comments?post=306104"}],"version-history":[{"count":1,"href":"https:\/\/www.notibras.com\/site\/wp-json\/wp\/v2\/posts\/306104\/revisions"}],"predecessor-version":[{"id":306106,"href":"https:\/\/www.notibras.com\/site\/wp-json\/wp\/v2\/posts\/306104\/revisions\/306106"}],"wp:featuredmedia":[{"embeddable":true,"href":"https:\/\/www.notibras.com\/site\/wp-json\/wp\/v2\/media\/306105"}],"wp:attachment":[{"href":"https:\/\/www.notibras.com\/site\/wp-json\/wp\/v2\/media?parent=306104"}],"wp:term":[{"taxonomy":"category","embeddable":true,"href":"https:\/\/www.notibras.com\/site\/wp-json\/wp\/v2\/categories?post=306104"},{"taxonomy":"post_tag","embeddable":true,"href":"https:\/\/www.notibras.com\/site\/wp-json\/wp\/v2\/tags?post=306104"}],"curies":[{"name":"wp","href":"https:\/\/api.w.org\/{rel}","templated":true}]}}