{"id":306109,"date":"2023-06-02T00:01:16","date_gmt":"2023-06-02T03:01:16","guid":{"rendered":"https:\/\/www.notibras.com\/site\/?p=306109"},"modified":"2023-06-02T08:07:50","modified_gmt":"2023-06-02T11:07:50","slug":"fies-financiara-60-mil-por-semestre-de-cursos-de-medicina","status":"publish","type":"post","link":"https:\/\/www.notibras.com\/site\/fies-financiara-60-mil-por-semestre-de-cursos-de-medicina\/","title":{"rendered":"Fies financiar\u00e1 60 mil por semestre de cursos de medicina"},"content":{"rendered":"<p>Os estudantes de medicina benefici\u00e1rios do Fundo de Financiamento Estudantil (Fies) poder\u00e3o financiar at\u00e9 R$ 60 mil por semestre, anunciou nesta quinta-feira (1\u00ba) o ministro da Educa\u00e7\u00e3o, Camilo Santana. O novo valor representa um reajuste de 39,6% em rela\u00e7\u00e3o ao teto anterior, que estava em R$ 42,9 mil semestrais.<\/p>\n<p>Em v\u00eddeo postado nas redes sociais, Santana disse que a decis\u00e3o foi tomada para evitar a desist\u00eancia de estudantes que n\u00e3o conseguiam arcar com as mensalidades do curso de medicina. Segundo o ministro, a determina\u00e7\u00e3o partiu do presidente Luiz In\u00e1cio Lula da Silva.<\/p>\n<p>O novo teto entrar\u00e1 em vigor no pr\u00f3ximo dia 14 e ser\u00e1 aplicado n\u00e3o apenas aos novos financiamentos, mas aos financiamentos a estudantes j\u00e1 matriculados. Respons\u00e1vel por gerir o Fies, o Fundo Nacional de Desenvolvimento da Educa\u00e7\u00e3o (FNDE) informou que o novo teto valer\u00e1 apenas para os cursos de medicina, que t\u00eam mensalidades mais caras. Para dos demais cursos, est\u00e1 mantido o valor m\u00e1ximo de R$ 42.983,70.<\/p>\n<p>Com o teto atual, os estudantes de medicina benefici\u00e1rios do Fies conseguiam financiar R$ 7,14 mil de mensalidades, valor obtido pela divis\u00e3o do valor semestral por seis meses. Caberia aos pr\u00f3prios universit\u00e1rios pagarem a diferen\u00e7a aos cursos, isso porque as mensalidades dos cursos privados de medicina variam de R$ 8 mil a R$ 12 mil. O novo teto permitir\u00e1 o financiamento de mensalidades de at\u00e9 R$ 10 mil.<\/p>\n<p>Por meio do Fies, as institui\u00e7\u00f5es privadas de ensino superior recebem o valor financiado diretamente do FNDE. Em troca, o estudante come\u00e7a a pagar o financiamento ap\u00f3s receber o diploma.<\/p>\n","protected":false},"excerpt":{"rendered":"<p>Os estudantes de medicina benefici\u00e1rios do Fundo de Financiamento Estudantil (Fies) poder\u00e3o financiar at\u00e9 R$ 60 mil por semestre, anunciou nesta quinta-feira (1\u00ba) o ministro da Educa\u00e7\u00e3o, Camilo Santana. O novo valor representa um reajuste de 39,6% em rela\u00e7\u00e3o ao teto anterior, que estava em R$ 42,9 mil semestrais. Em v\u00eddeo postado nas redes sociais, [&hellip;]<\/p>\n","protected":false},"author":2,"featured_media":301275,"comment_status":"closed","ping_status":"closed","sticky":false,"template":"","format":"standard","meta":{"_acf_changed":false,"footnotes":""},"categories":[161],"tags":[],"class_list":["post-306109","post","type-post","status-publish","format-standard","has-post-thumbnail","hentry","category-quadradinho-em-foco"],"acf":[],"yoast_head":"<!-- This site is optimized with the Yoast SEO plugin v27.2 - https:\/\/yoast.com\/product\/yoast-seo-wordpress\/ -->\n<title>Fies financiar\u00e1 60 mil por semestre de cursos de medicina - Notibras<\/title>\n<meta name=\"robots\" content=\"index, follow, max-snippet:-1, max-image-preview:large, max-video-preview:-1\" \/>\n<link rel=\"canonical\" href=\"https:\/\/www.notibras.com\/site\/fies-financiara-60-mil-por-semestre-de-cursos-de-medicina\/\" \/>\n<meta property=\"og:locale\" content=\"pt_BR\" \/>\n<meta property=\"og:type\" content=\"article\" \/>\n<meta property=\"og:title\" content=\"Fies financiar\u00e1 60 mil por semestre de cursos de medicina - Notibras\" \/>\n<meta property=\"og:description\" content=\"Os estudantes de medicina benefici\u00e1rios do Fundo de Financiamento Estudantil (Fies) poder\u00e3o financiar at\u00e9 R$ 60 mil por semestre, anunciou nesta quinta-feira (1\u00ba) o ministro da Educa\u00e7\u00e3o, Camilo Santana. O novo valor representa um reajuste de 39,6% em rela\u00e7\u00e3o ao teto anterior, que estava em R$ 42,9 mil semestrais. Em v\u00eddeo postado nas redes sociais, [&hellip;]\" \/>\n<meta property=\"og:url\" content=\"https:\/\/www.notibras.com\/site\/fies-financiara-60-mil-por-semestre-de-cursos-de-medicina\/\" \/>\n<meta property=\"og:site_name\" content=\"Notibras\" \/>\n<meta property=\"article:publisher\" content=\"https:\/\/www.facebook.com\/notibras\/\" \/>\n<meta property=\"article:published_time\" content=\"2023-06-02T03:01:16+00:00\" \/>\n<meta property=\"article:modified_time\" content=\"2023-06-02T11:07:50+00:00\" \/>\n<meta property=\"og:image\" content=\"https:\/\/www.notibras.com\/site\/wp-content\/uploads\/2023\/03\/novo_fies_03.09.2019.jpg\" \/>\n\t<meta property=\"og:image:width\" content=\"1170\" \/>\n\t<meta property=\"og:image:height\" content=\"700\" \/>\n\t<meta property=\"og:image:type\" content=\"image\/jpeg\" \/>\n<meta name=\"author\" content=\"Reda\u00e7\u00e3o\" \/>\n<meta name=\"twitter:card\" content=\"summary_large_image\" \/>\n<meta name=\"twitter:creator\" content=\"@Notibras\" \/>\n<meta name=\"twitter:site\" content=\"@Notibras\" \/>\n<meta name=\"twitter:label1\" content=\"Escrito por\" \/>\n\t<meta name=\"twitter:data1\" content=\"Reda\u00e7\u00e3o\" \/>\n\t<meta name=\"twitter:label2\" content=\"Est. tempo de leitura\" \/>\n\t<meta name=\"twitter:data2\" content=\"2 minutos\" \/>\n<script type=\"application\/ld+json\" class=\"yoast-schema-graph\">{\"@context\":\"https:\/\/schema.org\",\"@graph\":[{\"@type\":\"Article\",\"@id\":\"https:\/\/www.notibras.com\/site\/fies-financiara-60-mil-por-semestre-de-cursos-de-medicina\/#article\",\"isPartOf\":{\"@id\":\"https:\/\/www.notibras.com\/site\/fies-financiara-60-mil-por-semestre-de-cursos-de-medicina\/\"},\"author\":{\"name\":\"Reda\u00e7\u00e3o\",\"@id\":\"https:\/\/www.notibras.com\/site\/#\/schema\/person\/36ab0979449956132d3e5b517ea76ac8\"},\"headline\":\"Fies financiar\u00e1 60 mil por semestre de cursos de medicina\",\"datePublished\":\"2023-06-02T03:01:16+00:00\",\"dateModified\":\"2023-06-02T11:07:50+00:00\",\"mainEntityOfPage\":{\"@id\":\"https:\/\/www.notibras.com\/site\/fies-financiara-60-mil-por-semestre-de-cursos-de-medicina\/\"},\"wordCount\":280,\"publisher\":{\"@id\":\"https:\/\/www.notibras.com\/site\/#organization\"},\"image\":{\"@id\":\"https:\/\/www.notibras.com\/site\/fies-financiara-60-mil-por-semestre-de-cursos-de-medicina\/#primaryimage\"},\"thumbnailUrl\":\"https:\/\/www.notibras.com\/site\/wp-content\/uploads\/2023\/03\/novo_fies_03.09.2019.jpg\",\"articleSection\":[\"Quadradinho em Foco\"],\"inLanguage\":\"pt-BR\"},{\"@type\":\"WebPage\",\"@id\":\"https:\/\/www.notibras.com\/site\/fies-financiara-60-mil-por-semestre-de-cursos-de-medicina\/\",\"url\":\"https:\/\/www.notibras.com\/site\/fies-financiara-60-mil-por-semestre-de-cursos-de-medicina\/\",\"name\":\"Fies financiar\u00e1 60 mil por semestre de cursos de medicina - Notibras\",\"isPartOf\":{\"@id\":\"https:\/\/www.notibras.com\/site\/#website\"},\"primaryImageOfPage\":{\"@id\":\"https:\/\/www.notibras.com\/site\/fies-financiara-60-mil-por-semestre-de-cursos-de-medicina\/#primaryimage\"},\"image\":{\"@id\":\"https:\/\/www.notibras.com\/site\/fies-financiara-60-mil-por-semestre-de-cursos-de-medicina\/#primaryimage\"},\"thumbnailUrl\":\"https:\/\/www.notibras.com\/site\/wp-content\/uploads\/2023\/03\/novo_fies_03.09.2019.jpg\",\"datePublished\":\"2023-06-02T03:01:16+00:00\",\"dateModified\":\"2023-06-02T11:07:50+00:00\",\"breadcrumb\":{\"@id\":\"https:\/\/www.notibras.com\/site\/fies-financiara-60-mil-por-semestre-de-cursos-de-medicina\/#breadcrumb\"},\"inLanguage\":\"pt-BR\",\"potentialAction\":[{\"@type\":\"ReadAction\",\"target\":[\"https:\/\/www.notibras.com\/site\/fies-financiara-60-mil-por-semestre-de-cursos-de-medicina\/\"]}]},{\"@type\":\"ImageObject\",\"inLanguage\":\"pt-BR\",\"@id\":\"https:\/\/www.notibras.com\/site\/fies-financiara-60-mil-por-semestre-de-cursos-de-medicina\/#primaryimage\",\"url\":\"https:\/\/www.notibras.com\/site\/wp-content\/uploads\/2023\/03\/novo_fies_03.09.2019.jpg\",\"contentUrl\":\"https:\/\/www.notibras.com\/site\/wp-content\/uploads\/2023\/03\/novo_fies_03.09.2019.jpg\",\"width\":1170,\"height\":700},{\"@type\":\"BreadcrumbList\",\"@id\":\"https:\/\/www.notibras.com\/site\/fies-financiara-60-mil-por-semestre-de-cursos-de-medicina\/#breadcrumb\",\"itemListElement\":[{\"@type\":\"ListItem\",\"position\":1,\"name\":\"In\u00edcio\",\"item\":\"https:\/\/www.notibras.com\/site\/\"},{\"@type\":\"ListItem\",\"position\":2,\"name\":\"Fies financiar\u00e1 60 mil por semestre de cursos de medicina\"}]},{\"@type\":\"WebSite\",\"@id\":\"https:\/\/www.notibras.com\/site\/#website\",\"url\":\"https:\/\/www.notibras.com\/site\/\",\"name\":\"Notibras\",\"description\":\"Not\u00edcias de Bras\u00edlia, do Brasil e do Mundo\",\"publisher\":{\"@id\":\"https:\/\/www.notibras.com\/site\/#organization\"},\"potentialAction\":[{\"@type\":\"SearchAction\",\"target\":{\"@type\":\"EntryPoint\",\"urlTemplate\":\"https:\/\/www.notibras.com\/site\/?s={search_term_string}\"},\"query-input\":{\"@type\":\"PropertyValueSpecification\",\"valueRequired\":true,\"valueName\":\"search_term_string\"}}],\"inLanguage\":\"pt-BR\"},{\"@type\":\"Organization\",\"@id\":\"https:\/\/www.notibras.com\/site\/#organization\",\"name\":\"Grupo Notibras de Comunica\u00e7\u00e3o\",\"url\":\"https:\/\/www.notibras.com\/site\/\",\"logo\":{\"@type\":\"ImageObject\",\"inLanguage\":\"pt-BR\",\"@id\":\"https:\/\/www.notibras.com\/site\/#\/schema\/logo\/image\/\",\"url\":\"https:\/\/www.notibras.com\/site\/wp-content\/uploads\/2023\/01\/notibras23.png\",\"contentUrl\":\"https:\/\/www.notibras.com\/site\/wp-content\/uploads\/2023\/01\/notibras23.png\",\"width\":350,\"height\":87,\"caption\":\"Grupo Notibras de Comunica\u00e7\u00e3o\"},\"image\":{\"@id\":\"https:\/\/www.notibras.com\/site\/#\/schema\/logo\/image\/\"},\"sameAs\":[\"https:\/\/www.facebook.com\/notibras\/\",\"https:\/\/x.com\/Notibras\",\"https:\/\/www.instagram.com\/notibras\/\"]},{\"@type\":\"Person\",\"@id\":\"https:\/\/www.notibras.com\/site\/#\/schema\/person\/36ab0979449956132d3e5b517ea76ac8\",\"name\":\"Reda\u00e7\u00e3o\",\"image\":{\"@type\":\"ImageObject\",\"inLanguage\":\"pt-BR\",\"@id\":\"https:\/\/secure.gravatar.com\/avatar\/e0a867bdedb85fd243eadf09663511f96fc81e0720a4a42581f334ad4303aa6b?s=96&d=mm&r=g\",\"url\":\"https:\/\/secure.gravatar.com\/avatar\/e0a867bdedb85fd243eadf09663511f96fc81e0720a4a42581f334ad4303aa6b?s=96&d=mm&r=g\",\"contentUrl\":\"https:\/\/secure.gravatar.com\/avatar\/e0a867bdedb85fd243eadf09663511f96fc81e0720a4a42581f334ad4303aa6b?s=96&d=mm&r=g\",\"caption\":\"Reda\u00e7\u00e3o\"}}]}<\/script>\n<!-- \/ Yoast SEO plugin. -->","yoast_head_json":{"title":"Fies financiar\u00e1 60 mil por semestre de cursos de medicina - Notibras","robots":{"index":"index","follow":"follow","max-snippet":"max-snippet:-1","max-image-preview":"max-image-preview:large","max-video-preview":"max-video-preview:-1"},"canonical":"https:\/\/www.notibras.com\/site\/fies-financiara-60-mil-por-semestre-de-cursos-de-medicina\/","og_locale":"pt_BR","og_type":"article","og_title":"Fies financiar\u00e1 60 mil por semestre de cursos de medicina - Notibras","og_description":"Os estudantes de medicina benefici\u00e1rios do Fundo de Financiamento Estudantil (Fies) poder\u00e3o financiar at\u00e9 R$ 60 mil por semestre, anunciou nesta quinta-feira (1\u00ba) o ministro da Educa\u00e7\u00e3o, Camilo Santana. O novo valor representa um reajuste de 39,6% em rela\u00e7\u00e3o ao teto anterior, que estava em R$ 42,9 mil semestrais. Em v\u00eddeo postado nas redes sociais, [&hellip;]","og_url":"https:\/\/www.notibras.com\/site\/fies-financiara-60-mil-por-semestre-de-cursos-de-medicina\/","og_site_name":"Notibras","article_publisher":"https:\/\/www.facebook.com\/notibras\/","article_published_time":"2023-06-02T03:01:16+00:00","article_modified_time":"2023-06-02T11:07:50+00:00","og_image":[{"width":1170,"height":700,"url":"https:\/\/www.notibras.com\/site\/wp-content\/uploads\/2023\/03\/novo_fies_03.09.2019.jpg","type":"image\/jpeg"}],"author":"Reda\u00e7\u00e3o","twitter_card":"summary_large_image","twitter_creator":"@Notibras","twitter_site":"@Notibras","twitter_misc":{"Escrito por":"Reda\u00e7\u00e3o","Est. tempo de leitura":"2 minutos"},"schema":{"@context":"https:\/\/schema.org","@graph":[{"@type":"Article","@id":"https:\/\/www.notibras.com\/site\/fies-financiara-60-mil-por-semestre-de-cursos-de-medicina\/#article","isPartOf":{"@id":"https:\/\/www.notibras.com\/site\/fies-financiara-60-mil-por-semestre-de-cursos-de-medicina\/"},"author":{"name":"Reda\u00e7\u00e3o","@id":"https:\/\/www.notibras.com\/site\/#\/schema\/person\/36ab0979449956132d3e5b517ea76ac8"},"headline":"Fies financiar\u00e1 60 mil por semestre de cursos de medicina","datePublished":"2023-06-02T03:01:16+00:00","dateModified":"2023-06-02T11:07:50+00:00","mainEntityOfPage":{"@id":"https:\/\/www.notibras.com\/site\/fies-financiara-60-mil-por-semestre-de-cursos-de-medicina\/"},"wordCount":280,"publisher":{"@id":"https:\/\/www.notibras.com\/site\/#organization"},"image":{"@id":"https:\/\/www.notibras.com\/site\/fies-financiara-60-mil-por-semestre-de-cursos-de-medicina\/#primaryimage"},"thumbnailUrl":"https:\/\/www.notibras.com\/site\/wp-content\/uploads\/2023\/03\/novo_fies_03.09.2019.jpg","articleSection":["Quadradinho em Foco"],"inLanguage":"pt-BR"},{"@type":"WebPage","@id":"https:\/\/www.notibras.com\/site\/fies-financiara-60-mil-por-semestre-de-cursos-de-medicina\/","url":"https:\/\/www.notibras.com\/site\/fies-financiara-60-mil-por-semestre-de-cursos-de-medicina\/","name":"Fies financiar\u00e1 60 mil por semestre de cursos de medicina - Notibras","isPartOf":{"@id":"https:\/\/www.notibras.com\/site\/#website"},"primaryImageOfPage":{"@id":"https:\/\/www.notibras.com\/site\/fies-financiara-60-mil-por-semestre-de-cursos-de-medicina\/#primaryimage"},"image":{"@id":"https:\/\/www.notibras.com\/site\/fies-financiara-60-mil-por-semestre-de-cursos-de-medicina\/#primaryimage"},"thumbnailUrl":"https:\/\/www.notibras.com\/site\/wp-content\/uploads\/2023\/03\/novo_fies_03.09.2019.jpg","datePublished":"2023-06-02T03:01:16+00:00","dateModified":"2023-06-02T11:07:50+00:00","breadcrumb":{"@id":"https:\/\/www.notibras.com\/site\/fies-financiara-60-mil-por-semestre-de-cursos-de-medicina\/#breadcrumb"},"inLanguage":"pt-BR","potentialAction":[{"@type":"ReadAction","target":["https:\/\/www.notibras.com\/site\/fies-financiara-60-mil-por-semestre-de-cursos-de-medicina\/"]}]},{"@type":"ImageObject","inLanguage":"pt-BR","@id":"https:\/\/www.notibras.com\/site\/fies-financiara-60-mil-por-semestre-de-cursos-de-medicina\/#primaryimage","url":"https:\/\/www.notibras.com\/site\/wp-content\/uploads\/2023\/03\/novo_fies_03.09.2019.jpg","contentUrl":"https:\/\/www.notibras.com\/site\/wp-content\/uploads\/2023\/03\/novo_fies_03.09.2019.jpg","width":1170,"height":700},{"@type":"BreadcrumbList","@id":"https:\/\/www.notibras.com\/site\/fies-financiara-60-mil-por-semestre-de-cursos-de-medicina\/#breadcrumb","itemListElement":[{"@type":"ListItem","position":1,"name":"In\u00edcio","item":"https:\/\/www.notibras.com\/site\/"},{"@type":"ListItem","position":2,"name":"Fies financiar\u00e1 60 mil por semestre de cursos de medicina"}]},{"@type":"WebSite","@id":"https:\/\/www.notibras.com\/site\/#website","url":"https:\/\/www.notibras.com\/site\/","name":"Notibras","description":"Not\u00edcias de Bras\u00edlia, do Brasil e do Mundo","publisher":{"@id":"https:\/\/www.notibras.com\/site\/#organization"},"potentialAction":[{"@type":"SearchAction","target":{"@type":"EntryPoint","urlTemplate":"https:\/\/www.notibras.com\/site\/?s={search_term_string}"},"query-input":{"@type":"PropertyValueSpecification","valueRequired":true,"valueName":"search_term_string"}}],"inLanguage":"pt-BR"},{"@type":"Organization","@id":"https:\/\/www.notibras.com\/site\/#organization","name":"Grupo Notibras de Comunica\u00e7\u00e3o","url":"https:\/\/www.notibras.com\/site\/","logo":{"@type":"ImageObject","inLanguage":"pt-BR","@id":"https:\/\/www.notibras.com\/site\/#\/schema\/logo\/image\/","url":"https:\/\/www.notibras.com\/site\/wp-content\/uploads\/2023\/01\/notibras23.png","contentUrl":"https:\/\/www.notibras.com\/site\/wp-content\/uploads\/2023\/01\/notibras23.png","width":350,"height":87,"caption":"Grupo Notibras de Comunica\u00e7\u00e3o"},"image":{"@id":"https:\/\/www.notibras.com\/site\/#\/schema\/logo\/image\/"},"sameAs":["https:\/\/www.facebook.com\/notibras\/","https:\/\/x.com\/Notibras","https:\/\/www.instagram.com\/notibras\/"]},{"@type":"Person","@id":"https:\/\/www.notibras.com\/site\/#\/schema\/person\/36ab0979449956132d3e5b517ea76ac8","name":"Reda\u00e7\u00e3o","image":{"@type":"ImageObject","inLanguage":"pt-BR","@id":"https:\/\/secure.gravatar.com\/avatar\/e0a867bdedb85fd243eadf09663511f96fc81e0720a4a42581f334ad4303aa6b?s=96&d=mm&r=g","url":"https:\/\/secure.gravatar.com\/avatar\/e0a867bdedb85fd243eadf09663511f96fc81e0720a4a42581f334ad4303aa6b?s=96&d=mm&r=g","contentUrl":"https:\/\/secure.gravatar.com\/avatar\/e0a867bdedb85fd243eadf09663511f96fc81e0720a4a42581f334ad4303aa6b?s=96&d=mm&r=g","caption":"Reda\u00e7\u00e3o"}}]}},"amp_enabled":true,"_links":{"self":[{"href":"https:\/\/www.notibras.com\/site\/wp-json\/wp\/v2\/posts\/306109","targetHints":{"allow":["GET"]}}],"collection":[{"href":"https:\/\/www.notibras.com\/site\/wp-json\/wp\/v2\/posts"}],"about":[{"href":"https:\/\/www.notibras.com\/site\/wp-json\/wp\/v2\/types\/post"}],"author":[{"embeddable":true,"href":"https:\/\/www.notibras.com\/site\/wp-json\/wp\/v2\/users\/2"}],"replies":[{"embeddable":true,"href":"https:\/\/www.notibras.com\/site\/wp-json\/wp\/v2\/comments?post=306109"}],"version-history":[{"count":1,"href":"https:\/\/www.notibras.com\/site\/wp-json\/wp\/v2\/posts\/306109\/revisions"}],"predecessor-version":[{"id":306110,"href":"https:\/\/www.notibras.com\/site\/wp-json\/wp\/v2\/posts\/306109\/revisions\/306110"}],"wp:featuredmedia":[{"embeddable":true,"href":"https:\/\/www.notibras.com\/site\/wp-json\/wp\/v2\/media\/301275"}],"wp:attachment":[{"href":"https:\/\/www.notibras.com\/site\/wp-json\/wp\/v2\/media?parent=306109"}],"wp:term":[{"taxonomy":"category","embeddable":true,"href":"https:\/\/www.notibras.com\/site\/wp-json\/wp\/v2\/categories?post=306109"},{"taxonomy":"post_tag","embeddable":true,"href":"https:\/\/www.notibras.com\/site\/wp-json\/wp\/v2\/tags?post=306109"}],"curies":[{"name":"wp","href":"https:\/\/api.w.org\/{rel}","templated":true}]}}