{"id":306111,"date":"2023-06-02T00:01:46","date_gmt":"2023-06-02T03:01:46","guid":{"rendered":"https:\/\/www.notibras.com\/site\/?p=306111"},"modified":"2023-06-02T08:12:17","modified_gmt":"2023-06-02T11:12:17","slug":"pagamento-de-extra-do-auxilio-gas-vale-ate-fim-do-ano","status":"publish","type":"post","link":"https:\/\/www.notibras.com\/site\/pagamento-de-extra-do-auxilio-gas-vale-ate-fim-do-ano\/","title":{"rendered":"Pagamento de extra do aux\u00edlio g\u00e1s vale at\u00e9 fim do ano"},"content":{"rendered":"<p>O presidente Luiz In\u00e1cio Lula da Silva editou decreto na noite desta quinta-feira (1\u00ba) que garante o pagamento de adicional de 50% no aux\u00edlio g\u00e1s at\u00e9 o fim do ano.<\/p>\n<p>O adicional foi inclu\u00eddo na Medida Provis\u00f3ria que retomou o programa Bolsa Fam\u00edlia, aprovada hoje no Senado.<\/p>\n<p>Desde janeiro, o governo j\u00e1 tinha previsto o pagamento do valor extra por meio da edi\u00e7\u00e3o de uma medida provis\u00f3ria, que entrou em vigor imediatamente.<\/p>\n<p>No entanto, essa medida, para continuar valendo, precisava ser aprovada pela C\u00e2mara e pelo Senado em at\u00e9 120 dias. A MP nem chegou a ser analisada pelo Congresso e perdeu a validade. Por\u00e9m, os parlamentares incorporaram a previs\u00e3o do adicional na MP do Bolsa Fam\u00edlia, que agora vai para san\u00e7\u00e3o do presidente Lula.<\/p>\n<p>O aux\u00edlio g\u00e1s visa ajudar fam\u00edlias de baixa renda na compra de g\u00e1s de cozinha. Com o decreto, cada fam\u00edlia vai receber metade do valor de um botij\u00e3o de 13kg de GLP. Como o aux\u00edlio normal e o adicional s\u00e3o iguais, ou seja metade do valor, as fam\u00edlias ir\u00e3o receber o equivalente \u00e0 m\u00e9dia de um botij\u00e3o. O aux\u00edlio e o adicional ser\u00e3o depositados a cada dois meses.<\/p>\n","protected":false},"excerpt":{"rendered":"<p>O presidente Luiz In\u00e1cio Lula da Silva editou decreto na noite desta quinta-feira (1\u00ba) que garante o pagamento de adicional de 50% no aux\u00edlio g\u00e1s at\u00e9 o fim do ano. O adicional foi inclu\u00eddo na Medida Provis\u00f3ria que retomou o programa Bolsa Fam\u00edlia, aprovada hoje no Senado. Desde janeiro, o governo j\u00e1 tinha previsto o [&hellip;]<\/p>\n","protected":false},"author":2,"featured_media":306112,"comment_status":"closed","ping_status":"closed","sticky":false,"template":"","format":"standard","meta":{"_acf_changed":false,"footnotes":""},"categories":[161],"tags":[],"class_list":["post-306111","post","type-post","status-publish","format-standard","has-post-thumbnail","hentry","category-quadradinho-em-foco"],"acf":[],"yoast_head":"<!-- This site is optimized with the Yoast SEO plugin v27.2 - https:\/\/yoast.com\/product\/yoast-seo-wordpress\/ -->\n<title>Pagamento de extra do aux\u00edlio g\u00e1s vale at\u00e9 fim do ano - Notibras<\/title>\n<meta name=\"robots\" content=\"index, follow, max-snippet:-1, max-image-preview:large, max-video-preview:-1\" \/>\n<link rel=\"canonical\" href=\"https:\/\/www.notibras.com\/site\/pagamento-de-extra-do-auxilio-gas-vale-ate-fim-do-ano\/\" \/>\n<meta property=\"og:locale\" content=\"pt_BR\" \/>\n<meta property=\"og:type\" content=\"article\" \/>\n<meta property=\"og:title\" content=\"Pagamento de extra do aux\u00edlio g\u00e1s vale at\u00e9 fim do ano - Notibras\" \/>\n<meta property=\"og:description\" content=\"O presidente Luiz In\u00e1cio Lula da Silva editou decreto na noite desta quinta-feira (1\u00ba) que garante o pagamento de adicional de 50% no aux\u00edlio g\u00e1s at\u00e9 o fim do ano. O adicional foi inclu\u00eddo na Medida Provis\u00f3ria que retomou o programa Bolsa Fam\u00edlia, aprovada hoje no Senado. Desde janeiro, o governo j\u00e1 tinha previsto o [&hellip;]\" \/>\n<meta property=\"og:url\" content=\"https:\/\/www.notibras.com\/site\/pagamento-de-extra-do-auxilio-gas-vale-ate-fim-do-ano\/\" \/>\n<meta property=\"og:site_name\" content=\"Notibras\" \/>\n<meta property=\"article:publisher\" content=\"https:\/\/www.facebook.com\/notibras\/\" \/>\n<meta property=\"article:published_time\" content=\"2023-06-02T03:01:46+00:00\" \/>\n<meta property=\"article:modified_time\" content=\"2023-06-02T11:12:17+00:00\" \/>\n<meta property=\"og:image\" content=\"https:\/\/www.notibras.com\/site\/wp-content\/uploads\/2023\/06\/2020-04-08t210356z_1_lynxnpeg370nq_rtroptp_4_energy-bolivia-brazil-2.jpg\" \/>\n\t<meta property=\"og:image:width\" content=\"1170\" \/>\n\t<meta property=\"og:image:height\" content=\"700\" \/>\n\t<meta property=\"og:image:type\" content=\"image\/jpeg\" \/>\n<meta name=\"author\" content=\"Reda\u00e7\u00e3o\" \/>\n<meta name=\"twitter:card\" content=\"summary_large_image\" \/>\n<meta name=\"twitter:creator\" content=\"@Notibras\" \/>\n<meta name=\"twitter:site\" content=\"@Notibras\" \/>\n<meta name=\"twitter:label1\" content=\"Escrito por\" \/>\n\t<meta name=\"twitter:data1\" content=\"Reda\u00e7\u00e3o\" \/>\n\t<meta name=\"twitter:label2\" content=\"Est. tempo de leitura\" \/>\n\t<meta name=\"twitter:data2\" content=\"2 minutos\" \/>\n<script type=\"application\/ld+json\" class=\"yoast-schema-graph\">{\"@context\":\"https:\/\/schema.org\",\"@graph\":[{\"@type\":\"Article\",\"@id\":\"https:\/\/www.notibras.com\/site\/pagamento-de-extra-do-auxilio-gas-vale-ate-fim-do-ano\/#article\",\"isPartOf\":{\"@id\":\"https:\/\/www.notibras.com\/site\/pagamento-de-extra-do-auxilio-gas-vale-ate-fim-do-ano\/\"},\"author\":{\"name\":\"Reda\u00e7\u00e3o\",\"@id\":\"https:\/\/www.notibras.com\/site\/#\/schema\/person\/36ab0979449956132d3e5b517ea76ac8\"},\"headline\":\"Pagamento de extra do aux\u00edlio g\u00e1s vale at\u00e9 fim do ano\",\"datePublished\":\"2023-06-02T03:01:46+00:00\",\"dateModified\":\"2023-06-02T11:12:17+00:00\",\"mainEntityOfPage\":{\"@id\":\"https:\/\/www.notibras.com\/site\/pagamento-de-extra-do-auxilio-gas-vale-ate-fim-do-ano\/\"},\"wordCount\":229,\"publisher\":{\"@id\":\"https:\/\/www.notibras.com\/site\/#organization\"},\"image\":{\"@id\":\"https:\/\/www.notibras.com\/site\/pagamento-de-extra-do-auxilio-gas-vale-ate-fim-do-ano\/#primaryimage\"},\"thumbnailUrl\":\"https:\/\/www.notibras.com\/site\/wp-content\/uploads\/2023\/06\/2020-04-08t210356z_1_lynxnpeg370nq_rtroptp_4_energy-bolivia-brazil-2.jpg\",\"articleSection\":[\"Quadradinho em Foco\"],\"inLanguage\":\"pt-BR\"},{\"@type\":\"WebPage\",\"@id\":\"https:\/\/www.notibras.com\/site\/pagamento-de-extra-do-auxilio-gas-vale-ate-fim-do-ano\/\",\"url\":\"https:\/\/www.notibras.com\/site\/pagamento-de-extra-do-auxilio-gas-vale-ate-fim-do-ano\/\",\"name\":\"Pagamento de extra do aux\u00edlio g\u00e1s vale at\u00e9 fim do ano - Notibras\",\"isPartOf\":{\"@id\":\"https:\/\/www.notibras.com\/site\/#website\"},\"primaryImageOfPage\":{\"@id\":\"https:\/\/www.notibras.com\/site\/pagamento-de-extra-do-auxilio-gas-vale-ate-fim-do-ano\/#primaryimage\"},\"image\":{\"@id\":\"https:\/\/www.notibras.com\/site\/pagamento-de-extra-do-auxilio-gas-vale-ate-fim-do-ano\/#primaryimage\"},\"thumbnailUrl\":\"https:\/\/www.notibras.com\/site\/wp-content\/uploads\/2023\/06\/2020-04-08t210356z_1_lynxnpeg370nq_rtroptp_4_energy-bolivia-brazil-2.jpg\",\"datePublished\":\"2023-06-02T03:01:46+00:00\",\"dateModified\":\"2023-06-02T11:12:17+00:00\",\"breadcrumb\":{\"@id\":\"https:\/\/www.notibras.com\/site\/pagamento-de-extra-do-auxilio-gas-vale-ate-fim-do-ano\/#breadcrumb\"},\"inLanguage\":\"pt-BR\",\"potentialAction\":[{\"@type\":\"ReadAction\",\"target\":[\"https:\/\/www.notibras.com\/site\/pagamento-de-extra-do-auxilio-gas-vale-ate-fim-do-ano\/\"]}]},{\"@type\":\"ImageObject\",\"inLanguage\":\"pt-BR\",\"@id\":\"https:\/\/www.notibras.com\/site\/pagamento-de-extra-do-auxilio-gas-vale-ate-fim-do-ano\/#primaryimage\",\"url\":\"https:\/\/www.notibras.com\/site\/wp-content\/uploads\/2023\/06\/2020-04-08t210356z_1_lynxnpeg370nq_rtroptp_4_energy-bolivia-brazil-2.jpg\",\"contentUrl\":\"https:\/\/www.notibras.com\/site\/wp-content\/uploads\/2023\/06\/2020-04-08t210356z_1_lynxnpeg370nq_rtroptp_4_energy-bolivia-brazil-2.jpg\",\"width\":1170,\"height\":700},{\"@type\":\"BreadcrumbList\",\"@id\":\"https:\/\/www.notibras.com\/site\/pagamento-de-extra-do-auxilio-gas-vale-ate-fim-do-ano\/#breadcrumb\",\"itemListElement\":[{\"@type\":\"ListItem\",\"position\":1,\"name\":\"In\u00edcio\",\"item\":\"https:\/\/www.notibras.com\/site\/\"},{\"@type\":\"ListItem\",\"position\":2,\"name\":\"Pagamento de extra do aux\u00edlio g\u00e1s vale at\u00e9 fim do ano\"}]},{\"@type\":\"WebSite\",\"@id\":\"https:\/\/www.notibras.com\/site\/#website\",\"url\":\"https:\/\/www.notibras.com\/site\/\",\"name\":\"Notibras\",\"description\":\"Not\u00edcias de Bras\u00edlia, do Brasil e do Mundo\",\"publisher\":{\"@id\":\"https:\/\/www.notibras.com\/site\/#organization\"},\"potentialAction\":[{\"@type\":\"SearchAction\",\"target\":{\"@type\":\"EntryPoint\",\"urlTemplate\":\"https:\/\/www.notibras.com\/site\/?s={search_term_string}\"},\"query-input\":{\"@type\":\"PropertyValueSpecification\",\"valueRequired\":true,\"valueName\":\"search_term_string\"}}],\"inLanguage\":\"pt-BR\"},{\"@type\":\"Organization\",\"@id\":\"https:\/\/www.notibras.com\/site\/#organization\",\"name\":\"Grupo Notibras de Comunica\u00e7\u00e3o\",\"url\":\"https:\/\/www.notibras.com\/site\/\",\"logo\":{\"@type\":\"ImageObject\",\"inLanguage\":\"pt-BR\",\"@id\":\"https:\/\/www.notibras.com\/site\/#\/schema\/logo\/image\/\",\"url\":\"https:\/\/www.notibras.com\/site\/wp-content\/uploads\/2023\/01\/notibras23.png\",\"contentUrl\":\"https:\/\/www.notibras.com\/site\/wp-content\/uploads\/2023\/01\/notibras23.png\",\"width\":350,\"height\":87,\"caption\":\"Grupo Notibras de Comunica\u00e7\u00e3o\"},\"image\":{\"@id\":\"https:\/\/www.notibras.com\/site\/#\/schema\/logo\/image\/\"},\"sameAs\":[\"https:\/\/www.facebook.com\/notibras\/\",\"https:\/\/x.com\/Notibras\",\"https:\/\/www.instagram.com\/notibras\/\"]},{\"@type\":\"Person\",\"@id\":\"https:\/\/www.notibras.com\/site\/#\/schema\/person\/36ab0979449956132d3e5b517ea76ac8\",\"name\":\"Reda\u00e7\u00e3o\",\"image\":{\"@type\":\"ImageObject\",\"inLanguage\":\"pt-BR\",\"@id\":\"https:\/\/secure.gravatar.com\/avatar\/e0a867bdedb85fd243eadf09663511f96fc81e0720a4a42581f334ad4303aa6b?s=96&d=mm&r=g\",\"url\":\"https:\/\/secure.gravatar.com\/avatar\/e0a867bdedb85fd243eadf09663511f96fc81e0720a4a42581f334ad4303aa6b?s=96&d=mm&r=g\",\"contentUrl\":\"https:\/\/secure.gravatar.com\/avatar\/e0a867bdedb85fd243eadf09663511f96fc81e0720a4a42581f334ad4303aa6b?s=96&d=mm&r=g\",\"caption\":\"Reda\u00e7\u00e3o\"}}]}<\/script>\n<!-- \/ Yoast SEO plugin. -->","yoast_head_json":{"title":"Pagamento de extra do aux\u00edlio g\u00e1s vale at\u00e9 fim do ano - Notibras","robots":{"index":"index","follow":"follow","max-snippet":"max-snippet:-1","max-image-preview":"max-image-preview:large","max-video-preview":"max-video-preview:-1"},"canonical":"https:\/\/www.notibras.com\/site\/pagamento-de-extra-do-auxilio-gas-vale-ate-fim-do-ano\/","og_locale":"pt_BR","og_type":"article","og_title":"Pagamento de extra do aux\u00edlio g\u00e1s vale at\u00e9 fim do ano - Notibras","og_description":"O presidente Luiz In\u00e1cio Lula da Silva editou decreto na noite desta quinta-feira (1\u00ba) que garante o pagamento de adicional de 50% no aux\u00edlio g\u00e1s at\u00e9 o fim do ano. O adicional foi inclu\u00eddo na Medida Provis\u00f3ria que retomou o programa Bolsa Fam\u00edlia, aprovada hoje no Senado. Desde janeiro, o governo j\u00e1 tinha previsto o [&hellip;]","og_url":"https:\/\/www.notibras.com\/site\/pagamento-de-extra-do-auxilio-gas-vale-ate-fim-do-ano\/","og_site_name":"Notibras","article_publisher":"https:\/\/www.facebook.com\/notibras\/","article_published_time":"2023-06-02T03:01:46+00:00","article_modified_time":"2023-06-02T11:12:17+00:00","og_image":[{"width":1170,"height":700,"url":"https:\/\/www.notibras.com\/site\/wp-content\/uploads\/2023\/06\/2020-04-08t210356z_1_lynxnpeg370nq_rtroptp_4_energy-bolivia-brazil-2.jpg","type":"image\/jpeg"}],"author":"Reda\u00e7\u00e3o","twitter_card":"summary_large_image","twitter_creator":"@Notibras","twitter_site":"@Notibras","twitter_misc":{"Escrito por":"Reda\u00e7\u00e3o","Est. tempo de leitura":"2 minutos"},"schema":{"@context":"https:\/\/schema.org","@graph":[{"@type":"Article","@id":"https:\/\/www.notibras.com\/site\/pagamento-de-extra-do-auxilio-gas-vale-ate-fim-do-ano\/#article","isPartOf":{"@id":"https:\/\/www.notibras.com\/site\/pagamento-de-extra-do-auxilio-gas-vale-ate-fim-do-ano\/"},"author":{"name":"Reda\u00e7\u00e3o","@id":"https:\/\/www.notibras.com\/site\/#\/schema\/person\/36ab0979449956132d3e5b517ea76ac8"},"headline":"Pagamento de extra do aux\u00edlio g\u00e1s vale at\u00e9 fim do ano","datePublished":"2023-06-02T03:01:46+00:00","dateModified":"2023-06-02T11:12:17+00:00","mainEntityOfPage":{"@id":"https:\/\/www.notibras.com\/site\/pagamento-de-extra-do-auxilio-gas-vale-ate-fim-do-ano\/"},"wordCount":229,"publisher":{"@id":"https:\/\/www.notibras.com\/site\/#organization"},"image":{"@id":"https:\/\/www.notibras.com\/site\/pagamento-de-extra-do-auxilio-gas-vale-ate-fim-do-ano\/#primaryimage"},"thumbnailUrl":"https:\/\/www.notibras.com\/site\/wp-content\/uploads\/2023\/06\/2020-04-08t210356z_1_lynxnpeg370nq_rtroptp_4_energy-bolivia-brazil-2.jpg","articleSection":["Quadradinho em Foco"],"inLanguage":"pt-BR"},{"@type":"WebPage","@id":"https:\/\/www.notibras.com\/site\/pagamento-de-extra-do-auxilio-gas-vale-ate-fim-do-ano\/","url":"https:\/\/www.notibras.com\/site\/pagamento-de-extra-do-auxilio-gas-vale-ate-fim-do-ano\/","name":"Pagamento de extra do aux\u00edlio g\u00e1s vale at\u00e9 fim do ano - Notibras","isPartOf":{"@id":"https:\/\/www.notibras.com\/site\/#website"},"primaryImageOfPage":{"@id":"https:\/\/www.notibras.com\/site\/pagamento-de-extra-do-auxilio-gas-vale-ate-fim-do-ano\/#primaryimage"},"image":{"@id":"https:\/\/www.notibras.com\/site\/pagamento-de-extra-do-auxilio-gas-vale-ate-fim-do-ano\/#primaryimage"},"thumbnailUrl":"https:\/\/www.notibras.com\/site\/wp-content\/uploads\/2023\/06\/2020-04-08t210356z_1_lynxnpeg370nq_rtroptp_4_energy-bolivia-brazil-2.jpg","datePublished":"2023-06-02T03:01:46+00:00","dateModified":"2023-06-02T11:12:17+00:00","breadcrumb":{"@id":"https:\/\/www.notibras.com\/site\/pagamento-de-extra-do-auxilio-gas-vale-ate-fim-do-ano\/#breadcrumb"},"inLanguage":"pt-BR","potentialAction":[{"@type":"ReadAction","target":["https:\/\/www.notibras.com\/site\/pagamento-de-extra-do-auxilio-gas-vale-ate-fim-do-ano\/"]}]},{"@type":"ImageObject","inLanguage":"pt-BR","@id":"https:\/\/www.notibras.com\/site\/pagamento-de-extra-do-auxilio-gas-vale-ate-fim-do-ano\/#primaryimage","url":"https:\/\/www.notibras.com\/site\/wp-content\/uploads\/2023\/06\/2020-04-08t210356z_1_lynxnpeg370nq_rtroptp_4_energy-bolivia-brazil-2.jpg","contentUrl":"https:\/\/www.notibras.com\/site\/wp-content\/uploads\/2023\/06\/2020-04-08t210356z_1_lynxnpeg370nq_rtroptp_4_energy-bolivia-brazil-2.jpg","width":1170,"height":700},{"@type":"BreadcrumbList","@id":"https:\/\/www.notibras.com\/site\/pagamento-de-extra-do-auxilio-gas-vale-ate-fim-do-ano\/#breadcrumb","itemListElement":[{"@type":"ListItem","position":1,"name":"In\u00edcio","item":"https:\/\/www.notibras.com\/site\/"},{"@type":"ListItem","position":2,"name":"Pagamento de extra do aux\u00edlio g\u00e1s vale at\u00e9 fim do ano"}]},{"@type":"WebSite","@id":"https:\/\/www.notibras.com\/site\/#website","url":"https:\/\/www.notibras.com\/site\/","name":"Notibras","description":"Not\u00edcias de Bras\u00edlia, do Brasil e do Mundo","publisher":{"@id":"https:\/\/www.notibras.com\/site\/#organization"},"potentialAction":[{"@type":"SearchAction","target":{"@type":"EntryPoint","urlTemplate":"https:\/\/www.notibras.com\/site\/?s={search_term_string}"},"query-input":{"@type":"PropertyValueSpecification","valueRequired":true,"valueName":"search_term_string"}}],"inLanguage":"pt-BR"},{"@type":"Organization","@id":"https:\/\/www.notibras.com\/site\/#organization","name":"Grupo Notibras de Comunica\u00e7\u00e3o","url":"https:\/\/www.notibras.com\/site\/","logo":{"@type":"ImageObject","inLanguage":"pt-BR","@id":"https:\/\/www.notibras.com\/site\/#\/schema\/logo\/image\/","url":"https:\/\/www.notibras.com\/site\/wp-content\/uploads\/2023\/01\/notibras23.png","contentUrl":"https:\/\/www.notibras.com\/site\/wp-content\/uploads\/2023\/01\/notibras23.png","width":350,"height":87,"caption":"Grupo Notibras de Comunica\u00e7\u00e3o"},"image":{"@id":"https:\/\/www.notibras.com\/site\/#\/schema\/logo\/image\/"},"sameAs":["https:\/\/www.facebook.com\/notibras\/","https:\/\/x.com\/Notibras","https:\/\/www.instagram.com\/notibras\/"]},{"@type":"Person","@id":"https:\/\/www.notibras.com\/site\/#\/schema\/person\/36ab0979449956132d3e5b517ea76ac8","name":"Reda\u00e7\u00e3o","image":{"@type":"ImageObject","inLanguage":"pt-BR","@id":"https:\/\/secure.gravatar.com\/avatar\/e0a867bdedb85fd243eadf09663511f96fc81e0720a4a42581f334ad4303aa6b?s=96&d=mm&r=g","url":"https:\/\/secure.gravatar.com\/avatar\/e0a867bdedb85fd243eadf09663511f96fc81e0720a4a42581f334ad4303aa6b?s=96&d=mm&r=g","contentUrl":"https:\/\/secure.gravatar.com\/avatar\/e0a867bdedb85fd243eadf09663511f96fc81e0720a4a42581f334ad4303aa6b?s=96&d=mm&r=g","caption":"Reda\u00e7\u00e3o"}}]}},"amp_enabled":true,"_links":{"self":[{"href":"https:\/\/www.notibras.com\/site\/wp-json\/wp\/v2\/posts\/306111","targetHints":{"allow":["GET"]}}],"collection":[{"href":"https:\/\/www.notibras.com\/site\/wp-json\/wp\/v2\/posts"}],"about":[{"href":"https:\/\/www.notibras.com\/site\/wp-json\/wp\/v2\/types\/post"}],"author":[{"embeddable":true,"href":"https:\/\/www.notibras.com\/site\/wp-json\/wp\/v2\/users\/2"}],"replies":[{"embeddable":true,"href":"https:\/\/www.notibras.com\/site\/wp-json\/wp\/v2\/comments?post=306111"}],"version-history":[{"count":1,"href":"https:\/\/www.notibras.com\/site\/wp-json\/wp\/v2\/posts\/306111\/revisions"}],"predecessor-version":[{"id":306113,"href":"https:\/\/www.notibras.com\/site\/wp-json\/wp\/v2\/posts\/306111\/revisions\/306113"}],"wp:featuredmedia":[{"embeddable":true,"href":"https:\/\/www.notibras.com\/site\/wp-json\/wp\/v2\/media\/306112"}],"wp:attachment":[{"href":"https:\/\/www.notibras.com\/site\/wp-json\/wp\/v2\/media?parent=306111"}],"wp:term":[{"taxonomy":"category","embeddable":true,"href":"https:\/\/www.notibras.com\/site\/wp-json\/wp\/v2\/categories?post=306111"},{"taxonomy":"post_tag","embeddable":true,"href":"https:\/\/www.notibras.com\/site\/wp-json\/wp\/v2\/tags?post=306111"}],"curies":[{"name":"wp","href":"https:\/\/api.w.org\/{rel}","templated":true}]}}