{"id":306114,"date":"2023-06-02T00:01:28","date_gmt":"2023-06-02T03:01:28","guid":{"rendered":"https:\/\/www.notibras.com\/site\/?p=306114"},"modified":"2023-06-02T08:19:46","modified_gmt":"2023-06-02T11:19:46","slug":"abertas-inscricoes-para-o-innova-summit-2023","status":"publish","type":"post","link":"https:\/\/www.notibras.com\/site\/abertas-inscricoes-para-o-innova-summit-2023\/","title":{"rendered":"Abertas inscri\u00e7\u00f5es para o Innova Summit 2023"},"content":{"rendered":"<p>As inscri\u00e7\u00f5es para a 3\u00aa edi\u00e7\u00e3o do Innova Summit est\u00e3o oficialmente abertas e s\u00e3o gratuitas, mas as vagas s\u00e3o limitadas. Os interessados em participar poder\u00e3o entrar no site do evento (innovasummit.com.br), realizar o cadastro completo e se preparar para as diversas atra\u00e7\u00f5es, como palestras, pain\u00e9is, debates, networking, experi\u00eancias, exposi\u00e7\u00f5es comerciais e muito mais.<\/p>\n<p>O evento ocorrer\u00e1 no Centro de Conven\u00e7\u00f5es Ulysses Guimar\u00e3es, em Bras\u00edlia, com entrada gratuita em todos os dias. A expectativa \u00e9 que o Innova receba mais de 15 mil pessoas ao longo dos tr\u00eas dias de atividades. Os participantes contar\u00e3o com palestrantes de peso para debater e disseminar temas como Inova\u00e7\u00f5es Empresariais e Novos Rumos da Economia; Empreendedorismo, Startups e Novos Modelos de Neg\u00f3cios; Crescimento Pessoal; Investimentos, Web 3.0 e Intelig\u00eancia Artificial, no palco principal com capacidade para tr\u00eas mil pessoas.<\/p>\n<p>A confirma\u00e7\u00e3o de palestrante master do evento foi do multiempres\u00e1rio e escritor brasileiro Fl\u00e1vio Augusto. Com milh\u00f5es de seguidores nas redes sociais, seu in\u00edcio empreendedor foi aos 19 anos, quando trancou a faculdade para vender cursos de ingl\u00eas, quatro anos antes de fundar a sua pr\u00f3pria escola. Fl\u00e1vio se tornou um empres\u00e1rio admirado pelos brasileiros e possui neg\u00f3cios em todo o Brasil e nos EUA, onde construiu o segundo maior est\u00e1dio de futebol da Am\u00e9rica, palco dos jogos do Orlando City, time que posteriormente foi vendido na maior transa\u00e7\u00e3o da hist\u00f3ria do esporte j\u00e1 feita por um brasileiro.<\/p>\n<p>Outro palestrante de renome confirmado no Innova 2023 \u00e9 o \u201cPrimo Rico\u201d Thiago Nigro, que ensina a milh\u00f5es de seguidores sobre educa\u00e7\u00e3o financeira, todos os dias. A iniciativa que, inicialmente, era apenas um canal no YouTube, hoje \u00e9 uma empresa do &#8220;Grupo Primo&#8221;.<\/p>\n<p>Sua hist\u00f3ria com o dinheiro come\u00e7ou aos 18 anos de idade, quando recebeu de presente dos pais a quantia de R$ 5 mil, e resolveu investir tudo na bolsa de valores, depois de ter assistido filmes sobre o assunto e achar que seria uma \u00f3tima oportunidade para ficar rico. Resumo: perdeu tudo em uma semana. Gra\u00e7as a esse pequeno deslize no come\u00e7o de sua carreira como investidor, o influenciador buscou adquirir mais conhecimento sobre a \u00e1rea, estudando e fazendo cursos at\u00e9 chegar no patamar atual.<\/p>\n<p>Al\u00e9m deles, especialistas nos diversos temas do evento se revezar\u00e3o nos outros 3 palcos desta edi\u00e7\u00e3o e no Audit\u00f3rio Master, que ainda contar\u00e1 com mais nomes de destaque no cen\u00e1rio nacional, a exemplo de Leandro Karnal, Camila Farani e Joel Jota.<\/p>\n<p>A Arena Networking ser\u00e1 um local de conviv\u00eancia entre empres\u00e1rios e profissionais locais e nacionais, com \u00e1reas de trabalho, novos encontros e reuni\u00f5es, em uma atmosfera prop\u00edcia \u00e0 conex\u00e3o, no intuito de estimular conversas e projetos entre os empreendedores.<\/p>\n<p>Na Arena Inova\u00e7\u00e3o, mais de 100 startups estar\u00e3o expondo gratuitamente seus servi\u00e7os, produtos, tecnologias e solu\u00e7\u00f5es, com o objetivo de firmar novas parcerias, atrair investimentos e concretizar novos neg\u00f3cios, e como inspira\u00e7\u00e3o para gerar novas iniciativas de sucesso.<\/p>\n<p>A Arena Internacional estar\u00e1 focada no incentivo \u00e0 exporta\u00e7\u00e3o de tecnologias inovadoras e na introdu\u00e7\u00e3o de novas empresas brasileiras no mercado internacional, al\u00e9m de trazer empresas estrangeiras para o Brasil. Muitas atra\u00e7\u00f5es acontecer\u00e3o no local, paralelamente \u00e0s palestras do palco exclusivo, abordando temas como Bioeconomia, Com\u00e9rcio Exterior, Smart Cities, Empreendedorismo Sustent\u00e1vel e Novas Tend\u00eancias de Mercado.<\/p>\n<p>Uma das novidades na Arena Internacional para essa edi\u00e7\u00e3o do Innova Summit ser\u00e1 a realiza\u00e7\u00e3o de rodadas de neg\u00f3cio, em um espa\u00e7o especialmente preparado para a reuni\u00e3o de empreendedores, diretores e investidores, com empres\u00e1rios e representantes internacionais. Haver\u00e1, ainda, uma \u00e1rea para exposi\u00e7\u00e3o de produtos e servi\u00e7os com potencial para internacionaliza\u00e7\u00e3o.<\/p>\n<p>Outro espa\u00e7o que tamb\u00e9m foi destaque em 2022 e volta com ainda mais for\u00e7a \u00e9 a Arena Gamer. Nesta edi\u00e7\u00e3o, ela dever\u00e1 gerar ainda mais neg\u00f3cios e novos projetos, com mais de 50 stands de startups de desenvolvedores, juntamente com produtores, investidores e demais atores desse mercado em constante crescimento. Somente no ano passado, foram R$ 13 milh\u00f5es em neg\u00f3cios realizados, e nesta edi\u00e7\u00e3o esse n\u00famero pode crescer ainda mais com a apresenta\u00e7\u00e3o de pitches e momentos espec\u00edficos de rodadas de investimentos. Haver\u00e1, ainda, diversos pain\u00e9is sobre o assunto, al\u00e9m de grandes palestrantes da \u00e1rea no Palco Gamer.<\/p>\n<p>A Arena Gastron\u00f4mica garantir\u00e1 um ambiente de descontra\u00e7\u00e3o e diversidade de sabores, com momentos para apresenta\u00e7\u00f5es e m\u00fasica, novos produtos e servi\u00e7os do setor. N\u00e3o faltar\u00e3o os espa\u00e7os \u201cinstagram\u00e1veis\u201d para o p\u00fablico tirar fotos e colocar nas redes sociais. Al\u00e9m de pontos de coleta de lixo eletr\u00f4nico e distribui\u00e7\u00e3o de Eco Copos, que os participantes poder\u00e3o usar durante todo o per\u00edodo do evento.<\/p>\n<p><strong>INNOVA SUMMIT<\/strong><br \/>\n20 a 22 de junho de 2023<br \/>\nCentro de Conven\u00e7\u00f5es Ulysses Guimar\u00e3es<br \/>\nInscri\u00e7\u00f5es: https:\/\/innovasummit.com.br\/<\/p>\n","protected":false},"excerpt":{"rendered":"<p>As inscri\u00e7\u00f5es para a 3\u00aa edi\u00e7\u00e3o do Innova Summit est\u00e3o oficialmente abertas e s\u00e3o gratuitas, mas as vagas s\u00e3o limitadas. Os interessados em participar poder\u00e3o entrar no site do evento (innovasummit.com.br), realizar o cadastro completo e se preparar para as diversas atra\u00e7\u00f5es, como palestras, pain\u00e9is, debates, networking, experi\u00eancias, exposi\u00e7\u00f5es comerciais e muito mais. O evento [&hellip;]<\/p>\n","protected":false},"author":2,"featured_media":306115,"comment_status":"closed","ping_status":"closed","sticky":false,"template":"","format":"standard","meta":{"_acf_changed":false,"footnotes":""},"categories":[161],"tags":[],"class_list":["post-306114","post","type-post","status-publish","format-standard","has-post-thumbnail","hentry","category-quadradinho-em-foco"],"acf":[],"yoast_head":"<!-- This site is optimized with the Yoast SEO plugin v27.2 - https:\/\/yoast.com\/product\/yoast-seo-wordpress\/ -->\n<title>Abertas inscri\u00e7\u00f5es para o Innova Summit 2023 - Notibras<\/title>\n<meta name=\"robots\" content=\"index, follow, max-snippet:-1, max-image-preview:large, max-video-preview:-1\" \/>\n<link rel=\"canonical\" href=\"https:\/\/www.notibras.com\/site\/abertas-inscricoes-para-o-innova-summit-2023\/\" \/>\n<meta property=\"og:locale\" content=\"pt_BR\" \/>\n<meta property=\"og:type\" content=\"article\" \/>\n<meta property=\"og:title\" content=\"Abertas inscri\u00e7\u00f5es para o Innova Summit 2023 - Notibras\" \/>\n<meta property=\"og:description\" content=\"As inscri\u00e7\u00f5es para a 3\u00aa edi\u00e7\u00e3o do Innova Summit est\u00e3o oficialmente abertas e s\u00e3o gratuitas, mas as vagas s\u00e3o limitadas. Os interessados em participar poder\u00e3o entrar no site do evento (innovasummit.com.br), realizar o cadastro completo e se preparar para as diversas atra\u00e7\u00f5es, como palestras, pain\u00e9is, debates, networking, experi\u00eancias, exposi\u00e7\u00f5es comerciais e muito mais. O evento [&hellip;]\" \/>\n<meta property=\"og:url\" content=\"https:\/\/www.notibras.com\/site\/abertas-inscricoes-para-o-innova-summit-2023\/\" \/>\n<meta property=\"og:site_name\" content=\"Notibras\" \/>\n<meta property=\"article:publisher\" content=\"https:\/\/www.facebook.com\/notibras\/\" \/>\n<meta property=\"article:published_time\" content=\"2023-06-02T03:01:28+00:00\" \/>\n<meta property=\"article:modified_time\" content=\"2023-06-02T11:19:46+00:00\" \/>\n<meta property=\"og:image\" content=\"https:\/\/www.notibras.com\/site\/wp-content\/uploads\/2023\/06\/INNOVA.png\" \/>\n\t<meta property=\"og:image:width\" content=\"990\" \/>\n\t<meta property=\"og:image:height\" content=\"630\" \/>\n\t<meta property=\"og:image:type\" content=\"image\/png\" \/>\n<meta name=\"author\" content=\"Reda\u00e7\u00e3o\" \/>\n<meta name=\"twitter:card\" content=\"summary_large_image\" \/>\n<meta name=\"twitter:creator\" content=\"@Notibras\" \/>\n<meta name=\"twitter:site\" content=\"@Notibras\" \/>\n<meta name=\"twitter:label1\" content=\"Escrito por\" \/>\n\t<meta name=\"twitter:data1\" content=\"Reda\u00e7\u00e3o\" \/>\n\t<meta name=\"twitter:label2\" content=\"Est. tempo de leitura\" \/>\n\t<meta name=\"twitter:data2\" content=\"5 minutos\" \/>\n<script type=\"application\/ld+json\" class=\"yoast-schema-graph\">{\"@context\":\"https:\/\/schema.org\",\"@graph\":[{\"@type\":\"Article\",\"@id\":\"https:\/\/www.notibras.com\/site\/abertas-inscricoes-para-o-innova-summit-2023\/#article\",\"isPartOf\":{\"@id\":\"https:\/\/www.notibras.com\/site\/abertas-inscricoes-para-o-innova-summit-2023\/\"},\"author\":{\"name\":\"Reda\u00e7\u00e3o\",\"@id\":\"https:\/\/www.notibras.com\/site\/#\/schema\/person\/36ab0979449956132d3e5b517ea76ac8\"},\"headline\":\"Abertas inscri\u00e7\u00f5es para o Innova Summit 2023\",\"datePublished\":\"2023-06-02T03:01:28+00:00\",\"dateModified\":\"2023-06-02T11:19:46+00:00\",\"mainEntityOfPage\":{\"@id\":\"https:\/\/www.notibras.com\/site\/abertas-inscricoes-para-o-innova-summit-2023\/\"},\"wordCount\":856,\"publisher\":{\"@id\":\"https:\/\/www.notibras.com\/site\/#organization\"},\"image\":{\"@id\":\"https:\/\/www.notibras.com\/site\/abertas-inscricoes-para-o-innova-summit-2023\/#primaryimage\"},\"thumbnailUrl\":\"https:\/\/www.notibras.com\/site\/wp-content\/uploads\/2023\/06\/INNOVA.png\",\"articleSection\":[\"Quadradinho em Foco\"],\"inLanguage\":\"pt-BR\"},{\"@type\":\"WebPage\",\"@id\":\"https:\/\/www.notibras.com\/site\/abertas-inscricoes-para-o-innova-summit-2023\/\",\"url\":\"https:\/\/www.notibras.com\/site\/abertas-inscricoes-para-o-innova-summit-2023\/\",\"name\":\"Abertas inscri\u00e7\u00f5es para o Innova Summit 2023 - Notibras\",\"isPartOf\":{\"@id\":\"https:\/\/www.notibras.com\/site\/#website\"},\"primaryImageOfPage\":{\"@id\":\"https:\/\/www.notibras.com\/site\/abertas-inscricoes-para-o-innova-summit-2023\/#primaryimage\"},\"image\":{\"@id\":\"https:\/\/www.notibras.com\/site\/abertas-inscricoes-para-o-innova-summit-2023\/#primaryimage\"},\"thumbnailUrl\":\"https:\/\/www.notibras.com\/site\/wp-content\/uploads\/2023\/06\/INNOVA.png\",\"datePublished\":\"2023-06-02T03:01:28+00:00\",\"dateModified\":\"2023-06-02T11:19:46+00:00\",\"breadcrumb\":{\"@id\":\"https:\/\/www.notibras.com\/site\/abertas-inscricoes-para-o-innova-summit-2023\/#breadcrumb\"},\"inLanguage\":\"pt-BR\",\"potentialAction\":[{\"@type\":\"ReadAction\",\"target\":[\"https:\/\/www.notibras.com\/site\/abertas-inscricoes-para-o-innova-summit-2023\/\"]}]},{\"@type\":\"ImageObject\",\"inLanguage\":\"pt-BR\",\"@id\":\"https:\/\/www.notibras.com\/site\/abertas-inscricoes-para-o-innova-summit-2023\/#primaryimage\",\"url\":\"https:\/\/www.notibras.com\/site\/wp-content\/uploads\/2023\/06\/INNOVA.png\",\"contentUrl\":\"https:\/\/www.notibras.com\/site\/wp-content\/uploads\/2023\/06\/INNOVA.png\",\"width\":990,\"height\":630},{\"@type\":\"BreadcrumbList\",\"@id\":\"https:\/\/www.notibras.com\/site\/abertas-inscricoes-para-o-innova-summit-2023\/#breadcrumb\",\"itemListElement\":[{\"@type\":\"ListItem\",\"position\":1,\"name\":\"In\u00edcio\",\"item\":\"https:\/\/www.notibras.com\/site\/\"},{\"@type\":\"ListItem\",\"position\":2,\"name\":\"Abertas inscri\u00e7\u00f5es para o Innova Summit 2023\"}]},{\"@type\":\"WebSite\",\"@id\":\"https:\/\/www.notibras.com\/site\/#website\",\"url\":\"https:\/\/www.notibras.com\/site\/\",\"name\":\"Notibras\",\"description\":\"Not\u00edcias de Bras\u00edlia, do Brasil e do Mundo\",\"publisher\":{\"@id\":\"https:\/\/www.notibras.com\/site\/#organization\"},\"potentialAction\":[{\"@type\":\"SearchAction\",\"target\":{\"@type\":\"EntryPoint\",\"urlTemplate\":\"https:\/\/www.notibras.com\/site\/?s={search_term_string}\"},\"query-input\":{\"@type\":\"PropertyValueSpecification\",\"valueRequired\":true,\"valueName\":\"search_term_string\"}}],\"inLanguage\":\"pt-BR\"},{\"@type\":\"Organization\",\"@id\":\"https:\/\/www.notibras.com\/site\/#organization\",\"name\":\"Grupo Notibras de Comunica\u00e7\u00e3o\",\"url\":\"https:\/\/www.notibras.com\/site\/\",\"logo\":{\"@type\":\"ImageObject\",\"inLanguage\":\"pt-BR\",\"@id\":\"https:\/\/www.notibras.com\/site\/#\/schema\/logo\/image\/\",\"url\":\"https:\/\/www.notibras.com\/site\/wp-content\/uploads\/2023\/01\/notibras23.png\",\"contentUrl\":\"https:\/\/www.notibras.com\/site\/wp-content\/uploads\/2023\/01\/notibras23.png\",\"width\":350,\"height\":87,\"caption\":\"Grupo Notibras de Comunica\u00e7\u00e3o\"},\"image\":{\"@id\":\"https:\/\/www.notibras.com\/site\/#\/schema\/logo\/image\/\"},\"sameAs\":[\"https:\/\/www.facebook.com\/notibras\/\",\"https:\/\/x.com\/Notibras\",\"https:\/\/www.instagram.com\/notibras\/\"]},{\"@type\":\"Person\",\"@id\":\"https:\/\/www.notibras.com\/site\/#\/schema\/person\/36ab0979449956132d3e5b517ea76ac8\",\"name\":\"Reda\u00e7\u00e3o\",\"image\":{\"@type\":\"ImageObject\",\"inLanguage\":\"pt-BR\",\"@id\":\"https:\/\/secure.gravatar.com\/avatar\/e0a867bdedb85fd243eadf09663511f96fc81e0720a4a42581f334ad4303aa6b?s=96&d=mm&r=g\",\"url\":\"https:\/\/secure.gravatar.com\/avatar\/e0a867bdedb85fd243eadf09663511f96fc81e0720a4a42581f334ad4303aa6b?s=96&d=mm&r=g\",\"contentUrl\":\"https:\/\/secure.gravatar.com\/avatar\/e0a867bdedb85fd243eadf09663511f96fc81e0720a4a42581f334ad4303aa6b?s=96&d=mm&r=g\",\"caption\":\"Reda\u00e7\u00e3o\"}}]}<\/script>\n<!-- \/ Yoast SEO plugin. -->","yoast_head_json":{"title":"Abertas inscri\u00e7\u00f5es para o Innova Summit 2023 - Notibras","robots":{"index":"index","follow":"follow","max-snippet":"max-snippet:-1","max-image-preview":"max-image-preview:large","max-video-preview":"max-video-preview:-1"},"canonical":"https:\/\/www.notibras.com\/site\/abertas-inscricoes-para-o-innova-summit-2023\/","og_locale":"pt_BR","og_type":"article","og_title":"Abertas inscri\u00e7\u00f5es para o Innova Summit 2023 - Notibras","og_description":"As inscri\u00e7\u00f5es para a 3\u00aa edi\u00e7\u00e3o do Innova Summit est\u00e3o oficialmente abertas e s\u00e3o gratuitas, mas as vagas s\u00e3o limitadas. Os interessados em participar poder\u00e3o entrar no site do evento (innovasummit.com.br), realizar o cadastro completo e se preparar para as diversas atra\u00e7\u00f5es, como palestras, pain\u00e9is, debates, networking, experi\u00eancias, exposi\u00e7\u00f5es comerciais e muito mais. O evento [&hellip;]","og_url":"https:\/\/www.notibras.com\/site\/abertas-inscricoes-para-o-innova-summit-2023\/","og_site_name":"Notibras","article_publisher":"https:\/\/www.facebook.com\/notibras\/","article_published_time":"2023-06-02T03:01:28+00:00","article_modified_time":"2023-06-02T11:19:46+00:00","og_image":[{"width":990,"height":630,"url":"https:\/\/www.notibras.com\/site\/wp-content\/uploads\/2023\/06\/INNOVA.png","type":"image\/png"}],"author":"Reda\u00e7\u00e3o","twitter_card":"summary_large_image","twitter_creator":"@Notibras","twitter_site":"@Notibras","twitter_misc":{"Escrito por":"Reda\u00e7\u00e3o","Est. tempo de leitura":"5 minutos"},"schema":{"@context":"https:\/\/schema.org","@graph":[{"@type":"Article","@id":"https:\/\/www.notibras.com\/site\/abertas-inscricoes-para-o-innova-summit-2023\/#article","isPartOf":{"@id":"https:\/\/www.notibras.com\/site\/abertas-inscricoes-para-o-innova-summit-2023\/"},"author":{"name":"Reda\u00e7\u00e3o","@id":"https:\/\/www.notibras.com\/site\/#\/schema\/person\/36ab0979449956132d3e5b517ea76ac8"},"headline":"Abertas inscri\u00e7\u00f5es para o Innova Summit 2023","datePublished":"2023-06-02T03:01:28+00:00","dateModified":"2023-06-02T11:19:46+00:00","mainEntityOfPage":{"@id":"https:\/\/www.notibras.com\/site\/abertas-inscricoes-para-o-innova-summit-2023\/"},"wordCount":856,"publisher":{"@id":"https:\/\/www.notibras.com\/site\/#organization"},"image":{"@id":"https:\/\/www.notibras.com\/site\/abertas-inscricoes-para-o-innova-summit-2023\/#primaryimage"},"thumbnailUrl":"https:\/\/www.notibras.com\/site\/wp-content\/uploads\/2023\/06\/INNOVA.png","articleSection":["Quadradinho em Foco"],"inLanguage":"pt-BR"},{"@type":"WebPage","@id":"https:\/\/www.notibras.com\/site\/abertas-inscricoes-para-o-innova-summit-2023\/","url":"https:\/\/www.notibras.com\/site\/abertas-inscricoes-para-o-innova-summit-2023\/","name":"Abertas inscri\u00e7\u00f5es para o Innova Summit 2023 - Notibras","isPartOf":{"@id":"https:\/\/www.notibras.com\/site\/#website"},"primaryImageOfPage":{"@id":"https:\/\/www.notibras.com\/site\/abertas-inscricoes-para-o-innova-summit-2023\/#primaryimage"},"image":{"@id":"https:\/\/www.notibras.com\/site\/abertas-inscricoes-para-o-innova-summit-2023\/#primaryimage"},"thumbnailUrl":"https:\/\/www.notibras.com\/site\/wp-content\/uploads\/2023\/06\/INNOVA.png","datePublished":"2023-06-02T03:01:28+00:00","dateModified":"2023-06-02T11:19:46+00:00","breadcrumb":{"@id":"https:\/\/www.notibras.com\/site\/abertas-inscricoes-para-o-innova-summit-2023\/#breadcrumb"},"inLanguage":"pt-BR","potentialAction":[{"@type":"ReadAction","target":["https:\/\/www.notibras.com\/site\/abertas-inscricoes-para-o-innova-summit-2023\/"]}]},{"@type":"ImageObject","inLanguage":"pt-BR","@id":"https:\/\/www.notibras.com\/site\/abertas-inscricoes-para-o-innova-summit-2023\/#primaryimage","url":"https:\/\/www.notibras.com\/site\/wp-content\/uploads\/2023\/06\/INNOVA.png","contentUrl":"https:\/\/www.notibras.com\/site\/wp-content\/uploads\/2023\/06\/INNOVA.png","width":990,"height":630},{"@type":"BreadcrumbList","@id":"https:\/\/www.notibras.com\/site\/abertas-inscricoes-para-o-innova-summit-2023\/#breadcrumb","itemListElement":[{"@type":"ListItem","position":1,"name":"In\u00edcio","item":"https:\/\/www.notibras.com\/site\/"},{"@type":"ListItem","position":2,"name":"Abertas inscri\u00e7\u00f5es para o Innova Summit 2023"}]},{"@type":"WebSite","@id":"https:\/\/www.notibras.com\/site\/#website","url":"https:\/\/www.notibras.com\/site\/","name":"Notibras","description":"Not\u00edcias de Bras\u00edlia, do Brasil e do Mundo","publisher":{"@id":"https:\/\/www.notibras.com\/site\/#organization"},"potentialAction":[{"@type":"SearchAction","target":{"@type":"EntryPoint","urlTemplate":"https:\/\/www.notibras.com\/site\/?s={search_term_string}"},"query-input":{"@type":"PropertyValueSpecification","valueRequired":true,"valueName":"search_term_string"}}],"inLanguage":"pt-BR"},{"@type":"Organization","@id":"https:\/\/www.notibras.com\/site\/#organization","name":"Grupo Notibras de Comunica\u00e7\u00e3o","url":"https:\/\/www.notibras.com\/site\/","logo":{"@type":"ImageObject","inLanguage":"pt-BR","@id":"https:\/\/www.notibras.com\/site\/#\/schema\/logo\/image\/","url":"https:\/\/www.notibras.com\/site\/wp-content\/uploads\/2023\/01\/notibras23.png","contentUrl":"https:\/\/www.notibras.com\/site\/wp-content\/uploads\/2023\/01\/notibras23.png","width":350,"height":87,"caption":"Grupo Notibras de Comunica\u00e7\u00e3o"},"image":{"@id":"https:\/\/www.notibras.com\/site\/#\/schema\/logo\/image\/"},"sameAs":["https:\/\/www.facebook.com\/notibras\/","https:\/\/x.com\/Notibras","https:\/\/www.instagram.com\/notibras\/"]},{"@type":"Person","@id":"https:\/\/www.notibras.com\/site\/#\/schema\/person\/36ab0979449956132d3e5b517ea76ac8","name":"Reda\u00e7\u00e3o","image":{"@type":"ImageObject","inLanguage":"pt-BR","@id":"https:\/\/secure.gravatar.com\/avatar\/e0a867bdedb85fd243eadf09663511f96fc81e0720a4a42581f334ad4303aa6b?s=96&d=mm&r=g","url":"https:\/\/secure.gravatar.com\/avatar\/e0a867bdedb85fd243eadf09663511f96fc81e0720a4a42581f334ad4303aa6b?s=96&d=mm&r=g","contentUrl":"https:\/\/secure.gravatar.com\/avatar\/e0a867bdedb85fd243eadf09663511f96fc81e0720a4a42581f334ad4303aa6b?s=96&d=mm&r=g","caption":"Reda\u00e7\u00e3o"}}]}},"amp_enabled":true,"_links":{"self":[{"href":"https:\/\/www.notibras.com\/site\/wp-json\/wp\/v2\/posts\/306114","targetHints":{"allow":["GET"]}}],"collection":[{"href":"https:\/\/www.notibras.com\/site\/wp-json\/wp\/v2\/posts"}],"about":[{"href":"https:\/\/www.notibras.com\/site\/wp-json\/wp\/v2\/types\/post"}],"author":[{"embeddable":true,"href":"https:\/\/www.notibras.com\/site\/wp-json\/wp\/v2\/users\/2"}],"replies":[{"embeddable":true,"href":"https:\/\/www.notibras.com\/site\/wp-json\/wp\/v2\/comments?post=306114"}],"version-history":[{"count":1,"href":"https:\/\/www.notibras.com\/site\/wp-json\/wp\/v2\/posts\/306114\/revisions"}],"predecessor-version":[{"id":306116,"href":"https:\/\/www.notibras.com\/site\/wp-json\/wp\/v2\/posts\/306114\/revisions\/306116"}],"wp:featuredmedia":[{"embeddable":true,"href":"https:\/\/www.notibras.com\/site\/wp-json\/wp\/v2\/media\/306115"}],"wp:attachment":[{"href":"https:\/\/www.notibras.com\/site\/wp-json\/wp\/v2\/media?parent=306114"}],"wp:term":[{"taxonomy":"category","embeddable":true,"href":"https:\/\/www.notibras.com\/site\/wp-json\/wp\/v2\/categories?post=306114"},{"taxonomy":"post_tag","embeddable":true,"href":"https:\/\/www.notibras.com\/site\/wp-json\/wp\/v2\/tags?post=306114"}],"curies":[{"name":"wp","href":"https:\/\/api.w.org\/{rel}","templated":true}]}}