{"id":306117,"date":"2023-06-02T08:41:46","date_gmt":"2023-06-02T11:41:46","guid":{"rendered":"https:\/\/www.notibras.com\/site\/?p=306117"},"modified":"2023-06-02T08:41:46","modified_gmt":"2023-06-02T11:41:46","slug":"pum-encerra-misterio-do-celular-madrugador","status":"publish","type":"post","link":"https:\/\/www.notibras.com\/site\/pum-encerra-misterio-do-celular-madrugador\/","title":{"rendered":"Pum encerra mist\u00e9rio do celular madrugador"},"content":{"rendered":"<p>Elenice e Ione eram t\u00e3o amigas, que pareciam irm\u00e3s siamesas, de qu\u00e3o grudadas eram desde sempre. Isso mesmo! Desde sempre! Desde os long\u00ednquos tempos, quando suas respectivas m\u00e3es deram \u00e0 luz na mesma quadra, na mesma maternidade, no mesmo dia e, pasmem, quase ao mesmo tempo. \u00c9 verdade que Elenice nascera dois minutos antes, o que a tornava a mais velha da dupla.<\/p>\n<p>Por mais uma dessas coincid\u00eancias da vida, cresceram sob os mesmos pilotis, onde brincaram com as mesmas crian\u00e7as no mesmo parquinho ali perto. Estudaram naquela velha escola, que h\u00e1 tempos fora quase nova. Namoraram alguns rapazes da vizinhan\u00e7a, mas nada al\u00e9m de namoricos sem grandes consequ\u00eancias. Isto \u00e9, alguns cora\u00e7\u00f5es partidos sofreram aqueles sofrimentos de adolescentes, como se Elenice ou Ione fossem a garota da vida de algum rapaz mais rom\u00e2ntico. Que nada! As duas preferiram outros ares e, por isso, acabaram se casando com os pretendentes de outra quadra.<\/p>\n<p>Orival foi o sortudo que conseguiu levar a bela Ione para o altar. N\u00e3o que ele a tenha escolhido, mas justamente o contr\u00e1rio, como sempre acontece. O rapaz at\u00e9 imaginou n\u00e3o ter qualquer chance com aquela beldade. Sorte dele que ela se encantou por sua apar\u00eancia nada al\u00e9m de comum. Sim, n\u00e3o havia qualquer atributo que pudesse distingui-lo dos demais. Era bem-humorado, \u00e9 verdade! Talvez tenha sido isso mesmo que a atraiu, j\u00e1 que ela sempre gostou de dar boas gargalhadas.<\/p>\n<p>Por sua vez, Elenice se simpatizou com o Joca, que, por acaso, era muito amigo do Orival. Seja como for, o quarteto come\u00e7ou a ser visto nos eventos da cidade. Os pais de Ione e Elenice logo quiseram apressar o cas\u00f3rio, antes que os \u00edmpetos daqueles jovens pudessem dar o que falar. N\u00e3o demorou, e foi o que aconteceu. O cas\u00f3rio! Afinal, Ione e Elenice eram mo\u00e7as de fam\u00edlia.<\/p>\n<p>Depois das n\u00fapcias muiito badaladas, os dois casais voltaram para suas origens. Moraram na mesma QSL, em casas quase uma em frente \u00e0 outra. Enquanto as agora jovens senhoras cuidavam dos afazeres dom\u00e9sticos, eis que os maridos iam trabalhar no mesmo local daquela sat\u00e9lite.<\/p>\n<p>Joca, apaixonado por uma boa por\u00e7\u00e3o de feij\u00e3o, sofria com os gases. Em casa, ele fazia o maior esfor\u00e7o para segur\u00e1-los para manter a harmonia no casamento. Quem sofria era o Orival, j\u00e1 que o amigo n\u00e3o fazia qualquer cerim\u00f4nia para solt\u00e1-los no trabalho. Acabou se acostumando. N\u00e3o que gostasse! Todavia, suportava porque eram amigos.<\/p>\n<p>Elenice e Ione engravidaram quase ao mesmo tempo. Os beb\u00eas nasceram no mesmo dia, na mesma maternidade, quase ao mesmo tempo. Alberto, filho de Elenice e Joca, nascera dois minutos antes do Rafael. Obviamente que esses dois molequinhos cresceram quase grudados. Ali\u00e1s, at\u00e9 dizem que o Alberto, sempre brincalh\u00e3o, gostava de dizer que era o irm\u00e3o mais velho do Rafael.<\/p>\n<p>O tempo foi passando muito depressa a partir de ent\u00e3o. As crian\u00e7as logo se transformaram em adolescentes, que, em seguida, viravam adultos quase respons\u00e1veis. Mudaram para o Plano Piloto, onde foram arrumar novas oportunidades de emprego, casaram, tiveram seus pr\u00f3prios filhos.<\/p>\n<p>Enquanto isso, as duas amigas continuavam grudadas. Envelhecidas, \u00e9 verdade, mas nem por isso deixavam de se ver diariamente. At\u00e9 que, sem nem mesmo avisar para a quase irm\u00e3, eis que a Elenice fechou os olhos e nunca mais acordou. Ione, extremamente desolada, ficou sem ch\u00e3o. Antes tivesse ficado vi\u00fava, chegou a pensar. Mas n\u00e3o foi o caso, mesmo porque continuava apaixonada pelo velho Orival, agora com seus quase 80.<\/p>\n<p>O enterro foi em uma triste manh\u00e3 chuvosa. Joca estava extremamente tristonho, Ione, ent\u00e3o, n\u00e3o conseguia acreditar que nunca mais iria ter a companhia da Elenice. Orival ora consolava a esposa, ora ia dar um abra\u00e7o no vi\u00favo.<\/p>\n<p>J\u00e1 havia se passado quase um m\u00eas da morte de Elenice, quando Ione e o marido estavam na cama, adormecidos por conta do avan\u00e7ar da noite, que deu lugar \u00e0 madrugada. De repente, o celular da Ione toda. Ela se vira, ainda sonolenta, e v\u00ea quem poderia ser \u00e0quela hora. Para seu espanto, \u00e9 o n\u00famero da Elenice. Paralisada, ela n\u00e3o sabe se atende, at\u00e9 que Orival acorda com o barulho.<\/p>\n<p>&#8211; Quem \u00e9 que est\u00e1 ligando a essa hora?<\/p>\n<p>Ione aponta para o nome de Elenice na tela do aparelho celular. Orival tamb\u00e9m fica sem entender aquilo e, finalmente, pede para a esposa atender. Ela atende e coloca no viva voz. Sons estranhos s\u00e3o ouvidos pelo casal, que arregala os olhos. Seria a Elenice telefonando do al\u00e9m? At\u00e9 que outro som, ainda mais estranho, chega aos ouvidos de Ione e o marido. Orival sorri, vira-se e, antes de fechar os olhos, acalma a esposa. Ele havia descoberto o mist\u00e9rio.<\/p>\n<p>&#8211; Provavelmente o Joca guardou o celular da Elenice e, sem querer, enquanto roncava, deve ter apertado a tecla pra ligar pra voc\u00ea.<\/p>\n<p>&#8211; E como \u00e9 que voc\u00ea descobriu isso, Orival?<\/p>\n<p>&#8211; Ah, esse pum eu conhe\u00e7o!<\/p>\n<p>\u2026<\/p>\n","protected":false},"excerpt":{"rendered":"<p>Elenice e Ione eram t\u00e3o amigas, que pareciam irm\u00e3s siamesas, de qu\u00e3o grudadas eram desde sempre. Isso mesmo! Desde sempre! Desde os long\u00ednquos tempos, quando suas respectivas m\u00e3es deram \u00e0 luz na mesma quadra, na mesma maternidade, no mesmo dia e, pasmem, quase ao mesmo tempo. \u00c9 verdade que Elenice nascera dois minutos antes, o [&hellip;]<\/p>\n","protected":false},"author":2,"featured_media":306118,"comment_status":"closed","ping_status":"closed","sticky":false,"template":"","format":"standard","meta":{"_acf_changed":false,"footnotes":""},"categories":[161],"tags":[],"class_list":["post-306117","post","type-post","status-publish","format-standard","has-post-thumbnail","hentry","category-quadradinho-em-foco"],"acf":[],"yoast_head":"<!-- This site is optimized with the Yoast SEO plugin v27.2 - https:\/\/yoast.com\/product\/yoast-seo-wordpress\/ -->\n<title>Pum encerra mist\u00e9rio do celular madrugador - Notibras<\/title>\n<meta name=\"robots\" content=\"index, follow, max-snippet:-1, max-image-preview:large, max-video-preview:-1\" \/>\n<link rel=\"canonical\" href=\"https:\/\/www.notibras.com\/site\/pum-encerra-misterio-do-celular-madrugador\/\" \/>\n<meta property=\"og:locale\" content=\"pt_BR\" \/>\n<meta property=\"og:type\" content=\"article\" \/>\n<meta property=\"og:title\" content=\"Pum encerra mist\u00e9rio do celular madrugador - Notibras\" \/>\n<meta property=\"og:description\" content=\"Elenice e Ione eram t\u00e3o amigas, que pareciam irm\u00e3s siamesas, de qu\u00e3o grudadas eram desde sempre. Isso mesmo! Desde sempre! Desde os long\u00ednquos tempos, quando suas respectivas m\u00e3es deram \u00e0 luz na mesma quadra, na mesma maternidade, no mesmo dia e, pasmem, quase ao mesmo tempo. \u00c9 verdade que Elenice nascera dois minutos antes, o [&hellip;]\" \/>\n<meta property=\"og:url\" content=\"https:\/\/www.notibras.com\/site\/pum-encerra-misterio-do-celular-madrugador\/\" \/>\n<meta property=\"og:site_name\" content=\"Notibras\" \/>\n<meta property=\"article:publisher\" content=\"https:\/\/www.facebook.com\/notibras\/\" \/>\n<meta property=\"article:published_time\" content=\"2023-06-02T11:41:46+00:00\" \/>\n<meta property=\"og:image\" content=\"https:\/\/www.notibras.com\/site\/wp-content\/uploads\/2023\/06\/celular-cama-article-1.jpg\" \/>\n\t<meta property=\"og:image:width\" content=\"660\" \/>\n\t<meta property=\"og:image:height\" content=\"347\" \/>\n\t<meta property=\"og:image:type\" content=\"image\/jpeg\" \/>\n<meta name=\"author\" content=\"Reda\u00e7\u00e3o\" \/>\n<meta name=\"twitter:card\" content=\"summary_large_image\" \/>\n<meta name=\"twitter:creator\" content=\"@Notibras\" \/>\n<meta name=\"twitter:site\" content=\"@Notibras\" \/>\n<meta name=\"twitter:label1\" content=\"Escrito por\" \/>\n\t<meta name=\"twitter:data1\" content=\"Reda\u00e7\u00e3o\" \/>\n\t<meta name=\"twitter:label2\" content=\"Est. tempo de leitura\" \/>\n\t<meta name=\"twitter:data2\" content=\"5 minutos\" \/>\n<script type=\"application\/ld+json\" class=\"yoast-schema-graph\">{\"@context\":\"https:\/\/schema.org\",\"@graph\":[{\"@type\":\"Article\",\"@id\":\"https:\/\/www.notibras.com\/site\/pum-encerra-misterio-do-celular-madrugador\/#article\",\"isPartOf\":{\"@id\":\"https:\/\/www.notibras.com\/site\/pum-encerra-misterio-do-celular-madrugador\/\"},\"author\":{\"name\":\"Reda\u00e7\u00e3o\",\"@id\":\"https:\/\/www.notibras.com\/site\/#\/schema\/person\/36ab0979449956132d3e5b517ea76ac8\"},\"headline\":\"Pum encerra mist\u00e9rio do celular madrugador\",\"datePublished\":\"2023-06-02T11:41:46+00:00\",\"mainEntityOfPage\":{\"@id\":\"https:\/\/www.notibras.com\/site\/pum-encerra-misterio-do-celular-madrugador\/\"},\"wordCount\":864,\"publisher\":{\"@id\":\"https:\/\/www.notibras.com\/site\/#organization\"},\"image\":{\"@id\":\"https:\/\/www.notibras.com\/site\/pum-encerra-misterio-do-celular-madrugador\/#primaryimage\"},\"thumbnailUrl\":\"https:\/\/www.notibras.com\/site\/wp-content\/uploads\/2023\/06\/celular-cama-article-1.jpg\",\"articleSection\":[\"Quadradinho em Foco\"],\"inLanguage\":\"pt-BR\"},{\"@type\":\"WebPage\",\"@id\":\"https:\/\/www.notibras.com\/site\/pum-encerra-misterio-do-celular-madrugador\/\",\"url\":\"https:\/\/www.notibras.com\/site\/pum-encerra-misterio-do-celular-madrugador\/\",\"name\":\"Pum encerra mist\u00e9rio do celular madrugador - Notibras\",\"isPartOf\":{\"@id\":\"https:\/\/www.notibras.com\/site\/#website\"},\"primaryImageOfPage\":{\"@id\":\"https:\/\/www.notibras.com\/site\/pum-encerra-misterio-do-celular-madrugador\/#primaryimage\"},\"image\":{\"@id\":\"https:\/\/www.notibras.com\/site\/pum-encerra-misterio-do-celular-madrugador\/#primaryimage\"},\"thumbnailUrl\":\"https:\/\/www.notibras.com\/site\/wp-content\/uploads\/2023\/06\/celular-cama-article-1.jpg\",\"datePublished\":\"2023-06-02T11:41:46+00:00\",\"breadcrumb\":{\"@id\":\"https:\/\/www.notibras.com\/site\/pum-encerra-misterio-do-celular-madrugador\/#breadcrumb\"},\"inLanguage\":\"pt-BR\",\"potentialAction\":[{\"@type\":\"ReadAction\",\"target\":[\"https:\/\/www.notibras.com\/site\/pum-encerra-misterio-do-celular-madrugador\/\"]}]},{\"@type\":\"ImageObject\",\"inLanguage\":\"pt-BR\",\"@id\":\"https:\/\/www.notibras.com\/site\/pum-encerra-misterio-do-celular-madrugador\/#primaryimage\",\"url\":\"https:\/\/www.notibras.com\/site\/wp-content\/uploads\/2023\/06\/celular-cama-article-1.jpg\",\"contentUrl\":\"https:\/\/www.notibras.com\/site\/wp-content\/uploads\/2023\/06\/celular-cama-article-1.jpg\",\"width\":660,\"height\":347},{\"@type\":\"BreadcrumbList\",\"@id\":\"https:\/\/www.notibras.com\/site\/pum-encerra-misterio-do-celular-madrugador\/#breadcrumb\",\"itemListElement\":[{\"@type\":\"ListItem\",\"position\":1,\"name\":\"In\u00edcio\",\"item\":\"https:\/\/www.notibras.com\/site\/\"},{\"@type\":\"ListItem\",\"position\":2,\"name\":\"Pum encerra mist\u00e9rio do celular madrugador\"}]},{\"@type\":\"WebSite\",\"@id\":\"https:\/\/www.notibras.com\/site\/#website\",\"url\":\"https:\/\/www.notibras.com\/site\/\",\"name\":\"Notibras\",\"description\":\"Not\u00edcias de Bras\u00edlia, do Brasil e do Mundo\",\"publisher\":{\"@id\":\"https:\/\/www.notibras.com\/site\/#organization\"},\"potentialAction\":[{\"@type\":\"SearchAction\",\"target\":{\"@type\":\"EntryPoint\",\"urlTemplate\":\"https:\/\/www.notibras.com\/site\/?s={search_term_string}\"},\"query-input\":{\"@type\":\"PropertyValueSpecification\",\"valueRequired\":true,\"valueName\":\"search_term_string\"}}],\"inLanguage\":\"pt-BR\"},{\"@type\":\"Organization\",\"@id\":\"https:\/\/www.notibras.com\/site\/#organization\",\"name\":\"Grupo Notibras de Comunica\u00e7\u00e3o\",\"url\":\"https:\/\/www.notibras.com\/site\/\",\"logo\":{\"@type\":\"ImageObject\",\"inLanguage\":\"pt-BR\",\"@id\":\"https:\/\/www.notibras.com\/site\/#\/schema\/logo\/image\/\",\"url\":\"https:\/\/www.notibras.com\/site\/wp-content\/uploads\/2023\/01\/notibras23.png\",\"contentUrl\":\"https:\/\/www.notibras.com\/site\/wp-content\/uploads\/2023\/01\/notibras23.png\",\"width\":350,\"height\":87,\"caption\":\"Grupo Notibras de Comunica\u00e7\u00e3o\"},\"image\":{\"@id\":\"https:\/\/www.notibras.com\/site\/#\/schema\/logo\/image\/\"},\"sameAs\":[\"https:\/\/www.facebook.com\/notibras\/\",\"https:\/\/x.com\/Notibras\",\"https:\/\/www.instagram.com\/notibras\/\"]},{\"@type\":\"Person\",\"@id\":\"https:\/\/www.notibras.com\/site\/#\/schema\/person\/36ab0979449956132d3e5b517ea76ac8\",\"name\":\"Reda\u00e7\u00e3o\",\"image\":{\"@type\":\"ImageObject\",\"inLanguage\":\"pt-BR\",\"@id\":\"https:\/\/secure.gravatar.com\/avatar\/e0a867bdedb85fd243eadf09663511f96fc81e0720a4a42581f334ad4303aa6b?s=96&d=mm&r=g\",\"url\":\"https:\/\/secure.gravatar.com\/avatar\/e0a867bdedb85fd243eadf09663511f96fc81e0720a4a42581f334ad4303aa6b?s=96&d=mm&r=g\",\"contentUrl\":\"https:\/\/secure.gravatar.com\/avatar\/e0a867bdedb85fd243eadf09663511f96fc81e0720a4a42581f334ad4303aa6b?s=96&d=mm&r=g\",\"caption\":\"Reda\u00e7\u00e3o\"}}]}<\/script>\n<!-- \/ Yoast SEO plugin. -->","yoast_head_json":{"title":"Pum encerra mist\u00e9rio do celular madrugador - Notibras","robots":{"index":"index","follow":"follow","max-snippet":"max-snippet:-1","max-image-preview":"max-image-preview:large","max-video-preview":"max-video-preview:-1"},"canonical":"https:\/\/www.notibras.com\/site\/pum-encerra-misterio-do-celular-madrugador\/","og_locale":"pt_BR","og_type":"article","og_title":"Pum encerra mist\u00e9rio do celular madrugador - Notibras","og_description":"Elenice e Ione eram t\u00e3o amigas, que pareciam irm\u00e3s siamesas, de qu\u00e3o grudadas eram desde sempre. Isso mesmo! Desde sempre! Desde os long\u00ednquos tempos, quando suas respectivas m\u00e3es deram \u00e0 luz na mesma quadra, na mesma maternidade, no mesmo dia e, pasmem, quase ao mesmo tempo. \u00c9 verdade que Elenice nascera dois minutos antes, o [&hellip;]","og_url":"https:\/\/www.notibras.com\/site\/pum-encerra-misterio-do-celular-madrugador\/","og_site_name":"Notibras","article_publisher":"https:\/\/www.facebook.com\/notibras\/","article_published_time":"2023-06-02T11:41:46+00:00","og_image":[{"width":660,"height":347,"url":"https:\/\/www.notibras.com\/site\/wp-content\/uploads\/2023\/06\/celular-cama-article-1.jpg","type":"image\/jpeg"}],"author":"Reda\u00e7\u00e3o","twitter_card":"summary_large_image","twitter_creator":"@Notibras","twitter_site":"@Notibras","twitter_misc":{"Escrito por":"Reda\u00e7\u00e3o","Est. tempo de leitura":"5 minutos"},"schema":{"@context":"https:\/\/schema.org","@graph":[{"@type":"Article","@id":"https:\/\/www.notibras.com\/site\/pum-encerra-misterio-do-celular-madrugador\/#article","isPartOf":{"@id":"https:\/\/www.notibras.com\/site\/pum-encerra-misterio-do-celular-madrugador\/"},"author":{"name":"Reda\u00e7\u00e3o","@id":"https:\/\/www.notibras.com\/site\/#\/schema\/person\/36ab0979449956132d3e5b517ea76ac8"},"headline":"Pum encerra mist\u00e9rio do celular madrugador","datePublished":"2023-06-02T11:41:46+00:00","mainEntityOfPage":{"@id":"https:\/\/www.notibras.com\/site\/pum-encerra-misterio-do-celular-madrugador\/"},"wordCount":864,"publisher":{"@id":"https:\/\/www.notibras.com\/site\/#organization"},"image":{"@id":"https:\/\/www.notibras.com\/site\/pum-encerra-misterio-do-celular-madrugador\/#primaryimage"},"thumbnailUrl":"https:\/\/www.notibras.com\/site\/wp-content\/uploads\/2023\/06\/celular-cama-article-1.jpg","articleSection":["Quadradinho em Foco"],"inLanguage":"pt-BR"},{"@type":"WebPage","@id":"https:\/\/www.notibras.com\/site\/pum-encerra-misterio-do-celular-madrugador\/","url":"https:\/\/www.notibras.com\/site\/pum-encerra-misterio-do-celular-madrugador\/","name":"Pum encerra mist\u00e9rio do celular madrugador - Notibras","isPartOf":{"@id":"https:\/\/www.notibras.com\/site\/#website"},"primaryImageOfPage":{"@id":"https:\/\/www.notibras.com\/site\/pum-encerra-misterio-do-celular-madrugador\/#primaryimage"},"image":{"@id":"https:\/\/www.notibras.com\/site\/pum-encerra-misterio-do-celular-madrugador\/#primaryimage"},"thumbnailUrl":"https:\/\/www.notibras.com\/site\/wp-content\/uploads\/2023\/06\/celular-cama-article-1.jpg","datePublished":"2023-06-02T11:41:46+00:00","breadcrumb":{"@id":"https:\/\/www.notibras.com\/site\/pum-encerra-misterio-do-celular-madrugador\/#breadcrumb"},"inLanguage":"pt-BR","potentialAction":[{"@type":"ReadAction","target":["https:\/\/www.notibras.com\/site\/pum-encerra-misterio-do-celular-madrugador\/"]}]},{"@type":"ImageObject","inLanguage":"pt-BR","@id":"https:\/\/www.notibras.com\/site\/pum-encerra-misterio-do-celular-madrugador\/#primaryimage","url":"https:\/\/www.notibras.com\/site\/wp-content\/uploads\/2023\/06\/celular-cama-article-1.jpg","contentUrl":"https:\/\/www.notibras.com\/site\/wp-content\/uploads\/2023\/06\/celular-cama-article-1.jpg","width":660,"height":347},{"@type":"BreadcrumbList","@id":"https:\/\/www.notibras.com\/site\/pum-encerra-misterio-do-celular-madrugador\/#breadcrumb","itemListElement":[{"@type":"ListItem","position":1,"name":"In\u00edcio","item":"https:\/\/www.notibras.com\/site\/"},{"@type":"ListItem","position":2,"name":"Pum encerra mist\u00e9rio do celular madrugador"}]},{"@type":"WebSite","@id":"https:\/\/www.notibras.com\/site\/#website","url":"https:\/\/www.notibras.com\/site\/","name":"Notibras","description":"Not\u00edcias de Bras\u00edlia, do Brasil e do Mundo","publisher":{"@id":"https:\/\/www.notibras.com\/site\/#organization"},"potentialAction":[{"@type":"SearchAction","target":{"@type":"EntryPoint","urlTemplate":"https:\/\/www.notibras.com\/site\/?s={search_term_string}"},"query-input":{"@type":"PropertyValueSpecification","valueRequired":true,"valueName":"search_term_string"}}],"inLanguage":"pt-BR"},{"@type":"Organization","@id":"https:\/\/www.notibras.com\/site\/#organization","name":"Grupo Notibras de Comunica\u00e7\u00e3o","url":"https:\/\/www.notibras.com\/site\/","logo":{"@type":"ImageObject","inLanguage":"pt-BR","@id":"https:\/\/www.notibras.com\/site\/#\/schema\/logo\/image\/","url":"https:\/\/www.notibras.com\/site\/wp-content\/uploads\/2023\/01\/notibras23.png","contentUrl":"https:\/\/www.notibras.com\/site\/wp-content\/uploads\/2023\/01\/notibras23.png","width":350,"height":87,"caption":"Grupo Notibras de Comunica\u00e7\u00e3o"},"image":{"@id":"https:\/\/www.notibras.com\/site\/#\/schema\/logo\/image\/"},"sameAs":["https:\/\/www.facebook.com\/notibras\/","https:\/\/x.com\/Notibras","https:\/\/www.instagram.com\/notibras\/"]},{"@type":"Person","@id":"https:\/\/www.notibras.com\/site\/#\/schema\/person\/36ab0979449956132d3e5b517ea76ac8","name":"Reda\u00e7\u00e3o","image":{"@type":"ImageObject","inLanguage":"pt-BR","@id":"https:\/\/secure.gravatar.com\/avatar\/e0a867bdedb85fd243eadf09663511f96fc81e0720a4a42581f334ad4303aa6b?s=96&d=mm&r=g","url":"https:\/\/secure.gravatar.com\/avatar\/e0a867bdedb85fd243eadf09663511f96fc81e0720a4a42581f334ad4303aa6b?s=96&d=mm&r=g","contentUrl":"https:\/\/secure.gravatar.com\/avatar\/e0a867bdedb85fd243eadf09663511f96fc81e0720a4a42581f334ad4303aa6b?s=96&d=mm&r=g","caption":"Reda\u00e7\u00e3o"}}]}},"amp_enabled":true,"_links":{"self":[{"href":"https:\/\/www.notibras.com\/site\/wp-json\/wp\/v2\/posts\/306117","targetHints":{"allow":["GET"]}}],"collection":[{"href":"https:\/\/www.notibras.com\/site\/wp-json\/wp\/v2\/posts"}],"about":[{"href":"https:\/\/www.notibras.com\/site\/wp-json\/wp\/v2\/types\/post"}],"author":[{"embeddable":true,"href":"https:\/\/www.notibras.com\/site\/wp-json\/wp\/v2\/users\/2"}],"replies":[{"embeddable":true,"href":"https:\/\/www.notibras.com\/site\/wp-json\/wp\/v2\/comments?post=306117"}],"version-history":[{"count":1,"href":"https:\/\/www.notibras.com\/site\/wp-json\/wp\/v2\/posts\/306117\/revisions"}],"predecessor-version":[{"id":306119,"href":"https:\/\/www.notibras.com\/site\/wp-json\/wp\/v2\/posts\/306117\/revisions\/306119"}],"wp:featuredmedia":[{"embeddable":true,"href":"https:\/\/www.notibras.com\/site\/wp-json\/wp\/v2\/media\/306118"}],"wp:attachment":[{"href":"https:\/\/www.notibras.com\/site\/wp-json\/wp\/v2\/media?parent=306117"}],"wp:term":[{"taxonomy":"category","embeddable":true,"href":"https:\/\/www.notibras.com\/site\/wp-json\/wp\/v2\/categories?post=306117"},{"taxonomy":"post_tag","embeddable":true,"href":"https:\/\/www.notibras.com\/site\/wp-json\/wp\/v2\/tags?post=306117"}],"curies":[{"name":"wp","href":"https:\/\/api.w.org\/{rel}","templated":true}]}}