{"id":306181,"date":"2023-06-03T00:01:02","date_gmt":"2023-06-03T03:01:02","guid":{"rendered":"https:\/\/www.notibras.com\/site\/?p=306181"},"modified":"2023-06-03T02:29:24","modified_gmt":"2023-06-03T05:29:24","slug":"contos-de-fadas-animam-criancada-no-mes-de-junho","status":"publish","type":"post","link":"https:\/\/www.notibras.com\/site\/contos-de-fadas-animam-criancada-no-mes-de-junho\/","title":{"rendered":"Contos de fadas animam crian\u00e7ada no m\u00eas de junho"},"content":{"rendered":"<p>A sonhadora e inteligente princesa Rapunzel sair\u00e1 da sua alta torre e descer\u00e1 no palco do Terra\u00e7o Shopping, assim como o m\u00e1gico Tio Andr\u00e9, o valente Peter Pan e a contadora de hist\u00f3ria Nyedja Gennari, todos empenhados em encantar a crian\u00e7ada na programa\u00e7\u00e3o de junho.<\/p>\n<p>As apresenta\u00e7\u00f5es ser\u00e3o sempre aos s\u00e1bados e domingos, \u00e0s 16h, na Pra\u00e7a Central, e iniciar\u00e3o no dia 3 de junho, com o show de m\u00e1gicas do Tio Andr\u00e9. Seu espet\u00e1culo tem como ponto alto a participa\u00e7\u00e3o direta das crian\u00e7as. Muita m\u00fasica e n\u00fameros de m\u00e1gicas interativas e cheias de humor, que encantam crian\u00e7as e adultos h\u00e1 mais de uma d\u00e9cada.<\/p>\n<p>No domingo (4), a Trupe Oja Lai\u00f3 apresentar\u00e1 a hist\u00f3ria do valente Peter Pan e de Sininho. A dupla cover da Terra do Nunca deixar\u00e1 as fam\u00edlias encantadas com seu &#8220;p\u00f3 de pirlimpimpim&#8221;.<\/p>\n<p>Para quem quer assistir a hist\u00f3ria de Rapunzel, o conto de fadas ser\u00e1 apresentado pela Cia F\u00e1bula, no s\u00e1bado (10). A princesa foi criada solit\u00e1ria e prisioneira em sua torre, por uma bruxa que usava seus cabelos, com longas tran\u00e7as. Rapunzel tinha sonhos e queria conhecer muitos lugares. Certo dia, conhece um pr\u00edncipe, que vira seu amigo e todos os dias vai visit\u00e1-la escondido. Rapunzel descobre que pode realizar todos os seus sonhos e que \u00e9 mais forte do que imaginava.<\/p>\n<p>No domingo (11), Em\u00edlia, a &#8220;boneca-gente&#8221;, da Trupe Oja Lai\u00f3, chegar\u00e1 no Terra\u00e7o Shopping para aprontar todas suas perip\u00e9cias com as crian\u00e7as.<\/p>\n<p>Para entrar no clima das festas do m\u00eas de junho, no dia 17, a contadora de hist\u00f3ria Nyedja Gennari trar\u00e1 o tema \u201chist\u00f3rias juninas\u201d para as crian\u00e7as, no palco do shopping.<\/p>\n<p>No domingo (18), a Pra\u00e7a Central estar\u00e1 tomada pelas aventuras do Gato de Botas apresentadas pela Trupe Oja Lai\u00f3.<\/p>\n<p>E no \u00faltimo fim de semana do m\u00eas de junho, a Trupe Trabalhe Essa Ideia trar\u00e1 uma apresenta\u00e7\u00e3o do mentiroso Pin\u00f3quio, no s\u00e1bado (24), e no domingo (25), encerrando a programa\u00e7\u00e3o, a Trupe Oja Lai\u00f3 trar\u00e1 a pe\u00e7a \u201cO sumi\u00e7o na lavoura\u201d.<\/p>\n<p><strong>Servi\u00e7o:<\/strong><br \/>\nTARDES NO TERRA\u00c7O<br \/>\nS\u00e1bados e Domingos, \u00e0s 16<\/p>\n<p>3\/06 &#8211; Show de M\u00e1gicas &#8211; Tio Andr\u00e9<br \/>\n4\/06 &#8211; Peter Pan e Sininho cover &#8211; Trupe Oja Lai\u00f3<br \/>\n10\/06 \u2013 Rapunzel &#8211; Cia F\u00e1bula<br \/>\n11\/06 &#8211; Em\u00edlia, a boneca-gente &#8211; Trupe Oja Lai\u00f3<br \/>\n17\/06 &#8211; Hist\u00f3rias juninas &#8211; Nyedja Gennari<br \/>\n18\/06 &#8211; O Gato de Botas &#8211; Trupe Oja Lai\u00f3<br \/>\n24\/06 &#8211; Pin\u00f3quio &#8211; Trupe Trabalhe Essa Ideia<\/p>\n<p>Local: Pra\u00e7a Central<br \/>\nEntrada gratuita<\/p>\n","protected":false},"excerpt":{"rendered":"<p>A sonhadora e inteligente princesa Rapunzel sair\u00e1 da sua alta torre e descer\u00e1 no palco do Terra\u00e7o Shopping, assim como o m\u00e1gico Tio Andr\u00e9, o valente Peter Pan e a contadora de hist\u00f3ria Nyedja Gennari, todos empenhados em encantar a crian\u00e7ada na programa\u00e7\u00e3o de junho. As apresenta\u00e7\u00f5es ser\u00e3o sempre aos s\u00e1bados e domingos, \u00e0s 16h, [&hellip;]<\/p>\n","protected":false},"author":2,"featured_media":306182,"comment_status":"closed","ping_status":"closed","sticky":false,"template":"","format":"standard","meta":{"_acf_changed":false,"footnotes":""},"categories":[161],"tags":[],"class_list":["post-306181","post","type-post","status-publish","format-standard","has-post-thumbnail","hentry","category-quadradinho-em-foco"],"acf":[],"yoast_head":"<!-- This site is optimized with the Yoast SEO plugin v27.2 - https:\/\/yoast.com\/product\/yoast-seo-wordpress\/ -->\n<title>Contos de fadas animam crian\u00e7ada no m\u00eas de junho - Notibras<\/title>\n<meta name=\"robots\" content=\"index, follow, max-snippet:-1, max-image-preview:large, max-video-preview:-1\" \/>\n<link rel=\"canonical\" href=\"https:\/\/www.notibras.com\/site\/contos-de-fadas-animam-criancada-no-mes-de-junho\/\" \/>\n<meta property=\"og:locale\" content=\"pt_BR\" \/>\n<meta property=\"og:type\" content=\"article\" \/>\n<meta property=\"og:title\" content=\"Contos de fadas animam crian\u00e7ada no m\u00eas de junho - Notibras\" \/>\n<meta property=\"og:description\" content=\"A sonhadora e inteligente princesa Rapunzel sair\u00e1 da sua alta torre e descer\u00e1 no palco do Terra\u00e7o Shopping, assim como o m\u00e1gico Tio Andr\u00e9, o valente Peter Pan e a contadora de hist\u00f3ria Nyedja Gennari, todos empenhados em encantar a crian\u00e7ada na programa\u00e7\u00e3o de junho. As apresenta\u00e7\u00f5es ser\u00e3o sempre aos s\u00e1bados e domingos, \u00e0s 16h, [&hellip;]\" \/>\n<meta property=\"og:url\" content=\"https:\/\/www.notibras.com\/site\/contos-de-fadas-animam-criancada-no-mes-de-junho\/\" \/>\n<meta property=\"og:site_name\" content=\"Notibras\" \/>\n<meta property=\"article:publisher\" content=\"https:\/\/www.facebook.com\/notibras\/\" \/>\n<meta property=\"article:published_time\" content=\"2023-06-03T03:01:02+00:00\" \/>\n<meta property=\"article:modified_time\" content=\"2023-06-03T05:29:24+00:00\" \/>\n<meta property=\"og:image\" content=\"https:\/\/www.notibras.com\/site\/wp-content\/uploads\/2023\/06\/peterpan_1.jpg\" \/>\n\t<meta property=\"og:image:width\" content=\"1280\" \/>\n\t<meta property=\"og:image:height\" content=\"720\" \/>\n\t<meta property=\"og:image:type\" content=\"image\/jpeg\" \/>\n<meta name=\"author\" content=\"Reda\u00e7\u00e3o\" \/>\n<meta name=\"twitter:card\" content=\"summary_large_image\" \/>\n<meta name=\"twitter:creator\" content=\"@Notibras\" \/>\n<meta name=\"twitter:site\" content=\"@Notibras\" \/>\n<meta name=\"twitter:label1\" content=\"Escrito por\" \/>\n\t<meta name=\"twitter:data1\" content=\"Reda\u00e7\u00e3o\" \/>\n\t<meta name=\"twitter:label2\" content=\"Est. tempo de leitura\" \/>\n\t<meta name=\"twitter:data2\" content=\"3 minutos\" \/>\n<script type=\"application\/ld+json\" class=\"yoast-schema-graph\">{\"@context\":\"https:\/\/schema.org\",\"@graph\":[{\"@type\":\"Article\",\"@id\":\"https:\/\/www.notibras.com\/site\/contos-de-fadas-animam-criancada-no-mes-de-junho\/#article\",\"isPartOf\":{\"@id\":\"https:\/\/www.notibras.com\/site\/contos-de-fadas-animam-criancada-no-mes-de-junho\/\"},\"author\":{\"name\":\"Reda\u00e7\u00e3o\",\"@id\":\"https:\/\/www.notibras.com\/site\/#\/schema\/person\/36ab0979449956132d3e5b517ea76ac8\"},\"headline\":\"Contos de fadas animam crian\u00e7ada no m\u00eas de junho\",\"datePublished\":\"2023-06-03T03:01:02+00:00\",\"dateModified\":\"2023-06-03T05:29:24+00:00\",\"mainEntityOfPage\":{\"@id\":\"https:\/\/www.notibras.com\/site\/contos-de-fadas-animam-criancada-no-mes-de-junho\/\"},\"wordCount\":452,\"publisher\":{\"@id\":\"https:\/\/www.notibras.com\/site\/#organization\"},\"image\":{\"@id\":\"https:\/\/www.notibras.com\/site\/contos-de-fadas-animam-criancada-no-mes-de-junho\/#primaryimage\"},\"thumbnailUrl\":\"https:\/\/www.notibras.com\/site\/wp-content\/uploads\/2023\/06\/peterpan_1.jpg\",\"articleSection\":[\"Quadradinho em Foco\"],\"inLanguage\":\"pt-BR\"},{\"@type\":\"WebPage\",\"@id\":\"https:\/\/www.notibras.com\/site\/contos-de-fadas-animam-criancada-no-mes-de-junho\/\",\"url\":\"https:\/\/www.notibras.com\/site\/contos-de-fadas-animam-criancada-no-mes-de-junho\/\",\"name\":\"Contos de fadas animam crian\u00e7ada no m\u00eas de junho - Notibras\",\"isPartOf\":{\"@id\":\"https:\/\/www.notibras.com\/site\/#website\"},\"primaryImageOfPage\":{\"@id\":\"https:\/\/www.notibras.com\/site\/contos-de-fadas-animam-criancada-no-mes-de-junho\/#primaryimage\"},\"image\":{\"@id\":\"https:\/\/www.notibras.com\/site\/contos-de-fadas-animam-criancada-no-mes-de-junho\/#primaryimage\"},\"thumbnailUrl\":\"https:\/\/www.notibras.com\/site\/wp-content\/uploads\/2023\/06\/peterpan_1.jpg\",\"datePublished\":\"2023-06-03T03:01:02+00:00\",\"dateModified\":\"2023-06-03T05:29:24+00:00\",\"breadcrumb\":{\"@id\":\"https:\/\/www.notibras.com\/site\/contos-de-fadas-animam-criancada-no-mes-de-junho\/#breadcrumb\"},\"inLanguage\":\"pt-BR\",\"potentialAction\":[{\"@type\":\"ReadAction\",\"target\":[\"https:\/\/www.notibras.com\/site\/contos-de-fadas-animam-criancada-no-mes-de-junho\/\"]}]},{\"@type\":\"ImageObject\",\"inLanguage\":\"pt-BR\",\"@id\":\"https:\/\/www.notibras.com\/site\/contos-de-fadas-animam-criancada-no-mes-de-junho\/#primaryimage\",\"url\":\"https:\/\/www.notibras.com\/site\/wp-content\/uploads\/2023\/06\/peterpan_1.jpg\",\"contentUrl\":\"https:\/\/www.notibras.com\/site\/wp-content\/uploads\/2023\/06\/peterpan_1.jpg\",\"width\":1280,\"height\":720},{\"@type\":\"BreadcrumbList\",\"@id\":\"https:\/\/www.notibras.com\/site\/contos-de-fadas-animam-criancada-no-mes-de-junho\/#breadcrumb\",\"itemListElement\":[{\"@type\":\"ListItem\",\"position\":1,\"name\":\"In\u00edcio\",\"item\":\"https:\/\/www.notibras.com\/site\/\"},{\"@type\":\"ListItem\",\"position\":2,\"name\":\"Contos de fadas animam crian\u00e7ada no m\u00eas de junho\"}]},{\"@type\":\"WebSite\",\"@id\":\"https:\/\/www.notibras.com\/site\/#website\",\"url\":\"https:\/\/www.notibras.com\/site\/\",\"name\":\"Notibras\",\"description\":\"Not\u00edcias de Bras\u00edlia, do Brasil e do Mundo\",\"publisher\":{\"@id\":\"https:\/\/www.notibras.com\/site\/#organization\"},\"potentialAction\":[{\"@type\":\"SearchAction\",\"target\":{\"@type\":\"EntryPoint\",\"urlTemplate\":\"https:\/\/www.notibras.com\/site\/?s={search_term_string}\"},\"query-input\":{\"@type\":\"PropertyValueSpecification\",\"valueRequired\":true,\"valueName\":\"search_term_string\"}}],\"inLanguage\":\"pt-BR\"},{\"@type\":\"Organization\",\"@id\":\"https:\/\/www.notibras.com\/site\/#organization\",\"name\":\"Grupo Notibras de Comunica\u00e7\u00e3o\",\"url\":\"https:\/\/www.notibras.com\/site\/\",\"logo\":{\"@type\":\"ImageObject\",\"inLanguage\":\"pt-BR\",\"@id\":\"https:\/\/www.notibras.com\/site\/#\/schema\/logo\/image\/\",\"url\":\"https:\/\/www.notibras.com\/site\/wp-content\/uploads\/2023\/01\/notibras23.png\",\"contentUrl\":\"https:\/\/www.notibras.com\/site\/wp-content\/uploads\/2023\/01\/notibras23.png\",\"width\":350,\"height\":87,\"caption\":\"Grupo Notibras de Comunica\u00e7\u00e3o\"},\"image\":{\"@id\":\"https:\/\/www.notibras.com\/site\/#\/schema\/logo\/image\/\"},\"sameAs\":[\"https:\/\/www.facebook.com\/notibras\/\",\"https:\/\/x.com\/Notibras\",\"https:\/\/www.instagram.com\/notibras\/\"]},{\"@type\":\"Person\",\"@id\":\"https:\/\/www.notibras.com\/site\/#\/schema\/person\/36ab0979449956132d3e5b517ea76ac8\",\"name\":\"Reda\u00e7\u00e3o\",\"image\":{\"@type\":\"ImageObject\",\"inLanguage\":\"pt-BR\",\"@id\":\"https:\/\/secure.gravatar.com\/avatar\/e0a867bdedb85fd243eadf09663511f96fc81e0720a4a42581f334ad4303aa6b?s=96&d=mm&r=g\",\"url\":\"https:\/\/secure.gravatar.com\/avatar\/e0a867bdedb85fd243eadf09663511f96fc81e0720a4a42581f334ad4303aa6b?s=96&d=mm&r=g\",\"contentUrl\":\"https:\/\/secure.gravatar.com\/avatar\/e0a867bdedb85fd243eadf09663511f96fc81e0720a4a42581f334ad4303aa6b?s=96&d=mm&r=g\",\"caption\":\"Reda\u00e7\u00e3o\"}}]}<\/script>\n<!-- \/ Yoast SEO plugin. -->","yoast_head_json":{"title":"Contos de fadas animam crian\u00e7ada no m\u00eas de junho - Notibras","robots":{"index":"index","follow":"follow","max-snippet":"max-snippet:-1","max-image-preview":"max-image-preview:large","max-video-preview":"max-video-preview:-1"},"canonical":"https:\/\/www.notibras.com\/site\/contos-de-fadas-animam-criancada-no-mes-de-junho\/","og_locale":"pt_BR","og_type":"article","og_title":"Contos de fadas animam crian\u00e7ada no m\u00eas de junho - Notibras","og_description":"A sonhadora e inteligente princesa Rapunzel sair\u00e1 da sua alta torre e descer\u00e1 no palco do Terra\u00e7o Shopping, assim como o m\u00e1gico Tio Andr\u00e9, o valente Peter Pan e a contadora de hist\u00f3ria Nyedja Gennari, todos empenhados em encantar a crian\u00e7ada na programa\u00e7\u00e3o de junho. As apresenta\u00e7\u00f5es ser\u00e3o sempre aos s\u00e1bados e domingos, \u00e0s 16h, [&hellip;]","og_url":"https:\/\/www.notibras.com\/site\/contos-de-fadas-animam-criancada-no-mes-de-junho\/","og_site_name":"Notibras","article_publisher":"https:\/\/www.facebook.com\/notibras\/","article_published_time":"2023-06-03T03:01:02+00:00","article_modified_time":"2023-06-03T05:29:24+00:00","og_image":[{"width":1280,"height":720,"url":"https:\/\/www.notibras.com\/site\/wp-content\/uploads\/2023\/06\/peterpan_1.jpg","type":"image\/jpeg"}],"author":"Reda\u00e7\u00e3o","twitter_card":"summary_large_image","twitter_creator":"@Notibras","twitter_site":"@Notibras","twitter_misc":{"Escrito por":"Reda\u00e7\u00e3o","Est. tempo de leitura":"3 minutos"},"schema":{"@context":"https:\/\/schema.org","@graph":[{"@type":"Article","@id":"https:\/\/www.notibras.com\/site\/contos-de-fadas-animam-criancada-no-mes-de-junho\/#article","isPartOf":{"@id":"https:\/\/www.notibras.com\/site\/contos-de-fadas-animam-criancada-no-mes-de-junho\/"},"author":{"name":"Reda\u00e7\u00e3o","@id":"https:\/\/www.notibras.com\/site\/#\/schema\/person\/36ab0979449956132d3e5b517ea76ac8"},"headline":"Contos de fadas animam crian\u00e7ada no m\u00eas de junho","datePublished":"2023-06-03T03:01:02+00:00","dateModified":"2023-06-03T05:29:24+00:00","mainEntityOfPage":{"@id":"https:\/\/www.notibras.com\/site\/contos-de-fadas-animam-criancada-no-mes-de-junho\/"},"wordCount":452,"publisher":{"@id":"https:\/\/www.notibras.com\/site\/#organization"},"image":{"@id":"https:\/\/www.notibras.com\/site\/contos-de-fadas-animam-criancada-no-mes-de-junho\/#primaryimage"},"thumbnailUrl":"https:\/\/www.notibras.com\/site\/wp-content\/uploads\/2023\/06\/peterpan_1.jpg","articleSection":["Quadradinho em Foco"],"inLanguage":"pt-BR"},{"@type":"WebPage","@id":"https:\/\/www.notibras.com\/site\/contos-de-fadas-animam-criancada-no-mes-de-junho\/","url":"https:\/\/www.notibras.com\/site\/contos-de-fadas-animam-criancada-no-mes-de-junho\/","name":"Contos de fadas animam crian\u00e7ada no m\u00eas de junho - Notibras","isPartOf":{"@id":"https:\/\/www.notibras.com\/site\/#website"},"primaryImageOfPage":{"@id":"https:\/\/www.notibras.com\/site\/contos-de-fadas-animam-criancada-no-mes-de-junho\/#primaryimage"},"image":{"@id":"https:\/\/www.notibras.com\/site\/contos-de-fadas-animam-criancada-no-mes-de-junho\/#primaryimage"},"thumbnailUrl":"https:\/\/www.notibras.com\/site\/wp-content\/uploads\/2023\/06\/peterpan_1.jpg","datePublished":"2023-06-03T03:01:02+00:00","dateModified":"2023-06-03T05:29:24+00:00","breadcrumb":{"@id":"https:\/\/www.notibras.com\/site\/contos-de-fadas-animam-criancada-no-mes-de-junho\/#breadcrumb"},"inLanguage":"pt-BR","potentialAction":[{"@type":"ReadAction","target":["https:\/\/www.notibras.com\/site\/contos-de-fadas-animam-criancada-no-mes-de-junho\/"]}]},{"@type":"ImageObject","inLanguage":"pt-BR","@id":"https:\/\/www.notibras.com\/site\/contos-de-fadas-animam-criancada-no-mes-de-junho\/#primaryimage","url":"https:\/\/www.notibras.com\/site\/wp-content\/uploads\/2023\/06\/peterpan_1.jpg","contentUrl":"https:\/\/www.notibras.com\/site\/wp-content\/uploads\/2023\/06\/peterpan_1.jpg","width":1280,"height":720},{"@type":"BreadcrumbList","@id":"https:\/\/www.notibras.com\/site\/contos-de-fadas-animam-criancada-no-mes-de-junho\/#breadcrumb","itemListElement":[{"@type":"ListItem","position":1,"name":"In\u00edcio","item":"https:\/\/www.notibras.com\/site\/"},{"@type":"ListItem","position":2,"name":"Contos de fadas animam crian\u00e7ada no m\u00eas de junho"}]},{"@type":"WebSite","@id":"https:\/\/www.notibras.com\/site\/#website","url":"https:\/\/www.notibras.com\/site\/","name":"Notibras","description":"Not\u00edcias de Bras\u00edlia, do Brasil e do Mundo","publisher":{"@id":"https:\/\/www.notibras.com\/site\/#organization"},"potentialAction":[{"@type":"SearchAction","target":{"@type":"EntryPoint","urlTemplate":"https:\/\/www.notibras.com\/site\/?s={search_term_string}"},"query-input":{"@type":"PropertyValueSpecification","valueRequired":true,"valueName":"search_term_string"}}],"inLanguage":"pt-BR"},{"@type":"Organization","@id":"https:\/\/www.notibras.com\/site\/#organization","name":"Grupo Notibras de Comunica\u00e7\u00e3o","url":"https:\/\/www.notibras.com\/site\/","logo":{"@type":"ImageObject","inLanguage":"pt-BR","@id":"https:\/\/www.notibras.com\/site\/#\/schema\/logo\/image\/","url":"https:\/\/www.notibras.com\/site\/wp-content\/uploads\/2023\/01\/notibras23.png","contentUrl":"https:\/\/www.notibras.com\/site\/wp-content\/uploads\/2023\/01\/notibras23.png","width":350,"height":87,"caption":"Grupo Notibras de Comunica\u00e7\u00e3o"},"image":{"@id":"https:\/\/www.notibras.com\/site\/#\/schema\/logo\/image\/"},"sameAs":["https:\/\/www.facebook.com\/notibras\/","https:\/\/x.com\/Notibras","https:\/\/www.instagram.com\/notibras\/"]},{"@type":"Person","@id":"https:\/\/www.notibras.com\/site\/#\/schema\/person\/36ab0979449956132d3e5b517ea76ac8","name":"Reda\u00e7\u00e3o","image":{"@type":"ImageObject","inLanguage":"pt-BR","@id":"https:\/\/secure.gravatar.com\/avatar\/e0a867bdedb85fd243eadf09663511f96fc81e0720a4a42581f334ad4303aa6b?s=96&d=mm&r=g","url":"https:\/\/secure.gravatar.com\/avatar\/e0a867bdedb85fd243eadf09663511f96fc81e0720a4a42581f334ad4303aa6b?s=96&d=mm&r=g","contentUrl":"https:\/\/secure.gravatar.com\/avatar\/e0a867bdedb85fd243eadf09663511f96fc81e0720a4a42581f334ad4303aa6b?s=96&d=mm&r=g","caption":"Reda\u00e7\u00e3o"}}]}},"amp_enabled":true,"_links":{"self":[{"href":"https:\/\/www.notibras.com\/site\/wp-json\/wp\/v2\/posts\/306181","targetHints":{"allow":["GET"]}}],"collection":[{"href":"https:\/\/www.notibras.com\/site\/wp-json\/wp\/v2\/posts"}],"about":[{"href":"https:\/\/www.notibras.com\/site\/wp-json\/wp\/v2\/types\/post"}],"author":[{"embeddable":true,"href":"https:\/\/www.notibras.com\/site\/wp-json\/wp\/v2\/users\/2"}],"replies":[{"embeddable":true,"href":"https:\/\/www.notibras.com\/site\/wp-json\/wp\/v2\/comments?post=306181"}],"version-history":[{"count":1,"href":"https:\/\/www.notibras.com\/site\/wp-json\/wp\/v2\/posts\/306181\/revisions"}],"predecessor-version":[{"id":306183,"href":"https:\/\/www.notibras.com\/site\/wp-json\/wp\/v2\/posts\/306181\/revisions\/306183"}],"wp:featuredmedia":[{"embeddable":true,"href":"https:\/\/www.notibras.com\/site\/wp-json\/wp\/v2\/media\/306182"}],"wp:attachment":[{"href":"https:\/\/www.notibras.com\/site\/wp-json\/wp\/v2\/media?parent=306181"}],"wp:term":[{"taxonomy":"category","embeddable":true,"href":"https:\/\/www.notibras.com\/site\/wp-json\/wp\/v2\/categories?post=306181"},{"taxonomy":"post_tag","embeddable":true,"href":"https:\/\/www.notibras.com\/site\/wp-json\/wp\/v2\/tags?post=306181"}],"curies":[{"name":"wp","href":"https:\/\/api.w.org\/{rel}","templated":true}]}}