{"id":306184,"date":"2023-06-03T02:44:00","date_gmt":"2023-06-03T05:44:00","guid":{"rendered":"https:\/\/www.notibras.com\/site\/?p=306184"},"modified":"2023-06-03T02:44:57","modified_gmt":"2023-06-03T05:44:57","slug":"pac-de-dilma-pedido-por-agnelo-faz-surgir-o-tunel","status":"publish","type":"post","link":"https:\/\/www.notibras.com\/site\/pac-de-dilma-pedido-por-agnelo-faz-surgir-o-tunel\/","title":{"rendered":"PAC de Dilma, pedido por Agnelo, faz surgir o t\u00fanel"},"content":{"rendered":"<p>Uma visita t\u00e9cnica ao t\u00fanel do centro de Taguatinga mostra que est\u00e1 tudo pronto para sua inaugura\u00e7\u00e3o na segunda-feira, 5. O que n\u00e3o se v\u00ea por l\u00e1, s\u00e3o refer\u00eancias ao pai e \u00e0 m\u00e3e da obra: o ex-governador Agnelo Queiroz e a ex-presidente Dilma Rousseff.<\/p>\n<p>Isso n\u00e3o pode ser esquecido. \u00c9 importante &#8211; e isso caber\u00e1, num gesto de respeito e defer\u00eancia de Ibaneis Rocha -, lembrar que a verba para essa obra \u00e9 federal e veio do PAC-2 (Programa de Acelera\u00e7\u00e3o do Crescimento).<\/p>\n<p>O programa consistia em um conjunto de medidas destinadas a incentivar o investimento privado, aumentar o investimento p\u00fablico em infraestrutura e remover obst\u00e1culos \u2013 burocr\u00e1ticos, administrativos, normativos, jur\u00eddicos e legislativos \u2013 ao crescimento.<\/p>\n<p>Fruto desse investimento, tocado ao longo dos \u00faltimos anos pelo Pal\u00e1cio do Buriti, a regi\u00e3o beneficiada ter\u00e1 melhorias significativas para os moradores do Distrito Federal, em particular Taguatinga, Samambaia e Ceil\u00e2ndia.<\/p>\n","protected":false},"excerpt":{"rendered":"<p>Uma visita t\u00e9cnica ao t\u00fanel do centro de Taguatinga mostra que est\u00e1 tudo pronto para sua inaugura\u00e7\u00e3o na segunda-feira, 5. O que n\u00e3o se v\u00ea por l\u00e1, s\u00e3o refer\u00eancias ao pai e \u00e0 m\u00e3e da obra: o ex-governador Agnelo Queiroz e a ex-presidente Dilma Rousseff. Isso n\u00e3o pode ser esquecido. \u00c9 importante &#8211; e isso [&hellip;]<\/p>\n","protected":false},"author":2,"featured_media":306185,"comment_status":"closed","ping_status":"closed","sticky":false,"template":"","format":"standard","meta":{"_acf_changed":false,"footnotes":""},"categories":[161],"tags":[],"class_list":["post-306184","post","type-post","status-publish","format-standard","has-post-thumbnail","hentry","category-quadradinho-em-foco"],"acf":[],"yoast_head":"<!-- This site is optimized with the Yoast SEO plugin v27.2 - https:\/\/yoast.com\/product\/yoast-seo-wordpress\/ -->\n<title>PAC de Dilma, pedido por Agnelo, faz surgir o t\u00fanel - Notibras<\/title>\n<meta name=\"robots\" content=\"index, follow, max-snippet:-1, max-image-preview:large, max-video-preview:-1\" \/>\n<link rel=\"canonical\" href=\"https:\/\/www.notibras.com\/site\/pac-de-dilma-pedido-por-agnelo-faz-surgir-o-tunel\/\" \/>\n<meta property=\"og:locale\" content=\"pt_BR\" \/>\n<meta property=\"og:type\" content=\"article\" \/>\n<meta property=\"og:title\" content=\"PAC de Dilma, pedido por Agnelo, faz surgir o t\u00fanel - Notibras\" \/>\n<meta property=\"og:description\" content=\"Uma visita t\u00e9cnica ao t\u00fanel do centro de Taguatinga mostra que est\u00e1 tudo pronto para sua inaugura\u00e7\u00e3o na segunda-feira, 5. O que n\u00e3o se v\u00ea por l\u00e1, s\u00e3o refer\u00eancias ao pai e \u00e0 m\u00e3e da obra: o ex-governador Agnelo Queiroz e a ex-presidente Dilma Rousseff. Isso n\u00e3o pode ser esquecido. \u00c9 importante &#8211; e isso [&hellip;]\" \/>\n<meta property=\"og:url\" content=\"https:\/\/www.notibras.com\/site\/pac-de-dilma-pedido-por-agnelo-faz-surgir-o-tunel\/\" \/>\n<meta property=\"og:site_name\" content=\"Notibras\" \/>\n<meta property=\"article:publisher\" content=\"https:\/\/www.facebook.com\/notibras\/\" \/>\n<meta property=\"article:published_time\" content=\"2023-06-03T05:44:00+00:00\" \/>\n<meta property=\"article:modified_time\" content=\"2023-06-03T05:44:57+00:00\" \/>\n<meta property=\"og:image\" content=\"https:\/\/www.notibras.com\/site\/wp-content\/uploads\/2023\/06\/boulevard-Foto-Paulo-H-carvalho-2-1536x1024-1.jpg\" \/>\n\t<meta property=\"og:image:width\" content=\"1536\" \/>\n\t<meta property=\"og:image:height\" content=\"1024\" \/>\n\t<meta property=\"og:image:type\" content=\"image\/jpeg\" \/>\n<meta name=\"author\" content=\"Reda\u00e7\u00e3o\" \/>\n<meta name=\"twitter:card\" content=\"summary_large_image\" \/>\n<meta name=\"twitter:creator\" content=\"@Notibras\" \/>\n<meta name=\"twitter:site\" content=\"@Notibras\" \/>\n<meta name=\"twitter:label1\" content=\"Escrito por\" \/>\n\t<meta name=\"twitter:data1\" content=\"Reda\u00e7\u00e3o\" \/>\n\t<meta name=\"twitter:label2\" content=\"Est. tempo de leitura\" \/>\n\t<meta name=\"twitter:data2\" content=\"1 minuto\" \/>\n<script type=\"application\/ld+json\" class=\"yoast-schema-graph\">{\"@context\":\"https:\/\/schema.org\",\"@graph\":[{\"@type\":\"Article\",\"@id\":\"https:\/\/www.notibras.com\/site\/pac-de-dilma-pedido-por-agnelo-faz-surgir-o-tunel\/#article\",\"isPartOf\":{\"@id\":\"https:\/\/www.notibras.com\/site\/pac-de-dilma-pedido-por-agnelo-faz-surgir-o-tunel\/\"},\"author\":{\"name\":\"Reda\u00e7\u00e3o\",\"@id\":\"https:\/\/www.notibras.com\/site\/#\/schema\/person\/36ab0979449956132d3e5b517ea76ac8\"},\"headline\":\"PAC de Dilma, pedido por Agnelo, faz surgir o t\u00fanel\",\"datePublished\":\"2023-06-03T05:44:00+00:00\",\"dateModified\":\"2023-06-03T05:44:57+00:00\",\"mainEntityOfPage\":{\"@id\":\"https:\/\/www.notibras.com\/site\/pac-de-dilma-pedido-por-agnelo-faz-surgir-o-tunel\/\"},\"wordCount\":170,\"publisher\":{\"@id\":\"https:\/\/www.notibras.com\/site\/#organization\"},\"image\":{\"@id\":\"https:\/\/www.notibras.com\/site\/pac-de-dilma-pedido-por-agnelo-faz-surgir-o-tunel\/#primaryimage\"},\"thumbnailUrl\":\"https:\/\/www.notibras.com\/site\/wp-content\/uploads\/2023\/06\/boulevard-Foto-Paulo-H-carvalho-2-1536x1024-1.jpg\",\"articleSection\":[\"Quadradinho em Foco\"],\"inLanguage\":\"pt-BR\"},{\"@type\":\"WebPage\",\"@id\":\"https:\/\/www.notibras.com\/site\/pac-de-dilma-pedido-por-agnelo-faz-surgir-o-tunel\/\",\"url\":\"https:\/\/www.notibras.com\/site\/pac-de-dilma-pedido-por-agnelo-faz-surgir-o-tunel\/\",\"name\":\"PAC de Dilma, pedido por Agnelo, faz surgir o t\u00fanel - Notibras\",\"isPartOf\":{\"@id\":\"https:\/\/www.notibras.com\/site\/#website\"},\"primaryImageOfPage\":{\"@id\":\"https:\/\/www.notibras.com\/site\/pac-de-dilma-pedido-por-agnelo-faz-surgir-o-tunel\/#primaryimage\"},\"image\":{\"@id\":\"https:\/\/www.notibras.com\/site\/pac-de-dilma-pedido-por-agnelo-faz-surgir-o-tunel\/#primaryimage\"},\"thumbnailUrl\":\"https:\/\/www.notibras.com\/site\/wp-content\/uploads\/2023\/06\/boulevard-Foto-Paulo-H-carvalho-2-1536x1024-1.jpg\",\"datePublished\":\"2023-06-03T05:44:00+00:00\",\"dateModified\":\"2023-06-03T05:44:57+00:00\",\"breadcrumb\":{\"@id\":\"https:\/\/www.notibras.com\/site\/pac-de-dilma-pedido-por-agnelo-faz-surgir-o-tunel\/#breadcrumb\"},\"inLanguage\":\"pt-BR\",\"potentialAction\":[{\"@type\":\"ReadAction\",\"target\":[\"https:\/\/www.notibras.com\/site\/pac-de-dilma-pedido-por-agnelo-faz-surgir-o-tunel\/\"]}]},{\"@type\":\"ImageObject\",\"inLanguage\":\"pt-BR\",\"@id\":\"https:\/\/www.notibras.com\/site\/pac-de-dilma-pedido-por-agnelo-faz-surgir-o-tunel\/#primaryimage\",\"url\":\"https:\/\/www.notibras.com\/site\/wp-content\/uploads\/2023\/06\/boulevard-Foto-Paulo-H-carvalho-2-1536x1024-1.jpg\",\"contentUrl\":\"https:\/\/www.notibras.com\/site\/wp-content\/uploads\/2023\/06\/boulevard-Foto-Paulo-H-carvalho-2-1536x1024-1.jpg\",\"width\":1536,\"height\":1024},{\"@type\":\"BreadcrumbList\",\"@id\":\"https:\/\/www.notibras.com\/site\/pac-de-dilma-pedido-por-agnelo-faz-surgir-o-tunel\/#breadcrumb\",\"itemListElement\":[{\"@type\":\"ListItem\",\"position\":1,\"name\":\"In\u00edcio\",\"item\":\"https:\/\/www.notibras.com\/site\/\"},{\"@type\":\"ListItem\",\"position\":2,\"name\":\"PAC de Dilma, pedido por Agnelo, faz surgir o t\u00fanel\"}]},{\"@type\":\"WebSite\",\"@id\":\"https:\/\/www.notibras.com\/site\/#website\",\"url\":\"https:\/\/www.notibras.com\/site\/\",\"name\":\"Notibras\",\"description\":\"Not\u00edcias de Bras\u00edlia, do Brasil e do Mundo\",\"publisher\":{\"@id\":\"https:\/\/www.notibras.com\/site\/#organization\"},\"potentialAction\":[{\"@type\":\"SearchAction\",\"target\":{\"@type\":\"EntryPoint\",\"urlTemplate\":\"https:\/\/www.notibras.com\/site\/?s={search_term_string}\"},\"query-input\":{\"@type\":\"PropertyValueSpecification\",\"valueRequired\":true,\"valueName\":\"search_term_string\"}}],\"inLanguage\":\"pt-BR\"},{\"@type\":\"Organization\",\"@id\":\"https:\/\/www.notibras.com\/site\/#organization\",\"name\":\"Grupo Notibras de Comunica\u00e7\u00e3o\",\"url\":\"https:\/\/www.notibras.com\/site\/\",\"logo\":{\"@type\":\"ImageObject\",\"inLanguage\":\"pt-BR\",\"@id\":\"https:\/\/www.notibras.com\/site\/#\/schema\/logo\/image\/\",\"url\":\"https:\/\/www.notibras.com\/site\/wp-content\/uploads\/2023\/01\/notibras23.png\",\"contentUrl\":\"https:\/\/www.notibras.com\/site\/wp-content\/uploads\/2023\/01\/notibras23.png\",\"width\":350,\"height\":87,\"caption\":\"Grupo Notibras de Comunica\u00e7\u00e3o\"},\"image\":{\"@id\":\"https:\/\/www.notibras.com\/site\/#\/schema\/logo\/image\/\"},\"sameAs\":[\"https:\/\/www.facebook.com\/notibras\/\",\"https:\/\/x.com\/Notibras\",\"https:\/\/www.instagram.com\/notibras\/\"]},{\"@type\":\"Person\",\"@id\":\"https:\/\/www.notibras.com\/site\/#\/schema\/person\/36ab0979449956132d3e5b517ea76ac8\",\"name\":\"Reda\u00e7\u00e3o\",\"image\":{\"@type\":\"ImageObject\",\"inLanguage\":\"pt-BR\",\"@id\":\"https:\/\/secure.gravatar.com\/avatar\/e0a867bdedb85fd243eadf09663511f96fc81e0720a4a42581f334ad4303aa6b?s=96&d=mm&r=g\",\"url\":\"https:\/\/secure.gravatar.com\/avatar\/e0a867bdedb85fd243eadf09663511f96fc81e0720a4a42581f334ad4303aa6b?s=96&d=mm&r=g\",\"contentUrl\":\"https:\/\/secure.gravatar.com\/avatar\/e0a867bdedb85fd243eadf09663511f96fc81e0720a4a42581f334ad4303aa6b?s=96&d=mm&r=g\",\"caption\":\"Reda\u00e7\u00e3o\"}}]}<\/script>\n<!-- \/ Yoast SEO plugin. -->","yoast_head_json":{"title":"PAC de Dilma, pedido por Agnelo, faz surgir o t\u00fanel - Notibras","robots":{"index":"index","follow":"follow","max-snippet":"max-snippet:-1","max-image-preview":"max-image-preview:large","max-video-preview":"max-video-preview:-1"},"canonical":"https:\/\/www.notibras.com\/site\/pac-de-dilma-pedido-por-agnelo-faz-surgir-o-tunel\/","og_locale":"pt_BR","og_type":"article","og_title":"PAC de Dilma, pedido por Agnelo, faz surgir o t\u00fanel - Notibras","og_description":"Uma visita t\u00e9cnica ao t\u00fanel do centro de Taguatinga mostra que est\u00e1 tudo pronto para sua inaugura\u00e7\u00e3o na segunda-feira, 5. O que n\u00e3o se v\u00ea por l\u00e1, s\u00e3o refer\u00eancias ao pai e \u00e0 m\u00e3e da obra: o ex-governador Agnelo Queiroz e a ex-presidente Dilma Rousseff. Isso n\u00e3o pode ser esquecido. \u00c9 importante &#8211; e isso [&hellip;]","og_url":"https:\/\/www.notibras.com\/site\/pac-de-dilma-pedido-por-agnelo-faz-surgir-o-tunel\/","og_site_name":"Notibras","article_publisher":"https:\/\/www.facebook.com\/notibras\/","article_published_time":"2023-06-03T05:44:00+00:00","article_modified_time":"2023-06-03T05:44:57+00:00","og_image":[{"width":1536,"height":1024,"url":"https:\/\/www.notibras.com\/site\/wp-content\/uploads\/2023\/06\/boulevard-Foto-Paulo-H-carvalho-2-1536x1024-1.jpg","type":"image\/jpeg"}],"author":"Reda\u00e7\u00e3o","twitter_card":"summary_large_image","twitter_creator":"@Notibras","twitter_site":"@Notibras","twitter_misc":{"Escrito por":"Reda\u00e7\u00e3o","Est. tempo de leitura":"1 minuto"},"schema":{"@context":"https:\/\/schema.org","@graph":[{"@type":"Article","@id":"https:\/\/www.notibras.com\/site\/pac-de-dilma-pedido-por-agnelo-faz-surgir-o-tunel\/#article","isPartOf":{"@id":"https:\/\/www.notibras.com\/site\/pac-de-dilma-pedido-por-agnelo-faz-surgir-o-tunel\/"},"author":{"name":"Reda\u00e7\u00e3o","@id":"https:\/\/www.notibras.com\/site\/#\/schema\/person\/36ab0979449956132d3e5b517ea76ac8"},"headline":"PAC de Dilma, pedido por Agnelo, faz surgir o t\u00fanel","datePublished":"2023-06-03T05:44:00+00:00","dateModified":"2023-06-03T05:44:57+00:00","mainEntityOfPage":{"@id":"https:\/\/www.notibras.com\/site\/pac-de-dilma-pedido-por-agnelo-faz-surgir-o-tunel\/"},"wordCount":170,"publisher":{"@id":"https:\/\/www.notibras.com\/site\/#organization"},"image":{"@id":"https:\/\/www.notibras.com\/site\/pac-de-dilma-pedido-por-agnelo-faz-surgir-o-tunel\/#primaryimage"},"thumbnailUrl":"https:\/\/www.notibras.com\/site\/wp-content\/uploads\/2023\/06\/boulevard-Foto-Paulo-H-carvalho-2-1536x1024-1.jpg","articleSection":["Quadradinho em Foco"],"inLanguage":"pt-BR"},{"@type":"WebPage","@id":"https:\/\/www.notibras.com\/site\/pac-de-dilma-pedido-por-agnelo-faz-surgir-o-tunel\/","url":"https:\/\/www.notibras.com\/site\/pac-de-dilma-pedido-por-agnelo-faz-surgir-o-tunel\/","name":"PAC de Dilma, pedido por Agnelo, faz surgir o t\u00fanel - Notibras","isPartOf":{"@id":"https:\/\/www.notibras.com\/site\/#website"},"primaryImageOfPage":{"@id":"https:\/\/www.notibras.com\/site\/pac-de-dilma-pedido-por-agnelo-faz-surgir-o-tunel\/#primaryimage"},"image":{"@id":"https:\/\/www.notibras.com\/site\/pac-de-dilma-pedido-por-agnelo-faz-surgir-o-tunel\/#primaryimage"},"thumbnailUrl":"https:\/\/www.notibras.com\/site\/wp-content\/uploads\/2023\/06\/boulevard-Foto-Paulo-H-carvalho-2-1536x1024-1.jpg","datePublished":"2023-06-03T05:44:00+00:00","dateModified":"2023-06-03T05:44:57+00:00","breadcrumb":{"@id":"https:\/\/www.notibras.com\/site\/pac-de-dilma-pedido-por-agnelo-faz-surgir-o-tunel\/#breadcrumb"},"inLanguage":"pt-BR","potentialAction":[{"@type":"ReadAction","target":["https:\/\/www.notibras.com\/site\/pac-de-dilma-pedido-por-agnelo-faz-surgir-o-tunel\/"]}]},{"@type":"ImageObject","inLanguage":"pt-BR","@id":"https:\/\/www.notibras.com\/site\/pac-de-dilma-pedido-por-agnelo-faz-surgir-o-tunel\/#primaryimage","url":"https:\/\/www.notibras.com\/site\/wp-content\/uploads\/2023\/06\/boulevard-Foto-Paulo-H-carvalho-2-1536x1024-1.jpg","contentUrl":"https:\/\/www.notibras.com\/site\/wp-content\/uploads\/2023\/06\/boulevard-Foto-Paulo-H-carvalho-2-1536x1024-1.jpg","width":1536,"height":1024},{"@type":"BreadcrumbList","@id":"https:\/\/www.notibras.com\/site\/pac-de-dilma-pedido-por-agnelo-faz-surgir-o-tunel\/#breadcrumb","itemListElement":[{"@type":"ListItem","position":1,"name":"In\u00edcio","item":"https:\/\/www.notibras.com\/site\/"},{"@type":"ListItem","position":2,"name":"PAC de Dilma, pedido por Agnelo, faz surgir o t\u00fanel"}]},{"@type":"WebSite","@id":"https:\/\/www.notibras.com\/site\/#website","url":"https:\/\/www.notibras.com\/site\/","name":"Notibras","description":"Not\u00edcias de Bras\u00edlia, do Brasil e do Mundo","publisher":{"@id":"https:\/\/www.notibras.com\/site\/#organization"},"potentialAction":[{"@type":"SearchAction","target":{"@type":"EntryPoint","urlTemplate":"https:\/\/www.notibras.com\/site\/?s={search_term_string}"},"query-input":{"@type":"PropertyValueSpecification","valueRequired":true,"valueName":"search_term_string"}}],"inLanguage":"pt-BR"},{"@type":"Organization","@id":"https:\/\/www.notibras.com\/site\/#organization","name":"Grupo Notibras de Comunica\u00e7\u00e3o","url":"https:\/\/www.notibras.com\/site\/","logo":{"@type":"ImageObject","inLanguage":"pt-BR","@id":"https:\/\/www.notibras.com\/site\/#\/schema\/logo\/image\/","url":"https:\/\/www.notibras.com\/site\/wp-content\/uploads\/2023\/01\/notibras23.png","contentUrl":"https:\/\/www.notibras.com\/site\/wp-content\/uploads\/2023\/01\/notibras23.png","width":350,"height":87,"caption":"Grupo Notibras de Comunica\u00e7\u00e3o"},"image":{"@id":"https:\/\/www.notibras.com\/site\/#\/schema\/logo\/image\/"},"sameAs":["https:\/\/www.facebook.com\/notibras\/","https:\/\/x.com\/Notibras","https:\/\/www.instagram.com\/notibras\/"]},{"@type":"Person","@id":"https:\/\/www.notibras.com\/site\/#\/schema\/person\/36ab0979449956132d3e5b517ea76ac8","name":"Reda\u00e7\u00e3o","image":{"@type":"ImageObject","inLanguage":"pt-BR","@id":"https:\/\/secure.gravatar.com\/avatar\/e0a867bdedb85fd243eadf09663511f96fc81e0720a4a42581f334ad4303aa6b?s=96&d=mm&r=g","url":"https:\/\/secure.gravatar.com\/avatar\/e0a867bdedb85fd243eadf09663511f96fc81e0720a4a42581f334ad4303aa6b?s=96&d=mm&r=g","contentUrl":"https:\/\/secure.gravatar.com\/avatar\/e0a867bdedb85fd243eadf09663511f96fc81e0720a4a42581f334ad4303aa6b?s=96&d=mm&r=g","caption":"Reda\u00e7\u00e3o"}}]}},"amp_enabled":true,"_links":{"self":[{"href":"https:\/\/www.notibras.com\/site\/wp-json\/wp\/v2\/posts\/306184","targetHints":{"allow":["GET"]}}],"collection":[{"href":"https:\/\/www.notibras.com\/site\/wp-json\/wp\/v2\/posts"}],"about":[{"href":"https:\/\/www.notibras.com\/site\/wp-json\/wp\/v2\/types\/post"}],"author":[{"embeddable":true,"href":"https:\/\/www.notibras.com\/site\/wp-json\/wp\/v2\/users\/2"}],"replies":[{"embeddable":true,"href":"https:\/\/www.notibras.com\/site\/wp-json\/wp\/v2\/comments?post=306184"}],"version-history":[{"count":1,"href":"https:\/\/www.notibras.com\/site\/wp-json\/wp\/v2\/posts\/306184\/revisions"}],"predecessor-version":[{"id":306186,"href":"https:\/\/www.notibras.com\/site\/wp-json\/wp\/v2\/posts\/306184\/revisions\/306186"}],"wp:featuredmedia":[{"embeddable":true,"href":"https:\/\/www.notibras.com\/site\/wp-json\/wp\/v2\/media\/306185"}],"wp:attachment":[{"href":"https:\/\/www.notibras.com\/site\/wp-json\/wp\/v2\/media?parent=306184"}],"wp:term":[{"taxonomy":"category","embeddable":true,"href":"https:\/\/www.notibras.com\/site\/wp-json\/wp\/v2\/categories?post=306184"},{"taxonomy":"post_tag","embeddable":true,"href":"https:\/\/www.notibras.com\/site\/wp-json\/wp\/v2\/tags?post=306184"}],"curies":[{"name":"wp","href":"https:\/\/api.w.org\/{rel}","templated":true}]}}