{"id":306188,"date":"2023-06-03T00:00:36","date_gmt":"2023-06-03T03:00:36","guid":{"rendered":"https:\/\/www.notibras.com\/site\/?p=306188"},"modified":"2023-06-03T02:54:13","modified_gmt":"2023-06-03T05:54:13","slug":"supremo-aprova-pacto-e-lula-paga-por-erros-de-bolsonaro","status":"publish","type":"post","link":"https:\/\/www.notibras.com\/site\/supremo-aprova-pacto-e-lula-paga-por-erros-de-bolsonaro\/","title":{"rendered":"Supremo aprova pacto e Lula paga por erros de Bolsonaro"},"content":{"rendered":"<p>O Supremo Tribunal Federal (STF) formou nesta sexta-feira (2) maioria de oito votos para validar o acordo no qual o governo federal se compromete a repassar R$ 26,9 bilh\u00f5es, at\u00e9 2026, aos estados e ao Distrito Federal por perdas na arrecada\u00e7\u00e3o do Imposto sobre Circula\u00e7\u00e3o de Mercadorias e Servi\u00e7os (ICMS) causadas pela desonera\u00e7\u00e3o de combust\u00edveis no governo de Jair Bolsonaro.<\/p>\n<p>A Corte analisou, em sess\u00e3o virtual, um acordo homologado pelo ministro Gilmar Mendes ap\u00f3s rodadas de negocia\u00e7\u00f5es entre a Uni\u00e3o e representantes dos estados.<\/p>\n<p>A necessidade de compensa\u00e7\u00e3o foi criada ap\u00f3s a aprova\u00e7\u00e3o, em junho do ano passado, no Congresso, de duas leis complementares que desoneraram o ICMS cobrado sobre a venda de combust\u00edveis, uma das principais fontes de arrecada\u00e7\u00e3o das 27 unidades federativas. O objetivo foi conter o aumento de pre\u00e7os nos postos.<\/p>\n<p>A legisla\u00e7\u00e3o previa compensa\u00e7\u00e3o aos estados e ao DF, mas o ent\u00e3o presidente Jair Bolsonaro vetou o dispositivo. Ap\u00f3s o Congresso derrubar o veto, o caso acabou sendo levado ao Supremo.<\/p>\n<p>Diante do impasse pol\u00edtico e legal, o ministro Gilmar Mendes, um dos relatores do tema, criou uma comiss\u00e3o especial para promover uma concilia\u00e7\u00e3o.<\/p>\n<p><strong>Regras<\/strong><br \/>\nAgora, o Supremo julga se homologa o novo valor para a compensa\u00e7\u00e3o, ap\u00f3s as partes concordarem a respeito das estimativas de perda de arrecada\u00e7\u00e3o. Dos R$ 26,9 bilh\u00f5es acordados, R$ 4 bilh\u00f5es devem ser pagos pela Uni\u00e3o ainda este ano. O restante fica para 2025 e 2026.<\/p>\n<p>At\u00e9 o momento, estados e DF j\u00e1 conseguiram liminares (decis\u00f5es provis\u00f3rias) do Supremo para suspender cerca de R$ 9 bilh\u00f5es em parcelas de d\u00edvidas com a Uni\u00e3o, de modo a compensar a perda com a desonera\u00e7\u00e3o de combust\u00edveis.<\/p>\n<p>O acordo aprovado hoje por maioria do STF prev\u00ea regras para que a Uni\u00e3o tamb\u00e9m possa descontar esse valor do total ainda a compensar, de acordo com a situa\u00e7\u00e3o de cada estado. Segundo a Fazenda, algumas unidades da federa\u00e7\u00e3o conseguiram compensar ainda mais do que teriam a receber. H\u00e1 estados que ainda n\u00e3o obtiveram nada.<\/p>\n<p>Dos que ainda tem saldo a receber, a regras preveem que os estados com at\u00e9 R$ 150 milh\u00f5es em compensa\u00e7\u00f5es receber\u00e3o 50% em 2023 e 50% em 2024, com recursos do Tesouro Nacional. Os estados com compensa\u00e7\u00f5es entre R$ 150 milh\u00f5es e R$ 500 milh\u00f5es, receber\u00e3o um ter\u00e7o do valor em 2023 e dois ter\u00e7os em 2024. Os estados com mais de R$ 500 milh\u00f5es receber\u00e3o 25% em 2023, 50% em 2024 e 25% em 2025.<\/p>\n","protected":false},"excerpt":{"rendered":"<p>O Supremo Tribunal Federal (STF) formou nesta sexta-feira (2) maioria de oito votos para validar o acordo no qual o governo federal se compromete a repassar R$ 26,9 bilh\u00f5es, at\u00e9 2026, aos estados e ao Distrito Federal por perdas na arrecada\u00e7\u00e3o do Imposto sobre Circula\u00e7\u00e3o de Mercadorias e Servi\u00e7os (ICMS) causadas pela desonera\u00e7\u00e3o de combust\u00edveis [&hellip;]<\/p>\n","protected":false},"author":2,"featured_media":273237,"comment_status":"closed","ping_status":"closed","sticky":false,"template":"","format":"standard","meta":{"_acf_changed":false,"footnotes":""},"categories":[161],"tags":[],"class_list":["post-306188","post","type-post","status-publish","format-standard","has-post-thumbnail","hentry","category-quadradinho-em-foco"],"acf":[],"yoast_head":"<!-- This site is optimized with the Yoast SEO plugin v27.2 - https:\/\/yoast.com\/product\/yoast-seo-wordpress\/ -->\n<title>Supremo aprova pacto e Lula paga por erros de Bolsonaro - Notibras<\/title>\n<meta name=\"robots\" content=\"index, follow, max-snippet:-1, max-image-preview:large, max-video-preview:-1\" \/>\n<link rel=\"canonical\" href=\"https:\/\/www.notibras.com\/site\/supremo-aprova-pacto-e-lula-paga-por-erros-de-bolsonaro\/\" \/>\n<meta property=\"og:locale\" content=\"pt_BR\" \/>\n<meta property=\"og:type\" content=\"article\" \/>\n<meta property=\"og:title\" content=\"Supremo aprova pacto e Lula paga por erros de Bolsonaro - Notibras\" \/>\n<meta property=\"og:description\" content=\"O Supremo Tribunal Federal (STF) formou nesta sexta-feira (2) maioria de oito votos para validar o acordo no qual o governo federal se compromete a repassar R$ 26,9 bilh\u00f5es, at\u00e9 2026, aos estados e ao Distrito Federal por perdas na arrecada\u00e7\u00e3o do Imposto sobre Circula\u00e7\u00e3o de Mercadorias e Servi\u00e7os (ICMS) causadas pela desonera\u00e7\u00e3o de combust\u00edveis [&hellip;]\" \/>\n<meta property=\"og:url\" content=\"https:\/\/www.notibras.com\/site\/supremo-aprova-pacto-e-lula-paga-por-erros-de-bolsonaro\/\" \/>\n<meta property=\"og:site_name\" content=\"Notibras\" \/>\n<meta property=\"article:publisher\" content=\"https:\/\/www.facebook.com\/notibras\/\" \/>\n<meta property=\"article:published_time\" content=\"2023-06-03T03:00:36+00:00\" \/>\n<meta property=\"article:modified_time\" content=\"2023-06-03T05:54:13+00:00\" \/>\n<meta property=\"og:image\" content=\"https:\/\/www.notibras.com\/site\/wp-content\/uploads\/2021\/10\/gasolina-diego-vara.jpg\" \/>\n\t<meta property=\"og:image:width\" content=\"1170\" \/>\n\t<meta property=\"og:image:height\" content=\"700\" \/>\n\t<meta property=\"og:image:type\" content=\"image\/jpeg\" \/>\n<meta name=\"author\" content=\"Reda\u00e7\u00e3o\" \/>\n<meta name=\"twitter:card\" content=\"summary_large_image\" \/>\n<meta name=\"twitter:creator\" content=\"@Notibras\" \/>\n<meta name=\"twitter:site\" content=\"@Notibras\" \/>\n<meta name=\"twitter:label1\" content=\"Escrito por\" \/>\n\t<meta name=\"twitter:data1\" content=\"Reda\u00e7\u00e3o\" \/>\n\t<meta name=\"twitter:label2\" content=\"Est. tempo de leitura\" \/>\n\t<meta name=\"twitter:data2\" content=\"3 minutos\" \/>\n<script type=\"application\/ld+json\" class=\"yoast-schema-graph\">{\"@context\":\"https:\/\/schema.org\",\"@graph\":[{\"@type\":\"Article\",\"@id\":\"https:\/\/www.notibras.com\/site\/supremo-aprova-pacto-e-lula-paga-por-erros-de-bolsonaro\/#article\",\"isPartOf\":{\"@id\":\"https:\/\/www.notibras.com\/site\/supremo-aprova-pacto-e-lula-paga-por-erros-de-bolsonaro\/\"},\"author\":{\"name\":\"Reda\u00e7\u00e3o\",\"@id\":\"https:\/\/www.notibras.com\/site\/#\/schema\/person\/36ab0979449956132d3e5b517ea76ac8\"},\"headline\":\"Supremo aprova pacto e Lula paga por erros de Bolsonaro\",\"datePublished\":\"2023-06-03T03:00:36+00:00\",\"dateModified\":\"2023-06-03T05:54:13+00:00\",\"mainEntityOfPage\":{\"@id\":\"https:\/\/www.notibras.com\/site\/supremo-aprova-pacto-e-lula-paga-por-erros-de-bolsonaro\/\"},\"wordCount\":442,\"publisher\":{\"@id\":\"https:\/\/www.notibras.com\/site\/#organization\"},\"image\":{\"@id\":\"https:\/\/www.notibras.com\/site\/supremo-aprova-pacto-e-lula-paga-por-erros-de-bolsonaro\/#primaryimage\"},\"thumbnailUrl\":\"https:\/\/www.notibras.com\/site\/wp-content\/uploads\/2021\/10\/gasolina-diego-vara.jpg\",\"articleSection\":[\"Quadradinho em Foco\"],\"inLanguage\":\"pt-BR\"},{\"@type\":\"WebPage\",\"@id\":\"https:\/\/www.notibras.com\/site\/supremo-aprova-pacto-e-lula-paga-por-erros-de-bolsonaro\/\",\"url\":\"https:\/\/www.notibras.com\/site\/supremo-aprova-pacto-e-lula-paga-por-erros-de-bolsonaro\/\",\"name\":\"Supremo aprova pacto e Lula paga por erros de Bolsonaro - Notibras\",\"isPartOf\":{\"@id\":\"https:\/\/www.notibras.com\/site\/#website\"},\"primaryImageOfPage\":{\"@id\":\"https:\/\/www.notibras.com\/site\/supremo-aprova-pacto-e-lula-paga-por-erros-de-bolsonaro\/#primaryimage\"},\"image\":{\"@id\":\"https:\/\/www.notibras.com\/site\/supremo-aprova-pacto-e-lula-paga-por-erros-de-bolsonaro\/#primaryimage\"},\"thumbnailUrl\":\"https:\/\/www.notibras.com\/site\/wp-content\/uploads\/2021\/10\/gasolina-diego-vara.jpg\",\"datePublished\":\"2023-06-03T03:00:36+00:00\",\"dateModified\":\"2023-06-03T05:54:13+00:00\",\"breadcrumb\":{\"@id\":\"https:\/\/www.notibras.com\/site\/supremo-aprova-pacto-e-lula-paga-por-erros-de-bolsonaro\/#breadcrumb\"},\"inLanguage\":\"pt-BR\",\"potentialAction\":[{\"@type\":\"ReadAction\",\"target\":[\"https:\/\/www.notibras.com\/site\/supremo-aprova-pacto-e-lula-paga-por-erros-de-bolsonaro\/\"]}]},{\"@type\":\"ImageObject\",\"inLanguage\":\"pt-BR\",\"@id\":\"https:\/\/www.notibras.com\/site\/supremo-aprova-pacto-e-lula-paga-por-erros-de-bolsonaro\/#primaryimage\",\"url\":\"https:\/\/www.notibras.com\/site\/wp-content\/uploads\/2021\/10\/gasolina-diego-vara.jpg\",\"contentUrl\":\"https:\/\/www.notibras.com\/site\/wp-content\/uploads\/2021\/10\/gasolina-diego-vara.jpg\",\"width\":1170,\"height\":700},{\"@type\":\"BreadcrumbList\",\"@id\":\"https:\/\/www.notibras.com\/site\/supremo-aprova-pacto-e-lula-paga-por-erros-de-bolsonaro\/#breadcrumb\",\"itemListElement\":[{\"@type\":\"ListItem\",\"position\":1,\"name\":\"In\u00edcio\",\"item\":\"https:\/\/www.notibras.com\/site\/\"},{\"@type\":\"ListItem\",\"position\":2,\"name\":\"Supremo aprova pacto e Lula paga por erros de Bolsonaro\"}]},{\"@type\":\"WebSite\",\"@id\":\"https:\/\/www.notibras.com\/site\/#website\",\"url\":\"https:\/\/www.notibras.com\/site\/\",\"name\":\"Notibras\",\"description\":\"Not\u00edcias de Bras\u00edlia, do Brasil e do Mundo\",\"publisher\":{\"@id\":\"https:\/\/www.notibras.com\/site\/#organization\"},\"potentialAction\":[{\"@type\":\"SearchAction\",\"target\":{\"@type\":\"EntryPoint\",\"urlTemplate\":\"https:\/\/www.notibras.com\/site\/?s={search_term_string}\"},\"query-input\":{\"@type\":\"PropertyValueSpecification\",\"valueRequired\":true,\"valueName\":\"search_term_string\"}}],\"inLanguage\":\"pt-BR\"},{\"@type\":\"Organization\",\"@id\":\"https:\/\/www.notibras.com\/site\/#organization\",\"name\":\"Grupo Notibras de Comunica\u00e7\u00e3o\",\"url\":\"https:\/\/www.notibras.com\/site\/\",\"logo\":{\"@type\":\"ImageObject\",\"inLanguage\":\"pt-BR\",\"@id\":\"https:\/\/www.notibras.com\/site\/#\/schema\/logo\/image\/\",\"url\":\"https:\/\/www.notibras.com\/site\/wp-content\/uploads\/2023\/01\/notibras23.png\",\"contentUrl\":\"https:\/\/www.notibras.com\/site\/wp-content\/uploads\/2023\/01\/notibras23.png\",\"width\":350,\"height\":87,\"caption\":\"Grupo Notibras de Comunica\u00e7\u00e3o\"},\"image\":{\"@id\":\"https:\/\/www.notibras.com\/site\/#\/schema\/logo\/image\/\"},\"sameAs\":[\"https:\/\/www.facebook.com\/notibras\/\",\"https:\/\/x.com\/Notibras\",\"https:\/\/www.instagram.com\/notibras\/\"]},{\"@type\":\"Person\",\"@id\":\"https:\/\/www.notibras.com\/site\/#\/schema\/person\/36ab0979449956132d3e5b517ea76ac8\",\"name\":\"Reda\u00e7\u00e3o\",\"image\":{\"@type\":\"ImageObject\",\"inLanguage\":\"pt-BR\",\"@id\":\"https:\/\/secure.gravatar.com\/avatar\/e0a867bdedb85fd243eadf09663511f96fc81e0720a4a42581f334ad4303aa6b?s=96&d=mm&r=g\",\"url\":\"https:\/\/secure.gravatar.com\/avatar\/e0a867bdedb85fd243eadf09663511f96fc81e0720a4a42581f334ad4303aa6b?s=96&d=mm&r=g\",\"contentUrl\":\"https:\/\/secure.gravatar.com\/avatar\/e0a867bdedb85fd243eadf09663511f96fc81e0720a4a42581f334ad4303aa6b?s=96&d=mm&r=g\",\"caption\":\"Reda\u00e7\u00e3o\"}}]}<\/script>\n<!-- \/ Yoast SEO plugin. -->","yoast_head_json":{"title":"Supremo aprova pacto e Lula paga por erros de Bolsonaro - Notibras","robots":{"index":"index","follow":"follow","max-snippet":"max-snippet:-1","max-image-preview":"max-image-preview:large","max-video-preview":"max-video-preview:-1"},"canonical":"https:\/\/www.notibras.com\/site\/supremo-aprova-pacto-e-lula-paga-por-erros-de-bolsonaro\/","og_locale":"pt_BR","og_type":"article","og_title":"Supremo aprova pacto e Lula paga por erros de Bolsonaro - Notibras","og_description":"O Supremo Tribunal Federal (STF) formou nesta sexta-feira (2) maioria de oito votos para validar o acordo no qual o governo federal se compromete a repassar R$ 26,9 bilh\u00f5es, at\u00e9 2026, aos estados e ao Distrito Federal por perdas na arrecada\u00e7\u00e3o do Imposto sobre Circula\u00e7\u00e3o de Mercadorias e Servi\u00e7os (ICMS) causadas pela desonera\u00e7\u00e3o de combust\u00edveis [&hellip;]","og_url":"https:\/\/www.notibras.com\/site\/supremo-aprova-pacto-e-lula-paga-por-erros-de-bolsonaro\/","og_site_name":"Notibras","article_publisher":"https:\/\/www.facebook.com\/notibras\/","article_published_time":"2023-06-03T03:00:36+00:00","article_modified_time":"2023-06-03T05:54:13+00:00","og_image":[{"width":1170,"height":700,"url":"https:\/\/www.notibras.com\/site\/wp-content\/uploads\/2021\/10\/gasolina-diego-vara.jpg","type":"image\/jpeg"}],"author":"Reda\u00e7\u00e3o","twitter_card":"summary_large_image","twitter_creator":"@Notibras","twitter_site":"@Notibras","twitter_misc":{"Escrito por":"Reda\u00e7\u00e3o","Est. tempo de leitura":"3 minutos"},"schema":{"@context":"https:\/\/schema.org","@graph":[{"@type":"Article","@id":"https:\/\/www.notibras.com\/site\/supremo-aprova-pacto-e-lula-paga-por-erros-de-bolsonaro\/#article","isPartOf":{"@id":"https:\/\/www.notibras.com\/site\/supremo-aprova-pacto-e-lula-paga-por-erros-de-bolsonaro\/"},"author":{"name":"Reda\u00e7\u00e3o","@id":"https:\/\/www.notibras.com\/site\/#\/schema\/person\/36ab0979449956132d3e5b517ea76ac8"},"headline":"Supremo aprova pacto e Lula paga por erros de Bolsonaro","datePublished":"2023-06-03T03:00:36+00:00","dateModified":"2023-06-03T05:54:13+00:00","mainEntityOfPage":{"@id":"https:\/\/www.notibras.com\/site\/supremo-aprova-pacto-e-lula-paga-por-erros-de-bolsonaro\/"},"wordCount":442,"publisher":{"@id":"https:\/\/www.notibras.com\/site\/#organization"},"image":{"@id":"https:\/\/www.notibras.com\/site\/supremo-aprova-pacto-e-lula-paga-por-erros-de-bolsonaro\/#primaryimage"},"thumbnailUrl":"https:\/\/www.notibras.com\/site\/wp-content\/uploads\/2021\/10\/gasolina-diego-vara.jpg","articleSection":["Quadradinho em Foco"],"inLanguage":"pt-BR"},{"@type":"WebPage","@id":"https:\/\/www.notibras.com\/site\/supremo-aprova-pacto-e-lula-paga-por-erros-de-bolsonaro\/","url":"https:\/\/www.notibras.com\/site\/supremo-aprova-pacto-e-lula-paga-por-erros-de-bolsonaro\/","name":"Supremo aprova pacto e Lula paga por erros de Bolsonaro - Notibras","isPartOf":{"@id":"https:\/\/www.notibras.com\/site\/#website"},"primaryImageOfPage":{"@id":"https:\/\/www.notibras.com\/site\/supremo-aprova-pacto-e-lula-paga-por-erros-de-bolsonaro\/#primaryimage"},"image":{"@id":"https:\/\/www.notibras.com\/site\/supremo-aprova-pacto-e-lula-paga-por-erros-de-bolsonaro\/#primaryimage"},"thumbnailUrl":"https:\/\/www.notibras.com\/site\/wp-content\/uploads\/2021\/10\/gasolina-diego-vara.jpg","datePublished":"2023-06-03T03:00:36+00:00","dateModified":"2023-06-03T05:54:13+00:00","breadcrumb":{"@id":"https:\/\/www.notibras.com\/site\/supremo-aprova-pacto-e-lula-paga-por-erros-de-bolsonaro\/#breadcrumb"},"inLanguage":"pt-BR","potentialAction":[{"@type":"ReadAction","target":["https:\/\/www.notibras.com\/site\/supremo-aprova-pacto-e-lula-paga-por-erros-de-bolsonaro\/"]}]},{"@type":"ImageObject","inLanguage":"pt-BR","@id":"https:\/\/www.notibras.com\/site\/supremo-aprova-pacto-e-lula-paga-por-erros-de-bolsonaro\/#primaryimage","url":"https:\/\/www.notibras.com\/site\/wp-content\/uploads\/2021\/10\/gasolina-diego-vara.jpg","contentUrl":"https:\/\/www.notibras.com\/site\/wp-content\/uploads\/2021\/10\/gasolina-diego-vara.jpg","width":1170,"height":700},{"@type":"BreadcrumbList","@id":"https:\/\/www.notibras.com\/site\/supremo-aprova-pacto-e-lula-paga-por-erros-de-bolsonaro\/#breadcrumb","itemListElement":[{"@type":"ListItem","position":1,"name":"In\u00edcio","item":"https:\/\/www.notibras.com\/site\/"},{"@type":"ListItem","position":2,"name":"Supremo aprova pacto e Lula paga por erros de Bolsonaro"}]},{"@type":"WebSite","@id":"https:\/\/www.notibras.com\/site\/#website","url":"https:\/\/www.notibras.com\/site\/","name":"Notibras","description":"Not\u00edcias de Bras\u00edlia, do Brasil e do Mundo","publisher":{"@id":"https:\/\/www.notibras.com\/site\/#organization"},"potentialAction":[{"@type":"SearchAction","target":{"@type":"EntryPoint","urlTemplate":"https:\/\/www.notibras.com\/site\/?s={search_term_string}"},"query-input":{"@type":"PropertyValueSpecification","valueRequired":true,"valueName":"search_term_string"}}],"inLanguage":"pt-BR"},{"@type":"Organization","@id":"https:\/\/www.notibras.com\/site\/#organization","name":"Grupo Notibras de Comunica\u00e7\u00e3o","url":"https:\/\/www.notibras.com\/site\/","logo":{"@type":"ImageObject","inLanguage":"pt-BR","@id":"https:\/\/www.notibras.com\/site\/#\/schema\/logo\/image\/","url":"https:\/\/www.notibras.com\/site\/wp-content\/uploads\/2023\/01\/notibras23.png","contentUrl":"https:\/\/www.notibras.com\/site\/wp-content\/uploads\/2023\/01\/notibras23.png","width":350,"height":87,"caption":"Grupo Notibras de Comunica\u00e7\u00e3o"},"image":{"@id":"https:\/\/www.notibras.com\/site\/#\/schema\/logo\/image\/"},"sameAs":["https:\/\/www.facebook.com\/notibras\/","https:\/\/x.com\/Notibras","https:\/\/www.instagram.com\/notibras\/"]},{"@type":"Person","@id":"https:\/\/www.notibras.com\/site\/#\/schema\/person\/36ab0979449956132d3e5b517ea76ac8","name":"Reda\u00e7\u00e3o","image":{"@type":"ImageObject","inLanguage":"pt-BR","@id":"https:\/\/secure.gravatar.com\/avatar\/e0a867bdedb85fd243eadf09663511f96fc81e0720a4a42581f334ad4303aa6b?s=96&d=mm&r=g","url":"https:\/\/secure.gravatar.com\/avatar\/e0a867bdedb85fd243eadf09663511f96fc81e0720a4a42581f334ad4303aa6b?s=96&d=mm&r=g","contentUrl":"https:\/\/secure.gravatar.com\/avatar\/e0a867bdedb85fd243eadf09663511f96fc81e0720a4a42581f334ad4303aa6b?s=96&d=mm&r=g","caption":"Reda\u00e7\u00e3o"}}]}},"amp_enabled":true,"_links":{"self":[{"href":"https:\/\/www.notibras.com\/site\/wp-json\/wp\/v2\/posts\/306188","targetHints":{"allow":["GET"]}}],"collection":[{"href":"https:\/\/www.notibras.com\/site\/wp-json\/wp\/v2\/posts"}],"about":[{"href":"https:\/\/www.notibras.com\/site\/wp-json\/wp\/v2\/types\/post"}],"author":[{"embeddable":true,"href":"https:\/\/www.notibras.com\/site\/wp-json\/wp\/v2\/users\/2"}],"replies":[{"embeddable":true,"href":"https:\/\/www.notibras.com\/site\/wp-json\/wp\/v2\/comments?post=306188"}],"version-history":[{"count":1,"href":"https:\/\/www.notibras.com\/site\/wp-json\/wp\/v2\/posts\/306188\/revisions"}],"predecessor-version":[{"id":306189,"href":"https:\/\/www.notibras.com\/site\/wp-json\/wp\/v2\/posts\/306188\/revisions\/306189"}],"wp:featuredmedia":[{"embeddable":true,"href":"https:\/\/www.notibras.com\/site\/wp-json\/wp\/v2\/media\/273237"}],"wp:attachment":[{"href":"https:\/\/www.notibras.com\/site\/wp-json\/wp\/v2\/media?parent=306188"}],"wp:term":[{"taxonomy":"category","embeddable":true,"href":"https:\/\/www.notibras.com\/site\/wp-json\/wp\/v2\/categories?post=306188"},{"taxonomy":"post_tag","embeddable":true,"href":"https:\/\/www.notibras.com\/site\/wp-json\/wp\/v2\/tags?post=306188"}],"curies":[{"name":"wp","href":"https:\/\/api.w.org\/{rel}","templated":true}]}}