{"id":306247,"date":"2023-06-04T06:38:03","date_gmt":"2023-06-04T09:38:03","guid":{"rendered":"https:\/\/www.notibras.com\/site\/?p=306247"},"modified":"2023-06-04T06:38:03","modified_gmt":"2023-06-04T09:38:03","slug":"fila-de-golpistas-nao-para-e-supremo-pega-mais-70","status":"publish","type":"post","link":"https:\/\/www.notibras.com\/site\/fila-de-golpistas-nao-para-e-supremo-pega-mais-70\/","title":{"rendered":"Fila de golpistas n\u00e3o para e Supremo pega mais 70"},"content":{"rendered":"<p>O plen\u00e1rio do Supremo Tribunal Federal est\u00e1 julgando) mais 70 den\u00fancias ligadas aos atos golpistas de 8 de janeiro, quando centenas de v\u00e2ndalos invadiram e depredaram as sedes dos Tr\u00eas Poderes da Rep\u00fablica.<\/p>\n<p>O recebimento das den\u00fancias \u00e9 julgado no plen\u00e1rio virtual, modalidade na qual os ministros t\u00eam um per\u00edodo para votar pelo modo eletr\u00f4nico, sem delibera\u00e7\u00e3o presencial. Esse \u00e9 o s\u00e9timo lote de acusa\u00e7\u00f5es ligadas ao 8 de janeiro que est\u00e1 sendo analisado. A sess\u00e3o est\u00e1 prevista para durar at\u00e9 as 23h59 de 9 de junho.<\/p>\n<p>At\u00e9 o momento, o Supremo j\u00e1 aceitou 1.176 den\u00fancias relacionadas ao caso das 1.390 que foram apresentadas pela Procuradoria-Geral da Rep\u00fablica (PGR), todas relacionados a dois grupos de infratores: pessoas que participaram diretamente dos atos de vandalismo e aquelas que incitaram o movimento.<\/p>\n<p>Nesta leva, seis den\u00fancias s\u00e3o relativas a investigados acusados de participa\u00e7\u00e3o direta nos atos. Neste caso, os crimes imputados s\u00e3o mais graves, entre os quais associa\u00e7\u00e3o criminosa armada, tentativa de golpe de Estado, deteriora\u00e7\u00e3o de patrim\u00f4nio tombado e dano qualificado ao patrim\u00f4nio da Uni\u00e3o.<\/p>\n<p>As outras 64 den\u00fancias em julgamento s\u00e3o relativas a incitadores dos atos golpistas, sobretudos aqueles que acamparam por semanas em frente ao Quartel-General do Ex\u00e9rcito, em Bras\u00edlia, local em que se pedia abertamente a interven\u00e7\u00e3o militar sobre o resultado da elei\u00e7\u00e3o. Os crimes imputados s\u00e3o de associa\u00e7\u00e3o criminosa e incita\u00e7\u00e3o \u00e0 animosidade das For\u00e7as Armadas contra os Poderes Constitucionais.<\/p>\n<p>Nas seis levas anteriores, o placar de julgamento foi sempre de 8 a 2 pelo recebimento das den\u00fancias, ficando vencidos somente os ministros Nunes Marques e Andr\u00e9 Mendon\u00e7a. Para eles, as den\u00fancias apresentam problemas por n\u00e3o individualizarem a contento a conduta de cada acusado, entre outros pontos.<\/p>\n<p>A principal queixa dos advogados e defensores p\u00fablicos que atuam no caso, e enviaram sustenta\u00e7\u00e3o oral em v\u00eddeo para o Supremo, \u00e9 de que a PGR apresentou diversas den\u00fancias com texto similar, sem especificar quem fez especificamente o que durante os atos de depreda\u00e7\u00e3o do patrim\u00f4nio. Outro argumento \u00e9 o de que o Supremo n\u00e3o teria compet\u00eancia para julgar o caso, uma vez que muitos dos acusados n\u00e3o possuem foro privilegiado.<\/p>\n<p>Para a maioria do Supremo, contudo, a compet\u00eancia do tribunal se justifica porque os crimes ocorreram na pr\u00f3pria sede da Corte. Outro ponto destacado \u00e9 o de que h\u00e1 deputados federais investigados no caso, o que atrairia a compet\u00eancia para o Supremo.<\/p>\n<p>Uma vez aceita uma den\u00fancia criminal, inicia-se nova fase do processo, em que s\u00e3o ouvidas testemunhas e na qual pode haver produ\u00e7\u00e3o de provas. Em seguida, acusa\u00e7\u00e3o e defesa devem apresentar, no caso a caso, para cada r\u00e9u, suas alega\u00e7\u00f5es finais. Somente depois disto, haver\u00e1 julgamento sobre eventual condena\u00e7\u00e3o dos envolvidos. N\u00e3o h\u00e1 prazo definido para que isso ocorra.<\/p>\n","protected":false},"excerpt":{"rendered":"<p>O plen\u00e1rio do Supremo Tribunal Federal est\u00e1 julgando) mais 70 den\u00fancias ligadas aos atos golpistas de 8 de janeiro, quando centenas de v\u00e2ndalos invadiram e depredaram as sedes dos Tr\u00eas Poderes da Rep\u00fablica. O recebimento das den\u00fancias \u00e9 julgado no plen\u00e1rio virtual, modalidade na qual os ministros t\u00eam um per\u00edodo para votar pelo modo eletr\u00f4nico, [&hellip;]<\/p>\n","protected":false},"author":2,"featured_media":306248,"comment_status":"closed","ping_status":"closed","sticky":false,"template":"","format":"standard","meta":{"_acf_changed":false,"footnotes":""},"categories":[161],"tags":[],"class_list":["post-306247","post","type-post","status-publish","format-standard","has-post-thumbnail","hentry","category-quadradinho-em-foco"],"acf":[],"yoast_head":"<!-- This site is optimized with the Yoast SEO plugin v27.2 - https:\/\/yoast.com\/product\/yoast-seo-wordpress\/ -->\n<title>Fila de golpistas n\u00e3o para e Supremo pega mais 70 - Notibras<\/title>\n<meta name=\"robots\" content=\"index, follow, max-snippet:-1, max-image-preview:large, max-video-preview:-1\" \/>\n<link rel=\"canonical\" href=\"https:\/\/www.notibras.com\/site\/fila-de-golpistas-nao-para-e-supremo-pega-mais-70\/\" \/>\n<meta property=\"og:locale\" content=\"pt_BR\" \/>\n<meta property=\"og:type\" content=\"article\" \/>\n<meta property=\"og:title\" content=\"Fila de golpistas n\u00e3o para e Supremo pega mais 70 - Notibras\" \/>\n<meta property=\"og:description\" content=\"O plen\u00e1rio do Supremo Tribunal Federal est\u00e1 julgando) mais 70 den\u00fancias ligadas aos atos golpistas de 8 de janeiro, quando centenas de v\u00e2ndalos invadiram e depredaram as sedes dos Tr\u00eas Poderes da Rep\u00fablica. O recebimento das den\u00fancias \u00e9 julgado no plen\u00e1rio virtual, modalidade na qual os ministros t\u00eam um per\u00edodo para votar pelo modo eletr\u00f4nico, [&hellip;]\" \/>\n<meta property=\"og:url\" content=\"https:\/\/www.notibras.com\/site\/fila-de-golpistas-nao-para-e-supremo-pega-mais-70\/\" \/>\n<meta property=\"og:site_name\" content=\"Notibras\" \/>\n<meta property=\"article:publisher\" content=\"https:\/\/www.facebook.com\/notibras\/\" \/>\n<meta property=\"article:published_time\" content=\"2023-06-04T09:38:03+00:00\" \/>\n<meta property=\"og:image\" content=\"https:\/\/www.notibras.com\/site\/wp-content\/uploads\/2023\/06\/manifestacao_mcamgo_abr_080120231818-9-1.jpg\" \/>\n\t<meta property=\"og:image:width\" content=\"1170\" \/>\n\t<meta property=\"og:image:height\" content=\"700\" \/>\n\t<meta property=\"og:image:type\" content=\"image\/jpeg\" \/>\n<meta name=\"author\" content=\"Reda\u00e7\u00e3o\" \/>\n<meta name=\"twitter:card\" content=\"summary_large_image\" \/>\n<meta name=\"twitter:creator\" content=\"@Notibras\" \/>\n<meta name=\"twitter:site\" content=\"@Notibras\" \/>\n<meta name=\"twitter:label1\" content=\"Escrito por\" \/>\n\t<meta name=\"twitter:data1\" content=\"Reda\u00e7\u00e3o\" \/>\n\t<meta name=\"twitter:label2\" content=\"Est. tempo de leitura\" \/>\n\t<meta name=\"twitter:data2\" content=\"3 minutos\" \/>\n<script type=\"application\/ld+json\" class=\"yoast-schema-graph\">{\"@context\":\"https:\/\/schema.org\",\"@graph\":[{\"@type\":\"Article\",\"@id\":\"https:\/\/www.notibras.com\/site\/fila-de-golpistas-nao-para-e-supremo-pega-mais-70\/#article\",\"isPartOf\":{\"@id\":\"https:\/\/www.notibras.com\/site\/fila-de-golpistas-nao-para-e-supremo-pega-mais-70\/\"},\"author\":{\"name\":\"Reda\u00e7\u00e3o\",\"@id\":\"https:\/\/www.notibras.com\/site\/#\/schema\/person\/36ab0979449956132d3e5b517ea76ac8\"},\"headline\":\"Fila de golpistas n\u00e3o para e Supremo pega mais 70\",\"datePublished\":\"2023-06-04T09:38:03+00:00\",\"mainEntityOfPage\":{\"@id\":\"https:\/\/www.notibras.com\/site\/fila-de-golpistas-nao-para-e-supremo-pega-mais-70\/\"},\"wordCount\":506,\"publisher\":{\"@id\":\"https:\/\/www.notibras.com\/site\/#organization\"},\"image\":{\"@id\":\"https:\/\/www.notibras.com\/site\/fila-de-golpistas-nao-para-e-supremo-pega-mais-70\/#primaryimage\"},\"thumbnailUrl\":\"https:\/\/www.notibras.com\/site\/wp-content\/uploads\/2023\/06\/manifestacao_mcamgo_abr_080120231818-9-1.jpg\",\"articleSection\":[\"Quadradinho em Foco\"],\"inLanguage\":\"pt-BR\"},{\"@type\":\"WebPage\",\"@id\":\"https:\/\/www.notibras.com\/site\/fila-de-golpistas-nao-para-e-supremo-pega-mais-70\/\",\"url\":\"https:\/\/www.notibras.com\/site\/fila-de-golpistas-nao-para-e-supremo-pega-mais-70\/\",\"name\":\"Fila de golpistas n\u00e3o para e Supremo pega mais 70 - Notibras\",\"isPartOf\":{\"@id\":\"https:\/\/www.notibras.com\/site\/#website\"},\"primaryImageOfPage\":{\"@id\":\"https:\/\/www.notibras.com\/site\/fila-de-golpistas-nao-para-e-supremo-pega-mais-70\/#primaryimage\"},\"image\":{\"@id\":\"https:\/\/www.notibras.com\/site\/fila-de-golpistas-nao-para-e-supremo-pega-mais-70\/#primaryimage\"},\"thumbnailUrl\":\"https:\/\/www.notibras.com\/site\/wp-content\/uploads\/2023\/06\/manifestacao_mcamgo_abr_080120231818-9-1.jpg\",\"datePublished\":\"2023-06-04T09:38:03+00:00\",\"breadcrumb\":{\"@id\":\"https:\/\/www.notibras.com\/site\/fila-de-golpistas-nao-para-e-supremo-pega-mais-70\/#breadcrumb\"},\"inLanguage\":\"pt-BR\",\"potentialAction\":[{\"@type\":\"ReadAction\",\"target\":[\"https:\/\/www.notibras.com\/site\/fila-de-golpistas-nao-para-e-supremo-pega-mais-70\/\"]}]},{\"@type\":\"ImageObject\",\"inLanguage\":\"pt-BR\",\"@id\":\"https:\/\/www.notibras.com\/site\/fila-de-golpistas-nao-para-e-supremo-pega-mais-70\/#primaryimage\",\"url\":\"https:\/\/www.notibras.com\/site\/wp-content\/uploads\/2023\/06\/manifestacao_mcamgo_abr_080120231818-9-1.jpg\",\"contentUrl\":\"https:\/\/www.notibras.com\/site\/wp-content\/uploads\/2023\/06\/manifestacao_mcamgo_abr_080120231818-9-1.jpg\",\"width\":1170,\"height\":700,\"caption\":\"Manifestantes invadem Congresso, STF e Pal\u00e1cio do Planalto.\"},{\"@type\":\"BreadcrumbList\",\"@id\":\"https:\/\/www.notibras.com\/site\/fila-de-golpistas-nao-para-e-supremo-pega-mais-70\/#breadcrumb\",\"itemListElement\":[{\"@type\":\"ListItem\",\"position\":1,\"name\":\"In\u00edcio\",\"item\":\"https:\/\/www.notibras.com\/site\/\"},{\"@type\":\"ListItem\",\"position\":2,\"name\":\"Fila de golpistas n\u00e3o para e Supremo pega mais 70\"}]},{\"@type\":\"WebSite\",\"@id\":\"https:\/\/www.notibras.com\/site\/#website\",\"url\":\"https:\/\/www.notibras.com\/site\/\",\"name\":\"Notibras\",\"description\":\"Not\u00edcias de Bras\u00edlia, do Brasil e do Mundo\",\"publisher\":{\"@id\":\"https:\/\/www.notibras.com\/site\/#organization\"},\"potentialAction\":[{\"@type\":\"SearchAction\",\"target\":{\"@type\":\"EntryPoint\",\"urlTemplate\":\"https:\/\/www.notibras.com\/site\/?s={search_term_string}\"},\"query-input\":{\"@type\":\"PropertyValueSpecification\",\"valueRequired\":true,\"valueName\":\"search_term_string\"}}],\"inLanguage\":\"pt-BR\"},{\"@type\":\"Organization\",\"@id\":\"https:\/\/www.notibras.com\/site\/#organization\",\"name\":\"Grupo Notibras de Comunica\u00e7\u00e3o\",\"url\":\"https:\/\/www.notibras.com\/site\/\",\"logo\":{\"@type\":\"ImageObject\",\"inLanguage\":\"pt-BR\",\"@id\":\"https:\/\/www.notibras.com\/site\/#\/schema\/logo\/image\/\",\"url\":\"https:\/\/www.notibras.com\/site\/wp-content\/uploads\/2023\/01\/notibras23.png\",\"contentUrl\":\"https:\/\/www.notibras.com\/site\/wp-content\/uploads\/2023\/01\/notibras23.png\",\"width\":350,\"height\":87,\"caption\":\"Grupo Notibras de Comunica\u00e7\u00e3o\"},\"image\":{\"@id\":\"https:\/\/www.notibras.com\/site\/#\/schema\/logo\/image\/\"},\"sameAs\":[\"https:\/\/www.facebook.com\/notibras\/\",\"https:\/\/x.com\/Notibras\",\"https:\/\/www.instagram.com\/notibras\/\"]},{\"@type\":\"Person\",\"@id\":\"https:\/\/www.notibras.com\/site\/#\/schema\/person\/36ab0979449956132d3e5b517ea76ac8\",\"name\":\"Reda\u00e7\u00e3o\",\"image\":{\"@type\":\"ImageObject\",\"inLanguage\":\"pt-BR\",\"@id\":\"https:\/\/secure.gravatar.com\/avatar\/e0a867bdedb85fd243eadf09663511f96fc81e0720a4a42581f334ad4303aa6b?s=96&d=mm&r=g\",\"url\":\"https:\/\/secure.gravatar.com\/avatar\/e0a867bdedb85fd243eadf09663511f96fc81e0720a4a42581f334ad4303aa6b?s=96&d=mm&r=g\",\"contentUrl\":\"https:\/\/secure.gravatar.com\/avatar\/e0a867bdedb85fd243eadf09663511f96fc81e0720a4a42581f334ad4303aa6b?s=96&d=mm&r=g\",\"caption\":\"Reda\u00e7\u00e3o\"}}]}<\/script>\n<!-- \/ Yoast SEO plugin. -->","yoast_head_json":{"title":"Fila de golpistas n\u00e3o para e Supremo pega mais 70 - Notibras","robots":{"index":"index","follow":"follow","max-snippet":"max-snippet:-1","max-image-preview":"max-image-preview:large","max-video-preview":"max-video-preview:-1"},"canonical":"https:\/\/www.notibras.com\/site\/fila-de-golpistas-nao-para-e-supremo-pega-mais-70\/","og_locale":"pt_BR","og_type":"article","og_title":"Fila de golpistas n\u00e3o para e Supremo pega mais 70 - Notibras","og_description":"O plen\u00e1rio do Supremo Tribunal Federal est\u00e1 julgando) mais 70 den\u00fancias ligadas aos atos golpistas de 8 de janeiro, quando centenas de v\u00e2ndalos invadiram e depredaram as sedes dos Tr\u00eas Poderes da Rep\u00fablica. O recebimento das den\u00fancias \u00e9 julgado no plen\u00e1rio virtual, modalidade na qual os ministros t\u00eam um per\u00edodo para votar pelo modo eletr\u00f4nico, [&hellip;]","og_url":"https:\/\/www.notibras.com\/site\/fila-de-golpistas-nao-para-e-supremo-pega-mais-70\/","og_site_name":"Notibras","article_publisher":"https:\/\/www.facebook.com\/notibras\/","article_published_time":"2023-06-04T09:38:03+00:00","og_image":[{"width":1170,"height":700,"url":"https:\/\/www.notibras.com\/site\/wp-content\/uploads\/2023\/06\/manifestacao_mcamgo_abr_080120231818-9-1.jpg","type":"image\/jpeg"}],"author":"Reda\u00e7\u00e3o","twitter_card":"summary_large_image","twitter_creator":"@Notibras","twitter_site":"@Notibras","twitter_misc":{"Escrito por":"Reda\u00e7\u00e3o","Est. tempo de leitura":"3 minutos"},"schema":{"@context":"https:\/\/schema.org","@graph":[{"@type":"Article","@id":"https:\/\/www.notibras.com\/site\/fila-de-golpistas-nao-para-e-supremo-pega-mais-70\/#article","isPartOf":{"@id":"https:\/\/www.notibras.com\/site\/fila-de-golpistas-nao-para-e-supremo-pega-mais-70\/"},"author":{"name":"Reda\u00e7\u00e3o","@id":"https:\/\/www.notibras.com\/site\/#\/schema\/person\/36ab0979449956132d3e5b517ea76ac8"},"headline":"Fila de golpistas n\u00e3o para e Supremo pega mais 70","datePublished":"2023-06-04T09:38:03+00:00","mainEntityOfPage":{"@id":"https:\/\/www.notibras.com\/site\/fila-de-golpistas-nao-para-e-supremo-pega-mais-70\/"},"wordCount":506,"publisher":{"@id":"https:\/\/www.notibras.com\/site\/#organization"},"image":{"@id":"https:\/\/www.notibras.com\/site\/fila-de-golpistas-nao-para-e-supremo-pega-mais-70\/#primaryimage"},"thumbnailUrl":"https:\/\/www.notibras.com\/site\/wp-content\/uploads\/2023\/06\/manifestacao_mcamgo_abr_080120231818-9-1.jpg","articleSection":["Quadradinho em Foco"],"inLanguage":"pt-BR"},{"@type":"WebPage","@id":"https:\/\/www.notibras.com\/site\/fila-de-golpistas-nao-para-e-supremo-pega-mais-70\/","url":"https:\/\/www.notibras.com\/site\/fila-de-golpistas-nao-para-e-supremo-pega-mais-70\/","name":"Fila de golpistas n\u00e3o para e Supremo pega mais 70 - Notibras","isPartOf":{"@id":"https:\/\/www.notibras.com\/site\/#website"},"primaryImageOfPage":{"@id":"https:\/\/www.notibras.com\/site\/fila-de-golpistas-nao-para-e-supremo-pega-mais-70\/#primaryimage"},"image":{"@id":"https:\/\/www.notibras.com\/site\/fila-de-golpistas-nao-para-e-supremo-pega-mais-70\/#primaryimage"},"thumbnailUrl":"https:\/\/www.notibras.com\/site\/wp-content\/uploads\/2023\/06\/manifestacao_mcamgo_abr_080120231818-9-1.jpg","datePublished":"2023-06-04T09:38:03+00:00","breadcrumb":{"@id":"https:\/\/www.notibras.com\/site\/fila-de-golpistas-nao-para-e-supremo-pega-mais-70\/#breadcrumb"},"inLanguage":"pt-BR","potentialAction":[{"@type":"ReadAction","target":["https:\/\/www.notibras.com\/site\/fila-de-golpistas-nao-para-e-supremo-pega-mais-70\/"]}]},{"@type":"ImageObject","inLanguage":"pt-BR","@id":"https:\/\/www.notibras.com\/site\/fila-de-golpistas-nao-para-e-supremo-pega-mais-70\/#primaryimage","url":"https:\/\/www.notibras.com\/site\/wp-content\/uploads\/2023\/06\/manifestacao_mcamgo_abr_080120231818-9-1.jpg","contentUrl":"https:\/\/www.notibras.com\/site\/wp-content\/uploads\/2023\/06\/manifestacao_mcamgo_abr_080120231818-9-1.jpg","width":1170,"height":700,"caption":"Manifestantes invadem Congresso, STF e Pal\u00e1cio do Planalto."},{"@type":"BreadcrumbList","@id":"https:\/\/www.notibras.com\/site\/fila-de-golpistas-nao-para-e-supremo-pega-mais-70\/#breadcrumb","itemListElement":[{"@type":"ListItem","position":1,"name":"In\u00edcio","item":"https:\/\/www.notibras.com\/site\/"},{"@type":"ListItem","position":2,"name":"Fila de golpistas n\u00e3o para e Supremo pega mais 70"}]},{"@type":"WebSite","@id":"https:\/\/www.notibras.com\/site\/#website","url":"https:\/\/www.notibras.com\/site\/","name":"Notibras","description":"Not\u00edcias de Bras\u00edlia, do Brasil e do Mundo","publisher":{"@id":"https:\/\/www.notibras.com\/site\/#organization"},"potentialAction":[{"@type":"SearchAction","target":{"@type":"EntryPoint","urlTemplate":"https:\/\/www.notibras.com\/site\/?s={search_term_string}"},"query-input":{"@type":"PropertyValueSpecification","valueRequired":true,"valueName":"search_term_string"}}],"inLanguage":"pt-BR"},{"@type":"Organization","@id":"https:\/\/www.notibras.com\/site\/#organization","name":"Grupo Notibras de Comunica\u00e7\u00e3o","url":"https:\/\/www.notibras.com\/site\/","logo":{"@type":"ImageObject","inLanguage":"pt-BR","@id":"https:\/\/www.notibras.com\/site\/#\/schema\/logo\/image\/","url":"https:\/\/www.notibras.com\/site\/wp-content\/uploads\/2023\/01\/notibras23.png","contentUrl":"https:\/\/www.notibras.com\/site\/wp-content\/uploads\/2023\/01\/notibras23.png","width":350,"height":87,"caption":"Grupo Notibras de Comunica\u00e7\u00e3o"},"image":{"@id":"https:\/\/www.notibras.com\/site\/#\/schema\/logo\/image\/"},"sameAs":["https:\/\/www.facebook.com\/notibras\/","https:\/\/x.com\/Notibras","https:\/\/www.instagram.com\/notibras\/"]},{"@type":"Person","@id":"https:\/\/www.notibras.com\/site\/#\/schema\/person\/36ab0979449956132d3e5b517ea76ac8","name":"Reda\u00e7\u00e3o","image":{"@type":"ImageObject","inLanguage":"pt-BR","@id":"https:\/\/secure.gravatar.com\/avatar\/e0a867bdedb85fd243eadf09663511f96fc81e0720a4a42581f334ad4303aa6b?s=96&d=mm&r=g","url":"https:\/\/secure.gravatar.com\/avatar\/e0a867bdedb85fd243eadf09663511f96fc81e0720a4a42581f334ad4303aa6b?s=96&d=mm&r=g","contentUrl":"https:\/\/secure.gravatar.com\/avatar\/e0a867bdedb85fd243eadf09663511f96fc81e0720a4a42581f334ad4303aa6b?s=96&d=mm&r=g","caption":"Reda\u00e7\u00e3o"}}]}},"amp_enabled":true,"_links":{"self":[{"href":"https:\/\/www.notibras.com\/site\/wp-json\/wp\/v2\/posts\/306247","targetHints":{"allow":["GET"]}}],"collection":[{"href":"https:\/\/www.notibras.com\/site\/wp-json\/wp\/v2\/posts"}],"about":[{"href":"https:\/\/www.notibras.com\/site\/wp-json\/wp\/v2\/types\/post"}],"author":[{"embeddable":true,"href":"https:\/\/www.notibras.com\/site\/wp-json\/wp\/v2\/users\/2"}],"replies":[{"embeddable":true,"href":"https:\/\/www.notibras.com\/site\/wp-json\/wp\/v2\/comments?post=306247"}],"version-history":[{"count":1,"href":"https:\/\/www.notibras.com\/site\/wp-json\/wp\/v2\/posts\/306247\/revisions"}],"predecessor-version":[{"id":306249,"href":"https:\/\/www.notibras.com\/site\/wp-json\/wp\/v2\/posts\/306247\/revisions\/306249"}],"wp:featuredmedia":[{"embeddable":true,"href":"https:\/\/www.notibras.com\/site\/wp-json\/wp\/v2\/media\/306248"}],"wp:attachment":[{"href":"https:\/\/www.notibras.com\/site\/wp-json\/wp\/v2\/media?parent=306247"}],"wp:term":[{"taxonomy":"category","embeddable":true,"href":"https:\/\/www.notibras.com\/site\/wp-json\/wp\/v2\/categories?post=306247"},{"taxonomy":"post_tag","embeddable":true,"href":"https:\/\/www.notibras.com\/site\/wp-json\/wp\/v2\/tags?post=306247"}],"curies":[{"name":"wp","href":"https:\/\/api.w.org\/{rel}","templated":true}]}}