{"id":306260,"date":"2023-06-04T00:00:53","date_gmt":"2023-06-04T03:00:53","guid":{"rendered":"https:\/\/www.notibras.com\/site\/?p=306260"},"modified":"2023-06-04T07:23:42","modified_gmt":"2023-06-04T10:23:42","slug":"cresce-numero-de-denuncias-de-violencia-contra-idosos","status":"publish","type":"post","link":"https:\/\/www.notibras.com\/site\/cresce-numero-de-denuncias-de-violencia-contra-idosos\/","title":{"rendered":"Cresce n\u00famero de den\u00fancias de viol\u00eancia contra idosos"},"content":{"rendered":"<p>Nos primeiros cinco meses de 2023, o Disque 100, do Minist\u00e9rio dos Direitos Humanos e Cidadania (MDHC), recebeu mais de 47 mil den\u00fancias de viol\u00eancia cometida contra pessoas idosas, que apontam para cerca de 282 mil viola\u00e7\u00f5es de direitos como viol\u00eancia f\u00edsica, psicol\u00f3gica, neglig\u00eancia e explora\u00e7\u00e3o financeira ou material. Cada den\u00fancia pode ter mais de um tipo de viola\u00e7\u00e3o de direitos.<\/p>\n<p>O n\u00famero de viola\u00e7\u00f5es de direitos humanos \u00e9 87% maior em rela\u00e7\u00e3o ao mesmo per\u00edodo de 2022. De janeiro a maio de 2022, mais de 150 mil viola\u00e7\u00f5es foram anotadas, a partir de mais de 30 mil den\u00fancias. Os n\u00fameros s\u00e3o da Ouvidoria Nacional de Direitos Humanos.<\/p>\n<p>De acordo com a Pesquisa Nacional por Amostra de Domic\u00edlios Cont\u00ednua (Pnad Cont\u00ednua), do Instituto Brasileiro de Geografia e Estat\u00edstica (IBGE), em 2022 a parcela da popula\u00e7\u00e3o brasileira com 60 anos ou mais de idade era de 14,7% do total. Em n\u00fameros absolutos, s\u00e3o aproximadamente 31,2 milh\u00f5es de pessoas.<\/p>\n<p><strong>Campanha Junho Violeta<\/strong><br \/>\nPara enfrentar a viol\u00eancia sofrida por pessoas idosas e conscientizar a popula\u00e7\u00e3o sobre a import\u00e2ncia do tema, o Minist\u00e9rio dos Direitos Humanos e da Cidadania lan\u00e7ou nesta quinta-feira (1\u00ba), em Bras\u00edlia, a campanha Junho Violeta. As pe\u00e7as publicit\u00e1rias da iniciativa est\u00e3o dispon\u00edveis no formato digital e podem ser baixadas gratuitamente. Elas podem ser vistas tamb\u00e9m nas redes sociais do minist\u00e9rio<\/p>\n<p>A campanha, que durar\u00e1 todo o m\u00eas de junho, marca do Dia Mundial de Conscientiza\u00e7\u00e3o sobre a Viol\u00eancia contra a Pessoa Idosa &#8211; 15 de junho. Desde 2011, a data \u00e9 reconhecida oficialmente pela Organiza\u00e7\u00e3o das Na\u00e7\u00f5es Unidas (ONU).<\/p>\n<p>Por isso, o dia D da campanha Junho Violeta, no Brasil, ser\u00e1 15 de junho, com a aposta de que todo cidad\u00e3o pode mudar essa realidade. O secret\u00e1rio Nacional dos Direitos da Pessoa Idosa do MDHC, Alexandre da Silva, comenta a mobiliza\u00e7\u00e3o de junho. \u201cDiversas a\u00e7\u00f5es s\u00e3o realizadas para conscientizar, sensibilizar e minimizar esse grande mal que pode afetar mais de 32 milh\u00f5es de pessoas idosas [no Brasil]. A meta \u00e9 tentar promover um grande debate, conhecer as experi\u00eancias que t\u00eam dado certo e rever aquelas que t\u00eam sido pouco efetivas para evitar esse grande mal, que vem afetando pessoas idosas, desde uma micro agress\u00e3o at\u00e9 agress\u00f5es f\u00edsicas, psicol\u00f3gicas e patrimoniais\u201d, explica.<\/p>\n<p>O ministro dos Direitos Humanos e da Cidadania, Silvio Almeida, considera que a prote\u00e7\u00e3o, a defesa e a promo\u00e7\u00e3o dos direitos das pessoas com idade igual ou superior a 60 anos devem ser pol\u00edtica de estado.<\/p>\n<p>\u201cO nosso grande desafio \u00e9 construir uma pol\u00edtica nacional da pessoa idosa e, para isso, temos quest\u00f5es que dependem de um esfor\u00e7o nacional fazendo com que a prote\u00e7\u00e3o das pessoas idosas se torne uma pol\u00edtica de estado no Brasil,\u201d argumenta.<\/p>\n<p><strong>Viol\u00eancias<\/strong><br \/>\nA Organiza\u00e7\u00e3o Mundial da Sa\u00fade (OMS) define as situa\u00e7\u00f5es de viol\u00eancia contra pessoas mais velhas como a\u00e7\u00f5es que prejudicam a integridade f\u00edsica e emocional delas, impedindo ou anulando seu papel social.<\/p>\n<p>Desde 2003, o Estatuto da Pessoa Idosa, no artigo 4\u00ba, diz que \u201cnenhuma pessoa idosa ser\u00e1 objeto de qualquer tipo de neglig\u00eancia, discrimina\u00e7\u00e3o, viol\u00eancia, crueldade ou opress\u00e3o, e todo atentado aos seus direitos, por a\u00e7\u00e3o ou omiss\u00e3o, ser\u00e1 punido na forma da lei\u201d.<\/p>\n<p>As viol\u00eancias mais registradas do Disque 100 s\u00e3o do tipo:<\/p>\n<p>\u00b7 neglig\u00eancia: quando os respons\u00e1veis pela pessoa idosa deixam de oferecer cuidados b\u00e1sicos, como higiene, sa\u00fade, medicamentos, alimenta\u00e7\u00e3o, \u00e1gua, prote\u00e7\u00e3o contra frio ou calor.<\/p>\n<p>\u00b7 abandono: quando h\u00e1 aus\u00eancia ou omiss\u00e3o dos familiares ou respons\u00e1veis governamentais ou institucionais, sem presta\u00e7\u00e3o de socorro a pessoa idosa que precisa de prote\u00e7\u00e3o.<\/p>\n<p>\u00b7 f\u00edsica: quando \u00e9 empregada for\u00e7a para maltratar e ferir, provocando dor, incapacidade e at\u00e9 morte. E no caso de viol\u00eancia sexual, os atos como excita\u00e7\u00e3o, rela\u00e7\u00e3o sexual ou pr\u00e1ticas er\u00f3ticas ocorrem por aliciamento, viol\u00eancia f\u00edsica ou amea\u00e7as.<\/p>\n<p>\u00b7 psicol\u00f3gica: quando prejudicam a autoestima ou o bem-estar da pessoa idosa, com ofensas, xingamentos, torturas, sustos, constrangimento, destrui\u00e7\u00e3o de propriedade, cerceamento do direito de ir e vir ou do acesso a amigos e familiares.<\/p>\n<p>\u00b7 financeira ou material: explora\u00e7\u00e3o impr\u00f3pria ou ilegal ou o uso n\u00e3o consentido dos recursos financeiros e patrimoniais da pessoa idosa. H\u00e1 casos, ainda, da pessoa idosa ser impedida de gerir os pr\u00f3prios recursos financeiros, mesmo em condi\u00e7\u00f5es de faz\u00ea-lo. Danos e desleixo com bens materiais delas.<\/p>\n<p><strong>Ambiente domiciliar<\/strong><br \/>\nO titular da Secretaria Nacional dos Direitos da Pessoa Idosa, Alexandre da Silva, aponta que a maioria das viola\u00e7\u00f5es se d\u00e1 no ambiente domiciliar. \u201cInfelizmente, boa parte dessas viola\u00e7\u00f5es ocorre dentro de casa, seja na casa da pr\u00f3pria pessoa ou na casa de familiares dela. Com a pandemia, esse cen\u00e1rio ficou ainda pior porque as pessoas passaram a ficar mais tempo juntas e muitas delas sofrendo as consequ\u00eancias psicol\u00f3gicas, emocionais, sociais e econ\u00f4micas da pandemia. Isso tudo convergiu para um aumento dos casos de viol\u00eancia nos ambientes domiciliares\u201d, diz.<\/p>\n<p><strong>Canais de den\u00fancias<\/strong><br \/>\nCaso uma pessoa idosa seja v\u00edtima de viol\u00eancia, ela pr\u00f3pria ou quem tiver conhecimento das viola\u00e7\u00f5es, pode telefonar para o Disque 100. O usu\u00e1rio n\u00e3o precisa se identificar. O servi\u00e7o de atendimento &#8211; coordenado pela Ouvidoria Nacional de Direitos Humano &#8211; \u00e9 gratuito, sigiloso e opera 24 horas por dia, todos os dias da semana, inclusive nos fins de semana e feriados.<\/p>\n<p>O MDHC ainda tem canais de den\u00fancias no site da Ouvidoria, aplicativo para smartphones Direitos Humanos, aplicativo Telegram (basta digitar na busca \u201cDireitoshumanosbrasil\u201d) e WhatsApp no n\u00famero (61) 99611-0100.<\/p>\n<p>O canal tamb\u00e9m possui atendimento em L\u00edngua Brasileira de Sinais (Libras). As den\u00fancias s\u00e3o an\u00f4nimas e, ap\u00f3s registro, s\u00e3o encaminhadas aos \u00f3rg\u00e3os competentes para apura\u00e7\u00e3o.<\/p>\n<p>Os cidad\u00e3os podem buscar ajuda, orienta\u00e7\u00e3o e denunciar em outros locais, a exemplo das unidades b\u00e1sicas de sa\u00fade (UBS) e delegacias de pol\u00edcia. Para situa\u00e7\u00f5es de risco iminente de viol\u00eancia, ligue para o telefone 190 da Pol\u00edcia Militar do seu estado.<\/p>\n","protected":false},"excerpt":{"rendered":"<p>Nos primeiros cinco meses de 2023, o Disque 100, do Minist\u00e9rio dos Direitos Humanos e Cidadania (MDHC), recebeu mais de 47 mil den\u00fancias de viol\u00eancia cometida contra pessoas idosas, que apontam para cerca de 282 mil viola\u00e7\u00f5es de direitos como viol\u00eancia f\u00edsica, psicol\u00f3gica, neglig\u00eancia e explora\u00e7\u00e3o financeira ou material. Cada den\u00fancia pode ter mais de [&hellip;]<\/p>\n","protected":false},"author":2,"featured_media":306261,"comment_status":"closed","ping_status":"closed","sticky":false,"template":"","format":"standard","meta":{"_acf_changed":false,"footnotes":""},"categories":[161],"tags":[],"class_list":["post-306260","post","type-post","status-publish","format-standard","has-post-thumbnail","hentry","category-quadradinho-em-foco"],"acf":[],"yoast_head":"<!-- This site is optimized with the Yoast SEO plugin v27.2 - https:\/\/yoast.com\/product\/yoast-seo-wordpress\/ -->\n<title>Cresce n\u00famero de den\u00fancias de viol\u00eancia contra idosos - Notibras<\/title>\n<meta name=\"robots\" content=\"index, follow, max-snippet:-1, max-image-preview:large, max-video-preview:-1\" \/>\n<link rel=\"canonical\" href=\"https:\/\/www.notibras.com\/site\/cresce-numero-de-denuncias-de-violencia-contra-idosos\/\" \/>\n<meta property=\"og:locale\" content=\"pt_BR\" \/>\n<meta property=\"og:type\" content=\"article\" \/>\n<meta property=\"og:title\" content=\"Cresce n\u00famero de den\u00fancias de viol\u00eancia contra idosos - Notibras\" \/>\n<meta property=\"og:description\" content=\"Nos primeiros cinco meses de 2023, o Disque 100, do Minist\u00e9rio dos Direitos Humanos e Cidadania (MDHC), recebeu mais de 47 mil den\u00fancias de viol\u00eancia cometida contra pessoas idosas, que apontam para cerca de 282 mil viola\u00e7\u00f5es de direitos como viol\u00eancia f\u00edsica, psicol\u00f3gica, neglig\u00eancia e explora\u00e7\u00e3o financeira ou material. Cada den\u00fancia pode ter mais de [&hellip;]\" \/>\n<meta property=\"og:url\" content=\"https:\/\/www.notibras.com\/site\/cresce-numero-de-denuncias-de-violencia-contra-idosos\/\" \/>\n<meta property=\"og:site_name\" content=\"Notibras\" \/>\n<meta property=\"article:publisher\" content=\"https:\/\/www.facebook.com\/notibras\/\" \/>\n<meta property=\"article:published_time\" content=\"2023-06-04T03:00:53+00:00\" \/>\n<meta property=\"article:modified_time\" content=\"2023-06-04T10:23:42+00:00\" \/>\n<meta property=\"og:image\" content=\"https:\/\/www.notibras.com\/site\/wp-content\/uploads\/2023\/06\/hand-3666974.jpg\" \/>\n\t<meta property=\"og:image:width\" content=\"1170\" \/>\n\t<meta property=\"og:image:height\" content=\"700\" \/>\n\t<meta property=\"og:image:type\" content=\"image\/jpeg\" \/>\n<meta name=\"author\" content=\"Reda\u00e7\u00e3o\" \/>\n<meta name=\"twitter:card\" content=\"summary_large_image\" \/>\n<meta name=\"twitter:creator\" content=\"@Notibras\" \/>\n<meta name=\"twitter:site\" content=\"@Notibras\" \/>\n<meta name=\"twitter:label1\" content=\"Escrito por\" \/>\n\t<meta name=\"twitter:data1\" content=\"Reda\u00e7\u00e3o\" \/>\n\t<meta name=\"twitter:label2\" content=\"Est. tempo de leitura\" \/>\n\t<meta name=\"twitter:data2\" content=\"6 minutos\" \/>\n<script type=\"application\/ld+json\" class=\"yoast-schema-graph\">{\"@context\":\"https:\/\/schema.org\",\"@graph\":[{\"@type\":\"Article\",\"@id\":\"https:\/\/www.notibras.com\/site\/cresce-numero-de-denuncias-de-violencia-contra-idosos\/#article\",\"isPartOf\":{\"@id\":\"https:\/\/www.notibras.com\/site\/cresce-numero-de-denuncias-de-violencia-contra-idosos\/\"},\"author\":{\"name\":\"Reda\u00e7\u00e3o\",\"@id\":\"https:\/\/www.notibras.com\/site\/#\/schema\/person\/36ab0979449956132d3e5b517ea76ac8\"},\"headline\":\"Cresce n\u00famero de den\u00fancias de viol\u00eancia contra idosos\",\"datePublished\":\"2023-06-04T03:00:53+00:00\",\"dateModified\":\"2023-06-04T10:23:42+00:00\",\"mainEntityOfPage\":{\"@id\":\"https:\/\/www.notibras.com\/site\/cresce-numero-de-denuncias-de-violencia-contra-idosos\/\"},\"wordCount\":1070,\"publisher\":{\"@id\":\"https:\/\/www.notibras.com\/site\/#organization\"},\"image\":{\"@id\":\"https:\/\/www.notibras.com\/site\/cresce-numero-de-denuncias-de-violencia-contra-idosos\/#primaryimage\"},\"thumbnailUrl\":\"https:\/\/www.notibras.com\/site\/wp-content\/uploads\/2023\/06\/hand-3666974.jpg\",\"articleSection\":[\"Quadradinho em Foco\"],\"inLanguage\":\"pt-BR\"},{\"@type\":\"WebPage\",\"@id\":\"https:\/\/www.notibras.com\/site\/cresce-numero-de-denuncias-de-violencia-contra-idosos\/\",\"url\":\"https:\/\/www.notibras.com\/site\/cresce-numero-de-denuncias-de-violencia-contra-idosos\/\",\"name\":\"Cresce n\u00famero de den\u00fancias de viol\u00eancia contra idosos - Notibras\",\"isPartOf\":{\"@id\":\"https:\/\/www.notibras.com\/site\/#website\"},\"primaryImageOfPage\":{\"@id\":\"https:\/\/www.notibras.com\/site\/cresce-numero-de-denuncias-de-violencia-contra-idosos\/#primaryimage\"},\"image\":{\"@id\":\"https:\/\/www.notibras.com\/site\/cresce-numero-de-denuncias-de-violencia-contra-idosos\/#primaryimage\"},\"thumbnailUrl\":\"https:\/\/www.notibras.com\/site\/wp-content\/uploads\/2023\/06\/hand-3666974.jpg\",\"datePublished\":\"2023-06-04T03:00:53+00:00\",\"dateModified\":\"2023-06-04T10:23:42+00:00\",\"breadcrumb\":{\"@id\":\"https:\/\/www.notibras.com\/site\/cresce-numero-de-denuncias-de-violencia-contra-idosos\/#breadcrumb\"},\"inLanguage\":\"pt-BR\",\"potentialAction\":[{\"@type\":\"ReadAction\",\"target\":[\"https:\/\/www.notibras.com\/site\/cresce-numero-de-denuncias-de-violencia-contra-idosos\/\"]}]},{\"@type\":\"ImageObject\",\"inLanguage\":\"pt-BR\",\"@id\":\"https:\/\/www.notibras.com\/site\/cresce-numero-de-denuncias-de-violencia-contra-idosos\/#primaryimage\",\"url\":\"https:\/\/www.notibras.com\/site\/wp-content\/uploads\/2023\/06\/hand-3666974.jpg\",\"contentUrl\":\"https:\/\/www.notibras.com\/site\/wp-content\/uploads\/2023\/06\/hand-3666974.jpg\",\"width\":1170,\"height\":700,\"caption\":\"02\/06\/2023 - Bras\u00edlia Disque 100 tem 47 mil den\u00fancias de viol\u00eancia contra pessoas idosas. Foto: Sabinevanerp\/ Pixabay\"},{\"@type\":\"BreadcrumbList\",\"@id\":\"https:\/\/www.notibras.com\/site\/cresce-numero-de-denuncias-de-violencia-contra-idosos\/#breadcrumb\",\"itemListElement\":[{\"@type\":\"ListItem\",\"position\":1,\"name\":\"In\u00edcio\",\"item\":\"https:\/\/www.notibras.com\/site\/\"},{\"@type\":\"ListItem\",\"position\":2,\"name\":\"Cresce n\u00famero de den\u00fancias de viol\u00eancia contra idosos\"}]},{\"@type\":\"WebSite\",\"@id\":\"https:\/\/www.notibras.com\/site\/#website\",\"url\":\"https:\/\/www.notibras.com\/site\/\",\"name\":\"Notibras\",\"description\":\"Not\u00edcias de Bras\u00edlia, do Brasil e do Mundo\",\"publisher\":{\"@id\":\"https:\/\/www.notibras.com\/site\/#organization\"},\"potentialAction\":[{\"@type\":\"SearchAction\",\"target\":{\"@type\":\"EntryPoint\",\"urlTemplate\":\"https:\/\/www.notibras.com\/site\/?s={search_term_string}\"},\"query-input\":{\"@type\":\"PropertyValueSpecification\",\"valueRequired\":true,\"valueName\":\"search_term_string\"}}],\"inLanguage\":\"pt-BR\"},{\"@type\":\"Organization\",\"@id\":\"https:\/\/www.notibras.com\/site\/#organization\",\"name\":\"Grupo Notibras de Comunica\u00e7\u00e3o\",\"url\":\"https:\/\/www.notibras.com\/site\/\",\"logo\":{\"@type\":\"ImageObject\",\"inLanguage\":\"pt-BR\",\"@id\":\"https:\/\/www.notibras.com\/site\/#\/schema\/logo\/image\/\",\"url\":\"https:\/\/www.notibras.com\/site\/wp-content\/uploads\/2023\/01\/notibras23.png\",\"contentUrl\":\"https:\/\/www.notibras.com\/site\/wp-content\/uploads\/2023\/01\/notibras23.png\",\"width\":350,\"height\":87,\"caption\":\"Grupo Notibras de Comunica\u00e7\u00e3o\"},\"image\":{\"@id\":\"https:\/\/www.notibras.com\/site\/#\/schema\/logo\/image\/\"},\"sameAs\":[\"https:\/\/www.facebook.com\/notibras\/\",\"https:\/\/x.com\/Notibras\",\"https:\/\/www.instagram.com\/notibras\/\"]},{\"@type\":\"Person\",\"@id\":\"https:\/\/www.notibras.com\/site\/#\/schema\/person\/36ab0979449956132d3e5b517ea76ac8\",\"name\":\"Reda\u00e7\u00e3o\",\"image\":{\"@type\":\"ImageObject\",\"inLanguage\":\"pt-BR\",\"@id\":\"https:\/\/secure.gravatar.com\/avatar\/e0a867bdedb85fd243eadf09663511f96fc81e0720a4a42581f334ad4303aa6b?s=96&d=mm&r=g\",\"url\":\"https:\/\/secure.gravatar.com\/avatar\/e0a867bdedb85fd243eadf09663511f96fc81e0720a4a42581f334ad4303aa6b?s=96&d=mm&r=g\",\"contentUrl\":\"https:\/\/secure.gravatar.com\/avatar\/e0a867bdedb85fd243eadf09663511f96fc81e0720a4a42581f334ad4303aa6b?s=96&d=mm&r=g\",\"caption\":\"Reda\u00e7\u00e3o\"}}]}<\/script>\n<!-- \/ Yoast SEO plugin. -->","yoast_head_json":{"title":"Cresce n\u00famero de den\u00fancias de viol\u00eancia contra idosos - Notibras","robots":{"index":"index","follow":"follow","max-snippet":"max-snippet:-1","max-image-preview":"max-image-preview:large","max-video-preview":"max-video-preview:-1"},"canonical":"https:\/\/www.notibras.com\/site\/cresce-numero-de-denuncias-de-violencia-contra-idosos\/","og_locale":"pt_BR","og_type":"article","og_title":"Cresce n\u00famero de den\u00fancias de viol\u00eancia contra idosos - Notibras","og_description":"Nos primeiros cinco meses de 2023, o Disque 100, do Minist\u00e9rio dos Direitos Humanos e Cidadania (MDHC), recebeu mais de 47 mil den\u00fancias de viol\u00eancia cometida contra pessoas idosas, que apontam para cerca de 282 mil viola\u00e7\u00f5es de direitos como viol\u00eancia f\u00edsica, psicol\u00f3gica, neglig\u00eancia e explora\u00e7\u00e3o financeira ou material. Cada den\u00fancia pode ter mais de [&hellip;]","og_url":"https:\/\/www.notibras.com\/site\/cresce-numero-de-denuncias-de-violencia-contra-idosos\/","og_site_name":"Notibras","article_publisher":"https:\/\/www.facebook.com\/notibras\/","article_published_time":"2023-06-04T03:00:53+00:00","article_modified_time":"2023-06-04T10:23:42+00:00","og_image":[{"width":1170,"height":700,"url":"https:\/\/www.notibras.com\/site\/wp-content\/uploads\/2023\/06\/hand-3666974.jpg","type":"image\/jpeg"}],"author":"Reda\u00e7\u00e3o","twitter_card":"summary_large_image","twitter_creator":"@Notibras","twitter_site":"@Notibras","twitter_misc":{"Escrito por":"Reda\u00e7\u00e3o","Est. tempo de leitura":"6 minutos"},"schema":{"@context":"https:\/\/schema.org","@graph":[{"@type":"Article","@id":"https:\/\/www.notibras.com\/site\/cresce-numero-de-denuncias-de-violencia-contra-idosos\/#article","isPartOf":{"@id":"https:\/\/www.notibras.com\/site\/cresce-numero-de-denuncias-de-violencia-contra-idosos\/"},"author":{"name":"Reda\u00e7\u00e3o","@id":"https:\/\/www.notibras.com\/site\/#\/schema\/person\/36ab0979449956132d3e5b517ea76ac8"},"headline":"Cresce n\u00famero de den\u00fancias de viol\u00eancia contra idosos","datePublished":"2023-06-04T03:00:53+00:00","dateModified":"2023-06-04T10:23:42+00:00","mainEntityOfPage":{"@id":"https:\/\/www.notibras.com\/site\/cresce-numero-de-denuncias-de-violencia-contra-idosos\/"},"wordCount":1070,"publisher":{"@id":"https:\/\/www.notibras.com\/site\/#organization"},"image":{"@id":"https:\/\/www.notibras.com\/site\/cresce-numero-de-denuncias-de-violencia-contra-idosos\/#primaryimage"},"thumbnailUrl":"https:\/\/www.notibras.com\/site\/wp-content\/uploads\/2023\/06\/hand-3666974.jpg","articleSection":["Quadradinho em Foco"],"inLanguage":"pt-BR"},{"@type":"WebPage","@id":"https:\/\/www.notibras.com\/site\/cresce-numero-de-denuncias-de-violencia-contra-idosos\/","url":"https:\/\/www.notibras.com\/site\/cresce-numero-de-denuncias-de-violencia-contra-idosos\/","name":"Cresce n\u00famero de den\u00fancias de viol\u00eancia contra idosos - Notibras","isPartOf":{"@id":"https:\/\/www.notibras.com\/site\/#website"},"primaryImageOfPage":{"@id":"https:\/\/www.notibras.com\/site\/cresce-numero-de-denuncias-de-violencia-contra-idosos\/#primaryimage"},"image":{"@id":"https:\/\/www.notibras.com\/site\/cresce-numero-de-denuncias-de-violencia-contra-idosos\/#primaryimage"},"thumbnailUrl":"https:\/\/www.notibras.com\/site\/wp-content\/uploads\/2023\/06\/hand-3666974.jpg","datePublished":"2023-06-04T03:00:53+00:00","dateModified":"2023-06-04T10:23:42+00:00","breadcrumb":{"@id":"https:\/\/www.notibras.com\/site\/cresce-numero-de-denuncias-de-violencia-contra-idosos\/#breadcrumb"},"inLanguage":"pt-BR","potentialAction":[{"@type":"ReadAction","target":["https:\/\/www.notibras.com\/site\/cresce-numero-de-denuncias-de-violencia-contra-idosos\/"]}]},{"@type":"ImageObject","inLanguage":"pt-BR","@id":"https:\/\/www.notibras.com\/site\/cresce-numero-de-denuncias-de-violencia-contra-idosos\/#primaryimage","url":"https:\/\/www.notibras.com\/site\/wp-content\/uploads\/2023\/06\/hand-3666974.jpg","contentUrl":"https:\/\/www.notibras.com\/site\/wp-content\/uploads\/2023\/06\/hand-3666974.jpg","width":1170,"height":700,"caption":"02\/06\/2023 - Bras\u00edlia Disque 100 tem 47 mil den\u00fancias de viol\u00eancia contra pessoas idosas. Foto: Sabinevanerp\/ Pixabay"},{"@type":"BreadcrumbList","@id":"https:\/\/www.notibras.com\/site\/cresce-numero-de-denuncias-de-violencia-contra-idosos\/#breadcrumb","itemListElement":[{"@type":"ListItem","position":1,"name":"In\u00edcio","item":"https:\/\/www.notibras.com\/site\/"},{"@type":"ListItem","position":2,"name":"Cresce n\u00famero de den\u00fancias de viol\u00eancia contra idosos"}]},{"@type":"WebSite","@id":"https:\/\/www.notibras.com\/site\/#website","url":"https:\/\/www.notibras.com\/site\/","name":"Notibras","description":"Not\u00edcias de Bras\u00edlia, do Brasil e do Mundo","publisher":{"@id":"https:\/\/www.notibras.com\/site\/#organization"},"potentialAction":[{"@type":"SearchAction","target":{"@type":"EntryPoint","urlTemplate":"https:\/\/www.notibras.com\/site\/?s={search_term_string}"},"query-input":{"@type":"PropertyValueSpecification","valueRequired":true,"valueName":"search_term_string"}}],"inLanguage":"pt-BR"},{"@type":"Organization","@id":"https:\/\/www.notibras.com\/site\/#organization","name":"Grupo Notibras de Comunica\u00e7\u00e3o","url":"https:\/\/www.notibras.com\/site\/","logo":{"@type":"ImageObject","inLanguage":"pt-BR","@id":"https:\/\/www.notibras.com\/site\/#\/schema\/logo\/image\/","url":"https:\/\/www.notibras.com\/site\/wp-content\/uploads\/2023\/01\/notibras23.png","contentUrl":"https:\/\/www.notibras.com\/site\/wp-content\/uploads\/2023\/01\/notibras23.png","width":350,"height":87,"caption":"Grupo Notibras de Comunica\u00e7\u00e3o"},"image":{"@id":"https:\/\/www.notibras.com\/site\/#\/schema\/logo\/image\/"},"sameAs":["https:\/\/www.facebook.com\/notibras\/","https:\/\/x.com\/Notibras","https:\/\/www.instagram.com\/notibras\/"]},{"@type":"Person","@id":"https:\/\/www.notibras.com\/site\/#\/schema\/person\/36ab0979449956132d3e5b517ea76ac8","name":"Reda\u00e7\u00e3o","image":{"@type":"ImageObject","inLanguage":"pt-BR","@id":"https:\/\/secure.gravatar.com\/avatar\/e0a867bdedb85fd243eadf09663511f96fc81e0720a4a42581f334ad4303aa6b?s=96&d=mm&r=g","url":"https:\/\/secure.gravatar.com\/avatar\/e0a867bdedb85fd243eadf09663511f96fc81e0720a4a42581f334ad4303aa6b?s=96&d=mm&r=g","contentUrl":"https:\/\/secure.gravatar.com\/avatar\/e0a867bdedb85fd243eadf09663511f96fc81e0720a4a42581f334ad4303aa6b?s=96&d=mm&r=g","caption":"Reda\u00e7\u00e3o"}}]}},"amp_enabled":true,"_links":{"self":[{"href":"https:\/\/www.notibras.com\/site\/wp-json\/wp\/v2\/posts\/306260","targetHints":{"allow":["GET"]}}],"collection":[{"href":"https:\/\/www.notibras.com\/site\/wp-json\/wp\/v2\/posts"}],"about":[{"href":"https:\/\/www.notibras.com\/site\/wp-json\/wp\/v2\/types\/post"}],"author":[{"embeddable":true,"href":"https:\/\/www.notibras.com\/site\/wp-json\/wp\/v2\/users\/2"}],"replies":[{"embeddable":true,"href":"https:\/\/www.notibras.com\/site\/wp-json\/wp\/v2\/comments?post=306260"}],"version-history":[{"count":1,"href":"https:\/\/www.notibras.com\/site\/wp-json\/wp\/v2\/posts\/306260\/revisions"}],"predecessor-version":[{"id":306262,"href":"https:\/\/www.notibras.com\/site\/wp-json\/wp\/v2\/posts\/306260\/revisions\/306262"}],"wp:featuredmedia":[{"embeddable":true,"href":"https:\/\/www.notibras.com\/site\/wp-json\/wp\/v2\/media\/306261"}],"wp:attachment":[{"href":"https:\/\/www.notibras.com\/site\/wp-json\/wp\/v2\/media?parent=306260"}],"wp:term":[{"taxonomy":"category","embeddable":true,"href":"https:\/\/www.notibras.com\/site\/wp-json\/wp\/v2\/categories?post=306260"},{"taxonomy":"post_tag","embeddable":true,"href":"https:\/\/www.notibras.com\/site\/wp-json\/wp\/v2\/tags?post=306260"}],"curies":[{"name":"wp","href":"https:\/\/api.w.org\/{rel}","templated":true}]}}