{"id":306288,"date":"2023-06-05T00:43:01","date_gmt":"2023-06-05T03:43:01","guid":{"rendered":"https:\/\/www.notibras.com\/site\/?p=306288"},"modified":"2023-06-05T06:16:15","modified_gmt":"2023-06-05T09:16:15","slug":"ministro-rui-costa-pare-e-olhe-bem-para-o-chao-em-que-pisa","status":"publish","type":"post","link":"https:\/\/www.notibras.com\/site\/ministro-rui-costa-pare-e-olhe-bem-para-o-chao-em-que-pisa\/","title":{"rendered":"Ministro Rui Costa, pare e olhe bem para o ch\u00e3o em que pisa"},"content":{"rendered":"<p>Eu me considero baiano. Portanto, ainda bem que o ministro Ruy Costa (Casa Civil) teve, como governador, oito anos para conhecer razoavelmente a Bahia. Bem mais que os cinco meses em que, ao menos oficialmente, vive e trabalha em endere\u00e7os brasilienses.<\/p>\n<p>Ressalto o &#8220;oficialmente&#8221;, pois as suas declara\u00e7\u00f5es d\u00e3o a entender que ainda n\u00e3o se distanciou do trajeto Pal\u00e1cio do Planalto-resid\u00eancia-aeroporto.<\/p>\n<p>H\u00e1 muitos anos n\u00e3o se tem not\u00edcias de tamanha carga de preconceito contra o Distrito Federal. \u00c9 um al\u00edvio que o presidente Lula conhece v\u00e1rias cidades sat\u00e9lites de Bras\u00edlia e sua gente.<\/p>\n<p>Ao ministro, n\u00e3o custa alertar que ele fala, sem conhecer, de uma cidade com cerca de 3 milh\u00f5es de habitantes. Se o ministro fizer um dia o trajeto Barreiras-Bras\u00edlia de autom\u00f3vel, talvez passe a chamar esse trecho da BR-020, como eu, de &#8220;rodovia das ambul\u00e2ncias&#8221;.<\/p>\n<p>\u00c9 que o principal investimento de boa parte dos prefeitos do oeste da nossa Bahia \u00e9 justamente a compra de ambul\u00e2ncias. Da\u00ed, resolvem as maiores emerg\u00eancias m\u00e9dicas ou casos que requerem hospitaliza\u00e7\u00e3o encaminhando os pacientes para Bras\u00edlia.<\/p>\n<p>Embora em n\u00famero menor, ainda \u00e9 na capital do Pa\u00eds que n\u00e3o poucas fam\u00edlias do Oeste baiano sonham em ver os seus filhos estudando.<\/p>\n<p>De fato, as escolas brasilienses oferecem um n\u00edvel apreci\u00e1vel de qualidade.Infelizmente, \u00e9 um fen\u00f4meno que n\u00e3o ocorre somente com munic\u00edpios baianos. Repete-se em Minas Gerais, quase todo o Nordeste, Tocantins e principalmente Goi\u00e1s.<\/p>\n<p>De forma mais alarmante na Regi\u00e3o Integrada de Desenvolvimento do Distrito Federal e Entorno, que re\u00fane 33 munic\u00edpios e mais de 4,8 milh\u00f5es de habitantes. Nem imagine o ministro que a popula\u00e7\u00e3o do Distrito Federal desfruta de n\u00edveis equivalentes em todas as suas escolas.<\/p>\n<p>Algu\u00e9m podia lhe informar que a capital do Pa\u00eds tem o maior n\u00edvel de desigualdade do Brasil. Para que os problemas sociais de Bras\u00edlia lhe saltem aos olhos, impedindo avalia\u00e7\u00f5es t\u00e3o precipitadas, n\u00e3o \u00e9 preciso o ministro percorrer mais que cerca de 800 metros e fazer um &#8220;rol\u00ea&#8221;, no hor\u00e1rio comercial, pelo centro da cidade. Basta n\u00e3o mais que a Esta\u00e7\u00e3o Rodovi\u00e1ria e o Setor Comercial Sul.<\/p>\n<p>Se passar aqui algum s\u00e1bado ou domingo, sugiro que v\u00e1 \u00e0 casa de alguma copeira do Pal\u00e1cio, tomar um caf\u00e9 com a sua fam\u00edlia. Talvez dando tamb\u00e9m uma passada na resid\u00eancia do motorista que lhe atende. Certamente voltar\u00e1 da sua excurs\u00e3o com uma impress\u00e3o diferente do que chamou de &#8220;ilha da fantasia&#8221;.<\/p>\n<p>Se lembrar o que disp\u00f5e a Constitui\u00e7\u00e3o sobre os \u00f3rg\u00e3os de seguran\u00e7a da capital, &#8220;organizados e mantidos pela Uni\u00e3o&#8221;, n\u00e3o ser\u00e1 dif\u00edcil concluir pela necessidade do Fundo Constitucional do Distrito Federal.<\/p>\n<p>Ainda mais se atentar para que cabem \u00e0 Pol\u00edcia Militar, \u00e0 Pol\u00edcia Civil e ao Corpo de Bombeiros manter inc\u00f3lumes todas as embaixadas e os \u00f3rg\u00e3os do governo federal, inclusive a Pra\u00e7a dos Tr\u00eas Poderes, o Pal\u00e1cio da Alvorada e as casas em que vivem ele e os demais ministros.<\/p>\n","protected":false},"excerpt":{"rendered":"<p>Eu me considero baiano. Portanto, ainda bem que o ministro Ruy Costa (Casa Civil) teve, como governador, oito anos para conhecer razoavelmente a Bahia. Bem mais que os cinco meses em que, ao menos oficialmente, vive e trabalha em endere\u00e7os brasilienses. Ressalto o &#8220;oficialmente&#8221;, pois as suas declara\u00e7\u00f5es d\u00e3o a entender que ainda n\u00e3o se [&hellip;]<\/p>\n","protected":false},"author":2,"featured_media":306289,"comment_status":"closed","ping_status":"closed","sticky":false,"template":"","format":"standard","meta":{"_acf_changed":false,"footnotes":""},"categories":[161],"tags":[95],"class_list":["post-306288","post","type-post","status-publish","format-standard","has-post-thumbnail","hentry","category-quadradinho-em-foco","tag-capa"],"acf":[],"yoast_head":"<!-- This site is optimized with the Yoast SEO plugin v27.2 - https:\/\/yoast.com\/product\/yoast-seo-wordpress\/ -->\n<title>Ministro Rui Costa, pare e olhe bem para o ch\u00e3o em que pisa - Notibras<\/title>\n<meta name=\"robots\" content=\"index, follow, max-snippet:-1, max-image-preview:large, max-video-preview:-1\" \/>\n<link rel=\"canonical\" href=\"https:\/\/www.notibras.com\/site\/ministro-rui-costa-pare-e-olhe-bem-para-o-chao-em-que-pisa\/\" \/>\n<meta property=\"og:locale\" content=\"pt_BR\" \/>\n<meta property=\"og:type\" content=\"article\" \/>\n<meta property=\"og:title\" content=\"Ministro Rui Costa, pare e olhe bem para o ch\u00e3o em que pisa - Notibras\" \/>\n<meta property=\"og:description\" content=\"Eu me considero baiano. Portanto, ainda bem que o ministro Ruy Costa (Casa Civil) teve, como governador, oito anos para conhecer razoavelmente a Bahia. Bem mais que os cinco meses em que, ao menos oficialmente, vive e trabalha em endere\u00e7os brasilienses. Ressalto o &#8220;oficialmente&#8221;, pois as suas declara\u00e7\u00f5es d\u00e3o a entender que ainda n\u00e3o se [&hellip;]\" \/>\n<meta property=\"og:url\" content=\"https:\/\/www.notibras.com\/site\/ministro-rui-costa-pare-e-olhe-bem-para-o-chao-em-que-pisa\/\" \/>\n<meta property=\"og:site_name\" content=\"Notibras\" \/>\n<meta property=\"article:publisher\" content=\"https:\/\/www.facebook.com\/notibras\/\" \/>\n<meta property=\"article:published_time\" content=\"2023-06-05T03:43:01+00:00\" \/>\n<meta property=\"article:modified_time\" content=\"2023-06-05T09:16:15+00:00\" \/>\n<meta property=\"og:image\" content=\"https:\/\/www.notibras.com\/site\/wp-content\/uploads\/2023\/06\/wellington-dias-cozinha-solidaria_2mcamgo_abr_090120231818-6.jpg\" \/>\n\t<meta property=\"og:image:width\" content=\"770\" \/>\n\t<meta property=\"og:image:height\" content=\"513\" \/>\n\t<meta property=\"og:image:type\" content=\"image\/jpeg\" \/>\n<meta name=\"author\" content=\"Reda\u00e7\u00e3o\" \/>\n<meta name=\"twitter:card\" content=\"summary_large_image\" \/>\n<meta name=\"twitter:creator\" content=\"@Notibras\" \/>\n<meta name=\"twitter:site\" content=\"@Notibras\" \/>\n<meta name=\"twitter:label1\" content=\"Escrito por\" \/>\n\t<meta name=\"twitter:data1\" content=\"Reda\u00e7\u00e3o\" \/>\n\t<meta name=\"twitter:label2\" content=\"Est. tempo de leitura\" \/>\n\t<meta name=\"twitter:data2\" content=\"3 minutos\" \/>\n<script type=\"application\/ld+json\" class=\"yoast-schema-graph\">{\"@context\":\"https:\/\/schema.org\",\"@graph\":[{\"@type\":\"Article\",\"@id\":\"https:\/\/www.notibras.com\/site\/ministro-rui-costa-pare-e-olhe-bem-para-o-chao-em-que-pisa\/#article\",\"isPartOf\":{\"@id\":\"https:\/\/www.notibras.com\/site\/ministro-rui-costa-pare-e-olhe-bem-para-o-chao-em-que-pisa\/\"},\"author\":{\"name\":\"Reda\u00e7\u00e3o\",\"@id\":\"https:\/\/www.notibras.com\/site\/#\/schema\/person\/36ab0979449956132d3e5b517ea76ac8\"},\"headline\":\"Ministro Rui Costa, pare e olhe bem para o ch\u00e3o em que pisa\",\"datePublished\":\"2023-06-05T03:43:01+00:00\",\"dateModified\":\"2023-06-05T09:16:15+00:00\",\"mainEntityOfPage\":{\"@id\":\"https:\/\/www.notibras.com\/site\/ministro-rui-costa-pare-e-olhe-bem-para-o-chao-em-que-pisa\/\"},\"wordCount\":548,\"publisher\":{\"@id\":\"https:\/\/www.notibras.com\/site\/#organization\"},\"image\":{\"@id\":\"https:\/\/www.notibras.com\/site\/ministro-rui-costa-pare-e-olhe-bem-para-o-chao-em-que-pisa\/#primaryimage\"},\"thumbnailUrl\":\"https:\/\/www.notibras.com\/site\/wp-content\/uploads\/2023\/06\/wellington-dias-cozinha-solidaria_2mcamgo_abr_090120231818-6.jpg\",\"keywords\":[\"capa\"],\"articleSection\":[\"Quadradinho em Foco\"],\"inLanguage\":\"pt-BR\"},{\"@type\":\"WebPage\",\"@id\":\"https:\/\/www.notibras.com\/site\/ministro-rui-costa-pare-e-olhe-bem-para-o-chao-em-que-pisa\/\",\"url\":\"https:\/\/www.notibras.com\/site\/ministro-rui-costa-pare-e-olhe-bem-para-o-chao-em-que-pisa\/\",\"name\":\"Ministro Rui Costa, pare e olhe bem para o ch\u00e3o em que pisa - Notibras\",\"isPartOf\":{\"@id\":\"https:\/\/www.notibras.com\/site\/#website\"},\"primaryImageOfPage\":{\"@id\":\"https:\/\/www.notibras.com\/site\/ministro-rui-costa-pare-e-olhe-bem-para-o-chao-em-que-pisa\/#primaryimage\"},\"image\":{\"@id\":\"https:\/\/www.notibras.com\/site\/ministro-rui-costa-pare-e-olhe-bem-para-o-chao-em-que-pisa\/#primaryimage\"},\"thumbnailUrl\":\"https:\/\/www.notibras.com\/site\/wp-content\/uploads\/2023\/06\/wellington-dias-cozinha-solidaria_2mcamgo_abr_090120231818-6.jpg\",\"datePublished\":\"2023-06-05T03:43:01+00:00\",\"dateModified\":\"2023-06-05T09:16:15+00:00\",\"breadcrumb\":{\"@id\":\"https:\/\/www.notibras.com\/site\/ministro-rui-costa-pare-e-olhe-bem-para-o-chao-em-que-pisa\/#breadcrumb\"},\"inLanguage\":\"pt-BR\",\"potentialAction\":[{\"@type\":\"ReadAction\",\"target\":[\"https:\/\/www.notibras.com\/site\/ministro-rui-costa-pare-e-olhe-bem-para-o-chao-em-que-pisa\/\"]}]},{\"@type\":\"ImageObject\",\"inLanguage\":\"pt-BR\",\"@id\":\"https:\/\/www.notibras.com\/site\/ministro-rui-costa-pare-e-olhe-bem-para-o-chao-em-que-pisa\/#primaryimage\",\"url\":\"https:\/\/www.notibras.com\/site\/wp-content\/uploads\/2023\/06\/wellington-dias-cozinha-solidaria_2mcamgo_abr_090120231818-6.jpg\",\"contentUrl\":\"https:\/\/www.notibras.com\/site\/wp-content\/uploads\/2023\/06\/wellington-dias-cozinha-solidaria_2mcamgo_abr_090120231818-6.jpg\",\"width\":770,\"height\":513,\"caption\":\"Bras\u00edlia (DF), 09\/02\/2023 - Moradores do Sol Nascente almo\u00e7am em Cozinha Solid\u00e1ria de Ceil\u00e2ndia (DF), que faz parte da rede de cozinhas gerida pelo Movimento dos Trabalhadores Sem Teto.\"},{\"@type\":\"BreadcrumbList\",\"@id\":\"https:\/\/www.notibras.com\/site\/ministro-rui-costa-pare-e-olhe-bem-para-o-chao-em-que-pisa\/#breadcrumb\",\"itemListElement\":[{\"@type\":\"ListItem\",\"position\":1,\"name\":\"In\u00edcio\",\"item\":\"https:\/\/www.notibras.com\/site\/\"},{\"@type\":\"ListItem\",\"position\":2,\"name\":\"Ministro Rui Costa, pare e olhe bem para o ch\u00e3o em que pisa\"}]},{\"@type\":\"WebSite\",\"@id\":\"https:\/\/www.notibras.com\/site\/#website\",\"url\":\"https:\/\/www.notibras.com\/site\/\",\"name\":\"Notibras\",\"description\":\"Not\u00edcias de Bras\u00edlia, do Brasil e do Mundo\",\"publisher\":{\"@id\":\"https:\/\/www.notibras.com\/site\/#organization\"},\"potentialAction\":[{\"@type\":\"SearchAction\",\"target\":{\"@type\":\"EntryPoint\",\"urlTemplate\":\"https:\/\/www.notibras.com\/site\/?s={search_term_string}\"},\"query-input\":{\"@type\":\"PropertyValueSpecification\",\"valueRequired\":true,\"valueName\":\"search_term_string\"}}],\"inLanguage\":\"pt-BR\"},{\"@type\":\"Organization\",\"@id\":\"https:\/\/www.notibras.com\/site\/#organization\",\"name\":\"Grupo Notibras de Comunica\u00e7\u00e3o\",\"url\":\"https:\/\/www.notibras.com\/site\/\",\"logo\":{\"@type\":\"ImageObject\",\"inLanguage\":\"pt-BR\",\"@id\":\"https:\/\/www.notibras.com\/site\/#\/schema\/logo\/image\/\",\"url\":\"https:\/\/www.notibras.com\/site\/wp-content\/uploads\/2023\/01\/notibras23.png\",\"contentUrl\":\"https:\/\/www.notibras.com\/site\/wp-content\/uploads\/2023\/01\/notibras23.png\",\"width\":350,\"height\":87,\"caption\":\"Grupo Notibras de Comunica\u00e7\u00e3o\"},\"image\":{\"@id\":\"https:\/\/www.notibras.com\/site\/#\/schema\/logo\/image\/\"},\"sameAs\":[\"https:\/\/www.facebook.com\/notibras\/\",\"https:\/\/x.com\/Notibras\",\"https:\/\/www.instagram.com\/notibras\/\"]},{\"@type\":\"Person\",\"@id\":\"https:\/\/www.notibras.com\/site\/#\/schema\/person\/36ab0979449956132d3e5b517ea76ac8\",\"name\":\"Reda\u00e7\u00e3o\",\"image\":{\"@type\":\"ImageObject\",\"inLanguage\":\"pt-BR\",\"@id\":\"https:\/\/secure.gravatar.com\/avatar\/e0a867bdedb85fd243eadf09663511f96fc81e0720a4a42581f334ad4303aa6b?s=96&d=mm&r=g\",\"url\":\"https:\/\/secure.gravatar.com\/avatar\/e0a867bdedb85fd243eadf09663511f96fc81e0720a4a42581f334ad4303aa6b?s=96&d=mm&r=g\",\"contentUrl\":\"https:\/\/secure.gravatar.com\/avatar\/e0a867bdedb85fd243eadf09663511f96fc81e0720a4a42581f334ad4303aa6b?s=96&d=mm&r=g\",\"caption\":\"Reda\u00e7\u00e3o\"}}]}<\/script>\n<!-- \/ Yoast SEO plugin. -->","yoast_head_json":{"title":"Ministro Rui Costa, pare e olhe bem para o ch\u00e3o em que pisa - Notibras","robots":{"index":"index","follow":"follow","max-snippet":"max-snippet:-1","max-image-preview":"max-image-preview:large","max-video-preview":"max-video-preview:-1"},"canonical":"https:\/\/www.notibras.com\/site\/ministro-rui-costa-pare-e-olhe-bem-para-o-chao-em-que-pisa\/","og_locale":"pt_BR","og_type":"article","og_title":"Ministro Rui Costa, pare e olhe bem para o ch\u00e3o em que pisa - Notibras","og_description":"Eu me considero baiano. Portanto, ainda bem que o ministro Ruy Costa (Casa Civil) teve, como governador, oito anos para conhecer razoavelmente a Bahia. Bem mais que os cinco meses em que, ao menos oficialmente, vive e trabalha em endere\u00e7os brasilienses. Ressalto o &#8220;oficialmente&#8221;, pois as suas declara\u00e7\u00f5es d\u00e3o a entender que ainda n\u00e3o se [&hellip;]","og_url":"https:\/\/www.notibras.com\/site\/ministro-rui-costa-pare-e-olhe-bem-para-o-chao-em-que-pisa\/","og_site_name":"Notibras","article_publisher":"https:\/\/www.facebook.com\/notibras\/","article_published_time":"2023-06-05T03:43:01+00:00","article_modified_time":"2023-06-05T09:16:15+00:00","og_image":[{"width":770,"height":513,"url":"https:\/\/www.notibras.com\/site\/wp-content\/uploads\/2023\/06\/wellington-dias-cozinha-solidaria_2mcamgo_abr_090120231818-6.jpg","type":"image\/jpeg"}],"author":"Reda\u00e7\u00e3o","twitter_card":"summary_large_image","twitter_creator":"@Notibras","twitter_site":"@Notibras","twitter_misc":{"Escrito por":"Reda\u00e7\u00e3o","Est. tempo de leitura":"3 minutos"},"schema":{"@context":"https:\/\/schema.org","@graph":[{"@type":"Article","@id":"https:\/\/www.notibras.com\/site\/ministro-rui-costa-pare-e-olhe-bem-para-o-chao-em-que-pisa\/#article","isPartOf":{"@id":"https:\/\/www.notibras.com\/site\/ministro-rui-costa-pare-e-olhe-bem-para-o-chao-em-que-pisa\/"},"author":{"name":"Reda\u00e7\u00e3o","@id":"https:\/\/www.notibras.com\/site\/#\/schema\/person\/36ab0979449956132d3e5b517ea76ac8"},"headline":"Ministro Rui Costa, pare e olhe bem para o ch\u00e3o em que pisa","datePublished":"2023-06-05T03:43:01+00:00","dateModified":"2023-06-05T09:16:15+00:00","mainEntityOfPage":{"@id":"https:\/\/www.notibras.com\/site\/ministro-rui-costa-pare-e-olhe-bem-para-o-chao-em-que-pisa\/"},"wordCount":548,"publisher":{"@id":"https:\/\/www.notibras.com\/site\/#organization"},"image":{"@id":"https:\/\/www.notibras.com\/site\/ministro-rui-costa-pare-e-olhe-bem-para-o-chao-em-que-pisa\/#primaryimage"},"thumbnailUrl":"https:\/\/www.notibras.com\/site\/wp-content\/uploads\/2023\/06\/wellington-dias-cozinha-solidaria_2mcamgo_abr_090120231818-6.jpg","keywords":["capa"],"articleSection":["Quadradinho em Foco"],"inLanguage":"pt-BR"},{"@type":"WebPage","@id":"https:\/\/www.notibras.com\/site\/ministro-rui-costa-pare-e-olhe-bem-para-o-chao-em-que-pisa\/","url":"https:\/\/www.notibras.com\/site\/ministro-rui-costa-pare-e-olhe-bem-para-o-chao-em-que-pisa\/","name":"Ministro Rui Costa, pare e olhe bem para o ch\u00e3o em que pisa - Notibras","isPartOf":{"@id":"https:\/\/www.notibras.com\/site\/#website"},"primaryImageOfPage":{"@id":"https:\/\/www.notibras.com\/site\/ministro-rui-costa-pare-e-olhe-bem-para-o-chao-em-que-pisa\/#primaryimage"},"image":{"@id":"https:\/\/www.notibras.com\/site\/ministro-rui-costa-pare-e-olhe-bem-para-o-chao-em-que-pisa\/#primaryimage"},"thumbnailUrl":"https:\/\/www.notibras.com\/site\/wp-content\/uploads\/2023\/06\/wellington-dias-cozinha-solidaria_2mcamgo_abr_090120231818-6.jpg","datePublished":"2023-06-05T03:43:01+00:00","dateModified":"2023-06-05T09:16:15+00:00","breadcrumb":{"@id":"https:\/\/www.notibras.com\/site\/ministro-rui-costa-pare-e-olhe-bem-para-o-chao-em-que-pisa\/#breadcrumb"},"inLanguage":"pt-BR","potentialAction":[{"@type":"ReadAction","target":["https:\/\/www.notibras.com\/site\/ministro-rui-costa-pare-e-olhe-bem-para-o-chao-em-que-pisa\/"]}]},{"@type":"ImageObject","inLanguage":"pt-BR","@id":"https:\/\/www.notibras.com\/site\/ministro-rui-costa-pare-e-olhe-bem-para-o-chao-em-que-pisa\/#primaryimage","url":"https:\/\/www.notibras.com\/site\/wp-content\/uploads\/2023\/06\/wellington-dias-cozinha-solidaria_2mcamgo_abr_090120231818-6.jpg","contentUrl":"https:\/\/www.notibras.com\/site\/wp-content\/uploads\/2023\/06\/wellington-dias-cozinha-solidaria_2mcamgo_abr_090120231818-6.jpg","width":770,"height":513,"caption":"Bras\u00edlia (DF), 09\/02\/2023 - Moradores do Sol Nascente almo\u00e7am em Cozinha Solid\u00e1ria de Ceil\u00e2ndia (DF), que faz parte da rede de cozinhas gerida pelo Movimento dos Trabalhadores Sem Teto."},{"@type":"BreadcrumbList","@id":"https:\/\/www.notibras.com\/site\/ministro-rui-costa-pare-e-olhe-bem-para-o-chao-em-que-pisa\/#breadcrumb","itemListElement":[{"@type":"ListItem","position":1,"name":"In\u00edcio","item":"https:\/\/www.notibras.com\/site\/"},{"@type":"ListItem","position":2,"name":"Ministro Rui Costa, pare e olhe bem para o ch\u00e3o em que pisa"}]},{"@type":"WebSite","@id":"https:\/\/www.notibras.com\/site\/#website","url":"https:\/\/www.notibras.com\/site\/","name":"Notibras","description":"Not\u00edcias de Bras\u00edlia, do Brasil e do Mundo","publisher":{"@id":"https:\/\/www.notibras.com\/site\/#organization"},"potentialAction":[{"@type":"SearchAction","target":{"@type":"EntryPoint","urlTemplate":"https:\/\/www.notibras.com\/site\/?s={search_term_string}"},"query-input":{"@type":"PropertyValueSpecification","valueRequired":true,"valueName":"search_term_string"}}],"inLanguage":"pt-BR"},{"@type":"Organization","@id":"https:\/\/www.notibras.com\/site\/#organization","name":"Grupo Notibras de Comunica\u00e7\u00e3o","url":"https:\/\/www.notibras.com\/site\/","logo":{"@type":"ImageObject","inLanguage":"pt-BR","@id":"https:\/\/www.notibras.com\/site\/#\/schema\/logo\/image\/","url":"https:\/\/www.notibras.com\/site\/wp-content\/uploads\/2023\/01\/notibras23.png","contentUrl":"https:\/\/www.notibras.com\/site\/wp-content\/uploads\/2023\/01\/notibras23.png","width":350,"height":87,"caption":"Grupo Notibras de Comunica\u00e7\u00e3o"},"image":{"@id":"https:\/\/www.notibras.com\/site\/#\/schema\/logo\/image\/"},"sameAs":["https:\/\/www.facebook.com\/notibras\/","https:\/\/x.com\/Notibras","https:\/\/www.instagram.com\/notibras\/"]},{"@type":"Person","@id":"https:\/\/www.notibras.com\/site\/#\/schema\/person\/36ab0979449956132d3e5b517ea76ac8","name":"Reda\u00e7\u00e3o","image":{"@type":"ImageObject","inLanguage":"pt-BR","@id":"https:\/\/secure.gravatar.com\/avatar\/e0a867bdedb85fd243eadf09663511f96fc81e0720a4a42581f334ad4303aa6b?s=96&d=mm&r=g","url":"https:\/\/secure.gravatar.com\/avatar\/e0a867bdedb85fd243eadf09663511f96fc81e0720a4a42581f334ad4303aa6b?s=96&d=mm&r=g","contentUrl":"https:\/\/secure.gravatar.com\/avatar\/e0a867bdedb85fd243eadf09663511f96fc81e0720a4a42581f334ad4303aa6b?s=96&d=mm&r=g","caption":"Reda\u00e7\u00e3o"}}]}},"amp_enabled":true,"_links":{"self":[{"href":"https:\/\/www.notibras.com\/site\/wp-json\/wp\/v2\/posts\/306288","targetHints":{"allow":["GET"]}}],"collection":[{"href":"https:\/\/www.notibras.com\/site\/wp-json\/wp\/v2\/posts"}],"about":[{"href":"https:\/\/www.notibras.com\/site\/wp-json\/wp\/v2\/types\/post"}],"author":[{"embeddable":true,"href":"https:\/\/www.notibras.com\/site\/wp-json\/wp\/v2\/users\/2"}],"replies":[{"embeddable":true,"href":"https:\/\/www.notibras.com\/site\/wp-json\/wp\/v2\/comments?post=306288"}],"version-history":[{"count":3,"href":"https:\/\/www.notibras.com\/site\/wp-json\/wp\/v2\/posts\/306288\/revisions"}],"predecessor-version":[{"id":306292,"href":"https:\/\/www.notibras.com\/site\/wp-json\/wp\/v2\/posts\/306288\/revisions\/306292"}],"wp:featuredmedia":[{"embeddable":true,"href":"https:\/\/www.notibras.com\/site\/wp-json\/wp\/v2\/media\/306289"}],"wp:attachment":[{"href":"https:\/\/www.notibras.com\/site\/wp-json\/wp\/v2\/media?parent=306288"}],"wp:term":[{"taxonomy":"category","embeddable":true,"href":"https:\/\/www.notibras.com\/site\/wp-json\/wp\/v2\/categories?post=306288"},{"taxonomy":"post_tag","embeddable":true,"href":"https:\/\/www.notibras.com\/site\/wp-json\/wp\/v2\/tags?post=306288"}],"curies":[{"name":"wp","href":"https:\/\/api.w.org\/{rel}","templated":true}]}}