{"id":306361,"date":"2023-06-06T05:11:12","date_gmt":"2023-06-06T08:11:12","guid":{"rendered":"https:\/\/www.notibras.com\/site\/?p=306361"},"modified":"2023-06-06T05:11:12","modified_gmt":"2023-06-06T08:11:12","slug":"tribunal-fixa-prazo-para-plano-de-revitalizacao","status":"publish","type":"post","link":"https:\/\/www.notibras.com\/site\/tribunal-fixa-prazo-para-plano-de-revitalizacao\/","title":{"rendered":"Tribunal fixa prazo para plano de revitaliza\u00e7\u00e3o"},"content":{"rendered":"<p>Considerando a complexidade a a urg\u00eancia da licita\u00e7\u00e3o, bem como o impacto social que um eventual colapso da Ponte JK pode provocar, o Tribunal de Contas do Distrito Federal deu um prazo de 30 dias para que a Novacap apresente informa\u00e7\u00f5es sobre o Plano de A\u00e7\u00e3o para revitaliza\u00e7\u00e3o da ponte.<\/p>\n<p>Durante a sess\u00e3o plen\u00e1ria que apreciou o processo 00600-00010362\/2021-73-e, que trata do procedimento licitat\u00f3rio para a contrata\u00e7\u00e3o de empresa de engenharia respons\u00e1vel pela execu\u00e7\u00e3o da obra, os conselheiros alertaram para a necessidade de atuar preventivamente e evitar situa\u00e7\u00f5es como o desabamento do viaduto sob o Eix\u00e3o Sul em fevereiro de 2018.<\/p>\n<p>Desde aquele ano, a Novacap procura licitar a revitaliza\u00e7\u00e3o da Ponte JK, sem sucesso. Essa proposta de licita\u00e7\u00e3o foi tratada pelo TCDF no \u00e2mbito do Processo n\u00ba 25.198\/2018-e. Naquela ocasi\u00e3o, os crit\u00e9rios do projeto, que alterariam profundamente o arranjo estrutural da ponte, foram o foco da discuss\u00e3o. A Novacap, no entanto, decidiu pelo abandono da proposta de altera\u00e7\u00e3o da estrutura da ponte, que \u00e9 de um dos principais cart\u00f5es postais de Bras\u00edlia. Tr\u00eas anos depois, foi instaurado novo procedimento licitat\u00f3rio.<\/p>\n<p>A partir da nova proposta, o Tribunal de Contas determinou, por meio da Decis\u00e3o n\u00ba 3774\/2022, no \u00e2mbito do processo n\u00ba 00600-00010362\/2021-73 que a Companhia estabelecesse um plano de a\u00e7\u00e3o referente ao futuro certame, com defini\u00e7\u00e3o das diferentes etapas e respectivos prazos e enviasse ao Tribunal a documenta\u00e7\u00e3o detalhada para acompanhamento da Corte.<\/p>\n<p>Embora a pasta tenha enviado a documenta\u00e7\u00e3o solicitada, o corpo t\u00e9cnico do Tribunal identificou atrasos nas etapas 3 (contrata\u00e7\u00e3o para revis\u00e3o, adequa\u00e7\u00e3o e atualiza\u00e7\u00e3o da planilha estimativa de pre\u00e7o da obra de revitaliza\u00e7\u00e3o da ponte JK por empresa especializada) e 4 (elabora\u00e7\u00e3o do novo projeto b\u00e1sico de licita\u00e7\u00e3o a partir da revis\u00e3o da planilha estimativa de licita\u00e7\u00e3o). Em ambas as etapas, o prazo j\u00e1 venceu.<\/p>\n<p>Em seu voto, o relator do processo enfatiza a import\u00e2ncia da corre\u00e7\u00e3o de poss\u00edveis falhas no edital para &#8220;evitar que a licita\u00e7\u00e3o venha a ser lan\u00e7ada em fase que n\u00e3o se obtenha um amadurecimento suficiente para tanto, minimizando tamb\u00e9m o tempo de tomada de decis\u00e3o nas esferas administrativa e controladora&#8221;.<\/p>\n<p>Desse modo, o TCDF agora cobra que a Novacap apresente, em 30 dias, informa\u00e7\u00f5es atualizadas sobre as etapas vencidas do plano de a\u00e7\u00e3o, o atual do cronograma em vigor, de modo a dar celeridade ao processo, evitar mais atrasos e prevenir um poss\u00edvel acidente.<\/p>\n","protected":false},"excerpt":{"rendered":"<p>Considerando a complexidade a a urg\u00eancia da licita\u00e7\u00e3o, bem como o impacto social que um eventual colapso da Ponte JK pode provocar, o Tribunal de Contas do Distrito Federal deu um prazo de 30 dias para que a Novacap apresente informa\u00e7\u00f5es sobre o Plano de A\u00e7\u00e3o para revitaliza\u00e7\u00e3o da ponte. Durante a sess\u00e3o plen\u00e1ria que [&hellip;]<\/p>\n","protected":false},"author":2,"featured_media":104252,"comment_status":"closed","ping_status":"closed","sticky":false,"template":"","format":"standard","meta":{"_acf_changed":false,"footnotes":""},"categories":[161],"tags":[],"class_list":["post-306361","post","type-post","status-publish","format-standard","has-post-thumbnail","hentry","category-quadradinho-em-foco"],"acf":[],"yoast_head":"<!-- This site is optimized with the Yoast SEO plugin v27.2 - https:\/\/yoast.com\/product\/yoast-seo-wordpress\/ -->\n<title>Tribunal fixa prazo para plano de revitaliza\u00e7\u00e3o - Notibras<\/title>\n<meta name=\"robots\" content=\"index, follow, max-snippet:-1, max-image-preview:large, max-video-preview:-1\" \/>\n<link rel=\"canonical\" href=\"https:\/\/www.notibras.com\/site\/tribunal-fixa-prazo-para-plano-de-revitalizacao\/\" \/>\n<meta property=\"og:locale\" content=\"pt_BR\" \/>\n<meta property=\"og:type\" content=\"article\" \/>\n<meta property=\"og:title\" content=\"Tribunal fixa prazo para plano de revitaliza\u00e7\u00e3o - Notibras\" \/>\n<meta property=\"og:description\" content=\"Considerando a complexidade a a urg\u00eancia da licita\u00e7\u00e3o, bem como o impacto social que um eventual colapso da Ponte JK pode provocar, o Tribunal de Contas do Distrito Federal deu um prazo de 30 dias para que a Novacap apresente informa\u00e7\u00f5es sobre o Plano de A\u00e7\u00e3o para revitaliza\u00e7\u00e3o da ponte. Durante a sess\u00e3o plen\u00e1ria que [&hellip;]\" \/>\n<meta property=\"og:url\" content=\"https:\/\/www.notibras.com\/site\/tribunal-fixa-prazo-para-plano-de-revitalizacao\/\" \/>\n<meta property=\"og:site_name\" content=\"Notibras\" \/>\n<meta property=\"article:publisher\" content=\"https:\/\/www.facebook.com\/notibras\/\" \/>\n<meta property=\"article:published_time\" content=\"2023-06-06T08:11:12+00:00\" \/>\n<meta property=\"og:image\" content=\"https:\/\/www.notibras.com\/site\/wp-content\/uploads\/2016\/06\/Ponte-JK.jpg\" \/>\n\t<meta property=\"og:image:width\" content=\"950\" \/>\n\t<meta property=\"og:image:height\" content=\"634\" \/>\n\t<meta property=\"og:image:type\" content=\"image\/jpeg\" \/>\n<meta name=\"author\" content=\"Reda\u00e7\u00e3o\" \/>\n<meta name=\"twitter:card\" content=\"summary_large_image\" \/>\n<meta name=\"twitter:creator\" content=\"@Notibras\" \/>\n<meta name=\"twitter:site\" content=\"@Notibras\" \/>\n<meta name=\"twitter:label1\" content=\"Escrito por\" \/>\n\t<meta name=\"twitter:data1\" content=\"Reda\u00e7\u00e3o\" \/>\n\t<meta name=\"twitter:label2\" content=\"Est. tempo de leitura\" \/>\n\t<meta name=\"twitter:data2\" content=\"3 minutos\" \/>\n<script type=\"application\/ld+json\" class=\"yoast-schema-graph\">{\"@context\":\"https:\/\/schema.org\",\"@graph\":[{\"@type\":\"Article\",\"@id\":\"https:\/\/www.notibras.com\/site\/tribunal-fixa-prazo-para-plano-de-revitalizacao\/#article\",\"isPartOf\":{\"@id\":\"https:\/\/www.notibras.com\/site\/tribunal-fixa-prazo-para-plano-de-revitalizacao\/\"},\"author\":{\"name\":\"Reda\u00e7\u00e3o\",\"@id\":\"https:\/\/www.notibras.com\/site\/#\/schema\/person\/36ab0979449956132d3e5b517ea76ac8\"},\"headline\":\"Tribunal fixa prazo para plano de revitaliza\u00e7\u00e3o\",\"datePublished\":\"2023-06-06T08:11:12+00:00\",\"mainEntityOfPage\":{\"@id\":\"https:\/\/www.notibras.com\/site\/tribunal-fixa-prazo-para-plano-de-revitalizacao\/\"},\"wordCount\":448,\"publisher\":{\"@id\":\"https:\/\/www.notibras.com\/site\/#organization\"},\"image\":{\"@id\":\"https:\/\/www.notibras.com\/site\/tribunal-fixa-prazo-para-plano-de-revitalizacao\/#primaryimage\"},\"thumbnailUrl\":\"https:\/\/www.notibras.com\/site\/wp-content\/uploads\/2016\/06\/Ponte-JK.jpg\",\"articleSection\":[\"Quadradinho em Foco\"],\"inLanguage\":\"pt-BR\"},{\"@type\":\"WebPage\",\"@id\":\"https:\/\/www.notibras.com\/site\/tribunal-fixa-prazo-para-plano-de-revitalizacao\/\",\"url\":\"https:\/\/www.notibras.com\/site\/tribunal-fixa-prazo-para-plano-de-revitalizacao\/\",\"name\":\"Tribunal fixa prazo para plano de revitaliza\u00e7\u00e3o - Notibras\",\"isPartOf\":{\"@id\":\"https:\/\/www.notibras.com\/site\/#website\"},\"primaryImageOfPage\":{\"@id\":\"https:\/\/www.notibras.com\/site\/tribunal-fixa-prazo-para-plano-de-revitalizacao\/#primaryimage\"},\"image\":{\"@id\":\"https:\/\/www.notibras.com\/site\/tribunal-fixa-prazo-para-plano-de-revitalizacao\/#primaryimage\"},\"thumbnailUrl\":\"https:\/\/www.notibras.com\/site\/wp-content\/uploads\/2016\/06\/Ponte-JK.jpg\",\"datePublished\":\"2023-06-06T08:11:12+00:00\",\"breadcrumb\":{\"@id\":\"https:\/\/www.notibras.com\/site\/tribunal-fixa-prazo-para-plano-de-revitalizacao\/#breadcrumb\"},\"inLanguage\":\"pt-BR\",\"potentialAction\":[{\"@type\":\"ReadAction\",\"target\":[\"https:\/\/www.notibras.com\/site\/tribunal-fixa-prazo-para-plano-de-revitalizacao\/\"]}]},{\"@type\":\"ImageObject\",\"inLanguage\":\"pt-BR\",\"@id\":\"https:\/\/www.notibras.com\/site\/tribunal-fixa-prazo-para-plano-de-revitalizacao\/#primaryimage\",\"url\":\"https:\/\/www.notibras.com\/site\/wp-content\/uploads\/2016\/06\/Ponte-JK.jpg\",\"contentUrl\":\"https:\/\/www.notibras.com\/site\/wp-content\/uploads\/2016\/06\/Ponte-JK.jpg\",\"width\":950,\"height\":634},{\"@type\":\"BreadcrumbList\",\"@id\":\"https:\/\/www.notibras.com\/site\/tribunal-fixa-prazo-para-plano-de-revitalizacao\/#breadcrumb\",\"itemListElement\":[{\"@type\":\"ListItem\",\"position\":1,\"name\":\"In\u00edcio\",\"item\":\"https:\/\/www.notibras.com\/site\/\"},{\"@type\":\"ListItem\",\"position\":2,\"name\":\"Tribunal fixa prazo para plano de revitaliza\u00e7\u00e3o\"}]},{\"@type\":\"WebSite\",\"@id\":\"https:\/\/www.notibras.com\/site\/#website\",\"url\":\"https:\/\/www.notibras.com\/site\/\",\"name\":\"Notibras\",\"description\":\"Not\u00edcias de Bras\u00edlia, do Brasil e do Mundo\",\"publisher\":{\"@id\":\"https:\/\/www.notibras.com\/site\/#organization\"},\"potentialAction\":[{\"@type\":\"SearchAction\",\"target\":{\"@type\":\"EntryPoint\",\"urlTemplate\":\"https:\/\/www.notibras.com\/site\/?s={search_term_string}\"},\"query-input\":{\"@type\":\"PropertyValueSpecification\",\"valueRequired\":true,\"valueName\":\"search_term_string\"}}],\"inLanguage\":\"pt-BR\"},{\"@type\":\"Organization\",\"@id\":\"https:\/\/www.notibras.com\/site\/#organization\",\"name\":\"Grupo Notibras de Comunica\u00e7\u00e3o\",\"url\":\"https:\/\/www.notibras.com\/site\/\",\"logo\":{\"@type\":\"ImageObject\",\"inLanguage\":\"pt-BR\",\"@id\":\"https:\/\/www.notibras.com\/site\/#\/schema\/logo\/image\/\",\"url\":\"https:\/\/www.notibras.com\/site\/wp-content\/uploads\/2023\/01\/notibras23.png\",\"contentUrl\":\"https:\/\/www.notibras.com\/site\/wp-content\/uploads\/2023\/01\/notibras23.png\",\"width\":350,\"height\":87,\"caption\":\"Grupo Notibras de Comunica\u00e7\u00e3o\"},\"image\":{\"@id\":\"https:\/\/www.notibras.com\/site\/#\/schema\/logo\/image\/\"},\"sameAs\":[\"https:\/\/www.facebook.com\/notibras\/\",\"https:\/\/x.com\/Notibras\",\"https:\/\/www.instagram.com\/notibras\/\"]},{\"@type\":\"Person\",\"@id\":\"https:\/\/www.notibras.com\/site\/#\/schema\/person\/36ab0979449956132d3e5b517ea76ac8\",\"name\":\"Reda\u00e7\u00e3o\",\"image\":{\"@type\":\"ImageObject\",\"inLanguage\":\"pt-BR\",\"@id\":\"https:\/\/secure.gravatar.com\/avatar\/e0a867bdedb85fd243eadf09663511f96fc81e0720a4a42581f334ad4303aa6b?s=96&d=mm&r=g\",\"url\":\"https:\/\/secure.gravatar.com\/avatar\/e0a867bdedb85fd243eadf09663511f96fc81e0720a4a42581f334ad4303aa6b?s=96&d=mm&r=g\",\"contentUrl\":\"https:\/\/secure.gravatar.com\/avatar\/e0a867bdedb85fd243eadf09663511f96fc81e0720a4a42581f334ad4303aa6b?s=96&d=mm&r=g\",\"caption\":\"Reda\u00e7\u00e3o\"}}]}<\/script>\n<!-- \/ Yoast SEO plugin. -->","yoast_head_json":{"title":"Tribunal fixa prazo para plano de revitaliza\u00e7\u00e3o - Notibras","robots":{"index":"index","follow":"follow","max-snippet":"max-snippet:-1","max-image-preview":"max-image-preview:large","max-video-preview":"max-video-preview:-1"},"canonical":"https:\/\/www.notibras.com\/site\/tribunal-fixa-prazo-para-plano-de-revitalizacao\/","og_locale":"pt_BR","og_type":"article","og_title":"Tribunal fixa prazo para plano de revitaliza\u00e7\u00e3o - Notibras","og_description":"Considerando a complexidade a a urg\u00eancia da licita\u00e7\u00e3o, bem como o impacto social que um eventual colapso da Ponte JK pode provocar, o Tribunal de Contas do Distrito Federal deu um prazo de 30 dias para que a Novacap apresente informa\u00e7\u00f5es sobre o Plano de A\u00e7\u00e3o para revitaliza\u00e7\u00e3o da ponte. Durante a sess\u00e3o plen\u00e1ria que [&hellip;]","og_url":"https:\/\/www.notibras.com\/site\/tribunal-fixa-prazo-para-plano-de-revitalizacao\/","og_site_name":"Notibras","article_publisher":"https:\/\/www.facebook.com\/notibras\/","article_published_time":"2023-06-06T08:11:12+00:00","og_image":[{"width":950,"height":634,"url":"https:\/\/www.notibras.com\/site\/wp-content\/uploads\/2016\/06\/Ponte-JK.jpg","type":"image\/jpeg"}],"author":"Reda\u00e7\u00e3o","twitter_card":"summary_large_image","twitter_creator":"@Notibras","twitter_site":"@Notibras","twitter_misc":{"Escrito por":"Reda\u00e7\u00e3o","Est. tempo de leitura":"3 minutos"},"schema":{"@context":"https:\/\/schema.org","@graph":[{"@type":"Article","@id":"https:\/\/www.notibras.com\/site\/tribunal-fixa-prazo-para-plano-de-revitalizacao\/#article","isPartOf":{"@id":"https:\/\/www.notibras.com\/site\/tribunal-fixa-prazo-para-plano-de-revitalizacao\/"},"author":{"name":"Reda\u00e7\u00e3o","@id":"https:\/\/www.notibras.com\/site\/#\/schema\/person\/36ab0979449956132d3e5b517ea76ac8"},"headline":"Tribunal fixa prazo para plano de revitaliza\u00e7\u00e3o","datePublished":"2023-06-06T08:11:12+00:00","mainEntityOfPage":{"@id":"https:\/\/www.notibras.com\/site\/tribunal-fixa-prazo-para-plano-de-revitalizacao\/"},"wordCount":448,"publisher":{"@id":"https:\/\/www.notibras.com\/site\/#organization"},"image":{"@id":"https:\/\/www.notibras.com\/site\/tribunal-fixa-prazo-para-plano-de-revitalizacao\/#primaryimage"},"thumbnailUrl":"https:\/\/www.notibras.com\/site\/wp-content\/uploads\/2016\/06\/Ponte-JK.jpg","articleSection":["Quadradinho em Foco"],"inLanguage":"pt-BR"},{"@type":"WebPage","@id":"https:\/\/www.notibras.com\/site\/tribunal-fixa-prazo-para-plano-de-revitalizacao\/","url":"https:\/\/www.notibras.com\/site\/tribunal-fixa-prazo-para-plano-de-revitalizacao\/","name":"Tribunal fixa prazo para plano de revitaliza\u00e7\u00e3o - Notibras","isPartOf":{"@id":"https:\/\/www.notibras.com\/site\/#website"},"primaryImageOfPage":{"@id":"https:\/\/www.notibras.com\/site\/tribunal-fixa-prazo-para-plano-de-revitalizacao\/#primaryimage"},"image":{"@id":"https:\/\/www.notibras.com\/site\/tribunal-fixa-prazo-para-plano-de-revitalizacao\/#primaryimage"},"thumbnailUrl":"https:\/\/www.notibras.com\/site\/wp-content\/uploads\/2016\/06\/Ponte-JK.jpg","datePublished":"2023-06-06T08:11:12+00:00","breadcrumb":{"@id":"https:\/\/www.notibras.com\/site\/tribunal-fixa-prazo-para-plano-de-revitalizacao\/#breadcrumb"},"inLanguage":"pt-BR","potentialAction":[{"@type":"ReadAction","target":["https:\/\/www.notibras.com\/site\/tribunal-fixa-prazo-para-plano-de-revitalizacao\/"]}]},{"@type":"ImageObject","inLanguage":"pt-BR","@id":"https:\/\/www.notibras.com\/site\/tribunal-fixa-prazo-para-plano-de-revitalizacao\/#primaryimage","url":"https:\/\/www.notibras.com\/site\/wp-content\/uploads\/2016\/06\/Ponte-JK.jpg","contentUrl":"https:\/\/www.notibras.com\/site\/wp-content\/uploads\/2016\/06\/Ponte-JK.jpg","width":950,"height":634},{"@type":"BreadcrumbList","@id":"https:\/\/www.notibras.com\/site\/tribunal-fixa-prazo-para-plano-de-revitalizacao\/#breadcrumb","itemListElement":[{"@type":"ListItem","position":1,"name":"In\u00edcio","item":"https:\/\/www.notibras.com\/site\/"},{"@type":"ListItem","position":2,"name":"Tribunal fixa prazo para plano de revitaliza\u00e7\u00e3o"}]},{"@type":"WebSite","@id":"https:\/\/www.notibras.com\/site\/#website","url":"https:\/\/www.notibras.com\/site\/","name":"Notibras","description":"Not\u00edcias de Bras\u00edlia, do Brasil e do Mundo","publisher":{"@id":"https:\/\/www.notibras.com\/site\/#organization"},"potentialAction":[{"@type":"SearchAction","target":{"@type":"EntryPoint","urlTemplate":"https:\/\/www.notibras.com\/site\/?s={search_term_string}"},"query-input":{"@type":"PropertyValueSpecification","valueRequired":true,"valueName":"search_term_string"}}],"inLanguage":"pt-BR"},{"@type":"Organization","@id":"https:\/\/www.notibras.com\/site\/#organization","name":"Grupo Notibras de Comunica\u00e7\u00e3o","url":"https:\/\/www.notibras.com\/site\/","logo":{"@type":"ImageObject","inLanguage":"pt-BR","@id":"https:\/\/www.notibras.com\/site\/#\/schema\/logo\/image\/","url":"https:\/\/www.notibras.com\/site\/wp-content\/uploads\/2023\/01\/notibras23.png","contentUrl":"https:\/\/www.notibras.com\/site\/wp-content\/uploads\/2023\/01\/notibras23.png","width":350,"height":87,"caption":"Grupo Notibras de Comunica\u00e7\u00e3o"},"image":{"@id":"https:\/\/www.notibras.com\/site\/#\/schema\/logo\/image\/"},"sameAs":["https:\/\/www.facebook.com\/notibras\/","https:\/\/x.com\/Notibras","https:\/\/www.instagram.com\/notibras\/"]},{"@type":"Person","@id":"https:\/\/www.notibras.com\/site\/#\/schema\/person\/36ab0979449956132d3e5b517ea76ac8","name":"Reda\u00e7\u00e3o","image":{"@type":"ImageObject","inLanguage":"pt-BR","@id":"https:\/\/secure.gravatar.com\/avatar\/e0a867bdedb85fd243eadf09663511f96fc81e0720a4a42581f334ad4303aa6b?s=96&d=mm&r=g","url":"https:\/\/secure.gravatar.com\/avatar\/e0a867bdedb85fd243eadf09663511f96fc81e0720a4a42581f334ad4303aa6b?s=96&d=mm&r=g","contentUrl":"https:\/\/secure.gravatar.com\/avatar\/e0a867bdedb85fd243eadf09663511f96fc81e0720a4a42581f334ad4303aa6b?s=96&d=mm&r=g","caption":"Reda\u00e7\u00e3o"}}]}},"amp_enabled":true,"_links":{"self":[{"href":"https:\/\/www.notibras.com\/site\/wp-json\/wp\/v2\/posts\/306361","targetHints":{"allow":["GET"]}}],"collection":[{"href":"https:\/\/www.notibras.com\/site\/wp-json\/wp\/v2\/posts"}],"about":[{"href":"https:\/\/www.notibras.com\/site\/wp-json\/wp\/v2\/types\/post"}],"author":[{"embeddable":true,"href":"https:\/\/www.notibras.com\/site\/wp-json\/wp\/v2\/users\/2"}],"replies":[{"embeddable":true,"href":"https:\/\/www.notibras.com\/site\/wp-json\/wp\/v2\/comments?post=306361"}],"version-history":[{"count":1,"href":"https:\/\/www.notibras.com\/site\/wp-json\/wp\/v2\/posts\/306361\/revisions"}],"predecessor-version":[{"id":306362,"href":"https:\/\/www.notibras.com\/site\/wp-json\/wp\/v2\/posts\/306361\/revisions\/306362"}],"wp:featuredmedia":[{"embeddable":true,"href":"https:\/\/www.notibras.com\/site\/wp-json\/wp\/v2\/media\/104252"}],"wp:attachment":[{"href":"https:\/\/www.notibras.com\/site\/wp-json\/wp\/v2\/media?parent=306361"}],"wp:term":[{"taxonomy":"category","embeddable":true,"href":"https:\/\/www.notibras.com\/site\/wp-json\/wp\/v2\/categories?post=306361"},{"taxonomy":"post_tag","embeddable":true,"href":"https:\/\/www.notibras.com\/site\/wp-json\/wp\/v2\/tags?post=306361"}],"curies":[{"name":"wp","href":"https:\/\/api.w.org\/{rel}","templated":true}]}}