{"id":306367,"date":"2023-06-06T00:00:09","date_gmt":"2023-06-06T03:00:09","guid":{"rendered":"https:\/\/www.notibras.com\/site\/?p=306367"},"modified":"2023-06-06T05:39:25","modified_gmt":"2023-06-06T08:39:25","slug":"indigenas-e-autoridades-reverenciam-memoria-de-bruno-e-dom","status":"publish","type":"post","link":"https:\/\/www.notibras.com\/site\/indigenas-e-autoridades-reverenciam-memoria-de-bruno-e-dom\/","title":{"rendered":"Ind\u00edgenas e autoridades reverenciam mem\u00f3ria de Bruno e Dom"},"content":{"rendered":"<p>O c\u00e2ntico Wahanararai tomou o espa\u00e7o de emo\u00e7\u00e3o. Os versos entoados ficaram conhecidos pela grava\u00e7\u00e3o do indigenista Bruno Pereira, assassinado h\u00e1 um ano no Vale do Javari. O jornalista brit\u00e2nico Dom Phillips tamb\u00e9m foi morto naquele 5 de junho de 2022.<\/p>\n<p>Nesta segunda (5), no espa\u00e7o conhecido como \u201cMaloca\u201d, na Universidade de Bras\u00edlia (UnB), representantes ind\u00edgenas e n\u00e3o ind\u00edgenas e autoridades do governo federal homenagearam e reverenciaram Bruno e Dom e trataram de provid\u00eancias para melhorar a seguran\u00e7a no Vale do Javari. O evento tamb\u00e9m trouxe cr\u00edticas \u00e0 tese do Marco Temporal, em discuss\u00e3o no Legislativo e no Judici\u00e1rio.<\/p>\n<p>A antrop\u00f3loga Beatriz Matos, vi\u00fava de Bruno Pereira, emocionada, recordou que ap\u00f3s o assassinato, o sentimento foi de desespero. \u201cComo \u00e9 que vamos ficar aqui nesse pa\u00eds?\u201d. Depois, refez o olhar.<\/p>\n<p>Ela disse que, atualmente, o Brasil tem buscado uma pol\u00edtica nacional de enfrentamento ao tr\u00e1fico de drogas em parceria com as lideran\u00e7as ind\u00edgenas. \u201cEles t\u00eam ajudado a elaborar e a pensar novas pol\u00edticas. Isso era inimagin\u00e1vel antes\u201d, afirmou.<\/p>\n<p>A ministra do Meio Ambiente, Marina Silva, esteve na Maloca e recordou que, desde a juventude, acompanhou hist\u00f3rias de mortes na Amaz\u00f4nia. Depois lembrou de Chico Mendes, morto em 1988; da freira Dorothy Stang, assassinada em 2005; e de Maxciel Pereira, servidor da Funai, morto em 2019, antes de Bruno e Dom.<\/p>\n<p>\u201c\u00c9 fundamental a homenagem que est\u00e1 sendo feita aqui \u00e0 mem\u00f3ria do Dom e do Bruno. \u00c9 como se tiv\u00e9ssemos pagando um tributo por todos aqueles que defenderam a Amaz\u00f4nia, os povos origin\u00e1rios e o meio ambiente brasileiro com sacrif\u00edcio de suas pr\u00f3prias vidas\u201d. Ela defende que se deve haver um compromisso para que todo esse sacrif\u00edcio n\u00e3o seja em v\u00e3o e, por isso, n\u00e3o pode ser esquecido.<\/p>\n<p>A ministra alertou sobre o impacto que pode haver com a aprova\u00e7\u00e3o do Marco Temporal. \u201cHoje, temos conhecimento cient\u00edfico que d\u00e3o conta de que 80% das florestas protegidas est\u00e3o sob o dom\u00ednio das popula\u00e7\u00f5es ind\u00edgenas e tradicionais. S\u00e3o os maiores defensores das nossas florestas e da nossa biodiversidade\u201d.<\/p>\n<p>O Projeto de Lei 490\/07 trata do marco temporal para demarca\u00e7\u00e3o de terras ind\u00edgenas. Se aprovado, os povos ind\u00edgenas e tradicionais ter\u00e3o direito somente \u00e0s terras que ocuparam at\u00e9 5 de outubro de 1988, data da promulga\u00e7\u00e3o da Constitui\u00e7\u00e3o Federal. O texto foi aprovado na C\u00e2mara no fim de maio e seguiu para aprecia\u00e7\u00e3o do Senado.<\/p>\n<p>Marina citou que o desmatamento dentro das terras ind\u00edgenas \u00e9 apenas de 1%. \u201cUm modo de vida altamente avan\u00e7ado e sofisticado para proteger aquilo que \u00e9 essencial para a manuten\u00e7\u00e3o dos servi\u00e7os ecossist\u00eamicos do planeta\u201d.<\/p>\n<p>A presidenta da Funda\u00e7\u00e3o Nacional do \u00cdndio (Funai), Jo\u00eania Wapichana, garante que o governo tem buscado fortalecer os processos para demarca\u00e7\u00e3o de terras, al\u00e9m de tentar ampliar os recursos.<\/p>\n<p>\u201c\u00c9 preciso investimento financeiro e de recursos humanos. A Funai tem um quadro sucateado depois desses anos anteriores de desmonte da pol\u00edtica indigenista. S\u00e3o poucos servidores. N\u00f3s estamos numa fase de elabora\u00e7\u00e3o do edital, de planejamento para concurso p\u00fablico\u201d.<\/p>\n<p>Ela entende que o momento \u00e9 de dar resposta \u00e0 sociedade. \u201cO Bruno (que foi funcion\u00e1rio da Funai) disse que n\u00e3o estava conseguindo cumprir a miss\u00e3o da institui\u00e7\u00e3o. Isso n\u00e3o pode ocorrer\u201d.<\/p>\n<p>O ind\u00edgena G\u00edlson Mayuruna recordou as m\u00fasicas, como o c\u00e2ntico Wahanararai, e as lembran\u00e7as com o amigo Bruno Pereira. Ele mora em Atalaia do Norte (AM). Em Bras\u00edlia, ele explicou que ser\u00e3o entregues documentos, nesta semana, \u00e0s autoridades dos Tr\u00eas Poderes com a situa\u00e7\u00e3o na regi\u00e3o.<\/p>\n<p>\u201cO Bruno cantava para celebrar a uni\u00e3o e a natureza. Sentimos muito a falta dele. O fato \u00e9 que ainda somos muito amea\u00e7ados. \u00c9 verdade que ele pensava que poderia morrer. Mas era tomado de coragem \u201d. Gilson recorda que o \u00faltimo encontro deles foi uma semana antes de ele e o jornalista desaparecerem. \u201cComo ele, temos muita coragem e estamos pedindo prote\u00e7\u00e3o\u201d, afirmou.<\/p>\n","protected":false},"excerpt":{"rendered":"<p>O c\u00e2ntico Wahanararai tomou o espa\u00e7o de emo\u00e7\u00e3o. Os versos entoados ficaram conhecidos pela grava\u00e7\u00e3o do indigenista Bruno Pereira, assassinado h\u00e1 um ano no Vale do Javari. O jornalista brit\u00e2nico Dom Phillips tamb\u00e9m foi morto naquele 5 de junho de 2022. Nesta segunda (5), no espa\u00e7o conhecido como \u201cMaloca\u201d, na Universidade de Bras\u00edlia (UnB), representantes [&hellip;]<\/p>\n","protected":false},"author":2,"featured_media":306368,"comment_status":"closed","ping_status":"closed","sticky":false,"template":"","format":"standard","meta":{"_acf_changed":false,"footnotes":""},"categories":[161],"tags":[],"class_list":["post-306367","post","type-post","status-publish","format-standard","has-post-thumbnail","hentry","category-quadradinho-em-foco"],"acf":[],"yoast_head":"<!-- This site is optimized with the Yoast SEO plugin v27.2 - https:\/\/yoast.com\/product\/yoast-seo-wordpress\/ -->\n<title>Ind\u00edgenas e autoridades reverenciam mem\u00f3ria de Bruno e Dom - Notibras<\/title>\n<meta name=\"robots\" content=\"index, follow, max-snippet:-1, max-image-preview:large, max-video-preview:-1\" \/>\n<link rel=\"canonical\" href=\"https:\/\/www.notibras.com\/site\/indigenas-e-autoridades-reverenciam-memoria-de-bruno-e-dom\/\" \/>\n<meta property=\"og:locale\" content=\"pt_BR\" \/>\n<meta property=\"og:type\" content=\"article\" \/>\n<meta property=\"og:title\" content=\"Ind\u00edgenas e autoridades reverenciam mem\u00f3ria de Bruno e Dom - Notibras\" \/>\n<meta property=\"og:description\" content=\"O c\u00e2ntico Wahanararai tomou o espa\u00e7o de emo\u00e7\u00e3o. Os versos entoados ficaram conhecidos pela grava\u00e7\u00e3o do indigenista Bruno Pereira, assassinado h\u00e1 um ano no Vale do Javari. O jornalista brit\u00e2nico Dom Phillips tamb\u00e9m foi morto naquele 5 de junho de 2022. Nesta segunda (5), no espa\u00e7o conhecido como \u201cMaloca\u201d, na Universidade de Bras\u00edlia (UnB), representantes [&hellip;]\" \/>\n<meta property=\"og:url\" content=\"https:\/\/www.notibras.com\/site\/indigenas-e-autoridades-reverenciam-memoria-de-bruno-e-dom\/\" \/>\n<meta property=\"og:site_name\" content=\"Notibras\" \/>\n<meta property=\"article:publisher\" content=\"https:\/\/www.facebook.com\/notibras\/\" \/>\n<meta property=\"article:published_time\" content=\"2023-06-06T03:00:09+00:00\" \/>\n<meta property=\"article:modified_time\" content=\"2023-06-06T08:39:25+00:00\" \/>\n<meta property=\"og:image\" content=\"https:\/\/www.notibras.com\/site\/wp-content\/uploads\/2023\/06\/a81t6479.jpg\" \/>\n\t<meta property=\"og:image:width\" content=\"1170\" \/>\n\t<meta property=\"og:image:height\" content=\"700\" \/>\n\t<meta property=\"og:image:type\" content=\"image\/jpeg\" \/>\n<meta name=\"author\" content=\"Reda\u00e7\u00e3o\" \/>\n<meta name=\"twitter:card\" content=\"summary_large_image\" \/>\n<meta name=\"twitter:creator\" content=\"@Notibras\" \/>\n<meta name=\"twitter:site\" content=\"@Notibras\" \/>\n<meta name=\"twitter:label1\" content=\"Escrito por\" \/>\n\t<meta name=\"twitter:data1\" content=\"Reda\u00e7\u00e3o\" \/>\n\t<meta name=\"twitter:label2\" content=\"Est. tempo de leitura\" \/>\n\t<meta name=\"twitter:data2\" content=\"4 minutos\" \/>\n<script type=\"application\/ld+json\" class=\"yoast-schema-graph\">{\"@context\":\"https:\/\/schema.org\",\"@graph\":[{\"@type\":\"Article\",\"@id\":\"https:\/\/www.notibras.com\/site\/indigenas-e-autoridades-reverenciam-memoria-de-bruno-e-dom\/#article\",\"isPartOf\":{\"@id\":\"https:\/\/www.notibras.com\/site\/indigenas-e-autoridades-reverenciam-memoria-de-bruno-e-dom\/\"},\"author\":{\"name\":\"Reda\u00e7\u00e3o\",\"@id\":\"https:\/\/www.notibras.com\/site\/#\/schema\/person\/36ab0979449956132d3e5b517ea76ac8\"},\"headline\":\"Ind\u00edgenas e autoridades reverenciam mem\u00f3ria de Bruno e Dom\",\"datePublished\":\"2023-06-06T03:00:09+00:00\",\"dateModified\":\"2023-06-06T08:39:25+00:00\",\"mainEntityOfPage\":{\"@id\":\"https:\/\/www.notibras.com\/site\/indigenas-e-autoridades-reverenciam-memoria-de-bruno-e-dom\/\"},\"wordCount\":712,\"publisher\":{\"@id\":\"https:\/\/www.notibras.com\/site\/#organization\"},\"image\":{\"@id\":\"https:\/\/www.notibras.com\/site\/indigenas-e-autoridades-reverenciam-memoria-de-bruno-e-dom\/#primaryimage\"},\"thumbnailUrl\":\"https:\/\/www.notibras.com\/site\/wp-content\/uploads\/2023\/06\/a81t6479.jpg\",\"articleSection\":[\"Quadradinho em Foco\"],\"inLanguage\":\"pt-BR\"},{\"@type\":\"WebPage\",\"@id\":\"https:\/\/www.notibras.com\/site\/indigenas-e-autoridades-reverenciam-memoria-de-bruno-e-dom\/\",\"url\":\"https:\/\/www.notibras.com\/site\/indigenas-e-autoridades-reverenciam-memoria-de-bruno-e-dom\/\",\"name\":\"Ind\u00edgenas e autoridades reverenciam mem\u00f3ria de Bruno e Dom - Notibras\",\"isPartOf\":{\"@id\":\"https:\/\/www.notibras.com\/site\/#website\"},\"primaryImageOfPage\":{\"@id\":\"https:\/\/www.notibras.com\/site\/indigenas-e-autoridades-reverenciam-memoria-de-bruno-e-dom\/#primaryimage\"},\"image\":{\"@id\":\"https:\/\/www.notibras.com\/site\/indigenas-e-autoridades-reverenciam-memoria-de-bruno-e-dom\/#primaryimage\"},\"thumbnailUrl\":\"https:\/\/www.notibras.com\/site\/wp-content\/uploads\/2023\/06\/a81t6479.jpg\",\"datePublished\":\"2023-06-06T03:00:09+00:00\",\"dateModified\":\"2023-06-06T08:39:25+00:00\",\"breadcrumb\":{\"@id\":\"https:\/\/www.notibras.com\/site\/indigenas-e-autoridades-reverenciam-memoria-de-bruno-e-dom\/#breadcrumb\"},\"inLanguage\":\"pt-BR\",\"potentialAction\":[{\"@type\":\"ReadAction\",\"target\":[\"https:\/\/www.notibras.com\/site\/indigenas-e-autoridades-reverenciam-memoria-de-bruno-e-dom\/\"]}]},{\"@type\":\"ImageObject\",\"inLanguage\":\"pt-BR\",\"@id\":\"https:\/\/www.notibras.com\/site\/indigenas-e-autoridades-reverenciam-memoria-de-bruno-e-dom\/#primaryimage\",\"url\":\"https:\/\/www.notibras.com\/site\/wp-content\/uploads\/2023\/06\/a81t6479.jpg\",\"contentUrl\":\"https:\/\/www.notibras.com\/site\/wp-content\/uploads\/2023\/06\/a81t6479.jpg\",\"width\":1170,\"height\":700,\"caption\":\"Ministra\u00a0do Meio Ambiente, Marina Silva, fala a EBC, durante solenidade de\"},{\"@type\":\"BreadcrumbList\",\"@id\":\"https:\/\/www.notibras.com\/site\/indigenas-e-autoridades-reverenciam-memoria-de-bruno-e-dom\/#breadcrumb\",\"itemListElement\":[{\"@type\":\"ListItem\",\"position\":1,\"name\":\"In\u00edcio\",\"item\":\"https:\/\/www.notibras.com\/site\/\"},{\"@type\":\"ListItem\",\"position\":2,\"name\":\"Ind\u00edgenas e autoridades reverenciam mem\u00f3ria de Bruno e Dom\"}]},{\"@type\":\"WebSite\",\"@id\":\"https:\/\/www.notibras.com\/site\/#website\",\"url\":\"https:\/\/www.notibras.com\/site\/\",\"name\":\"Notibras\",\"description\":\"Not\u00edcias de Bras\u00edlia, do Brasil e do Mundo\",\"publisher\":{\"@id\":\"https:\/\/www.notibras.com\/site\/#organization\"},\"potentialAction\":[{\"@type\":\"SearchAction\",\"target\":{\"@type\":\"EntryPoint\",\"urlTemplate\":\"https:\/\/www.notibras.com\/site\/?s={search_term_string}\"},\"query-input\":{\"@type\":\"PropertyValueSpecification\",\"valueRequired\":true,\"valueName\":\"search_term_string\"}}],\"inLanguage\":\"pt-BR\"},{\"@type\":\"Organization\",\"@id\":\"https:\/\/www.notibras.com\/site\/#organization\",\"name\":\"Grupo Notibras de Comunica\u00e7\u00e3o\",\"url\":\"https:\/\/www.notibras.com\/site\/\",\"logo\":{\"@type\":\"ImageObject\",\"inLanguage\":\"pt-BR\",\"@id\":\"https:\/\/www.notibras.com\/site\/#\/schema\/logo\/image\/\",\"url\":\"https:\/\/www.notibras.com\/site\/wp-content\/uploads\/2023\/01\/notibras23.png\",\"contentUrl\":\"https:\/\/www.notibras.com\/site\/wp-content\/uploads\/2023\/01\/notibras23.png\",\"width\":350,\"height\":87,\"caption\":\"Grupo Notibras de Comunica\u00e7\u00e3o\"},\"image\":{\"@id\":\"https:\/\/www.notibras.com\/site\/#\/schema\/logo\/image\/\"},\"sameAs\":[\"https:\/\/www.facebook.com\/notibras\/\",\"https:\/\/x.com\/Notibras\",\"https:\/\/www.instagram.com\/notibras\/\"]},{\"@type\":\"Person\",\"@id\":\"https:\/\/www.notibras.com\/site\/#\/schema\/person\/36ab0979449956132d3e5b517ea76ac8\",\"name\":\"Reda\u00e7\u00e3o\",\"image\":{\"@type\":\"ImageObject\",\"inLanguage\":\"pt-BR\",\"@id\":\"https:\/\/secure.gravatar.com\/avatar\/e0a867bdedb85fd243eadf09663511f96fc81e0720a4a42581f334ad4303aa6b?s=96&d=mm&r=g\",\"url\":\"https:\/\/secure.gravatar.com\/avatar\/e0a867bdedb85fd243eadf09663511f96fc81e0720a4a42581f334ad4303aa6b?s=96&d=mm&r=g\",\"contentUrl\":\"https:\/\/secure.gravatar.com\/avatar\/e0a867bdedb85fd243eadf09663511f96fc81e0720a4a42581f334ad4303aa6b?s=96&d=mm&r=g\",\"caption\":\"Reda\u00e7\u00e3o\"}}]}<\/script>\n<!-- \/ Yoast SEO plugin. -->","yoast_head_json":{"title":"Ind\u00edgenas e autoridades reverenciam mem\u00f3ria de Bruno e Dom - Notibras","robots":{"index":"index","follow":"follow","max-snippet":"max-snippet:-1","max-image-preview":"max-image-preview:large","max-video-preview":"max-video-preview:-1"},"canonical":"https:\/\/www.notibras.com\/site\/indigenas-e-autoridades-reverenciam-memoria-de-bruno-e-dom\/","og_locale":"pt_BR","og_type":"article","og_title":"Ind\u00edgenas e autoridades reverenciam mem\u00f3ria de Bruno e Dom - Notibras","og_description":"O c\u00e2ntico Wahanararai tomou o espa\u00e7o de emo\u00e7\u00e3o. Os versos entoados ficaram conhecidos pela grava\u00e7\u00e3o do indigenista Bruno Pereira, assassinado h\u00e1 um ano no Vale do Javari. O jornalista brit\u00e2nico Dom Phillips tamb\u00e9m foi morto naquele 5 de junho de 2022. Nesta segunda (5), no espa\u00e7o conhecido como \u201cMaloca\u201d, na Universidade de Bras\u00edlia (UnB), representantes [&hellip;]","og_url":"https:\/\/www.notibras.com\/site\/indigenas-e-autoridades-reverenciam-memoria-de-bruno-e-dom\/","og_site_name":"Notibras","article_publisher":"https:\/\/www.facebook.com\/notibras\/","article_published_time":"2023-06-06T03:00:09+00:00","article_modified_time":"2023-06-06T08:39:25+00:00","og_image":[{"width":1170,"height":700,"url":"https:\/\/www.notibras.com\/site\/wp-content\/uploads\/2023\/06\/a81t6479.jpg","type":"image\/jpeg"}],"author":"Reda\u00e7\u00e3o","twitter_card":"summary_large_image","twitter_creator":"@Notibras","twitter_site":"@Notibras","twitter_misc":{"Escrito por":"Reda\u00e7\u00e3o","Est. tempo de leitura":"4 minutos"},"schema":{"@context":"https:\/\/schema.org","@graph":[{"@type":"Article","@id":"https:\/\/www.notibras.com\/site\/indigenas-e-autoridades-reverenciam-memoria-de-bruno-e-dom\/#article","isPartOf":{"@id":"https:\/\/www.notibras.com\/site\/indigenas-e-autoridades-reverenciam-memoria-de-bruno-e-dom\/"},"author":{"name":"Reda\u00e7\u00e3o","@id":"https:\/\/www.notibras.com\/site\/#\/schema\/person\/36ab0979449956132d3e5b517ea76ac8"},"headline":"Ind\u00edgenas e autoridades reverenciam mem\u00f3ria de Bruno e Dom","datePublished":"2023-06-06T03:00:09+00:00","dateModified":"2023-06-06T08:39:25+00:00","mainEntityOfPage":{"@id":"https:\/\/www.notibras.com\/site\/indigenas-e-autoridades-reverenciam-memoria-de-bruno-e-dom\/"},"wordCount":712,"publisher":{"@id":"https:\/\/www.notibras.com\/site\/#organization"},"image":{"@id":"https:\/\/www.notibras.com\/site\/indigenas-e-autoridades-reverenciam-memoria-de-bruno-e-dom\/#primaryimage"},"thumbnailUrl":"https:\/\/www.notibras.com\/site\/wp-content\/uploads\/2023\/06\/a81t6479.jpg","articleSection":["Quadradinho em Foco"],"inLanguage":"pt-BR"},{"@type":"WebPage","@id":"https:\/\/www.notibras.com\/site\/indigenas-e-autoridades-reverenciam-memoria-de-bruno-e-dom\/","url":"https:\/\/www.notibras.com\/site\/indigenas-e-autoridades-reverenciam-memoria-de-bruno-e-dom\/","name":"Ind\u00edgenas e autoridades reverenciam mem\u00f3ria de Bruno e Dom - Notibras","isPartOf":{"@id":"https:\/\/www.notibras.com\/site\/#website"},"primaryImageOfPage":{"@id":"https:\/\/www.notibras.com\/site\/indigenas-e-autoridades-reverenciam-memoria-de-bruno-e-dom\/#primaryimage"},"image":{"@id":"https:\/\/www.notibras.com\/site\/indigenas-e-autoridades-reverenciam-memoria-de-bruno-e-dom\/#primaryimage"},"thumbnailUrl":"https:\/\/www.notibras.com\/site\/wp-content\/uploads\/2023\/06\/a81t6479.jpg","datePublished":"2023-06-06T03:00:09+00:00","dateModified":"2023-06-06T08:39:25+00:00","breadcrumb":{"@id":"https:\/\/www.notibras.com\/site\/indigenas-e-autoridades-reverenciam-memoria-de-bruno-e-dom\/#breadcrumb"},"inLanguage":"pt-BR","potentialAction":[{"@type":"ReadAction","target":["https:\/\/www.notibras.com\/site\/indigenas-e-autoridades-reverenciam-memoria-de-bruno-e-dom\/"]}]},{"@type":"ImageObject","inLanguage":"pt-BR","@id":"https:\/\/www.notibras.com\/site\/indigenas-e-autoridades-reverenciam-memoria-de-bruno-e-dom\/#primaryimage","url":"https:\/\/www.notibras.com\/site\/wp-content\/uploads\/2023\/06\/a81t6479.jpg","contentUrl":"https:\/\/www.notibras.com\/site\/wp-content\/uploads\/2023\/06\/a81t6479.jpg","width":1170,"height":700,"caption":"Ministra\u00a0do Meio Ambiente, Marina Silva, fala a EBC, durante solenidade de"},{"@type":"BreadcrumbList","@id":"https:\/\/www.notibras.com\/site\/indigenas-e-autoridades-reverenciam-memoria-de-bruno-e-dom\/#breadcrumb","itemListElement":[{"@type":"ListItem","position":1,"name":"In\u00edcio","item":"https:\/\/www.notibras.com\/site\/"},{"@type":"ListItem","position":2,"name":"Ind\u00edgenas e autoridades reverenciam mem\u00f3ria de Bruno e Dom"}]},{"@type":"WebSite","@id":"https:\/\/www.notibras.com\/site\/#website","url":"https:\/\/www.notibras.com\/site\/","name":"Notibras","description":"Not\u00edcias de Bras\u00edlia, do Brasil e do Mundo","publisher":{"@id":"https:\/\/www.notibras.com\/site\/#organization"},"potentialAction":[{"@type":"SearchAction","target":{"@type":"EntryPoint","urlTemplate":"https:\/\/www.notibras.com\/site\/?s={search_term_string}"},"query-input":{"@type":"PropertyValueSpecification","valueRequired":true,"valueName":"search_term_string"}}],"inLanguage":"pt-BR"},{"@type":"Organization","@id":"https:\/\/www.notibras.com\/site\/#organization","name":"Grupo Notibras de Comunica\u00e7\u00e3o","url":"https:\/\/www.notibras.com\/site\/","logo":{"@type":"ImageObject","inLanguage":"pt-BR","@id":"https:\/\/www.notibras.com\/site\/#\/schema\/logo\/image\/","url":"https:\/\/www.notibras.com\/site\/wp-content\/uploads\/2023\/01\/notibras23.png","contentUrl":"https:\/\/www.notibras.com\/site\/wp-content\/uploads\/2023\/01\/notibras23.png","width":350,"height":87,"caption":"Grupo Notibras de Comunica\u00e7\u00e3o"},"image":{"@id":"https:\/\/www.notibras.com\/site\/#\/schema\/logo\/image\/"},"sameAs":["https:\/\/www.facebook.com\/notibras\/","https:\/\/x.com\/Notibras","https:\/\/www.instagram.com\/notibras\/"]},{"@type":"Person","@id":"https:\/\/www.notibras.com\/site\/#\/schema\/person\/36ab0979449956132d3e5b517ea76ac8","name":"Reda\u00e7\u00e3o","image":{"@type":"ImageObject","inLanguage":"pt-BR","@id":"https:\/\/secure.gravatar.com\/avatar\/e0a867bdedb85fd243eadf09663511f96fc81e0720a4a42581f334ad4303aa6b?s=96&d=mm&r=g","url":"https:\/\/secure.gravatar.com\/avatar\/e0a867bdedb85fd243eadf09663511f96fc81e0720a4a42581f334ad4303aa6b?s=96&d=mm&r=g","contentUrl":"https:\/\/secure.gravatar.com\/avatar\/e0a867bdedb85fd243eadf09663511f96fc81e0720a4a42581f334ad4303aa6b?s=96&d=mm&r=g","caption":"Reda\u00e7\u00e3o"}}]}},"amp_enabled":true,"_links":{"self":[{"href":"https:\/\/www.notibras.com\/site\/wp-json\/wp\/v2\/posts\/306367","targetHints":{"allow":["GET"]}}],"collection":[{"href":"https:\/\/www.notibras.com\/site\/wp-json\/wp\/v2\/posts"}],"about":[{"href":"https:\/\/www.notibras.com\/site\/wp-json\/wp\/v2\/types\/post"}],"author":[{"embeddable":true,"href":"https:\/\/www.notibras.com\/site\/wp-json\/wp\/v2\/users\/2"}],"replies":[{"embeddable":true,"href":"https:\/\/www.notibras.com\/site\/wp-json\/wp\/v2\/comments?post=306367"}],"version-history":[{"count":1,"href":"https:\/\/www.notibras.com\/site\/wp-json\/wp\/v2\/posts\/306367\/revisions"}],"predecessor-version":[{"id":306369,"href":"https:\/\/www.notibras.com\/site\/wp-json\/wp\/v2\/posts\/306367\/revisions\/306369"}],"wp:featuredmedia":[{"embeddable":true,"href":"https:\/\/www.notibras.com\/site\/wp-json\/wp\/v2\/media\/306368"}],"wp:attachment":[{"href":"https:\/\/www.notibras.com\/site\/wp-json\/wp\/v2\/media?parent=306367"}],"wp:term":[{"taxonomy":"category","embeddable":true,"href":"https:\/\/www.notibras.com\/site\/wp-json\/wp\/v2\/categories?post=306367"},{"taxonomy":"post_tag","embeddable":true,"href":"https:\/\/www.notibras.com\/site\/wp-json\/wp\/v2\/tags?post=306367"}],"curies":[{"name":"wp","href":"https:\/\/api.w.org\/{rel}","templated":true}]}}