{"id":306407,"date":"2023-06-06T11:04:55","date_gmt":"2023-06-06T14:04:55","guid":{"rendered":"https:\/\/www.notibras.com\/site\/?p=306407"},"modified":"2023-06-06T14:08:38","modified_gmt":"2023-06-06T17:08:38","slug":"diagnosticos-precoces-salvam-vida-de-recem-nascidos","status":"publish","type":"post","link":"https:\/\/www.notibras.com\/site\/diagnosticos-precoces-salvam-vida-de-recem-nascidos\/","title":{"rendered":"Diagn\u00f3sticos precoces salvam vida de rec\u00e9m-nascidos"},"content":{"rendered":"<p>O teste do pezinho \u00e9 considerado a forma mais eficaz de diagnosticar precocemente doen\u00e7as gen\u00e9ticas, metab\u00f3licas e infecciosas que podem afetar o desenvolvimento de crian\u00e7as. Em maio de 2021, a Lei n\u00ba 14.154 ampliou para mais de 50 o n\u00famero de doen\u00e7as raras detectadas pelo exame via Sistema \u00danico de Sa\u00fade (SUS).<\/p>\n<p>Pouco mais de dois anos depois, no Dia Nacional do Teste do Pezinho, lembrado nesta ter\u00e7a-feira (6), a Sociedade Brasileira de Triagem Neonatal e Erros Inatos do Metabolismo avalia que o exame est\u00e1 em expans\u00e3o no Brasil. A fase classificada como ideal para a realiza\u00e7\u00e3o do teste \u00e9 entre o terceiro e o quinto dia de vida.<\/p>\n<p>\u201c\u00c9 a partir dessa gota de sangue que o futuro de uma pessoa \u00e9 desenhado, dando a oportunidade de agir precocemente no tratamento de doen\u00e7as graves\u201d, destacou a entidade nas redes sociais.<\/p>\n<p>A vice-presidente da sociedade, Carolina Fischinger, refor\u00e7ou a import\u00e2ncia da coleta do sangue no tempo certo. \u201cA detec\u00e7\u00e3o dessas doen\u00e7as previne consequ\u00eancias cl\u00ednicas importantes pois s\u00e3o condi\u00e7\u00f5es trat\u00e1veis. Tamb\u00e9m lembro que temos uma lei que prev\u00ea a amplia\u00e7\u00e3o para mais doen\u00e7as, possibilitando o diagn\u00f3stico precoce de doen\u00e7as gen\u00e9ticas graves que t\u00eam tratamento dispon\u00edvel.\u201d<\/p>\n<p><strong>Rol de doen\u00e7as<\/strong><br \/>\nAntes da Lei n\u00ba 14.154, o SUS realizava um formato de teste do pezinho capaz de detectar apenas seis doen\u00e7as. Com a nova legisla\u00e7\u00e3o, o exame passou a englobar 14 grupos de doen\u00e7as, que podem identificar at\u00e9 53 tipos diferentes de enfermidades e condi\u00e7\u00f5es especiais de sa\u00fade.<\/p>\n<p>As mudan\u00e7as propostas pelo texto, entretanto, come\u00e7aram a vigorar somente em maio do ano passado e o processo de amplia\u00e7\u00e3o do teste deve acontecer de forma escalonada.<\/p>\n<p>Na primeira etapa de implementa\u00e7\u00e3o, o teste do pezinho continua detectando as seis doen\u00e7as iniciais, ampliando para a testagem de outras relacionadas ao excesso de fenilalanina e de patologias relacionadas \u00e0 hemoglobina (hemoglobinopatias), al\u00e9m de incluir os diagn\u00f3sticos para toxoplasmose cong\u00eanita.<\/p>\n<p>Em uma segunda etapa, seriam acrescentadas as testagens para galactosemias; aminoacidopatias; dist\u00farbios do ciclo da ureia; e dist\u00farbios da beta oxida\u00e7\u00e3o dos \u00e1cidos graxos (defici\u00eancia para transformar certos tipos de gorduras em energia).<\/p>\n<p>Para a terceira etapa, ficam as doen\u00e7as lisoss\u00f4micas (que afetam o funcionamento celular) e, na quarta etapa, as imunodefici\u00eancias prim\u00e1rias (problemas gen\u00e9ticos no sistema imunol\u00f3gico). J\u00e1 na quinta etapa, come\u00e7ar\u00e1 a ser testada a atrofia muscular espinhal (degenera\u00e7\u00e3o e perda de neur\u00f4nios da medula da espinha e do tronco cerebral, resultando em fraqueza muscular progressiva e atrofia).<\/p>\n<p><strong>P\u00fablico x privado<\/strong><br \/>\nA lei tamb\u00e9m prev\u00ea que, durante os atendimentos de pr\u00e9-natal e de trabalho de parto, os profissionais de sa\u00fade devem informar \u00e0 gestante e aos acompanhantes sobre a import\u00e2ncia do teste do pezinho e sobre eventuais diferen\u00e7as existentes entre as modalidades oferecidas no SUS e na rede privada de sa\u00fade.<\/p>\n","protected":false},"excerpt":{"rendered":"<p>O teste do pezinho \u00e9 considerado a forma mais eficaz de diagnosticar precocemente doen\u00e7as gen\u00e9ticas, metab\u00f3licas e infecciosas que podem afetar o desenvolvimento de crian\u00e7as. Em maio de 2021, a Lei n\u00ba 14.154 ampliou para mais de 50 o n\u00famero de doen\u00e7as raras detectadas pelo exame via Sistema \u00danico de Sa\u00fade (SUS). Pouco mais de [&hellip;]<\/p>\n","protected":false},"author":2,"featured_media":306408,"comment_status":"closed","ping_status":"closed","sticky":false,"template":"","format":"standard","meta":{"_acf_changed":false,"footnotes":""},"categories":[161],"tags":[95],"class_list":["post-306407","post","type-post","status-publish","format-standard","has-post-thumbnail","hentry","category-quadradinho-em-foco","tag-capa"],"acf":[],"yoast_head":"<!-- This site is optimized with the Yoast SEO plugin v27.2 - https:\/\/yoast.com\/product\/yoast-seo-wordpress\/ -->\n<title>Diagn\u00f3sticos precoces salvam vida de rec\u00e9m-nascidos - Notibras<\/title>\n<meta name=\"robots\" content=\"index, follow, max-snippet:-1, max-image-preview:large, max-video-preview:-1\" \/>\n<link rel=\"canonical\" href=\"https:\/\/www.notibras.com\/site\/diagnosticos-precoces-salvam-vida-de-recem-nascidos\/\" \/>\n<meta property=\"og:locale\" content=\"pt_BR\" \/>\n<meta property=\"og:type\" content=\"article\" \/>\n<meta property=\"og:title\" content=\"Diagn\u00f3sticos precoces salvam vida de rec\u00e9m-nascidos - Notibras\" \/>\n<meta property=\"og:description\" content=\"O teste do pezinho \u00e9 considerado a forma mais eficaz de diagnosticar precocemente doen\u00e7as gen\u00e9ticas, metab\u00f3licas e infecciosas que podem afetar o desenvolvimento de crian\u00e7as. Em maio de 2021, a Lei n\u00ba 14.154 ampliou para mais de 50 o n\u00famero de doen\u00e7as raras detectadas pelo exame via Sistema \u00danico de Sa\u00fade (SUS). Pouco mais de [&hellip;]\" \/>\n<meta property=\"og:url\" content=\"https:\/\/www.notibras.com\/site\/diagnosticos-precoces-salvam-vida-de-recem-nascidos\/\" \/>\n<meta property=\"og:site_name\" content=\"Notibras\" \/>\n<meta property=\"article:publisher\" content=\"https:\/\/www.facebook.com\/notibras\/\" \/>\n<meta property=\"article:published_time\" content=\"2023-06-06T14:04:55+00:00\" \/>\n<meta property=\"article:modified_time\" content=\"2023-06-06T17:08:38+00:00\" \/>\n<meta property=\"og:image\" content=\"https:\/\/www.notibras.com\/site\/wp-content\/uploads\/2023\/06\/capa-teste-do-pezinho.png\" \/>\n\t<meta property=\"og:image:width\" content=\"1170\" \/>\n\t<meta property=\"og:image:height\" content=\"700\" \/>\n\t<meta property=\"og:image:type\" content=\"image\/png\" \/>\n<meta name=\"author\" content=\"Reda\u00e7\u00e3o\" \/>\n<meta name=\"twitter:card\" content=\"summary_large_image\" \/>\n<meta name=\"twitter:creator\" content=\"@Notibras\" \/>\n<meta name=\"twitter:site\" content=\"@Notibras\" \/>\n<meta name=\"twitter:label1\" content=\"Escrito por\" \/>\n\t<meta name=\"twitter:data1\" content=\"Reda\u00e7\u00e3o\" \/>\n\t<meta name=\"twitter:label2\" content=\"Est. tempo de leitura\" \/>\n\t<meta name=\"twitter:data2\" content=\"3 minutos\" \/>\n<script type=\"application\/ld+json\" class=\"yoast-schema-graph\">{\"@context\":\"https:\/\/schema.org\",\"@graph\":[{\"@type\":\"Article\",\"@id\":\"https:\/\/www.notibras.com\/site\/diagnosticos-precoces-salvam-vida-de-recem-nascidos\/#article\",\"isPartOf\":{\"@id\":\"https:\/\/www.notibras.com\/site\/diagnosticos-precoces-salvam-vida-de-recem-nascidos\/\"},\"author\":{\"name\":\"Reda\u00e7\u00e3o\",\"@id\":\"https:\/\/www.notibras.com\/site\/#\/schema\/person\/36ab0979449956132d3e5b517ea76ac8\"},\"headline\":\"Diagn\u00f3sticos precoces salvam vida de rec\u00e9m-nascidos\",\"datePublished\":\"2023-06-06T14:04:55+00:00\",\"dateModified\":\"2023-06-06T17:08:38+00:00\",\"mainEntityOfPage\":{\"@id\":\"https:\/\/www.notibras.com\/site\/diagnosticos-precoces-salvam-vida-de-recem-nascidos\/\"},\"wordCount\":512,\"publisher\":{\"@id\":\"https:\/\/www.notibras.com\/site\/#organization\"},\"image\":{\"@id\":\"https:\/\/www.notibras.com\/site\/diagnosticos-precoces-salvam-vida-de-recem-nascidos\/#primaryimage\"},\"thumbnailUrl\":\"https:\/\/www.notibras.com\/site\/wp-content\/uploads\/2023\/06\/capa-teste-do-pezinho.png\",\"keywords\":[\"capa\"],\"articleSection\":[\"Quadradinho em Foco\"],\"inLanguage\":\"pt-BR\"},{\"@type\":\"WebPage\",\"@id\":\"https:\/\/www.notibras.com\/site\/diagnosticos-precoces-salvam-vida-de-recem-nascidos\/\",\"url\":\"https:\/\/www.notibras.com\/site\/diagnosticos-precoces-salvam-vida-de-recem-nascidos\/\",\"name\":\"Diagn\u00f3sticos precoces salvam vida de rec\u00e9m-nascidos - Notibras\",\"isPartOf\":{\"@id\":\"https:\/\/www.notibras.com\/site\/#website\"},\"primaryImageOfPage\":{\"@id\":\"https:\/\/www.notibras.com\/site\/diagnosticos-precoces-salvam-vida-de-recem-nascidos\/#primaryimage\"},\"image\":{\"@id\":\"https:\/\/www.notibras.com\/site\/diagnosticos-precoces-salvam-vida-de-recem-nascidos\/#primaryimage\"},\"thumbnailUrl\":\"https:\/\/www.notibras.com\/site\/wp-content\/uploads\/2023\/06\/capa-teste-do-pezinho.png\",\"datePublished\":\"2023-06-06T14:04:55+00:00\",\"dateModified\":\"2023-06-06T17:08:38+00:00\",\"breadcrumb\":{\"@id\":\"https:\/\/www.notibras.com\/site\/diagnosticos-precoces-salvam-vida-de-recem-nascidos\/#breadcrumb\"},\"inLanguage\":\"pt-BR\",\"potentialAction\":[{\"@type\":\"ReadAction\",\"target\":[\"https:\/\/www.notibras.com\/site\/diagnosticos-precoces-salvam-vida-de-recem-nascidos\/\"]}]},{\"@type\":\"ImageObject\",\"inLanguage\":\"pt-BR\",\"@id\":\"https:\/\/www.notibras.com\/site\/diagnosticos-precoces-salvam-vida-de-recem-nascidos\/#primaryimage\",\"url\":\"https:\/\/www.notibras.com\/site\/wp-content\/uploads\/2023\/06\/capa-teste-do-pezinho.png\",\"contentUrl\":\"https:\/\/www.notibras.com\/site\/wp-content\/uploads\/2023\/06\/capa-teste-do-pezinho.png\",\"width\":1170,\"height\":700},{\"@type\":\"BreadcrumbList\",\"@id\":\"https:\/\/www.notibras.com\/site\/diagnosticos-precoces-salvam-vida-de-recem-nascidos\/#breadcrumb\",\"itemListElement\":[{\"@type\":\"ListItem\",\"position\":1,\"name\":\"In\u00edcio\",\"item\":\"https:\/\/www.notibras.com\/site\/\"},{\"@type\":\"ListItem\",\"position\":2,\"name\":\"Diagn\u00f3sticos precoces salvam vida de rec\u00e9m-nascidos\"}]},{\"@type\":\"WebSite\",\"@id\":\"https:\/\/www.notibras.com\/site\/#website\",\"url\":\"https:\/\/www.notibras.com\/site\/\",\"name\":\"Notibras\",\"description\":\"Not\u00edcias de Bras\u00edlia, do Brasil e do Mundo\",\"publisher\":{\"@id\":\"https:\/\/www.notibras.com\/site\/#organization\"},\"potentialAction\":[{\"@type\":\"SearchAction\",\"target\":{\"@type\":\"EntryPoint\",\"urlTemplate\":\"https:\/\/www.notibras.com\/site\/?s={search_term_string}\"},\"query-input\":{\"@type\":\"PropertyValueSpecification\",\"valueRequired\":true,\"valueName\":\"search_term_string\"}}],\"inLanguage\":\"pt-BR\"},{\"@type\":\"Organization\",\"@id\":\"https:\/\/www.notibras.com\/site\/#organization\",\"name\":\"Grupo Notibras de Comunica\u00e7\u00e3o\",\"url\":\"https:\/\/www.notibras.com\/site\/\",\"logo\":{\"@type\":\"ImageObject\",\"inLanguage\":\"pt-BR\",\"@id\":\"https:\/\/www.notibras.com\/site\/#\/schema\/logo\/image\/\",\"url\":\"https:\/\/www.notibras.com\/site\/wp-content\/uploads\/2023\/01\/notibras23.png\",\"contentUrl\":\"https:\/\/www.notibras.com\/site\/wp-content\/uploads\/2023\/01\/notibras23.png\",\"width\":350,\"height\":87,\"caption\":\"Grupo Notibras de Comunica\u00e7\u00e3o\"},\"image\":{\"@id\":\"https:\/\/www.notibras.com\/site\/#\/schema\/logo\/image\/\"},\"sameAs\":[\"https:\/\/www.facebook.com\/notibras\/\",\"https:\/\/x.com\/Notibras\",\"https:\/\/www.instagram.com\/notibras\/\"]},{\"@type\":\"Person\",\"@id\":\"https:\/\/www.notibras.com\/site\/#\/schema\/person\/36ab0979449956132d3e5b517ea76ac8\",\"name\":\"Reda\u00e7\u00e3o\",\"image\":{\"@type\":\"ImageObject\",\"inLanguage\":\"pt-BR\",\"@id\":\"https:\/\/secure.gravatar.com\/avatar\/e0a867bdedb85fd243eadf09663511f96fc81e0720a4a42581f334ad4303aa6b?s=96&d=mm&r=g\",\"url\":\"https:\/\/secure.gravatar.com\/avatar\/e0a867bdedb85fd243eadf09663511f96fc81e0720a4a42581f334ad4303aa6b?s=96&d=mm&r=g\",\"contentUrl\":\"https:\/\/secure.gravatar.com\/avatar\/e0a867bdedb85fd243eadf09663511f96fc81e0720a4a42581f334ad4303aa6b?s=96&d=mm&r=g\",\"caption\":\"Reda\u00e7\u00e3o\"}}]}<\/script>\n<!-- \/ Yoast SEO plugin. -->","yoast_head_json":{"title":"Diagn\u00f3sticos precoces salvam vida de rec\u00e9m-nascidos - Notibras","robots":{"index":"index","follow":"follow","max-snippet":"max-snippet:-1","max-image-preview":"max-image-preview:large","max-video-preview":"max-video-preview:-1"},"canonical":"https:\/\/www.notibras.com\/site\/diagnosticos-precoces-salvam-vida-de-recem-nascidos\/","og_locale":"pt_BR","og_type":"article","og_title":"Diagn\u00f3sticos precoces salvam vida de rec\u00e9m-nascidos - Notibras","og_description":"O teste do pezinho \u00e9 considerado a forma mais eficaz de diagnosticar precocemente doen\u00e7as gen\u00e9ticas, metab\u00f3licas e infecciosas que podem afetar o desenvolvimento de crian\u00e7as. Em maio de 2021, a Lei n\u00ba 14.154 ampliou para mais de 50 o n\u00famero de doen\u00e7as raras detectadas pelo exame via Sistema \u00danico de Sa\u00fade (SUS). Pouco mais de [&hellip;]","og_url":"https:\/\/www.notibras.com\/site\/diagnosticos-precoces-salvam-vida-de-recem-nascidos\/","og_site_name":"Notibras","article_publisher":"https:\/\/www.facebook.com\/notibras\/","article_published_time":"2023-06-06T14:04:55+00:00","article_modified_time":"2023-06-06T17:08:38+00:00","og_image":[{"width":1170,"height":700,"url":"https:\/\/www.notibras.com\/site\/wp-content\/uploads\/2023\/06\/capa-teste-do-pezinho.png","type":"image\/png"}],"author":"Reda\u00e7\u00e3o","twitter_card":"summary_large_image","twitter_creator":"@Notibras","twitter_site":"@Notibras","twitter_misc":{"Escrito por":"Reda\u00e7\u00e3o","Est. tempo de leitura":"3 minutos"},"schema":{"@context":"https:\/\/schema.org","@graph":[{"@type":"Article","@id":"https:\/\/www.notibras.com\/site\/diagnosticos-precoces-salvam-vida-de-recem-nascidos\/#article","isPartOf":{"@id":"https:\/\/www.notibras.com\/site\/diagnosticos-precoces-salvam-vida-de-recem-nascidos\/"},"author":{"name":"Reda\u00e7\u00e3o","@id":"https:\/\/www.notibras.com\/site\/#\/schema\/person\/36ab0979449956132d3e5b517ea76ac8"},"headline":"Diagn\u00f3sticos precoces salvam vida de rec\u00e9m-nascidos","datePublished":"2023-06-06T14:04:55+00:00","dateModified":"2023-06-06T17:08:38+00:00","mainEntityOfPage":{"@id":"https:\/\/www.notibras.com\/site\/diagnosticos-precoces-salvam-vida-de-recem-nascidos\/"},"wordCount":512,"publisher":{"@id":"https:\/\/www.notibras.com\/site\/#organization"},"image":{"@id":"https:\/\/www.notibras.com\/site\/diagnosticos-precoces-salvam-vida-de-recem-nascidos\/#primaryimage"},"thumbnailUrl":"https:\/\/www.notibras.com\/site\/wp-content\/uploads\/2023\/06\/capa-teste-do-pezinho.png","keywords":["capa"],"articleSection":["Quadradinho em Foco"],"inLanguage":"pt-BR"},{"@type":"WebPage","@id":"https:\/\/www.notibras.com\/site\/diagnosticos-precoces-salvam-vida-de-recem-nascidos\/","url":"https:\/\/www.notibras.com\/site\/diagnosticos-precoces-salvam-vida-de-recem-nascidos\/","name":"Diagn\u00f3sticos precoces salvam vida de rec\u00e9m-nascidos - Notibras","isPartOf":{"@id":"https:\/\/www.notibras.com\/site\/#website"},"primaryImageOfPage":{"@id":"https:\/\/www.notibras.com\/site\/diagnosticos-precoces-salvam-vida-de-recem-nascidos\/#primaryimage"},"image":{"@id":"https:\/\/www.notibras.com\/site\/diagnosticos-precoces-salvam-vida-de-recem-nascidos\/#primaryimage"},"thumbnailUrl":"https:\/\/www.notibras.com\/site\/wp-content\/uploads\/2023\/06\/capa-teste-do-pezinho.png","datePublished":"2023-06-06T14:04:55+00:00","dateModified":"2023-06-06T17:08:38+00:00","breadcrumb":{"@id":"https:\/\/www.notibras.com\/site\/diagnosticos-precoces-salvam-vida-de-recem-nascidos\/#breadcrumb"},"inLanguage":"pt-BR","potentialAction":[{"@type":"ReadAction","target":["https:\/\/www.notibras.com\/site\/diagnosticos-precoces-salvam-vida-de-recem-nascidos\/"]}]},{"@type":"ImageObject","inLanguage":"pt-BR","@id":"https:\/\/www.notibras.com\/site\/diagnosticos-precoces-salvam-vida-de-recem-nascidos\/#primaryimage","url":"https:\/\/www.notibras.com\/site\/wp-content\/uploads\/2023\/06\/capa-teste-do-pezinho.png","contentUrl":"https:\/\/www.notibras.com\/site\/wp-content\/uploads\/2023\/06\/capa-teste-do-pezinho.png","width":1170,"height":700},{"@type":"BreadcrumbList","@id":"https:\/\/www.notibras.com\/site\/diagnosticos-precoces-salvam-vida-de-recem-nascidos\/#breadcrumb","itemListElement":[{"@type":"ListItem","position":1,"name":"In\u00edcio","item":"https:\/\/www.notibras.com\/site\/"},{"@type":"ListItem","position":2,"name":"Diagn\u00f3sticos precoces salvam vida de rec\u00e9m-nascidos"}]},{"@type":"WebSite","@id":"https:\/\/www.notibras.com\/site\/#website","url":"https:\/\/www.notibras.com\/site\/","name":"Notibras","description":"Not\u00edcias de Bras\u00edlia, do Brasil e do Mundo","publisher":{"@id":"https:\/\/www.notibras.com\/site\/#organization"},"potentialAction":[{"@type":"SearchAction","target":{"@type":"EntryPoint","urlTemplate":"https:\/\/www.notibras.com\/site\/?s={search_term_string}"},"query-input":{"@type":"PropertyValueSpecification","valueRequired":true,"valueName":"search_term_string"}}],"inLanguage":"pt-BR"},{"@type":"Organization","@id":"https:\/\/www.notibras.com\/site\/#organization","name":"Grupo Notibras de Comunica\u00e7\u00e3o","url":"https:\/\/www.notibras.com\/site\/","logo":{"@type":"ImageObject","inLanguage":"pt-BR","@id":"https:\/\/www.notibras.com\/site\/#\/schema\/logo\/image\/","url":"https:\/\/www.notibras.com\/site\/wp-content\/uploads\/2023\/01\/notibras23.png","contentUrl":"https:\/\/www.notibras.com\/site\/wp-content\/uploads\/2023\/01\/notibras23.png","width":350,"height":87,"caption":"Grupo Notibras de Comunica\u00e7\u00e3o"},"image":{"@id":"https:\/\/www.notibras.com\/site\/#\/schema\/logo\/image\/"},"sameAs":["https:\/\/www.facebook.com\/notibras\/","https:\/\/x.com\/Notibras","https:\/\/www.instagram.com\/notibras\/"]},{"@type":"Person","@id":"https:\/\/www.notibras.com\/site\/#\/schema\/person\/36ab0979449956132d3e5b517ea76ac8","name":"Reda\u00e7\u00e3o","image":{"@type":"ImageObject","inLanguage":"pt-BR","@id":"https:\/\/secure.gravatar.com\/avatar\/e0a867bdedb85fd243eadf09663511f96fc81e0720a4a42581f334ad4303aa6b?s=96&d=mm&r=g","url":"https:\/\/secure.gravatar.com\/avatar\/e0a867bdedb85fd243eadf09663511f96fc81e0720a4a42581f334ad4303aa6b?s=96&d=mm&r=g","contentUrl":"https:\/\/secure.gravatar.com\/avatar\/e0a867bdedb85fd243eadf09663511f96fc81e0720a4a42581f334ad4303aa6b?s=96&d=mm&r=g","caption":"Reda\u00e7\u00e3o"}}]}},"amp_enabled":true,"_links":{"self":[{"href":"https:\/\/www.notibras.com\/site\/wp-json\/wp\/v2\/posts\/306407","targetHints":{"allow":["GET"]}}],"collection":[{"href":"https:\/\/www.notibras.com\/site\/wp-json\/wp\/v2\/posts"}],"about":[{"href":"https:\/\/www.notibras.com\/site\/wp-json\/wp\/v2\/types\/post"}],"author":[{"embeddable":true,"href":"https:\/\/www.notibras.com\/site\/wp-json\/wp\/v2\/users\/2"}],"replies":[{"embeddable":true,"href":"https:\/\/www.notibras.com\/site\/wp-json\/wp\/v2\/comments?post=306407"}],"version-history":[{"count":1,"href":"https:\/\/www.notibras.com\/site\/wp-json\/wp\/v2\/posts\/306407\/revisions"}],"predecessor-version":[{"id":306409,"href":"https:\/\/www.notibras.com\/site\/wp-json\/wp\/v2\/posts\/306407\/revisions\/306409"}],"wp:featuredmedia":[{"embeddable":true,"href":"https:\/\/www.notibras.com\/site\/wp-json\/wp\/v2\/media\/306408"}],"wp:attachment":[{"href":"https:\/\/www.notibras.com\/site\/wp-json\/wp\/v2\/media?parent=306407"}],"wp:term":[{"taxonomy":"category","embeddable":true,"href":"https:\/\/www.notibras.com\/site\/wp-json\/wp\/v2\/categories?post=306407"},{"taxonomy":"post_tag","embeddable":true,"href":"https:\/\/www.notibras.com\/site\/wp-json\/wp\/v2\/tags?post=306407"}],"curies":[{"name":"wp","href":"https:\/\/api.w.org\/{rel}","templated":true}]}}