{"id":306425,"date":"2023-06-06T15:06:09","date_gmt":"2023-06-06T18:06:09","guid":{"rendered":"https:\/\/www.notibras.com\/site\/?p=306425"},"modified":"2023-06-06T18:37:11","modified_gmt":"2023-06-06T21:37:11","slug":"armandinho-querido-angu-se-come-quente","status":"publish","type":"post","link":"https:\/\/www.notibras.com\/site\/armandinho-querido-angu-se-come-quente\/","title":{"rendered":"&#8216;Armandinho, querido, angu se come quente&#8217;"},"content":{"rendered":"<p>Adolesc\u00eancia \u00e9 uma fase complicada para praticamente todos os mortais e, na verdade, n\u00e3o foi muito diferente para Tereza, pouco mais rechonchuda que a maioria, \u00f3culos fundo de garrafa, al\u00e9m das bochechas repletas de erup\u00e7\u00f5es conhecidas vulgarmente como espinhas. No entanto, a despeito de tais percal\u00e7os, ela n\u00e3o tirava os olhos do Armandinho, que, caso desejasse ser ator, poderia facilmente interpretar qualquer gal\u00e3zinho de seriado infanto-juvenil.<\/p>\n<p>Veja voc\u00ea o que aconteceu certo dia! Pois l\u00e1 estava a Tereza na festinha de formatura da turma, jogada num canto, como se tivesse sido esquecida ali. Ningu\u00e9m a notava, muito menos o Armandinho, que recebia todos os olhares femininos, al\u00e9m de despertar a inveja nos rapazes.<\/p>\n<p>Seja como for, pela primeira vez em toda sua exist\u00eancia, Tereza criou coragem para, finalmente, ir ao encontro do seu amado oculto. E foi! Foi mesmo, mas tudo aconteceu como o previsto por quase todos, menos pela pobre garota. Gente, que fora a Tereza levou! Al\u00e9m de caras e bocas, o Armandinho ainda foi cruel, como praticamente todo adolescente sabe ser.<\/p>\n<p>&#8211; Se enxerga, cara de pipoca!<\/p>\n<p>Todos ca\u00edram na gargalhada, o que contribuiu ainda mais para aumentar o posto de her\u00f3i da galera. Tanto \u00e9 que esse foi o assunto do dia seguinte, da semana inteira, quase perdurante pelo restinho do ano. O trauma foi t\u00e3o grande, que Tereza desejou sumir do mapa. N\u00e3o necessariamente do mapa, mas daquela rua. Por sorte, acabou passando no vestibular e at\u00e9 mudou de cidade.<\/p>\n<p>Os anos se passaram, levando consigo aquelas marcas terr\u00edveis da adolesc\u00eancia. Tereza, agora com seus pouco mais de 30 anos, havia montado sua pr\u00f3pria empresa de constru\u00e7\u00e3o civil. Transformara-se numa mulher muito bonita, ainda mais porque o dinheiro havia dado uma forcinha para a natureza. Tereza poderia ser chamada de mulher que para qualquer tr\u00e2nsito. Se bem que essa frase n\u00e3o \u00e9 a mais apropriada para se dizer em S\u00e3o Paulo, onde ela foi morar depois de formada, j\u00e1 que o tr\u00e2nsito por l\u00e1, de t\u00e3o ca\u00f3tico, vive parado.<\/p>\n<p>Os dias corriam ligeiros na capital paulista, mas nem por isso Tereza deixava de curtir as noites de sexta-feira. Ali\u00e1s, ela tinha at\u00e9 uma frase pronta para essas ocasi\u00f5es: &#8220;Preciso desopilar o f\u00edgado!&#8221; E foi justamente numa dessas sa\u00eddas, na casa de uma amiga, que ela acabou reencontrando sua paixonite dos tempos de escola. Tereza logo o reconheceu, j\u00e1 que n\u00e3o havia mudado tanto assim. Na verdade, ela pensou: &#8220;N\u00e3o \u00e9 que o filho da m\u00e3e est\u00e1 ainda mais bonito!&#8221;<\/p>\n<p>Tereza fez quest\u00e3o de ser notada pelo seu antigo colega de sala nas escolas-classe de Bras\u00edlia. E foi! Tanto \u00e9 que foi ele quem se aproximou, como se fosse um ca\u00e7ador certo de que iria se dar muito bem diante daquela ca\u00e7a t\u00e3o formosa. Trocaram olhares sorridentes. &#8220;N\u00e3o me lembrava que esse cretino tinha dentes t\u00e3o lindos&#8221;, pensou Tereza.<\/p>\n<p>Passaram a noite toda praticamente conversando a s\u00f3s. Ele, obviamente, parecia n\u00e3o reconhec\u00ea-la. Ela, por sua vez, n\u00e3o fez a menor quest\u00e3o que ele soubesse. E, j\u00e1 na hora dos \u00faltimos batimentos card\u00edacos da festa, o irresist\u00edvel Armandinho pegou suavemente a delicada m\u00e3o de Tereza, ao mesmo tempo em que lhe lan\u00e7ou aquele olhar penetrante.<\/p>\n<p>&#8211; Quer esticar a noite no meu apartamento?<\/p>\n<p>&#8211; Garoto, se voc\u00ea n\u00e3o aproveitou quando o angu estava quente, agora \u00e9 que n\u00e3o d\u00e1 mesmo!<\/p>\n","protected":false},"excerpt":{"rendered":"<p>Adolesc\u00eancia \u00e9 uma fase complicada para praticamente todos os mortais e, na verdade, n\u00e3o foi muito diferente para Tereza, pouco mais rechonchuda que a maioria, \u00f3culos fundo de garrafa, al\u00e9m das bochechas repletas de erup\u00e7\u00f5es conhecidas vulgarmente como espinhas. No entanto, a despeito de tais percal\u00e7os, ela n\u00e3o tirava os olhos do Armandinho, que, caso [&hellip;]<\/p>\n","protected":false},"author":2,"featured_media":306426,"comment_status":"closed","ping_status":"closed","sticky":false,"template":"","format":"standard","meta":{"_acf_changed":false,"footnotes":""},"categories":[161],"tags":[],"class_list":["post-306425","post","type-post","status-publish","format-standard","has-post-thumbnail","hentry","category-quadradinho-em-foco"],"acf":[],"yoast_head":"<!-- This site is optimized with the Yoast SEO plugin v27.2 - https:\/\/yoast.com\/product\/yoast-seo-wordpress\/ -->\n<title>&#039;Armandinho, querido, angu se come quente&#039; - Notibras<\/title>\n<meta name=\"robots\" content=\"index, follow, max-snippet:-1, max-image-preview:large, max-video-preview:-1\" \/>\n<link rel=\"canonical\" href=\"https:\/\/www.notibras.com\/site\/armandinho-querido-angu-se-come-quente\/\" \/>\n<meta property=\"og:locale\" content=\"pt_BR\" \/>\n<meta property=\"og:type\" content=\"article\" \/>\n<meta property=\"og:title\" content=\"&#039;Armandinho, querido, angu se come quente&#039; - Notibras\" \/>\n<meta property=\"og:description\" content=\"Adolesc\u00eancia \u00e9 uma fase complicada para praticamente todos os mortais e, na verdade, n\u00e3o foi muito diferente para Tereza, pouco mais rechonchuda que a maioria, \u00f3culos fundo de garrafa, al\u00e9m das bochechas repletas de erup\u00e7\u00f5es conhecidas vulgarmente como espinhas. No entanto, a despeito de tais percal\u00e7os, ela n\u00e3o tirava os olhos do Armandinho, que, caso [&hellip;]\" \/>\n<meta property=\"og:url\" content=\"https:\/\/www.notibras.com\/site\/armandinho-querido-angu-se-come-quente\/\" \/>\n<meta property=\"og:site_name\" content=\"Notibras\" \/>\n<meta property=\"article:publisher\" content=\"https:\/\/www.facebook.com\/notibras\/\" \/>\n<meta property=\"article:published_time\" content=\"2023-06-06T18:06:09+00:00\" \/>\n<meta property=\"article:modified_time\" content=\"2023-06-06T21:37:11+00:00\" \/>\n<meta property=\"og:image\" content=\"https:\/\/www.notibras.com\/site\/wp-content\/uploads\/2023\/06\/pngwing.png\" \/>\n\t<meta property=\"og:image:width\" content=\"920\" \/>\n\t<meta property=\"og:image:height\" content=\"794\" \/>\n\t<meta property=\"og:image:type\" content=\"image\/png\" \/>\n<meta name=\"author\" content=\"Reda\u00e7\u00e3o\" \/>\n<meta name=\"twitter:card\" content=\"summary_large_image\" \/>\n<meta name=\"twitter:creator\" content=\"@Notibras\" \/>\n<meta name=\"twitter:site\" content=\"@Notibras\" \/>\n<meta name=\"twitter:label1\" content=\"Escrito por\" \/>\n\t<meta name=\"twitter:data1\" content=\"Reda\u00e7\u00e3o\" \/>\n\t<meta name=\"twitter:label2\" content=\"Est. tempo de leitura\" \/>\n\t<meta name=\"twitter:data2\" content=\"4 minutos\" \/>\n<script type=\"application\/ld+json\" class=\"yoast-schema-graph\">{\"@context\":\"https:\/\/schema.org\",\"@graph\":[{\"@type\":\"Article\",\"@id\":\"https:\/\/www.notibras.com\/site\/armandinho-querido-angu-se-come-quente\/#article\",\"isPartOf\":{\"@id\":\"https:\/\/www.notibras.com\/site\/armandinho-querido-angu-se-come-quente\/\"},\"author\":{\"name\":\"Reda\u00e7\u00e3o\",\"@id\":\"https:\/\/www.notibras.com\/site\/#\/schema\/person\/36ab0979449956132d3e5b517ea76ac8\"},\"headline\":\"&#8216;Armandinho, querido, angu se come quente&#8217;\",\"datePublished\":\"2023-06-06T18:06:09+00:00\",\"dateModified\":\"2023-06-06T21:37:11+00:00\",\"mainEntityOfPage\":{\"@id\":\"https:\/\/www.notibras.com\/site\/armandinho-querido-angu-se-come-quente\/\"},\"wordCount\":602,\"publisher\":{\"@id\":\"https:\/\/www.notibras.com\/site\/#organization\"},\"image\":{\"@id\":\"https:\/\/www.notibras.com\/site\/armandinho-querido-angu-se-come-quente\/#primaryimage\"},\"thumbnailUrl\":\"https:\/\/www.notibras.com\/site\/wp-content\/uploads\/2023\/06\/pngwing.png\",\"articleSection\":[\"Quadradinho em Foco\"],\"inLanguage\":\"pt-BR\"},{\"@type\":\"WebPage\",\"@id\":\"https:\/\/www.notibras.com\/site\/armandinho-querido-angu-se-come-quente\/\",\"url\":\"https:\/\/www.notibras.com\/site\/armandinho-querido-angu-se-come-quente\/\",\"name\":\"'Armandinho, querido, angu se come quente' - Notibras\",\"isPartOf\":{\"@id\":\"https:\/\/www.notibras.com\/site\/#website\"},\"primaryImageOfPage\":{\"@id\":\"https:\/\/www.notibras.com\/site\/armandinho-querido-angu-se-come-quente\/#primaryimage\"},\"image\":{\"@id\":\"https:\/\/www.notibras.com\/site\/armandinho-querido-angu-se-come-quente\/#primaryimage\"},\"thumbnailUrl\":\"https:\/\/www.notibras.com\/site\/wp-content\/uploads\/2023\/06\/pngwing.png\",\"datePublished\":\"2023-06-06T18:06:09+00:00\",\"dateModified\":\"2023-06-06T21:37:11+00:00\",\"breadcrumb\":{\"@id\":\"https:\/\/www.notibras.com\/site\/armandinho-querido-angu-se-come-quente\/#breadcrumb\"},\"inLanguage\":\"pt-BR\",\"potentialAction\":[{\"@type\":\"ReadAction\",\"target\":[\"https:\/\/www.notibras.com\/site\/armandinho-querido-angu-se-come-quente\/\"]}]},{\"@type\":\"ImageObject\",\"inLanguage\":\"pt-BR\",\"@id\":\"https:\/\/www.notibras.com\/site\/armandinho-querido-angu-se-come-quente\/#primaryimage\",\"url\":\"https:\/\/www.notibras.com\/site\/wp-content\/uploads\/2023\/06\/pngwing.png\",\"contentUrl\":\"https:\/\/www.notibras.com\/site\/wp-content\/uploads\/2023\/06\/pngwing.png\",\"width\":920,\"height\":794},{\"@type\":\"BreadcrumbList\",\"@id\":\"https:\/\/www.notibras.com\/site\/armandinho-querido-angu-se-come-quente\/#breadcrumb\",\"itemListElement\":[{\"@type\":\"ListItem\",\"position\":1,\"name\":\"In\u00edcio\",\"item\":\"https:\/\/www.notibras.com\/site\/\"},{\"@type\":\"ListItem\",\"position\":2,\"name\":\"&#8216;Armandinho, querido, angu se come quente&#8217;\"}]},{\"@type\":\"WebSite\",\"@id\":\"https:\/\/www.notibras.com\/site\/#website\",\"url\":\"https:\/\/www.notibras.com\/site\/\",\"name\":\"Notibras\",\"description\":\"Not\u00edcias de Bras\u00edlia, do Brasil e do Mundo\",\"publisher\":{\"@id\":\"https:\/\/www.notibras.com\/site\/#organization\"},\"potentialAction\":[{\"@type\":\"SearchAction\",\"target\":{\"@type\":\"EntryPoint\",\"urlTemplate\":\"https:\/\/www.notibras.com\/site\/?s={search_term_string}\"},\"query-input\":{\"@type\":\"PropertyValueSpecification\",\"valueRequired\":true,\"valueName\":\"search_term_string\"}}],\"inLanguage\":\"pt-BR\"},{\"@type\":\"Organization\",\"@id\":\"https:\/\/www.notibras.com\/site\/#organization\",\"name\":\"Grupo Notibras de Comunica\u00e7\u00e3o\",\"url\":\"https:\/\/www.notibras.com\/site\/\",\"logo\":{\"@type\":\"ImageObject\",\"inLanguage\":\"pt-BR\",\"@id\":\"https:\/\/www.notibras.com\/site\/#\/schema\/logo\/image\/\",\"url\":\"https:\/\/www.notibras.com\/site\/wp-content\/uploads\/2023\/01\/notibras23.png\",\"contentUrl\":\"https:\/\/www.notibras.com\/site\/wp-content\/uploads\/2023\/01\/notibras23.png\",\"width\":350,\"height\":87,\"caption\":\"Grupo Notibras de Comunica\u00e7\u00e3o\"},\"image\":{\"@id\":\"https:\/\/www.notibras.com\/site\/#\/schema\/logo\/image\/\"},\"sameAs\":[\"https:\/\/www.facebook.com\/notibras\/\",\"https:\/\/x.com\/Notibras\",\"https:\/\/www.instagram.com\/notibras\/\"]},{\"@type\":\"Person\",\"@id\":\"https:\/\/www.notibras.com\/site\/#\/schema\/person\/36ab0979449956132d3e5b517ea76ac8\",\"name\":\"Reda\u00e7\u00e3o\",\"image\":{\"@type\":\"ImageObject\",\"inLanguage\":\"pt-BR\",\"@id\":\"https:\/\/secure.gravatar.com\/avatar\/e0a867bdedb85fd243eadf09663511f96fc81e0720a4a42581f334ad4303aa6b?s=96&d=mm&r=g\",\"url\":\"https:\/\/secure.gravatar.com\/avatar\/e0a867bdedb85fd243eadf09663511f96fc81e0720a4a42581f334ad4303aa6b?s=96&d=mm&r=g\",\"contentUrl\":\"https:\/\/secure.gravatar.com\/avatar\/e0a867bdedb85fd243eadf09663511f96fc81e0720a4a42581f334ad4303aa6b?s=96&d=mm&r=g\",\"caption\":\"Reda\u00e7\u00e3o\"}}]}<\/script>\n<!-- \/ Yoast SEO plugin. -->","yoast_head_json":{"title":"'Armandinho, querido, angu se come quente' - Notibras","robots":{"index":"index","follow":"follow","max-snippet":"max-snippet:-1","max-image-preview":"max-image-preview:large","max-video-preview":"max-video-preview:-1"},"canonical":"https:\/\/www.notibras.com\/site\/armandinho-querido-angu-se-come-quente\/","og_locale":"pt_BR","og_type":"article","og_title":"'Armandinho, querido, angu se come quente' - Notibras","og_description":"Adolesc\u00eancia \u00e9 uma fase complicada para praticamente todos os mortais e, na verdade, n\u00e3o foi muito diferente para Tereza, pouco mais rechonchuda que a maioria, \u00f3culos fundo de garrafa, al\u00e9m das bochechas repletas de erup\u00e7\u00f5es conhecidas vulgarmente como espinhas. No entanto, a despeito de tais percal\u00e7os, ela n\u00e3o tirava os olhos do Armandinho, que, caso [&hellip;]","og_url":"https:\/\/www.notibras.com\/site\/armandinho-querido-angu-se-come-quente\/","og_site_name":"Notibras","article_publisher":"https:\/\/www.facebook.com\/notibras\/","article_published_time":"2023-06-06T18:06:09+00:00","article_modified_time":"2023-06-06T21:37:11+00:00","og_image":[{"width":920,"height":794,"url":"https:\/\/www.notibras.com\/site\/wp-content\/uploads\/2023\/06\/pngwing.png","type":"image\/png"}],"author":"Reda\u00e7\u00e3o","twitter_card":"summary_large_image","twitter_creator":"@Notibras","twitter_site":"@Notibras","twitter_misc":{"Escrito por":"Reda\u00e7\u00e3o","Est. tempo de leitura":"4 minutos"},"schema":{"@context":"https:\/\/schema.org","@graph":[{"@type":"Article","@id":"https:\/\/www.notibras.com\/site\/armandinho-querido-angu-se-come-quente\/#article","isPartOf":{"@id":"https:\/\/www.notibras.com\/site\/armandinho-querido-angu-se-come-quente\/"},"author":{"name":"Reda\u00e7\u00e3o","@id":"https:\/\/www.notibras.com\/site\/#\/schema\/person\/36ab0979449956132d3e5b517ea76ac8"},"headline":"&#8216;Armandinho, querido, angu se come quente&#8217;","datePublished":"2023-06-06T18:06:09+00:00","dateModified":"2023-06-06T21:37:11+00:00","mainEntityOfPage":{"@id":"https:\/\/www.notibras.com\/site\/armandinho-querido-angu-se-come-quente\/"},"wordCount":602,"publisher":{"@id":"https:\/\/www.notibras.com\/site\/#organization"},"image":{"@id":"https:\/\/www.notibras.com\/site\/armandinho-querido-angu-se-come-quente\/#primaryimage"},"thumbnailUrl":"https:\/\/www.notibras.com\/site\/wp-content\/uploads\/2023\/06\/pngwing.png","articleSection":["Quadradinho em Foco"],"inLanguage":"pt-BR"},{"@type":"WebPage","@id":"https:\/\/www.notibras.com\/site\/armandinho-querido-angu-se-come-quente\/","url":"https:\/\/www.notibras.com\/site\/armandinho-querido-angu-se-come-quente\/","name":"'Armandinho, querido, angu se come quente' - Notibras","isPartOf":{"@id":"https:\/\/www.notibras.com\/site\/#website"},"primaryImageOfPage":{"@id":"https:\/\/www.notibras.com\/site\/armandinho-querido-angu-se-come-quente\/#primaryimage"},"image":{"@id":"https:\/\/www.notibras.com\/site\/armandinho-querido-angu-se-come-quente\/#primaryimage"},"thumbnailUrl":"https:\/\/www.notibras.com\/site\/wp-content\/uploads\/2023\/06\/pngwing.png","datePublished":"2023-06-06T18:06:09+00:00","dateModified":"2023-06-06T21:37:11+00:00","breadcrumb":{"@id":"https:\/\/www.notibras.com\/site\/armandinho-querido-angu-se-come-quente\/#breadcrumb"},"inLanguage":"pt-BR","potentialAction":[{"@type":"ReadAction","target":["https:\/\/www.notibras.com\/site\/armandinho-querido-angu-se-come-quente\/"]}]},{"@type":"ImageObject","inLanguage":"pt-BR","@id":"https:\/\/www.notibras.com\/site\/armandinho-querido-angu-se-come-quente\/#primaryimage","url":"https:\/\/www.notibras.com\/site\/wp-content\/uploads\/2023\/06\/pngwing.png","contentUrl":"https:\/\/www.notibras.com\/site\/wp-content\/uploads\/2023\/06\/pngwing.png","width":920,"height":794},{"@type":"BreadcrumbList","@id":"https:\/\/www.notibras.com\/site\/armandinho-querido-angu-se-come-quente\/#breadcrumb","itemListElement":[{"@type":"ListItem","position":1,"name":"In\u00edcio","item":"https:\/\/www.notibras.com\/site\/"},{"@type":"ListItem","position":2,"name":"&#8216;Armandinho, querido, angu se come quente&#8217;"}]},{"@type":"WebSite","@id":"https:\/\/www.notibras.com\/site\/#website","url":"https:\/\/www.notibras.com\/site\/","name":"Notibras","description":"Not\u00edcias de Bras\u00edlia, do Brasil e do Mundo","publisher":{"@id":"https:\/\/www.notibras.com\/site\/#organization"},"potentialAction":[{"@type":"SearchAction","target":{"@type":"EntryPoint","urlTemplate":"https:\/\/www.notibras.com\/site\/?s={search_term_string}"},"query-input":{"@type":"PropertyValueSpecification","valueRequired":true,"valueName":"search_term_string"}}],"inLanguage":"pt-BR"},{"@type":"Organization","@id":"https:\/\/www.notibras.com\/site\/#organization","name":"Grupo Notibras de Comunica\u00e7\u00e3o","url":"https:\/\/www.notibras.com\/site\/","logo":{"@type":"ImageObject","inLanguage":"pt-BR","@id":"https:\/\/www.notibras.com\/site\/#\/schema\/logo\/image\/","url":"https:\/\/www.notibras.com\/site\/wp-content\/uploads\/2023\/01\/notibras23.png","contentUrl":"https:\/\/www.notibras.com\/site\/wp-content\/uploads\/2023\/01\/notibras23.png","width":350,"height":87,"caption":"Grupo Notibras de Comunica\u00e7\u00e3o"},"image":{"@id":"https:\/\/www.notibras.com\/site\/#\/schema\/logo\/image\/"},"sameAs":["https:\/\/www.facebook.com\/notibras\/","https:\/\/x.com\/Notibras","https:\/\/www.instagram.com\/notibras\/"]},{"@type":"Person","@id":"https:\/\/www.notibras.com\/site\/#\/schema\/person\/36ab0979449956132d3e5b517ea76ac8","name":"Reda\u00e7\u00e3o","image":{"@type":"ImageObject","inLanguage":"pt-BR","@id":"https:\/\/secure.gravatar.com\/avatar\/e0a867bdedb85fd243eadf09663511f96fc81e0720a4a42581f334ad4303aa6b?s=96&d=mm&r=g","url":"https:\/\/secure.gravatar.com\/avatar\/e0a867bdedb85fd243eadf09663511f96fc81e0720a4a42581f334ad4303aa6b?s=96&d=mm&r=g","contentUrl":"https:\/\/secure.gravatar.com\/avatar\/e0a867bdedb85fd243eadf09663511f96fc81e0720a4a42581f334ad4303aa6b?s=96&d=mm&r=g","caption":"Reda\u00e7\u00e3o"}}]}},"amp_enabled":true,"_links":{"self":[{"href":"https:\/\/www.notibras.com\/site\/wp-json\/wp\/v2\/posts\/306425","targetHints":{"allow":["GET"]}}],"collection":[{"href":"https:\/\/www.notibras.com\/site\/wp-json\/wp\/v2\/posts"}],"about":[{"href":"https:\/\/www.notibras.com\/site\/wp-json\/wp\/v2\/types\/post"}],"author":[{"embeddable":true,"href":"https:\/\/www.notibras.com\/site\/wp-json\/wp\/v2\/users\/2"}],"replies":[{"embeddable":true,"href":"https:\/\/www.notibras.com\/site\/wp-json\/wp\/v2\/comments?post=306425"}],"version-history":[{"count":2,"href":"https:\/\/www.notibras.com\/site\/wp-json\/wp\/v2\/posts\/306425\/revisions"}],"predecessor-version":[{"id":306429,"href":"https:\/\/www.notibras.com\/site\/wp-json\/wp\/v2\/posts\/306425\/revisions\/306429"}],"wp:featuredmedia":[{"embeddable":true,"href":"https:\/\/www.notibras.com\/site\/wp-json\/wp\/v2\/media\/306426"}],"wp:attachment":[{"href":"https:\/\/www.notibras.com\/site\/wp-json\/wp\/v2\/media?parent=306425"}],"wp:term":[{"taxonomy":"category","embeddable":true,"href":"https:\/\/www.notibras.com\/site\/wp-json\/wp\/v2\/categories?post=306425"},{"taxonomy":"post_tag","embeddable":true,"href":"https:\/\/www.notibras.com\/site\/wp-json\/wp\/v2\/tags?post=306425"}],"curies":[{"name":"wp","href":"https:\/\/api.w.org\/{rel}","templated":true}]}}