{"id":306431,"date":"2023-06-07T08:33:08","date_gmt":"2023-06-07T11:33:08","guid":{"rendered":"https:\/\/www.notibras.com\/site\/?p=306431"},"modified":"2023-06-07T10:40:32","modified_gmt":"2023-06-07T13:40:32","slug":"i-want-to-go-back-to-bahia-e-seus-trios-eletricos-ministro","status":"publish","type":"post","link":"https:\/\/www.notibras.com\/site\/i-want-to-go-back-to-bahia-e-seus-trios-eletricos-ministro\/","title":{"rendered":"\u201cI want to go back to Bahia\u201d e seus trios el\u00e9tricos, ministro"},"content":{"rendered":"<p>A estupidez \u00e9 infinitamente mais fascinante do que a intelig\u00eancia. A intelig\u00eancia tem limites, a estupidez n\u00e3o. Partindo desta premissa, concluo que a estupidez de acreditar que podemos estar acima de tudo e de todos \u00e9 das mais rid\u00edculas que conhe\u00e7o. Carioca de ber\u00e7o e brasiliense por ado\u00e7\u00e3o h\u00e1 39 anos, sou daqueles que n\u00e3o cuspo no prato que como ou no que comi. Bras\u00edlia me acolheu de bra\u00e7os abertos, assim como acolhe a cada governo, ou seja, de quatro em quatro anos, uma numerosa leva de aventureiros que, encerrada a aventura, acaba fincando ra\u00edzes por aqui. Boa parte deles normalmente se mant\u00e9m pendurada nas longas tran\u00e7as da vi\u00fava, cujas tetas est\u00e3o por um fio. O dia em que elas estiverem secas, certamente eles picam a mula.<\/p>\n<p>S\u00e3o estes que, sem conhecimento algum da capital, avaliam a cidade como ilha da fantasia. Na verdade, s\u00e3o eles que fantasiam a ilha, pois quando aqui aportam a primeira coisa que devem dizer \u00e9 a frase m\u00e1gica do jogador de futebol entrevistado em pleno calor do jogo: \u201cVou si consagrar\u201d. Dependendo do ponto de vista da consagra\u00e7\u00e3o, alguns at\u00e9 chegam l\u00e1. Muitos s\u00e3o barrados na primeira tentativa de retorno ou encerram a carreira como investigados em maracutaias das mais cabeludas. Os gabinetes dos ministros do Supremo Tribunal est\u00e3o abarrotados das coisinhas de Jesus. Sobra para estes uma outra express\u00e3o muito conhecida nos est\u00e1dios de futebol: \u201cSi lasquei\u201d.<\/p>\n<p>Queria usar outra palavra, mas a licen\u00e7a po\u00e9tica ainda n\u00e3o permite esse liberalismo no jornalismo. Portanto, que meu lasquei seja entendido como quiserem. \u00c9 somente uma quest\u00e3o de sem\u00e2ntica. Obviamente que a expressiva parcela dos quase 3 milh\u00f5es de habitantes enxerga Bras\u00edlia como uma possibilidade clara de realiza\u00e7\u00e3o de sonhos. Antes, por\u00e9m, todos aprendemos li\u00e7\u00f5es inesquec\u00edveis de vida, entre elas a do respeito \u00e0 maioria que n\u00e3o disp\u00f5e do poder fantasioso, ef\u00eamero e, principalmente, doentio. Bras\u00edlia hoje \u00e9 uma metr\u00f3pole, mas n\u00e3o foi sempre assim. Nos anos 60, 70 e parte dos anos 80, a capital tinha mais terra vermelha do que gente, j\u00e1 era majestosa, mas n\u00e3o passava de um sonho de Dom Bosco.<\/p>\n<p>Por conta e risco do populismo exagerado de alguns pol\u00edticos, a cidade e seu entorno cresceram al\u00e9m de seus limites, embora tenha atendido aos devaneios pol\u00edticos de quem nem era daqui. Com o crescimento populacional, cresceram as mazelas, que s\u00e3o conhecidas apenas por quem vive na \u201cIlha da Fantasia\u201d, apelido dado por um ministro que est\u00e1 aqui de passagem e certamente n\u00e3o conhece mais do que o caminho de seu gabinete at\u00e9 o aeroporto. N\u00e3o sabe sequer que Bras\u00edlia e o Distrito Federal s\u00e3o coisas distintas. Senhor ministro, se quer se aculturar em rela\u00e7\u00e3o ao quadradinho passe algumas horas visitando as chamadas cidades sat\u00e9lites, nas quais as expectativas s\u00e3o sempre angustiantes e a realidade raramente corresponde \u00e0 nossa fantasia.<\/p>\n<p>Meu caro ministro de sei l\u00e1 o que, gra\u00e7as a Luiz In\u00e1cio vossa insolv\u00eancia apareceu para o Brasil. At\u00e9 janeiro, mal e porcamente, seu cen\u00e1rio de homem p\u00fablico estava limitado \u00e0 sagrada Bahia, terra de gente boa e ordeira, de \u00edcones da MPB, de int\u00e9rpretes e percussionistas renomados, mas tamb\u00e9m de loroteiros sem gra\u00e7a alguma. \u00c9 neste \u00faltimo grupo que o incluo. Se o senhor acha que Bras\u00edlia \u00e9 uma ilha da fantasia, por que veio para c\u00e1? E por que continua por aqui? Aproveite que sua cabe\u00e7a est\u00e1 \u00e0 pr\u00eamio, pe\u00e7a para fazer xixi, atenda o apelo do cantor Paulo Diniz e \u201cI want to go back to Bahia\u201d. Os trios el\u00e9tricos o esperam.<\/p>\n<p>Pode ter certeza de que os brasilienses n\u00e3o sentir\u00e3o sua falta. Ali\u00e1s, poucos sabem quem \u00e9 e o que produz um cidad\u00e3o que se empanturra de acaraj\u00e9 apimentado e faz a caca logo na entrada. Meu caro Tattoo, o seu mundo \u00e9 uma fantasia. \u00c9 povoado basicamente por aqueles que n\u00e3o sabem o que dizem. De minha parte, sou grato a JK e prefiro viver na ilha da fantasia do que mergulhar no seu mar revolto e polu\u00eddo pelo excesso de mentiras e de engodos. Diria mais: ao contr\u00e1rio do seu l\u00edder, o senhor n\u00e3o \u00e9 bem-vindo \u00e0 ilha da fantasia. Quem n\u00e3o sabe o que diz, melhor ficar calado.<\/p>\n","protected":false},"excerpt":{"rendered":"<p>A estupidez \u00e9 infinitamente mais fascinante do que a intelig\u00eancia. A intelig\u00eancia tem limites, a estupidez n\u00e3o. Partindo desta premissa, concluo que a estupidez de acreditar que podemos estar acima de tudo e de todos \u00e9 das mais rid\u00edculas que conhe\u00e7o. Carioca de ber\u00e7o e brasiliense por ado\u00e7\u00e3o h\u00e1 39 anos, sou daqueles que n\u00e3o [&hellip;]<\/p>\n","protected":false},"author":2,"featured_media":298402,"comment_status":"closed","ping_status":"closed","sticky":false,"template":"","format":"standard","meta":{"_acf_changed":false,"footnotes":""},"categories":[161],"tags":[95],"class_list":["post-306431","post","type-post","status-publish","format-standard","has-post-thumbnail","hentry","category-quadradinho-em-foco","tag-capa"],"acf":[],"yoast_head":"<!-- This site is optimized with the Yoast SEO plugin v27.2 - https:\/\/yoast.com\/product\/yoast-seo-wordpress\/ -->\n<title>\u201cI want to go back to Bahia\u201d e seus trios el\u00e9tricos, ministro - Notibras<\/title>\n<meta name=\"robots\" content=\"index, follow, max-snippet:-1, max-image-preview:large, max-video-preview:-1\" \/>\n<link rel=\"canonical\" href=\"https:\/\/www.notibras.com\/site\/i-want-to-go-back-to-bahia-e-seus-trios-eletricos-ministro\/\" \/>\n<meta property=\"og:locale\" content=\"pt_BR\" \/>\n<meta property=\"og:type\" content=\"article\" \/>\n<meta property=\"og:title\" content=\"\u201cI want to go back to Bahia\u201d e seus trios el\u00e9tricos, ministro - Notibras\" \/>\n<meta property=\"og:description\" content=\"A estupidez \u00e9 infinitamente mais fascinante do que a intelig\u00eancia. A intelig\u00eancia tem limites, a estupidez n\u00e3o. Partindo desta premissa, concluo que a estupidez de acreditar que podemos estar acima de tudo e de todos \u00e9 das mais rid\u00edculas que conhe\u00e7o. Carioca de ber\u00e7o e brasiliense por ado\u00e7\u00e3o h\u00e1 39 anos, sou daqueles que n\u00e3o [&hellip;]\" \/>\n<meta property=\"og:url\" content=\"https:\/\/www.notibras.com\/site\/i-want-to-go-back-to-bahia-e-seus-trios-eletricos-ministro\/\" \/>\n<meta property=\"og:site_name\" content=\"Notibras\" \/>\n<meta property=\"article:publisher\" content=\"https:\/\/www.facebook.com\/notibras\/\" \/>\n<meta property=\"article:published_time\" content=\"2023-06-07T11:33:08+00:00\" \/>\n<meta property=\"article:modified_time\" content=\"2023-06-07T13:40:32+00:00\" \/>\n<meta property=\"og:image\" content=\"https:\/\/www.notibras.com\/site\/wp-content\/uploads\/2023\/01\/brasilia_60_anos_faixa_de_pedestres_0420202419_1.jpg\" \/>\n\t<meta property=\"og:image:width\" content=\"770\" \/>\n\t<meta property=\"og:image:height\" content=\"513\" \/>\n\t<meta property=\"og:image:type\" content=\"image\/jpeg\" \/>\n<meta name=\"author\" content=\"Reda\u00e7\u00e3o\" \/>\n<meta name=\"twitter:card\" content=\"summary_large_image\" \/>\n<meta name=\"twitter:creator\" content=\"@Notibras\" \/>\n<meta name=\"twitter:site\" content=\"@Notibras\" \/>\n<meta name=\"twitter:label1\" content=\"Escrito por\" \/>\n\t<meta name=\"twitter:data1\" content=\"Reda\u00e7\u00e3o\" \/>\n\t<meta name=\"twitter:label2\" content=\"Est. tempo de leitura\" \/>\n\t<meta name=\"twitter:data2\" content=\"4 minutos\" \/>\n<script type=\"application\/ld+json\" class=\"yoast-schema-graph\">{\"@context\":\"https:\/\/schema.org\",\"@graph\":[{\"@type\":\"Article\",\"@id\":\"https:\/\/www.notibras.com\/site\/i-want-to-go-back-to-bahia-e-seus-trios-eletricos-ministro\/#article\",\"isPartOf\":{\"@id\":\"https:\/\/www.notibras.com\/site\/i-want-to-go-back-to-bahia-e-seus-trios-eletricos-ministro\/\"},\"author\":{\"name\":\"Reda\u00e7\u00e3o\",\"@id\":\"https:\/\/www.notibras.com\/site\/#\/schema\/person\/36ab0979449956132d3e5b517ea76ac8\"},\"headline\":\"\u201cI want to go back to Bahia\u201d e seus trios el\u00e9tricos, ministro\",\"datePublished\":\"2023-06-07T11:33:08+00:00\",\"dateModified\":\"2023-06-07T13:40:32+00:00\",\"mainEntityOfPage\":{\"@id\":\"https:\/\/www.notibras.com\/site\/i-want-to-go-back-to-bahia-e-seus-trios-eletricos-ministro\/\"},\"wordCount\":760,\"publisher\":{\"@id\":\"https:\/\/www.notibras.com\/site\/#organization\"},\"image\":{\"@id\":\"https:\/\/www.notibras.com\/site\/i-want-to-go-back-to-bahia-e-seus-trios-eletricos-ministro\/#primaryimage\"},\"thumbnailUrl\":\"https:\/\/www.notibras.com\/site\/wp-content\/uploads\/2023\/01\/brasilia_60_anos_faixa_de_pedestres_0420202419_1.jpg\",\"keywords\":[\"capa\"],\"articleSection\":[\"Quadradinho em Foco\"],\"inLanguage\":\"pt-BR\"},{\"@type\":\"WebPage\",\"@id\":\"https:\/\/www.notibras.com\/site\/i-want-to-go-back-to-bahia-e-seus-trios-eletricos-ministro\/\",\"url\":\"https:\/\/www.notibras.com\/site\/i-want-to-go-back-to-bahia-e-seus-trios-eletricos-ministro\/\",\"name\":\"\u201cI want to go back to Bahia\u201d e seus trios el\u00e9tricos, ministro - Notibras\",\"isPartOf\":{\"@id\":\"https:\/\/www.notibras.com\/site\/#website\"},\"primaryImageOfPage\":{\"@id\":\"https:\/\/www.notibras.com\/site\/i-want-to-go-back-to-bahia-e-seus-trios-eletricos-ministro\/#primaryimage\"},\"image\":{\"@id\":\"https:\/\/www.notibras.com\/site\/i-want-to-go-back-to-bahia-e-seus-trios-eletricos-ministro\/#primaryimage\"},\"thumbnailUrl\":\"https:\/\/www.notibras.com\/site\/wp-content\/uploads\/2023\/01\/brasilia_60_anos_faixa_de_pedestres_0420202419_1.jpg\",\"datePublished\":\"2023-06-07T11:33:08+00:00\",\"dateModified\":\"2023-06-07T13:40:32+00:00\",\"breadcrumb\":{\"@id\":\"https:\/\/www.notibras.com\/site\/i-want-to-go-back-to-bahia-e-seus-trios-eletricos-ministro\/#breadcrumb\"},\"inLanguage\":\"pt-BR\",\"potentialAction\":[{\"@type\":\"ReadAction\",\"target\":[\"https:\/\/www.notibras.com\/site\/i-want-to-go-back-to-bahia-e-seus-trios-eletricos-ministro\/\"]}]},{\"@type\":\"ImageObject\",\"inLanguage\":\"pt-BR\",\"@id\":\"https:\/\/www.notibras.com\/site\/i-want-to-go-back-to-bahia-e-seus-trios-eletricos-ministro\/#primaryimage\",\"url\":\"https:\/\/www.notibras.com\/site\/wp-content\/uploads\/2023\/01\/brasilia_60_anos_faixa_de_pedestres_0420202419_1.jpg\",\"contentUrl\":\"https:\/\/www.notibras.com\/site\/wp-content\/uploads\/2023\/01\/brasilia_60_anos_faixa_de_pedestres_0420202419_1.jpg\",\"width\":770,\"height\":513,\"caption\":\"Bras\u00edlia 60 Anos - Catedral Militar Rainha da Paz\"},{\"@type\":\"BreadcrumbList\",\"@id\":\"https:\/\/www.notibras.com\/site\/i-want-to-go-back-to-bahia-e-seus-trios-eletricos-ministro\/#breadcrumb\",\"itemListElement\":[{\"@type\":\"ListItem\",\"position\":1,\"name\":\"In\u00edcio\",\"item\":\"https:\/\/www.notibras.com\/site\/\"},{\"@type\":\"ListItem\",\"position\":2,\"name\":\"\u201cI want to go back to Bahia\u201d e seus trios el\u00e9tricos, ministro\"}]},{\"@type\":\"WebSite\",\"@id\":\"https:\/\/www.notibras.com\/site\/#website\",\"url\":\"https:\/\/www.notibras.com\/site\/\",\"name\":\"Notibras\",\"description\":\"Not\u00edcias de Bras\u00edlia, do Brasil e do Mundo\",\"publisher\":{\"@id\":\"https:\/\/www.notibras.com\/site\/#organization\"},\"potentialAction\":[{\"@type\":\"SearchAction\",\"target\":{\"@type\":\"EntryPoint\",\"urlTemplate\":\"https:\/\/www.notibras.com\/site\/?s={search_term_string}\"},\"query-input\":{\"@type\":\"PropertyValueSpecification\",\"valueRequired\":true,\"valueName\":\"search_term_string\"}}],\"inLanguage\":\"pt-BR\"},{\"@type\":\"Organization\",\"@id\":\"https:\/\/www.notibras.com\/site\/#organization\",\"name\":\"Grupo Notibras de Comunica\u00e7\u00e3o\",\"url\":\"https:\/\/www.notibras.com\/site\/\",\"logo\":{\"@type\":\"ImageObject\",\"inLanguage\":\"pt-BR\",\"@id\":\"https:\/\/www.notibras.com\/site\/#\/schema\/logo\/image\/\",\"url\":\"https:\/\/www.notibras.com\/site\/wp-content\/uploads\/2023\/01\/notibras23.png\",\"contentUrl\":\"https:\/\/www.notibras.com\/site\/wp-content\/uploads\/2023\/01\/notibras23.png\",\"width\":350,\"height\":87,\"caption\":\"Grupo Notibras de Comunica\u00e7\u00e3o\"},\"image\":{\"@id\":\"https:\/\/www.notibras.com\/site\/#\/schema\/logo\/image\/\"},\"sameAs\":[\"https:\/\/www.facebook.com\/notibras\/\",\"https:\/\/x.com\/Notibras\",\"https:\/\/www.instagram.com\/notibras\/\"]},{\"@type\":\"Person\",\"@id\":\"https:\/\/www.notibras.com\/site\/#\/schema\/person\/36ab0979449956132d3e5b517ea76ac8\",\"name\":\"Reda\u00e7\u00e3o\",\"image\":{\"@type\":\"ImageObject\",\"inLanguage\":\"pt-BR\",\"@id\":\"https:\/\/secure.gravatar.com\/avatar\/e0a867bdedb85fd243eadf09663511f96fc81e0720a4a42581f334ad4303aa6b?s=96&d=mm&r=g\",\"url\":\"https:\/\/secure.gravatar.com\/avatar\/e0a867bdedb85fd243eadf09663511f96fc81e0720a4a42581f334ad4303aa6b?s=96&d=mm&r=g\",\"contentUrl\":\"https:\/\/secure.gravatar.com\/avatar\/e0a867bdedb85fd243eadf09663511f96fc81e0720a4a42581f334ad4303aa6b?s=96&d=mm&r=g\",\"caption\":\"Reda\u00e7\u00e3o\"}}]}<\/script>\n<!-- \/ Yoast SEO plugin. -->","yoast_head_json":{"title":"\u201cI want to go back to Bahia\u201d e seus trios el\u00e9tricos, ministro - Notibras","robots":{"index":"index","follow":"follow","max-snippet":"max-snippet:-1","max-image-preview":"max-image-preview:large","max-video-preview":"max-video-preview:-1"},"canonical":"https:\/\/www.notibras.com\/site\/i-want-to-go-back-to-bahia-e-seus-trios-eletricos-ministro\/","og_locale":"pt_BR","og_type":"article","og_title":"\u201cI want to go back to Bahia\u201d e seus trios el\u00e9tricos, ministro - Notibras","og_description":"A estupidez \u00e9 infinitamente mais fascinante do que a intelig\u00eancia. A intelig\u00eancia tem limites, a estupidez n\u00e3o. Partindo desta premissa, concluo que a estupidez de acreditar que podemos estar acima de tudo e de todos \u00e9 das mais rid\u00edculas que conhe\u00e7o. Carioca de ber\u00e7o e brasiliense por ado\u00e7\u00e3o h\u00e1 39 anos, sou daqueles que n\u00e3o [&hellip;]","og_url":"https:\/\/www.notibras.com\/site\/i-want-to-go-back-to-bahia-e-seus-trios-eletricos-ministro\/","og_site_name":"Notibras","article_publisher":"https:\/\/www.facebook.com\/notibras\/","article_published_time":"2023-06-07T11:33:08+00:00","article_modified_time":"2023-06-07T13:40:32+00:00","og_image":[{"width":770,"height":513,"url":"https:\/\/www.notibras.com\/site\/wp-content\/uploads\/2023\/01\/brasilia_60_anos_faixa_de_pedestres_0420202419_1.jpg","type":"image\/jpeg"}],"author":"Reda\u00e7\u00e3o","twitter_card":"summary_large_image","twitter_creator":"@Notibras","twitter_site":"@Notibras","twitter_misc":{"Escrito por":"Reda\u00e7\u00e3o","Est. tempo de leitura":"4 minutos"},"schema":{"@context":"https:\/\/schema.org","@graph":[{"@type":"Article","@id":"https:\/\/www.notibras.com\/site\/i-want-to-go-back-to-bahia-e-seus-trios-eletricos-ministro\/#article","isPartOf":{"@id":"https:\/\/www.notibras.com\/site\/i-want-to-go-back-to-bahia-e-seus-trios-eletricos-ministro\/"},"author":{"name":"Reda\u00e7\u00e3o","@id":"https:\/\/www.notibras.com\/site\/#\/schema\/person\/36ab0979449956132d3e5b517ea76ac8"},"headline":"\u201cI want to go back to Bahia\u201d e seus trios el\u00e9tricos, ministro","datePublished":"2023-06-07T11:33:08+00:00","dateModified":"2023-06-07T13:40:32+00:00","mainEntityOfPage":{"@id":"https:\/\/www.notibras.com\/site\/i-want-to-go-back-to-bahia-e-seus-trios-eletricos-ministro\/"},"wordCount":760,"publisher":{"@id":"https:\/\/www.notibras.com\/site\/#organization"},"image":{"@id":"https:\/\/www.notibras.com\/site\/i-want-to-go-back-to-bahia-e-seus-trios-eletricos-ministro\/#primaryimage"},"thumbnailUrl":"https:\/\/www.notibras.com\/site\/wp-content\/uploads\/2023\/01\/brasilia_60_anos_faixa_de_pedestres_0420202419_1.jpg","keywords":["capa"],"articleSection":["Quadradinho em Foco"],"inLanguage":"pt-BR"},{"@type":"WebPage","@id":"https:\/\/www.notibras.com\/site\/i-want-to-go-back-to-bahia-e-seus-trios-eletricos-ministro\/","url":"https:\/\/www.notibras.com\/site\/i-want-to-go-back-to-bahia-e-seus-trios-eletricos-ministro\/","name":"\u201cI want to go back to Bahia\u201d e seus trios el\u00e9tricos, ministro - Notibras","isPartOf":{"@id":"https:\/\/www.notibras.com\/site\/#website"},"primaryImageOfPage":{"@id":"https:\/\/www.notibras.com\/site\/i-want-to-go-back-to-bahia-e-seus-trios-eletricos-ministro\/#primaryimage"},"image":{"@id":"https:\/\/www.notibras.com\/site\/i-want-to-go-back-to-bahia-e-seus-trios-eletricos-ministro\/#primaryimage"},"thumbnailUrl":"https:\/\/www.notibras.com\/site\/wp-content\/uploads\/2023\/01\/brasilia_60_anos_faixa_de_pedestres_0420202419_1.jpg","datePublished":"2023-06-07T11:33:08+00:00","dateModified":"2023-06-07T13:40:32+00:00","breadcrumb":{"@id":"https:\/\/www.notibras.com\/site\/i-want-to-go-back-to-bahia-e-seus-trios-eletricos-ministro\/#breadcrumb"},"inLanguage":"pt-BR","potentialAction":[{"@type":"ReadAction","target":["https:\/\/www.notibras.com\/site\/i-want-to-go-back-to-bahia-e-seus-trios-eletricos-ministro\/"]}]},{"@type":"ImageObject","inLanguage":"pt-BR","@id":"https:\/\/www.notibras.com\/site\/i-want-to-go-back-to-bahia-e-seus-trios-eletricos-ministro\/#primaryimage","url":"https:\/\/www.notibras.com\/site\/wp-content\/uploads\/2023\/01\/brasilia_60_anos_faixa_de_pedestres_0420202419_1.jpg","contentUrl":"https:\/\/www.notibras.com\/site\/wp-content\/uploads\/2023\/01\/brasilia_60_anos_faixa_de_pedestres_0420202419_1.jpg","width":770,"height":513,"caption":"Bras\u00edlia 60 Anos - Catedral Militar Rainha da Paz"},{"@type":"BreadcrumbList","@id":"https:\/\/www.notibras.com\/site\/i-want-to-go-back-to-bahia-e-seus-trios-eletricos-ministro\/#breadcrumb","itemListElement":[{"@type":"ListItem","position":1,"name":"In\u00edcio","item":"https:\/\/www.notibras.com\/site\/"},{"@type":"ListItem","position":2,"name":"\u201cI want to go back to Bahia\u201d e seus trios el\u00e9tricos, ministro"}]},{"@type":"WebSite","@id":"https:\/\/www.notibras.com\/site\/#website","url":"https:\/\/www.notibras.com\/site\/","name":"Notibras","description":"Not\u00edcias de Bras\u00edlia, do Brasil e do Mundo","publisher":{"@id":"https:\/\/www.notibras.com\/site\/#organization"},"potentialAction":[{"@type":"SearchAction","target":{"@type":"EntryPoint","urlTemplate":"https:\/\/www.notibras.com\/site\/?s={search_term_string}"},"query-input":{"@type":"PropertyValueSpecification","valueRequired":true,"valueName":"search_term_string"}}],"inLanguage":"pt-BR"},{"@type":"Organization","@id":"https:\/\/www.notibras.com\/site\/#organization","name":"Grupo Notibras de Comunica\u00e7\u00e3o","url":"https:\/\/www.notibras.com\/site\/","logo":{"@type":"ImageObject","inLanguage":"pt-BR","@id":"https:\/\/www.notibras.com\/site\/#\/schema\/logo\/image\/","url":"https:\/\/www.notibras.com\/site\/wp-content\/uploads\/2023\/01\/notibras23.png","contentUrl":"https:\/\/www.notibras.com\/site\/wp-content\/uploads\/2023\/01\/notibras23.png","width":350,"height":87,"caption":"Grupo Notibras de Comunica\u00e7\u00e3o"},"image":{"@id":"https:\/\/www.notibras.com\/site\/#\/schema\/logo\/image\/"},"sameAs":["https:\/\/www.facebook.com\/notibras\/","https:\/\/x.com\/Notibras","https:\/\/www.instagram.com\/notibras\/"]},{"@type":"Person","@id":"https:\/\/www.notibras.com\/site\/#\/schema\/person\/36ab0979449956132d3e5b517ea76ac8","name":"Reda\u00e7\u00e3o","image":{"@type":"ImageObject","inLanguage":"pt-BR","@id":"https:\/\/secure.gravatar.com\/avatar\/e0a867bdedb85fd243eadf09663511f96fc81e0720a4a42581f334ad4303aa6b?s=96&d=mm&r=g","url":"https:\/\/secure.gravatar.com\/avatar\/e0a867bdedb85fd243eadf09663511f96fc81e0720a4a42581f334ad4303aa6b?s=96&d=mm&r=g","contentUrl":"https:\/\/secure.gravatar.com\/avatar\/e0a867bdedb85fd243eadf09663511f96fc81e0720a4a42581f334ad4303aa6b?s=96&d=mm&r=g","caption":"Reda\u00e7\u00e3o"}}]}},"amp_enabled":true,"_links":{"self":[{"href":"https:\/\/www.notibras.com\/site\/wp-json\/wp\/v2\/posts\/306431","targetHints":{"allow":["GET"]}}],"collection":[{"href":"https:\/\/www.notibras.com\/site\/wp-json\/wp\/v2\/posts"}],"about":[{"href":"https:\/\/www.notibras.com\/site\/wp-json\/wp\/v2\/types\/post"}],"author":[{"embeddable":true,"href":"https:\/\/www.notibras.com\/site\/wp-json\/wp\/v2\/users\/2"}],"replies":[{"embeddable":true,"href":"https:\/\/www.notibras.com\/site\/wp-json\/wp\/v2\/comments?post=306431"}],"version-history":[{"count":3,"href":"https:\/\/www.notibras.com\/site\/wp-json\/wp\/v2\/posts\/306431\/revisions"}],"predecessor-version":[{"id":306451,"href":"https:\/\/www.notibras.com\/site\/wp-json\/wp\/v2\/posts\/306431\/revisions\/306451"}],"wp:featuredmedia":[{"embeddable":true,"href":"https:\/\/www.notibras.com\/site\/wp-json\/wp\/v2\/media\/298402"}],"wp:attachment":[{"href":"https:\/\/www.notibras.com\/site\/wp-json\/wp\/v2\/media?parent=306431"}],"wp:term":[{"taxonomy":"category","embeddable":true,"href":"https:\/\/www.notibras.com\/site\/wp-json\/wp\/v2\/categories?post=306431"},{"taxonomy":"post_tag","embeddable":true,"href":"https:\/\/www.notibras.com\/site\/wp-json\/wp\/v2\/tags?post=306431"}],"curies":[{"name":"wp","href":"https:\/\/api.w.org\/{rel}","templated":true}]}}