{"id":306455,"date":"2023-06-07T11:04:46","date_gmt":"2023-06-07T14:04:46","guid":{"rendered":"https:\/\/www.notibras.com\/site\/?p=306455"},"modified":"2023-06-07T22:32:30","modified_gmt":"2023-06-08T01:32:30","slug":"lula-anuncia-volta-do-farmacia-popular-mais-remedios","status":"publish","type":"post","link":"https:\/\/www.notibras.com\/site\/lula-anuncia-volta-do-farmacia-popular-mais-remedios\/","title":{"rendered":"Lula anuncia volta do Farm\u00e1cia Popular com mais rem\u00e9dios"},"content":{"rendered":"<p>O presidente Luiz In\u00e1cio Lula da Silva disse nesta quarta-feira (7) que o programa Farm\u00e1cia Popular foi \u201cironizado e diminu\u00eddo\u201d pelo governo passado, mas que retorna agora com muito mais for\u00e7a, com mais rem\u00e9dio e maior capacidade de fazer conv\u00eanio. \u201cPara que mais farm\u00e1cias possam participar, e a gente chegar no momento de atender \u00e0 totalidade de pessoas necessitadas no pa\u00eds\u201d.<\/p>\n<p>De acordo com o presidente, a proposta do atual governo \u00e9, cada vez mais, inserir novos medicamentos na cartela de insumos fornecidos pelo programa, oferecendo \u201coportunidade de as pessoas viverem mais, poderem curar as suas doen\u00e7as. At\u00e9 porque hoje cuidar de doen\u00e7as \u00e9 muito caro. Qualquer rem\u00e9dio \u00e9 muito caro\u201d.<\/p>\n<p>\u201cPor isso, tenho dito que cuidar da sa\u00fade n\u00e3o \u00e9 gasto. Os outros v\u00e3o dizer que \u00e9 gasto\u201d, disse. \u201cN\u00e3o estou gastando. Estou investindo dinheiro no pobre. Cuidar da sa\u00fade do povo \u00e9 investimento. Uma pessoa s\u00e3, com sa\u00fade, est\u00e1 mais alegre, trabalha mais, produz mais, cuida melhor das coisas que tem que fazer\u201d, completou.<\/p>\n<p>\u201cCuidar do pobre \u00e9 o melhor investimento que a gente pode fazer em qualquer pa\u00eds do mundo\u201d, concluiu Lula.<\/p>\n<p>&nbsp;<\/p>\n<p>&nbsp;<\/p>\n","protected":false},"excerpt":{"rendered":"<p>O presidente Luiz In\u00e1cio Lula da Silva disse nesta quarta-feira (7) que o programa Farm\u00e1cia Popular foi \u201cironizado e diminu\u00eddo\u201d pelo governo passado, mas que retorna agora com muito mais for\u00e7a, com mais rem\u00e9dio e maior capacidade de fazer conv\u00eanio. \u201cPara que mais farm\u00e1cias possam participar, e a gente chegar no momento de atender \u00e0 [&hellip;]<\/p>\n","protected":false},"author":2,"featured_media":133550,"comment_status":"closed","ping_status":"closed","sticky":false,"template":"","format":"standard","meta":{"_acf_changed":false,"footnotes":""},"categories":[161],"tags":[95],"class_list":["post-306455","post","type-post","status-publish","format-standard","has-post-thumbnail","hentry","category-quadradinho-em-foco","tag-capa"],"acf":[],"yoast_head":"<!-- This site is optimized with the Yoast SEO plugin v27.2 - https:\/\/yoast.com\/product\/yoast-seo-wordpress\/ -->\n<title>Lula anuncia volta do Farm\u00e1cia Popular com mais rem\u00e9dios - Notibras<\/title>\n<meta name=\"robots\" content=\"index, follow, max-snippet:-1, max-image-preview:large, max-video-preview:-1\" \/>\n<link rel=\"canonical\" href=\"https:\/\/www.notibras.com\/site\/lula-anuncia-volta-do-farmacia-popular-mais-remedios\/\" \/>\n<meta property=\"og:locale\" content=\"pt_BR\" \/>\n<meta property=\"og:type\" content=\"article\" \/>\n<meta property=\"og:title\" content=\"Lula anuncia volta do Farm\u00e1cia Popular com mais rem\u00e9dios - Notibras\" \/>\n<meta property=\"og:description\" content=\"O presidente Luiz In\u00e1cio Lula da Silva disse nesta quarta-feira (7) que o programa Farm\u00e1cia Popular foi \u201cironizado e diminu\u00eddo\u201d pelo governo passado, mas que retorna agora com muito mais for\u00e7a, com mais rem\u00e9dio e maior capacidade de fazer conv\u00eanio. \u201cPara que mais farm\u00e1cias possam participar, e a gente chegar no momento de atender \u00e0 [&hellip;]\" \/>\n<meta property=\"og:url\" content=\"https:\/\/www.notibras.com\/site\/lula-anuncia-volta-do-farmacia-popular-mais-remedios\/\" \/>\n<meta property=\"og:site_name\" content=\"Notibras\" \/>\n<meta property=\"article:publisher\" content=\"https:\/\/www.facebook.com\/notibras\/\" \/>\n<meta property=\"article:published_time\" content=\"2023-06-07T14:04:46+00:00\" \/>\n<meta property=\"article:modified_time\" content=\"2023-06-08T01:32:30+00:00\" \/>\n<meta property=\"og:image\" content=\"https:\/\/www.notibras.com\/site\/wp-content\/uploads\/2017\/03\/farm\u00e1cia-popular.jpg\" \/>\n\t<meta property=\"og:image:width\" content=\"1600\" \/>\n\t<meta property=\"og:image:height\" content=\"1049\" \/>\n\t<meta property=\"og:image:type\" content=\"image\/jpeg\" \/>\n<meta name=\"author\" content=\"Reda\u00e7\u00e3o\" \/>\n<meta name=\"twitter:card\" content=\"summary_large_image\" \/>\n<meta name=\"twitter:creator\" content=\"@Notibras\" \/>\n<meta name=\"twitter:site\" content=\"@Notibras\" \/>\n<meta name=\"twitter:label1\" content=\"Escrito por\" \/>\n\t<meta name=\"twitter:data1\" content=\"Reda\u00e7\u00e3o\" \/>\n\t<meta name=\"twitter:label2\" content=\"Est. tempo de leitura\" \/>\n\t<meta name=\"twitter:data2\" content=\"2 minutos\" \/>\n<script type=\"application\/ld+json\" class=\"yoast-schema-graph\">{\"@context\":\"https:\/\/schema.org\",\"@graph\":[{\"@type\":\"Article\",\"@id\":\"https:\/\/www.notibras.com\/site\/lula-anuncia-volta-do-farmacia-popular-mais-remedios\/#article\",\"isPartOf\":{\"@id\":\"https:\/\/www.notibras.com\/site\/lula-anuncia-volta-do-farmacia-popular-mais-remedios\/\"},\"author\":{\"name\":\"Reda\u00e7\u00e3o\",\"@id\":\"https:\/\/www.notibras.com\/site\/#\/schema\/person\/36ab0979449956132d3e5b517ea76ac8\"},\"headline\":\"Lula anuncia volta do Farm\u00e1cia Popular com mais rem\u00e9dios\",\"datePublished\":\"2023-06-07T14:04:46+00:00\",\"dateModified\":\"2023-06-08T01:32:30+00:00\",\"mainEntityOfPage\":{\"@id\":\"https:\/\/www.notibras.com\/site\/lula-anuncia-volta-do-farmacia-popular-mais-remedios\/\"},\"wordCount\":207,\"publisher\":{\"@id\":\"https:\/\/www.notibras.com\/site\/#organization\"},\"image\":{\"@id\":\"https:\/\/www.notibras.com\/site\/lula-anuncia-volta-do-farmacia-popular-mais-remedios\/#primaryimage\"},\"thumbnailUrl\":\"https:\/\/www.notibras.com\/site\/wp-content\/uploads\/2017\/03\/farm\u00e1cia-popular.jpg\",\"keywords\":[\"capa\"],\"articleSection\":[\"Quadradinho em Foco\"],\"inLanguage\":\"pt-BR\"},{\"@type\":\"WebPage\",\"@id\":\"https:\/\/www.notibras.com\/site\/lula-anuncia-volta-do-farmacia-popular-mais-remedios\/\",\"url\":\"https:\/\/www.notibras.com\/site\/lula-anuncia-volta-do-farmacia-popular-mais-remedios\/\",\"name\":\"Lula anuncia volta do Farm\u00e1cia Popular com mais rem\u00e9dios - Notibras\",\"isPartOf\":{\"@id\":\"https:\/\/www.notibras.com\/site\/#website\"},\"primaryImageOfPage\":{\"@id\":\"https:\/\/www.notibras.com\/site\/lula-anuncia-volta-do-farmacia-popular-mais-remedios\/#primaryimage\"},\"image\":{\"@id\":\"https:\/\/www.notibras.com\/site\/lula-anuncia-volta-do-farmacia-popular-mais-remedios\/#primaryimage\"},\"thumbnailUrl\":\"https:\/\/www.notibras.com\/site\/wp-content\/uploads\/2017\/03\/farm\u00e1cia-popular.jpg\",\"datePublished\":\"2023-06-07T14:04:46+00:00\",\"dateModified\":\"2023-06-08T01:32:30+00:00\",\"breadcrumb\":{\"@id\":\"https:\/\/www.notibras.com\/site\/lula-anuncia-volta-do-farmacia-popular-mais-remedios\/#breadcrumb\"},\"inLanguage\":\"pt-BR\",\"potentialAction\":[{\"@type\":\"ReadAction\",\"target\":[\"https:\/\/www.notibras.com\/site\/lula-anuncia-volta-do-farmacia-popular-mais-remedios\/\"]}]},{\"@type\":\"ImageObject\",\"inLanguage\":\"pt-BR\",\"@id\":\"https:\/\/www.notibras.com\/site\/lula-anuncia-volta-do-farmacia-popular-mais-remedios\/#primaryimage\",\"url\":\"https:\/\/www.notibras.com\/site\/wp-content\/uploads\/2017\/03\/farm\u00e1cia-popular.jpg\",\"contentUrl\":\"https:\/\/www.notibras.com\/site\/wp-content\/uploads\/2017\/03\/farm\u00e1cia-popular.jpg\",\"width\":1600,\"height\":1049},{\"@type\":\"BreadcrumbList\",\"@id\":\"https:\/\/www.notibras.com\/site\/lula-anuncia-volta-do-farmacia-popular-mais-remedios\/#breadcrumb\",\"itemListElement\":[{\"@type\":\"ListItem\",\"position\":1,\"name\":\"In\u00edcio\",\"item\":\"https:\/\/www.notibras.com\/site\/\"},{\"@type\":\"ListItem\",\"position\":2,\"name\":\"Lula anuncia volta do Farm\u00e1cia Popular com mais rem\u00e9dios\"}]},{\"@type\":\"WebSite\",\"@id\":\"https:\/\/www.notibras.com\/site\/#website\",\"url\":\"https:\/\/www.notibras.com\/site\/\",\"name\":\"Notibras\",\"description\":\"Not\u00edcias de Bras\u00edlia, do Brasil e do Mundo\",\"publisher\":{\"@id\":\"https:\/\/www.notibras.com\/site\/#organization\"},\"potentialAction\":[{\"@type\":\"SearchAction\",\"target\":{\"@type\":\"EntryPoint\",\"urlTemplate\":\"https:\/\/www.notibras.com\/site\/?s={search_term_string}\"},\"query-input\":{\"@type\":\"PropertyValueSpecification\",\"valueRequired\":true,\"valueName\":\"search_term_string\"}}],\"inLanguage\":\"pt-BR\"},{\"@type\":\"Organization\",\"@id\":\"https:\/\/www.notibras.com\/site\/#organization\",\"name\":\"Grupo Notibras de Comunica\u00e7\u00e3o\",\"url\":\"https:\/\/www.notibras.com\/site\/\",\"logo\":{\"@type\":\"ImageObject\",\"inLanguage\":\"pt-BR\",\"@id\":\"https:\/\/www.notibras.com\/site\/#\/schema\/logo\/image\/\",\"url\":\"https:\/\/www.notibras.com\/site\/wp-content\/uploads\/2023\/01\/notibras23.png\",\"contentUrl\":\"https:\/\/www.notibras.com\/site\/wp-content\/uploads\/2023\/01\/notibras23.png\",\"width\":350,\"height\":87,\"caption\":\"Grupo Notibras de Comunica\u00e7\u00e3o\"},\"image\":{\"@id\":\"https:\/\/www.notibras.com\/site\/#\/schema\/logo\/image\/\"},\"sameAs\":[\"https:\/\/www.facebook.com\/notibras\/\",\"https:\/\/x.com\/Notibras\",\"https:\/\/www.instagram.com\/notibras\/\"]},{\"@type\":\"Person\",\"@id\":\"https:\/\/www.notibras.com\/site\/#\/schema\/person\/36ab0979449956132d3e5b517ea76ac8\",\"name\":\"Reda\u00e7\u00e3o\",\"image\":{\"@type\":\"ImageObject\",\"inLanguage\":\"pt-BR\",\"@id\":\"https:\/\/secure.gravatar.com\/avatar\/e0a867bdedb85fd243eadf09663511f96fc81e0720a4a42581f334ad4303aa6b?s=96&d=mm&r=g\",\"url\":\"https:\/\/secure.gravatar.com\/avatar\/e0a867bdedb85fd243eadf09663511f96fc81e0720a4a42581f334ad4303aa6b?s=96&d=mm&r=g\",\"contentUrl\":\"https:\/\/secure.gravatar.com\/avatar\/e0a867bdedb85fd243eadf09663511f96fc81e0720a4a42581f334ad4303aa6b?s=96&d=mm&r=g\",\"caption\":\"Reda\u00e7\u00e3o\"}}]}<\/script>\n<!-- \/ Yoast SEO plugin. -->","yoast_head_json":{"title":"Lula anuncia volta do Farm\u00e1cia Popular com mais rem\u00e9dios - Notibras","robots":{"index":"index","follow":"follow","max-snippet":"max-snippet:-1","max-image-preview":"max-image-preview:large","max-video-preview":"max-video-preview:-1"},"canonical":"https:\/\/www.notibras.com\/site\/lula-anuncia-volta-do-farmacia-popular-mais-remedios\/","og_locale":"pt_BR","og_type":"article","og_title":"Lula anuncia volta do Farm\u00e1cia Popular com mais rem\u00e9dios - Notibras","og_description":"O presidente Luiz In\u00e1cio Lula da Silva disse nesta quarta-feira (7) que o programa Farm\u00e1cia Popular foi \u201cironizado e diminu\u00eddo\u201d pelo governo passado, mas que retorna agora com muito mais for\u00e7a, com mais rem\u00e9dio e maior capacidade de fazer conv\u00eanio. \u201cPara que mais farm\u00e1cias possam participar, e a gente chegar no momento de atender \u00e0 [&hellip;]","og_url":"https:\/\/www.notibras.com\/site\/lula-anuncia-volta-do-farmacia-popular-mais-remedios\/","og_site_name":"Notibras","article_publisher":"https:\/\/www.facebook.com\/notibras\/","article_published_time":"2023-06-07T14:04:46+00:00","article_modified_time":"2023-06-08T01:32:30+00:00","og_image":[{"width":1600,"height":1049,"url":"https:\/\/www.notibras.com\/site\/wp-content\/uploads\/2017\/03\/farm\u00e1cia-popular.jpg","type":"image\/jpeg"}],"author":"Reda\u00e7\u00e3o","twitter_card":"summary_large_image","twitter_creator":"@Notibras","twitter_site":"@Notibras","twitter_misc":{"Escrito por":"Reda\u00e7\u00e3o","Est. tempo de leitura":"2 minutos"},"schema":{"@context":"https:\/\/schema.org","@graph":[{"@type":"Article","@id":"https:\/\/www.notibras.com\/site\/lula-anuncia-volta-do-farmacia-popular-mais-remedios\/#article","isPartOf":{"@id":"https:\/\/www.notibras.com\/site\/lula-anuncia-volta-do-farmacia-popular-mais-remedios\/"},"author":{"name":"Reda\u00e7\u00e3o","@id":"https:\/\/www.notibras.com\/site\/#\/schema\/person\/36ab0979449956132d3e5b517ea76ac8"},"headline":"Lula anuncia volta do Farm\u00e1cia Popular com mais rem\u00e9dios","datePublished":"2023-06-07T14:04:46+00:00","dateModified":"2023-06-08T01:32:30+00:00","mainEntityOfPage":{"@id":"https:\/\/www.notibras.com\/site\/lula-anuncia-volta-do-farmacia-popular-mais-remedios\/"},"wordCount":207,"publisher":{"@id":"https:\/\/www.notibras.com\/site\/#organization"},"image":{"@id":"https:\/\/www.notibras.com\/site\/lula-anuncia-volta-do-farmacia-popular-mais-remedios\/#primaryimage"},"thumbnailUrl":"https:\/\/www.notibras.com\/site\/wp-content\/uploads\/2017\/03\/farm\u00e1cia-popular.jpg","keywords":["capa"],"articleSection":["Quadradinho em Foco"],"inLanguage":"pt-BR"},{"@type":"WebPage","@id":"https:\/\/www.notibras.com\/site\/lula-anuncia-volta-do-farmacia-popular-mais-remedios\/","url":"https:\/\/www.notibras.com\/site\/lula-anuncia-volta-do-farmacia-popular-mais-remedios\/","name":"Lula anuncia volta do Farm\u00e1cia Popular com mais rem\u00e9dios - Notibras","isPartOf":{"@id":"https:\/\/www.notibras.com\/site\/#website"},"primaryImageOfPage":{"@id":"https:\/\/www.notibras.com\/site\/lula-anuncia-volta-do-farmacia-popular-mais-remedios\/#primaryimage"},"image":{"@id":"https:\/\/www.notibras.com\/site\/lula-anuncia-volta-do-farmacia-popular-mais-remedios\/#primaryimage"},"thumbnailUrl":"https:\/\/www.notibras.com\/site\/wp-content\/uploads\/2017\/03\/farm\u00e1cia-popular.jpg","datePublished":"2023-06-07T14:04:46+00:00","dateModified":"2023-06-08T01:32:30+00:00","breadcrumb":{"@id":"https:\/\/www.notibras.com\/site\/lula-anuncia-volta-do-farmacia-popular-mais-remedios\/#breadcrumb"},"inLanguage":"pt-BR","potentialAction":[{"@type":"ReadAction","target":["https:\/\/www.notibras.com\/site\/lula-anuncia-volta-do-farmacia-popular-mais-remedios\/"]}]},{"@type":"ImageObject","inLanguage":"pt-BR","@id":"https:\/\/www.notibras.com\/site\/lula-anuncia-volta-do-farmacia-popular-mais-remedios\/#primaryimage","url":"https:\/\/www.notibras.com\/site\/wp-content\/uploads\/2017\/03\/farm\u00e1cia-popular.jpg","contentUrl":"https:\/\/www.notibras.com\/site\/wp-content\/uploads\/2017\/03\/farm\u00e1cia-popular.jpg","width":1600,"height":1049},{"@type":"BreadcrumbList","@id":"https:\/\/www.notibras.com\/site\/lula-anuncia-volta-do-farmacia-popular-mais-remedios\/#breadcrumb","itemListElement":[{"@type":"ListItem","position":1,"name":"In\u00edcio","item":"https:\/\/www.notibras.com\/site\/"},{"@type":"ListItem","position":2,"name":"Lula anuncia volta do Farm\u00e1cia Popular com mais rem\u00e9dios"}]},{"@type":"WebSite","@id":"https:\/\/www.notibras.com\/site\/#website","url":"https:\/\/www.notibras.com\/site\/","name":"Notibras","description":"Not\u00edcias de Bras\u00edlia, do Brasil e do Mundo","publisher":{"@id":"https:\/\/www.notibras.com\/site\/#organization"},"potentialAction":[{"@type":"SearchAction","target":{"@type":"EntryPoint","urlTemplate":"https:\/\/www.notibras.com\/site\/?s={search_term_string}"},"query-input":{"@type":"PropertyValueSpecification","valueRequired":true,"valueName":"search_term_string"}}],"inLanguage":"pt-BR"},{"@type":"Organization","@id":"https:\/\/www.notibras.com\/site\/#organization","name":"Grupo Notibras de Comunica\u00e7\u00e3o","url":"https:\/\/www.notibras.com\/site\/","logo":{"@type":"ImageObject","inLanguage":"pt-BR","@id":"https:\/\/www.notibras.com\/site\/#\/schema\/logo\/image\/","url":"https:\/\/www.notibras.com\/site\/wp-content\/uploads\/2023\/01\/notibras23.png","contentUrl":"https:\/\/www.notibras.com\/site\/wp-content\/uploads\/2023\/01\/notibras23.png","width":350,"height":87,"caption":"Grupo Notibras de Comunica\u00e7\u00e3o"},"image":{"@id":"https:\/\/www.notibras.com\/site\/#\/schema\/logo\/image\/"},"sameAs":["https:\/\/www.facebook.com\/notibras\/","https:\/\/x.com\/Notibras","https:\/\/www.instagram.com\/notibras\/"]},{"@type":"Person","@id":"https:\/\/www.notibras.com\/site\/#\/schema\/person\/36ab0979449956132d3e5b517ea76ac8","name":"Reda\u00e7\u00e3o","image":{"@type":"ImageObject","inLanguage":"pt-BR","@id":"https:\/\/secure.gravatar.com\/avatar\/e0a867bdedb85fd243eadf09663511f96fc81e0720a4a42581f334ad4303aa6b?s=96&d=mm&r=g","url":"https:\/\/secure.gravatar.com\/avatar\/e0a867bdedb85fd243eadf09663511f96fc81e0720a4a42581f334ad4303aa6b?s=96&d=mm&r=g","contentUrl":"https:\/\/secure.gravatar.com\/avatar\/e0a867bdedb85fd243eadf09663511f96fc81e0720a4a42581f334ad4303aa6b?s=96&d=mm&r=g","caption":"Reda\u00e7\u00e3o"}}]}},"amp_enabled":true,"_links":{"self":[{"href":"https:\/\/www.notibras.com\/site\/wp-json\/wp\/v2\/posts\/306455","targetHints":{"allow":["GET"]}}],"collection":[{"href":"https:\/\/www.notibras.com\/site\/wp-json\/wp\/v2\/posts"}],"about":[{"href":"https:\/\/www.notibras.com\/site\/wp-json\/wp\/v2\/types\/post"}],"author":[{"embeddable":true,"href":"https:\/\/www.notibras.com\/site\/wp-json\/wp\/v2\/users\/2"}],"replies":[{"embeddable":true,"href":"https:\/\/www.notibras.com\/site\/wp-json\/wp\/v2\/comments?post=306455"}],"version-history":[{"count":3,"href":"https:\/\/www.notibras.com\/site\/wp-json\/wp\/v2\/posts\/306455\/revisions"}],"predecessor-version":[{"id":306487,"href":"https:\/\/www.notibras.com\/site\/wp-json\/wp\/v2\/posts\/306455\/revisions\/306487"}],"wp:featuredmedia":[{"embeddable":true,"href":"https:\/\/www.notibras.com\/site\/wp-json\/wp\/v2\/media\/133550"}],"wp:attachment":[{"href":"https:\/\/www.notibras.com\/site\/wp-json\/wp\/v2\/media?parent=306455"}],"wp:term":[{"taxonomy":"category","embeddable":true,"href":"https:\/\/www.notibras.com\/site\/wp-json\/wp\/v2\/categories?post=306455"},{"taxonomy":"post_tag","embeddable":true,"href":"https:\/\/www.notibras.com\/site\/wp-json\/wp\/v2\/tags?post=306455"}],"curies":[{"name":"wp","href":"https:\/\/api.w.org\/{rel}","templated":true}]}}