{"id":306462,"date":"2023-06-08T08:13:22","date_gmt":"2023-06-08T11:13:22","guid":{"rendered":"https:\/\/www.notibras.com\/site\/?p=306462"},"modified":"2023-06-08T08:13:12","modified_gmt":"2023-06-08T11:13:12","slug":"ibama-deve-cuidar-da-amazonia-sem-fechar-os-olhos-ao-cerrado","status":"publish","type":"post","link":"https:\/\/www.notibras.com\/site\/ibama-deve-cuidar-da-amazonia-sem-fechar-os-olhos-ao-cerrado\/","title":{"rendered":"Ibama deve cuidar da Amaz\u00f4nia sem fechar os olhos ao Cerrado"},"content":{"rendered":"<p>A nova fronteira agr\u00edcola do pa\u00eds, na regi\u00e3o conhecida como Matopiba &#8211; acr\u00f4nimo que se refere aos estados do Maranh\u00e3o, Tocantins, Piau\u00ed e Bahia -, concentra a metade do desmatamento do Cerrado detectada pelos sat\u00e9lites do o Instituto Nacional de Pesquisas Espaciais (Inpe).<\/p>\n<p>Divulgados nesta quarta-feira (7), a partir do Sistema de Detec\u00e7\u00e3o do Desmatamento em Tempo Real (Deter), os n\u00fameros do desmatamento em todo o Cerrado mostram aumento de 35% de perda de vegeta\u00e7\u00e3o, entre janeiro e maio de 2023, na compara\u00e7\u00e3o com o mesmo per\u00edodo de 2022.<\/p>\n<p>Foram 3.532 quil\u00f4metros quadrados (km\u00b2) de \u00e1rea desmatada este ano, contra 2.612 km\u00b2 no ano passado. Na compara\u00e7\u00e3o com per\u00edodos anteriores, o desmatamento deste ano \u00e9 o pior pelo menos desde 2017. Quando se compara apenas o m\u00eas de maio, o aumento no desmatamento chegou a 83% no m\u00eas passado em rela\u00e7\u00e3o ao mesmo per\u00edodo de 2023.<\/p>\n<p>O sistema Deter \u00e9 um levantamento r\u00e1pido de alertas de evid\u00eancias de altera\u00e7\u00e3o da cobertura florestal de todo o pa\u00eds, feito pelo Inpe, como forma de orientar o trabalho de fiscaliza\u00e7\u00e3o ambiental. Ele n\u00e3o costuma ser usado para analisar per\u00edodos curtos, como comparativos m\u00eas a m\u00eas, por causa da alta volatilidade da cobertura de nuvens.<\/p>\n<p>Segundo informa\u00e7\u00f5es do Minist\u00e9rio do Meio Ambiente e Mudan\u00e7a do Clima (MMA), a maior parte do desmatamento, cerca de 77%, foi detectada em im\u00f3veis rurais com registro p\u00fablico no Cadastro Ambiental Rural (CAR), em que o governo consegue identificar o respons\u00e1vel pela \u00e1rea, seja um propriet\u00e1rio ou posseiro em processo de regulariza\u00e7\u00e3o fundi\u00e1ria. Outros 15,9% foram em assentamentos rurais e uma por\u00e7\u00e3o menor, de 4,2%, foram em \u00e1reas de preserva\u00e7\u00e3o ambiental.<\/p>\n<p>Em rela\u00e7\u00e3o aos munic\u00edpios que mais registraram desmatamento do Cerrado, despontam nas primeiras posi\u00e7\u00f5es S\u00e3o Desid\u00e9rio e Jaborandi, no Oeste da Bahia. Os dois juntos representam mais de 11% da \u00e1rea desmatada. A lista tamb\u00e9m inclui Balsas, no Maranh\u00e3o, e outras cidades baianas tamb\u00e9m conhecidas pelo crescimento do agroneg\u00f3cio: Barreiras e Cocos.<\/p>\n<p>Ao todo, dos munic\u00edpios com maiores desmatamentos de Cerrado este ano, 10 est\u00e3o na Bahia, cinco no Maranh\u00e3o, quatro no Piau\u00ed, tr\u00eas no Tocantins, um no Mato Grosso e um no Par\u00e1.<\/p>\n<p><strong>Desmatamentos autorizados<\/strong><br \/>\nApesar do aumento, o governo federal avalia que boa parte do desmatamento em regi\u00f5es do bioma teve autoriza\u00e7\u00e3o de \u00f3rg\u00e3os ambientais, mas os dados ainda precisar\u00e3o ser checados.<\/p>\n<p>&#8220;A nossa estimativa \u00e9 que mais da metade do desmatamento no Cerrado \u00e9 autorizado pelos \u00f3rg\u00e3os ambientais estaduais. Nosso grande desafio agora \u00e9 sincronizar essas informa\u00e7\u00f5es e dados para, realmente, identificar o que \u00e9 autorizado, de fato, para fazer uma fiscaliza\u00e7\u00e3o mais eficiente&#8221;, aponta o secret\u00e1rio de Controle do Desmatamento e Ordenamento Ambiental Territorial do MMA, Andr\u00e9 Lima.<\/p>\n<p>No Cerrado, a legisla\u00e7\u00e3o \u00e9 mais permissiva com o desmatamento para atividades agropecu\u00e1rias. Na parte do bioma que n\u00e3o est\u00e1 inserida em estados da Amaz\u00f4nia Legal, a reserva legal obrigat\u00f3ria \u00e9 de 35% da \u00e1rea. Nas demais regi\u00f5es, esse limite cai para 20%. Enquanto isso, na Amaz\u00f4nia, a \u00e1rea que pode ser desmatada com autoriza\u00e7\u00e3o \u00e9 de 20% do im\u00f3vel rural.<\/p>\n<p><strong>Verifica\u00e7\u00e3o<\/strong><br \/>\nAgora, o governo federal deve verificar a legalidade das autoriza\u00e7\u00f5es de supress\u00e3o vegetal nessas \u00e1reas, se h\u00e1 base legal ou n\u00e3o. &#8220;No Cerrado, \u00e9 muito mais f\u00e1cil voc\u00ea desmatar legalmente. Temos que aferir se a autoriza\u00e7\u00e3o foi dada dentro do que a lei estabelece&#8221;, explica o secret\u00e1rio-executivo do MMA, Jo\u00e3o Paulo Capobianco.<\/p>\n<p>Apesar disso, dados do Instituto Brasileiro do Meio Ambiente e Recursos Naturais Renov\u00e1veis (Ibama) mostram uma intensifica\u00e7\u00e3o na fiscaliza\u00e7\u00e3o nos \u00faltimos meses. Foram emitidas 298 multas e mais de 180 \u00e1reas, algumas com mais de 10 mil hectares, o equivalente a 10 mil campos de futebol, foram embargadas pelo \u00f3rg\u00e3o, com a suspens\u00e3o de atividades produtivas. O valor das multas, segundo o Ibama, cresceu 72% no mesmo per\u00edodo.<\/p>\n<p>Ainda este m\u00eas, o Minist\u00e9rio do Meio Ambiente e Mudan\u00e7a do Clima deve iniciar a atualiza\u00e7\u00e3o do Plano de Preven\u00e7\u00e3o e Controle do Desmatamento no Cerrado (PPCerrado). &#8220;O controle do Cerrado vai ser bastante intenso a partir de agora&#8221;, refor\u00e7a Andr\u00e9 Lima, secret\u00e1rio da pasta. No fim de junho, o governo deve realizar um semin\u00e1rio cient\u00edfico sobre como reduzir a perda florestal no bioma. Um dos desafios \u00e9 envolver os governos estaduais, al\u00e9m de diversos minist\u00e9rios, na elabora\u00e7\u00e3o de propostas que devem guiar o controle do desmatamento no Cerrado pelos pr\u00f3ximos anos.<\/p>\n","protected":false},"excerpt":{"rendered":"<p>A nova fronteira agr\u00edcola do pa\u00eds, na regi\u00e3o conhecida como Matopiba &#8211; acr\u00f4nimo que se refere aos estados do Maranh\u00e3o, Tocantins, Piau\u00ed e Bahia -, concentra a metade do desmatamento do Cerrado detectada pelos sat\u00e9lites do o Instituto Nacional de Pesquisas Espaciais (Inpe). Divulgados nesta quarta-feira (7), a partir do Sistema de Detec\u00e7\u00e3o do Desmatamento [&hellip;]<\/p>\n","protected":false},"author":2,"featured_media":306463,"comment_status":"closed","ping_status":"closed","sticky":false,"template":"","format":"standard","meta":{"_acf_changed":false,"footnotes":""},"categories":[161],"tags":[95],"class_list":["post-306462","post","type-post","status-publish","format-standard","has-post-thumbnail","hentry","category-quadradinho-em-foco","tag-capa"],"acf":[],"yoast_head":"<!-- This site is optimized with the Yoast SEO plugin v27.2 - https:\/\/yoast.com\/product\/yoast-seo-wordpress\/ -->\n<title>Ibama deve cuidar da Amaz\u00f4nia sem fechar os olhos ao Cerrado - Notibras<\/title>\n<meta name=\"robots\" content=\"index, follow, max-snippet:-1, max-image-preview:large, max-video-preview:-1\" \/>\n<link rel=\"canonical\" href=\"https:\/\/www.notibras.com\/site\/ibama-deve-cuidar-da-amazonia-sem-fechar-os-olhos-ao-cerrado\/\" \/>\n<meta property=\"og:locale\" content=\"pt_BR\" \/>\n<meta property=\"og:type\" content=\"article\" \/>\n<meta property=\"og:title\" content=\"Ibama deve cuidar da Amaz\u00f4nia sem fechar os olhos ao Cerrado - Notibras\" \/>\n<meta property=\"og:description\" content=\"A nova fronteira agr\u00edcola do pa\u00eds, na regi\u00e3o conhecida como Matopiba &#8211; acr\u00f4nimo que se refere aos estados do Maranh\u00e3o, Tocantins, Piau\u00ed e Bahia -, concentra a metade do desmatamento do Cerrado detectada pelos sat\u00e9lites do o Instituto Nacional de Pesquisas Espaciais (Inpe). Divulgados nesta quarta-feira (7), a partir do Sistema de Detec\u00e7\u00e3o do Desmatamento [&hellip;]\" \/>\n<meta property=\"og:url\" content=\"https:\/\/www.notibras.com\/site\/ibama-deve-cuidar-da-amazonia-sem-fechar-os-olhos-ao-cerrado\/\" \/>\n<meta property=\"og:site_name\" content=\"Notibras\" \/>\n<meta property=\"article:publisher\" content=\"https:\/\/www.facebook.com\/notibras\/\" \/>\n<meta property=\"article:published_time\" content=\"2023-06-08T11:13:22+00:00\" \/>\n<meta property=\"og:image\" content=\"https:\/\/www.notibras.com\/site\/wp-content\/uploads\/2023\/06\/seca_cerrado170920112013_0-1.jpg\" \/>\n\t<meta property=\"og:image:width\" content=\"1170\" \/>\n\t<meta property=\"og:image:height\" content=\"700\" \/>\n\t<meta property=\"og:image:type\" content=\"image\/jpeg\" \/>\n<meta name=\"author\" content=\"Reda\u00e7\u00e3o\" \/>\n<meta name=\"twitter:card\" content=\"summary_large_image\" \/>\n<meta name=\"twitter:creator\" content=\"@Notibras\" \/>\n<meta name=\"twitter:site\" content=\"@Notibras\" \/>\n<meta name=\"twitter:label1\" content=\"Escrito por\" \/>\n\t<meta name=\"twitter:data1\" content=\"Reda\u00e7\u00e3o\" \/>\n\t<meta name=\"twitter:label2\" content=\"Est. tempo de leitura\" \/>\n\t<meta name=\"twitter:data2\" content=\"4 minutos\" \/>\n<script type=\"application\/ld+json\" class=\"yoast-schema-graph\">{\"@context\":\"https:\/\/schema.org\",\"@graph\":[{\"@type\":\"Article\",\"@id\":\"https:\/\/www.notibras.com\/site\/ibama-deve-cuidar-da-amazonia-sem-fechar-os-olhos-ao-cerrado\/#article\",\"isPartOf\":{\"@id\":\"https:\/\/www.notibras.com\/site\/ibama-deve-cuidar-da-amazonia-sem-fechar-os-olhos-ao-cerrado\/\"},\"author\":{\"name\":\"Reda\u00e7\u00e3o\",\"@id\":\"https:\/\/www.notibras.com\/site\/#\/schema\/person\/36ab0979449956132d3e5b517ea76ac8\"},\"headline\":\"Ibama deve cuidar da Amaz\u00f4nia sem fechar os olhos ao Cerrado\",\"datePublished\":\"2023-06-08T11:13:22+00:00\",\"mainEntityOfPage\":{\"@id\":\"https:\/\/www.notibras.com\/site\/ibama-deve-cuidar-da-amazonia-sem-fechar-os-olhos-ao-cerrado\/\"},\"wordCount\":792,\"publisher\":{\"@id\":\"https:\/\/www.notibras.com\/site\/#organization\"},\"image\":{\"@id\":\"https:\/\/www.notibras.com\/site\/ibama-deve-cuidar-da-amazonia-sem-fechar-os-olhos-ao-cerrado\/#primaryimage\"},\"thumbnailUrl\":\"https:\/\/www.notibras.com\/site\/wp-content\/uploads\/2023\/06\/seca_cerrado170920112013_0-1.jpg\",\"keywords\":[\"capa\"],\"articleSection\":[\"Quadradinho em Foco\"],\"inLanguage\":\"pt-BR\"},{\"@type\":\"WebPage\",\"@id\":\"https:\/\/www.notibras.com\/site\/ibama-deve-cuidar-da-amazonia-sem-fechar-os-olhos-ao-cerrado\/\",\"url\":\"https:\/\/www.notibras.com\/site\/ibama-deve-cuidar-da-amazonia-sem-fechar-os-olhos-ao-cerrado\/\",\"name\":\"Ibama deve cuidar da Amaz\u00f4nia sem fechar os olhos ao Cerrado - Notibras\",\"isPartOf\":{\"@id\":\"https:\/\/www.notibras.com\/site\/#website\"},\"primaryImageOfPage\":{\"@id\":\"https:\/\/www.notibras.com\/site\/ibama-deve-cuidar-da-amazonia-sem-fechar-os-olhos-ao-cerrado\/#primaryimage\"},\"image\":{\"@id\":\"https:\/\/www.notibras.com\/site\/ibama-deve-cuidar-da-amazonia-sem-fechar-os-olhos-ao-cerrado\/#primaryimage\"},\"thumbnailUrl\":\"https:\/\/www.notibras.com\/site\/wp-content\/uploads\/2023\/06\/seca_cerrado170920112013_0-1.jpg\",\"datePublished\":\"2023-06-08T11:13:22+00:00\",\"breadcrumb\":{\"@id\":\"https:\/\/www.notibras.com\/site\/ibama-deve-cuidar-da-amazonia-sem-fechar-os-olhos-ao-cerrado\/#breadcrumb\"},\"inLanguage\":\"pt-BR\",\"potentialAction\":[{\"@type\":\"ReadAction\",\"target\":[\"https:\/\/www.notibras.com\/site\/ibama-deve-cuidar-da-amazonia-sem-fechar-os-olhos-ao-cerrado\/\"]}]},{\"@type\":\"ImageObject\",\"inLanguage\":\"pt-BR\",\"@id\":\"https:\/\/www.notibras.com\/site\/ibama-deve-cuidar-da-amazonia-sem-fechar-os-olhos-ao-cerrado\/#primaryimage\",\"url\":\"https:\/\/www.notibras.com\/site\/wp-content\/uploads\/2023\/06\/seca_cerrado170920112013_0-1.jpg\",\"contentUrl\":\"https:\/\/www.notibras.com\/site\/wp-content\/uploads\/2023\/06\/seca_cerrado170920112013_0-1.jpg\",\"width\":1170,\"height\":700,\"caption\":\"Seca, cerrado\"},{\"@type\":\"BreadcrumbList\",\"@id\":\"https:\/\/www.notibras.com\/site\/ibama-deve-cuidar-da-amazonia-sem-fechar-os-olhos-ao-cerrado\/#breadcrumb\",\"itemListElement\":[{\"@type\":\"ListItem\",\"position\":1,\"name\":\"In\u00edcio\",\"item\":\"https:\/\/www.notibras.com\/site\/\"},{\"@type\":\"ListItem\",\"position\":2,\"name\":\"Ibama deve cuidar da Amaz\u00f4nia sem fechar os olhos ao Cerrado\"}]},{\"@type\":\"WebSite\",\"@id\":\"https:\/\/www.notibras.com\/site\/#website\",\"url\":\"https:\/\/www.notibras.com\/site\/\",\"name\":\"Notibras\",\"description\":\"Not\u00edcias de Bras\u00edlia, do Brasil e do Mundo\",\"publisher\":{\"@id\":\"https:\/\/www.notibras.com\/site\/#organization\"},\"potentialAction\":[{\"@type\":\"SearchAction\",\"target\":{\"@type\":\"EntryPoint\",\"urlTemplate\":\"https:\/\/www.notibras.com\/site\/?s={search_term_string}\"},\"query-input\":{\"@type\":\"PropertyValueSpecification\",\"valueRequired\":true,\"valueName\":\"search_term_string\"}}],\"inLanguage\":\"pt-BR\"},{\"@type\":\"Organization\",\"@id\":\"https:\/\/www.notibras.com\/site\/#organization\",\"name\":\"Grupo Notibras de Comunica\u00e7\u00e3o\",\"url\":\"https:\/\/www.notibras.com\/site\/\",\"logo\":{\"@type\":\"ImageObject\",\"inLanguage\":\"pt-BR\",\"@id\":\"https:\/\/www.notibras.com\/site\/#\/schema\/logo\/image\/\",\"url\":\"https:\/\/www.notibras.com\/site\/wp-content\/uploads\/2023\/01\/notibras23.png\",\"contentUrl\":\"https:\/\/www.notibras.com\/site\/wp-content\/uploads\/2023\/01\/notibras23.png\",\"width\":350,\"height\":87,\"caption\":\"Grupo Notibras de Comunica\u00e7\u00e3o\"},\"image\":{\"@id\":\"https:\/\/www.notibras.com\/site\/#\/schema\/logo\/image\/\"},\"sameAs\":[\"https:\/\/www.facebook.com\/notibras\/\",\"https:\/\/x.com\/Notibras\",\"https:\/\/www.instagram.com\/notibras\/\"]},{\"@type\":\"Person\",\"@id\":\"https:\/\/www.notibras.com\/site\/#\/schema\/person\/36ab0979449956132d3e5b517ea76ac8\",\"name\":\"Reda\u00e7\u00e3o\",\"image\":{\"@type\":\"ImageObject\",\"inLanguage\":\"pt-BR\",\"@id\":\"https:\/\/secure.gravatar.com\/avatar\/e0a867bdedb85fd243eadf09663511f96fc81e0720a4a42581f334ad4303aa6b?s=96&d=mm&r=g\",\"url\":\"https:\/\/secure.gravatar.com\/avatar\/e0a867bdedb85fd243eadf09663511f96fc81e0720a4a42581f334ad4303aa6b?s=96&d=mm&r=g\",\"contentUrl\":\"https:\/\/secure.gravatar.com\/avatar\/e0a867bdedb85fd243eadf09663511f96fc81e0720a4a42581f334ad4303aa6b?s=96&d=mm&r=g\",\"caption\":\"Reda\u00e7\u00e3o\"}}]}<\/script>\n<!-- \/ Yoast SEO plugin. -->","yoast_head_json":{"title":"Ibama deve cuidar da Amaz\u00f4nia sem fechar os olhos ao Cerrado - Notibras","robots":{"index":"index","follow":"follow","max-snippet":"max-snippet:-1","max-image-preview":"max-image-preview:large","max-video-preview":"max-video-preview:-1"},"canonical":"https:\/\/www.notibras.com\/site\/ibama-deve-cuidar-da-amazonia-sem-fechar-os-olhos-ao-cerrado\/","og_locale":"pt_BR","og_type":"article","og_title":"Ibama deve cuidar da Amaz\u00f4nia sem fechar os olhos ao Cerrado - Notibras","og_description":"A nova fronteira agr\u00edcola do pa\u00eds, na regi\u00e3o conhecida como Matopiba &#8211; acr\u00f4nimo que se refere aos estados do Maranh\u00e3o, Tocantins, Piau\u00ed e Bahia -, concentra a metade do desmatamento do Cerrado detectada pelos sat\u00e9lites do o Instituto Nacional de Pesquisas Espaciais (Inpe). Divulgados nesta quarta-feira (7), a partir do Sistema de Detec\u00e7\u00e3o do Desmatamento [&hellip;]","og_url":"https:\/\/www.notibras.com\/site\/ibama-deve-cuidar-da-amazonia-sem-fechar-os-olhos-ao-cerrado\/","og_site_name":"Notibras","article_publisher":"https:\/\/www.facebook.com\/notibras\/","article_published_time":"2023-06-08T11:13:22+00:00","og_image":[{"width":1170,"height":700,"url":"https:\/\/www.notibras.com\/site\/wp-content\/uploads\/2023\/06\/seca_cerrado170920112013_0-1.jpg","type":"image\/jpeg"}],"author":"Reda\u00e7\u00e3o","twitter_card":"summary_large_image","twitter_creator":"@Notibras","twitter_site":"@Notibras","twitter_misc":{"Escrito por":"Reda\u00e7\u00e3o","Est. tempo de leitura":"4 minutos"},"schema":{"@context":"https:\/\/schema.org","@graph":[{"@type":"Article","@id":"https:\/\/www.notibras.com\/site\/ibama-deve-cuidar-da-amazonia-sem-fechar-os-olhos-ao-cerrado\/#article","isPartOf":{"@id":"https:\/\/www.notibras.com\/site\/ibama-deve-cuidar-da-amazonia-sem-fechar-os-olhos-ao-cerrado\/"},"author":{"name":"Reda\u00e7\u00e3o","@id":"https:\/\/www.notibras.com\/site\/#\/schema\/person\/36ab0979449956132d3e5b517ea76ac8"},"headline":"Ibama deve cuidar da Amaz\u00f4nia sem fechar os olhos ao Cerrado","datePublished":"2023-06-08T11:13:22+00:00","mainEntityOfPage":{"@id":"https:\/\/www.notibras.com\/site\/ibama-deve-cuidar-da-amazonia-sem-fechar-os-olhos-ao-cerrado\/"},"wordCount":792,"publisher":{"@id":"https:\/\/www.notibras.com\/site\/#organization"},"image":{"@id":"https:\/\/www.notibras.com\/site\/ibama-deve-cuidar-da-amazonia-sem-fechar-os-olhos-ao-cerrado\/#primaryimage"},"thumbnailUrl":"https:\/\/www.notibras.com\/site\/wp-content\/uploads\/2023\/06\/seca_cerrado170920112013_0-1.jpg","keywords":["capa"],"articleSection":["Quadradinho em Foco"],"inLanguage":"pt-BR"},{"@type":"WebPage","@id":"https:\/\/www.notibras.com\/site\/ibama-deve-cuidar-da-amazonia-sem-fechar-os-olhos-ao-cerrado\/","url":"https:\/\/www.notibras.com\/site\/ibama-deve-cuidar-da-amazonia-sem-fechar-os-olhos-ao-cerrado\/","name":"Ibama deve cuidar da Amaz\u00f4nia sem fechar os olhos ao Cerrado - Notibras","isPartOf":{"@id":"https:\/\/www.notibras.com\/site\/#website"},"primaryImageOfPage":{"@id":"https:\/\/www.notibras.com\/site\/ibama-deve-cuidar-da-amazonia-sem-fechar-os-olhos-ao-cerrado\/#primaryimage"},"image":{"@id":"https:\/\/www.notibras.com\/site\/ibama-deve-cuidar-da-amazonia-sem-fechar-os-olhos-ao-cerrado\/#primaryimage"},"thumbnailUrl":"https:\/\/www.notibras.com\/site\/wp-content\/uploads\/2023\/06\/seca_cerrado170920112013_0-1.jpg","datePublished":"2023-06-08T11:13:22+00:00","breadcrumb":{"@id":"https:\/\/www.notibras.com\/site\/ibama-deve-cuidar-da-amazonia-sem-fechar-os-olhos-ao-cerrado\/#breadcrumb"},"inLanguage":"pt-BR","potentialAction":[{"@type":"ReadAction","target":["https:\/\/www.notibras.com\/site\/ibama-deve-cuidar-da-amazonia-sem-fechar-os-olhos-ao-cerrado\/"]}]},{"@type":"ImageObject","inLanguage":"pt-BR","@id":"https:\/\/www.notibras.com\/site\/ibama-deve-cuidar-da-amazonia-sem-fechar-os-olhos-ao-cerrado\/#primaryimage","url":"https:\/\/www.notibras.com\/site\/wp-content\/uploads\/2023\/06\/seca_cerrado170920112013_0-1.jpg","contentUrl":"https:\/\/www.notibras.com\/site\/wp-content\/uploads\/2023\/06\/seca_cerrado170920112013_0-1.jpg","width":1170,"height":700,"caption":"Seca, cerrado"},{"@type":"BreadcrumbList","@id":"https:\/\/www.notibras.com\/site\/ibama-deve-cuidar-da-amazonia-sem-fechar-os-olhos-ao-cerrado\/#breadcrumb","itemListElement":[{"@type":"ListItem","position":1,"name":"In\u00edcio","item":"https:\/\/www.notibras.com\/site\/"},{"@type":"ListItem","position":2,"name":"Ibama deve cuidar da Amaz\u00f4nia sem fechar os olhos ao Cerrado"}]},{"@type":"WebSite","@id":"https:\/\/www.notibras.com\/site\/#website","url":"https:\/\/www.notibras.com\/site\/","name":"Notibras","description":"Not\u00edcias de Bras\u00edlia, do Brasil e do Mundo","publisher":{"@id":"https:\/\/www.notibras.com\/site\/#organization"},"potentialAction":[{"@type":"SearchAction","target":{"@type":"EntryPoint","urlTemplate":"https:\/\/www.notibras.com\/site\/?s={search_term_string}"},"query-input":{"@type":"PropertyValueSpecification","valueRequired":true,"valueName":"search_term_string"}}],"inLanguage":"pt-BR"},{"@type":"Organization","@id":"https:\/\/www.notibras.com\/site\/#organization","name":"Grupo Notibras de Comunica\u00e7\u00e3o","url":"https:\/\/www.notibras.com\/site\/","logo":{"@type":"ImageObject","inLanguage":"pt-BR","@id":"https:\/\/www.notibras.com\/site\/#\/schema\/logo\/image\/","url":"https:\/\/www.notibras.com\/site\/wp-content\/uploads\/2023\/01\/notibras23.png","contentUrl":"https:\/\/www.notibras.com\/site\/wp-content\/uploads\/2023\/01\/notibras23.png","width":350,"height":87,"caption":"Grupo Notibras de Comunica\u00e7\u00e3o"},"image":{"@id":"https:\/\/www.notibras.com\/site\/#\/schema\/logo\/image\/"},"sameAs":["https:\/\/www.facebook.com\/notibras\/","https:\/\/x.com\/Notibras","https:\/\/www.instagram.com\/notibras\/"]},{"@type":"Person","@id":"https:\/\/www.notibras.com\/site\/#\/schema\/person\/36ab0979449956132d3e5b517ea76ac8","name":"Reda\u00e7\u00e3o","image":{"@type":"ImageObject","inLanguage":"pt-BR","@id":"https:\/\/secure.gravatar.com\/avatar\/e0a867bdedb85fd243eadf09663511f96fc81e0720a4a42581f334ad4303aa6b?s=96&d=mm&r=g","url":"https:\/\/secure.gravatar.com\/avatar\/e0a867bdedb85fd243eadf09663511f96fc81e0720a4a42581f334ad4303aa6b?s=96&d=mm&r=g","contentUrl":"https:\/\/secure.gravatar.com\/avatar\/e0a867bdedb85fd243eadf09663511f96fc81e0720a4a42581f334ad4303aa6b?s=96&d=mm&r=g","caption":"Reda\u00e7\u00e3o"}}]}},"amp_enabled":true,"_links":{"self":[{"href":"https:\/\/www.notibras.com\/site\/wp-json\/wp\/v2\/posts\/306462","targetHints":{"allow":["GET"]}}],"collection":[{"href":"https:\/\/www.notibras.com\/site\/wp-json\/wp\/v2\/posts"}],"about":[{"href":"https:\/\/www.notibras.com\/site\/wp-json\/wp\/v2\/types\/post"}],"author":[{"embeddable":true,"href":"https:\/\/www.notibras.com\/site\/wp-json\/wp\/v2\/users\/2"}],"replies":[{"embeddable":true,"href":"https:\/\/www.notibras.com\/site\/wp-json\/wp\/v2\/comments?post=306462"}],"version-history":[{"count":6,"href":"https:\/\/www.notibras.com\/site\/wp-json\/wp\/v2\/posts\/306462\/revisions"}],"predecessor-version":[{"id":306469,"href":"https:\/\/www.notibras.com\/site\/wp-json\/wp\/v2\/posts\/306462\/revisions\/306469"}],"wp:featuredmedia":[{"embeddable":true,"href":"https:\/\/www.notibras.com\/site\/wp-json\/wp\/v2\/media\/306463"}],"wp:attachment":[{"href":"https:\/\/www.notibras.com\/site\/wp-json\/wp\/v2\/media?parent=306462"}],"wp:term":[{"taxonomy":"category","embeddable":true,"href":"https:\/\/www.notibras.com\/site\/wp-json\/wp\/v2\/categories?post=306462"},{"taxonomy":"post_tag","embeddable":true,"href":"https:\/\/www.notibras.com\/site\/wp-json\/wp\/v2\/tags?post=306462"}],"curies":[{"name":"wp","href":"https:\/\/api.w.org\/{rel}","templated":true}]}}