{"id":306492,"date":"2023-06-08T08:07:24","date_gmt":"2023-06-08T11:07:24","guid":{"rendered":"https:\/\/www.notibras.com\/site\/?p=306492"},"modified":"2023-06-08T09:28:20","modified_gmt":"2023-06-08T12:28:20","slug":"desenrola-pode-reduzir-inadimplencia-em-ate-40","status":"publish","type":"post","link":"https:\/\/www.notibras.com\/site\/desenrola-pode-reduzir-inadimplencia-em-ate-40\/","title":{"rendered":"Desenrola pode reduzir inadimpl\u00eancia em at\u00e9 40%"},"content":{"rendered":"<p>M\u00e1rcia Ribeiro n\u00e3o v\u00ea a hora de conseguir limpar seu nome. A auxiliar de servi\u00e7os gerais de 55 anos tem d\u00edvidas com cart\u00e3o de cr\u00e9dito e com credi\u00e1rios em lojas h\u00e1 v\u00e1rios anos e, com o nome negativado em cadastros de inadimpl\u00eancia, n\u00e3o consegue comprar v\u00e1rios itens necess\u00e1rios para a sua casa.<\/p>\n<p>\u201c\u00c9 muito ruim a pessoa querer comprar uma coisa e n\u00e3o poder porque est\u00e1 com um d\u00e9bito atrasado. Queria comprar umas coisas para a minha casa, que fazem falta e eu n\u00e3o posso comprar por causa dessas d\u00edvidas: um arm\u00e1rio, um fog\u00e3o. Agora, eu fiz uma d\u00edvida com uma televis\u00e3o e um guarda-roupas, mas foi no cart\u00e3o do meu irm\u00e3o. Se eu tivesse pago minhas contas, eu teria comprado no meu cart\u00e3o\u201d, revela.<\/p>\n<p>M\u00e1rcia espera poder participar do Desenrola Brasil, o Programa Emergencial de Renegocia\u00e7\u00e3o de D\u00edvidas de Pessoas F\u00edsicas Inadimplentes, lan\u00e7ado nessa ter\u00e7a-feira (6) pelo governo federal, em Bras\u00edlia. \u201cVai ser um adianto pra mim, porque eu vou liquidar minhas d\u00edvidas e vou poder comprar minhas coisas que estou querendo comprar pra minha casa\u201d, conta.<\/p>\n<p>A Medida Provis\u00f3ria (MP) 1.176\/2023, que institui o programa, foi publicada no Di\u00e1rio Oficial de ter\u00e7a-feira (6) e tem efeitos imediatos. Mas, para se tornar lei, precisar\u00e1 ser votada e aprovada pelo Congresso Nacional em at\u00e9 90 dias.<\/p>\n<p>O Desenrola Brasil pretende juntar devedores e credores a fim de que a d\u00edvida possa ser renegociada e a situa\u00e7\u00e3o de inadimpl\u00eancia encerrada. Ser\u00e3o duas faixas. Na primeira, pessoas que ganham at\u00e9 dois sal\u00e1rios m\u00ednimos ou quem esteja inscrito no Cadastro \u00danico (Cad\u00danico) do governo federal \u2013 e que foram negativas at\u00e9 31 de dezembro de 2022 &#8211; poder\u00e3o saldar suas d\u00edvidas de at\u00e9 R$ 5 mil.<\/p>\n<p><strong>Prazo<\/strong><br \/>\nO pagamento poder\u00e1 ser \u00e0 vista ou parcelado em at\u00e9 60 meses, com desconto e juros mais baixos. O dinheiro para pagar as d\u00edvidas pode ser obtido atrav\u00e9s de empr\u00e9stimo com uma institui\u00e7\u00e3o financeira, o qual poder\u00e1 ser garantido pelo Fundo de Garantia de Opera\u00e7\u00f5es (FGO), do governo federal.<\/p>\n<p>A segunda faixa, segundo o Minist\u00e9rio da Fazenda, \u00e9 destinada somente a pessoas com d\u00edvidas no banco, que poder\u00e1 oferecer a seus clientes a possibilidade de renegocia\u00e7\u00e3o de forma direta. Essas opera\u00e7\u00f5es n\u00e3o ter\u00e3o a garantia do Fundo FGO.<\/p>\n<p>Segundo o Minist\u00e9rio da Fazenda, o programa funcionar\u00e1 atrav\u00e9s de um leil\u00e3o reverso entre credores, organizado por categoria de cr\u00e9dito, onde quem oferecer mais desconto ser\u00e1 contemplado no programa, apresentar\u00e1 a d\u00edvida com desconto para renegociar com as pessoas f\u00edsicas e contar\u00e1 com a garantia de que sua d\u00edvida ser\u00e1 saldada.<\/p>\n<p>J\u00e1 aqueles que oferecerem menos desconto ficar\u00e3o de fora do programa. Por isso, \u00e9 poss\u00edvel que o devedor n\u00e3o encontre todas suas d\u00edvidas para renegociar no Desenrola.<\/p>\n<p><strong>Especialistas<\/strong><br \/>\nO diretor de Diretor de Rela\u00e7\u00f5es Institucionais da Associa\u00e7\u00e3o Brasileira de Defesa do Consumidor (Proteste), Henrique Lian, considera o programa \u201cde extrema relev\u00e2ncia no atual contexto de superendividamento de expressiva parcela da popula\u00e7\u00e3o brasileira\u201d.<\/p>\n<p>Para a economista Carla Beni, da Funda\u00e7\u00e3o Getulio Vargas (FGV), a medida \u00e9 importante para que as pessoas com renda mais baixa possam \u201cvoltar a respirar e at\u00e9 poder voltar a consumir&#8221;. &#8220;A inadimpl\u00eancia dificulta muito a vida da pessoa, inclusive afeta at\u00e9 a sa\u00fade mental\u201d, afirma.<\/p>\n<p>Ela acredita que o programa poder\u00e1 reduzir em at\u00e9 40% a inadimpl\u00eancia no pa\u00eds, que hoje atinge 66,08 milh\u00f5es de pessoas, ou 40,6% dos brasileiros adultos, segundo dados divulgados em maio pela Confedera\u00e7\u00e3o Nacional de Dirigentes Lojistas (CNDL) e pelo Servi\u00e7o de Prote\u00e7\u00e3o ao Cr\u00e9dito (SPC Brasil). Carla destaca, no entanto, que ser\u00e1 importante pensar em campanhas para garantir a ades\u00e3o dos devedores ao programa.<\/p>\n<p>\u201cVai precisar de orienta\u00e7\u00e3o e muita campanha de divulga\u00e7\u00e3o, porque voc\u00ea precisar\u00e1 de um celular e tudo vai ser feito online. \u00c9 preciso aguardar os pr\u00f3ximos passos para ver como vai ser feita a utiliza\u00e7\u00e3o do aplicativo, como isso vai ser inserido na plataforma e como vai ser a facilidade da ades\u00e3o. Como temos uma experi\u00eancia com o Pix e o Brasil teve uma ades\u00e3o espetacular, acredito que a gente tenha n\u00e3o s\u00f3 uma condi\u00e7\u00e3o t\u00e9cnica e tecnol\u00f3gica, como a ades\u00e3o da pr\u00f3pria popula\u00e7\u00e3o [ao novo programa]. Ela j\u00e1 est\u00e1 acostumada a usar o celular\u201d, salienta.<\/p>\n<p><strong>Consumo<\/strong><br \/>\nIzis Ferreira, economista da Confedera\u00e7\u00e3o Nacional do Com\u00e9rcio de Bens, Servi\u00e7os e Turismo (CNC), acredita que o programa poder\u00e1 dar um impulso no consumo das fam\u00edlias brasileiras.<\/p>\n<p>\u201cO cr\u00e9dito funciona hoje como importante condicionante do consumo, n\u00e3o s\u00f3 de produtos que precisam de prazo para pagamento, de maior valor agregado, mas at\u00e9 produtos do dia a dia e servi\u00e7os que s\u00e3o consumidos de forma imediata. Ent\u00e3o, o cr\u00e9dito hoje \u00e9 um suporte para o consumo de produtos de primeira necessidade e de maior valor agregado\u201d, destaca.<\/p>\n<p>Por meio de nota, a Federa\u00e7\u00e3o Brasileira dos Bancos (Febraban) informou que o programa est\u00e1 em linha com as tratativas feitas nos \u00faltimos meses entre a institui\u00e7\u00e3o e o governo federal.<\/p>\n<p>\u201cQuando entrar em opera\u00e7\u00e3o, os bancos dar\u00e3o sua contribui\u00e7\u00e3o para que o Desenrola reduza o n\u00famero de consumidores negativados e ajude milh\u00f5es de cidad\u00e3os a diminu\u00edrem suas d\u00edvidas\u201d, diz nota da Febraban.<\/p>\n<p>Na avalia\u00e7\u00e3o de Ione Amorim, coordenadora de Servi\u00e7os Financeiros do Instituto Brasileiro de Defesa do Consumidor (Idec), a urg\u00eancia com que o Desenrola Brasil foi lan\u00e7ado \u00e9 importante, mas faltou um pouco mais de di\u00e1logo com a sociedade civil. E, por isso, h\u00e1 algumas d\u00favidas sobre o programa.<\/p>\n<p>Ela questiona, por exemplo, como consumidor que recorrer ao Desenrola Brasil ser\u00e1 tratado pela institui\u00e7\u00e3o financeira no futuro. \u201cHoje, quando a gente tem um desconto muito grande [num banco], esse consumidor fica com uma restri\u00e7\u00e3o l\u00e1 dentro daquela institui\u00e7\u00e3o, se ele vai tentar de novo um cr\u00e9dito\u201d, opina.<\/p>\n<p>Al\u00e9m disso, Ione chama a aten\u00e7\u00e3o para as d\u00edvidas que j\u00e1 est\u00e3o prescritas e que nem deveriam mais ser cobradas, mas que poder\u00e3o entrar no Desenrola. \u201cQuem far\u00e1 essa an\u00e1lise?\u201d, questiona.<\/p>\n<p><strong>Descontos<\/strong><br \/>\nOutro ponto destacado por ela \u00e9 sobre o valor dos descontos. \u201cEssa popula\u00e7\u00e3o de baixa renda \u00e9 extremamente assediada por empresas que oferecem cr\u00e9dito extremamente predat\u00f3rios [com taxas de juros muito altas]. Ent\u00e3o, qual o valor desses contratos que ser\u00e3o objeto desse acordo? O valor integral j\u00e1 incluindo as taxas de juros abusivas? Quando voc\u00ea fala do desconto, e n\u00e3o tem par\u00e2metro, qual \u00e9 o referencial?\u201d, pergunta.<\/p>\n<p>Para al\u00e9m do programa, uma causa de preocupa\u00e7\u00e3o para Ione refere-se a futuras d\u00edvidas que podem voltar a envolver o consumidor depois que o programa for encerrado, em dezembro deste ano.<\/p>\n<p>\u201cEsse consumidor, sem nenhum preparo, que foi assediado [para contrair o cr\u00e9dito], continua ref\u00e9m dos mesmos tipos de abordagem. \u00c9 muito prov\u00e1vel que parte desse p\u00fablico, at\u00e9 chegar dezembro, que \u00e9 o limite desse programa, ele estar\u00e1 de novo com uma s\u00e9rie de d\u00edvidas. Uma parcela muito grande desse segmento, que ganha at\u00e9 dois sal\u00e1rios m\u00ednimos, \u00e9 de aposentados e pensionistas, que s\u00e3o muito expostos \u00e0 quest\u00e3o do cr\u00e9dito consignado\u201d, alerta Ione.<\/p>\n<p>Ione disse esperar que a regulamenta\u00e7\u00e3o a ser feita pelo Minist\u00e9rio da Fazenda e a aprecia\u00e7\u00e3o da mat\u00e9ria pelo Congresso Nacional abram espa\u00e7o para mais di\u00e1logo com as entidades de defesa do consumidor.<\/p>\n<p>Henrique Lian, da Proteste, disse acreditar que o programa poder\u00e1 ser, futuramente, complementado \u201ccom a\u00e7\u00f5es de natureza regulat\u00f3ria e educativa com vistas \u00e0 preven\u00e7\u00e3o da insolv\u00eancia recorrente.\u201d<\/p>\n<p>A preocupa\u00e7\u00e3o \u00e9 a mesma de Izis Ferreira. Para ela, caso n\u00e3o haja um programa de educa\u00e7\u00e3o financeira para as fam\u00edlias, h\u00e1 o risco de a inadimpl\u00eancia continuar sendo um problema c\u00edclico no pa\u00eds, com per\u00edodos de melhora e outros de piora.<\/p>\n<p>Segundo a CNC, em maio deste ano, a quantidade de pessoas com d\u00edvidas h\u00e1 mais de 90 dias representou 45,7% dos inadimplentes. Essa \u00e9 a maior taxa para um m\u00eas em tr\u00eas anos e vem crescendo desde dezembro de 2022 (43,9%).<\/p>\n<p>\u201cO cr\u00e9dito ganhou relev\u00e2ncia no p\u00f3s-pandemia como condicionante do consumo. As pessoas est\u00e3o concentrando muito gasto no cart\u00e3o de cr\u00e9dito. Diante desse contexto, a preocupa\u00e7\u00e3o que a gente tem que ter \u00e9: a gente vai resgatar esse consumidor da inadimpl\u00eancia, mas depois ser\u00e1 que ele vai entender que precisa ter um pouco mais de cautela, programa\u00e7\u00e3o e planejamento ao usar o cr\u00e9dito? Ao mesmo tempo que o credor faz a renegocia\u00e7\u00e3o, ele tem que, forma intensiva, estimular a conscientiza\u00e7\u00e3o financeira desse consumidor. Sen\u00e3o, a gente vai continuar vendo esse ciclo de inadimpl\u00eancia\u201d, afirma a economista.<\/p>\n<p>Antes da edi\u00e7\u00e3o da MP do Desenrola Brasil, a CNC estimava que o percentual de fam\u00edlias com d\u00edvida h\u00e1 mais de 90 dias s\u00f3 cairia no final do dia, fechando 2023 em 44,5%. Com o lan\u00e7amento do programa, no entanto, a confedera\u00e7\u00e3o far\u00e1 uma nova previs\u00e3o.<\/p>\n<p><strong>Inadimpl\u00eancia<\/strong><br \/>\nSegundo Izis Ferreira, apesar de o programa ser focado mais no p\u00fablico de renda mais baixa, a inadimpl\u00eancia tem crescido tamb\u00e9m na classe m\u00e9dia. Por isso, para ela seria importante estimular a renegocia\u00e7\u00e3o de d\u00edvidas tamb\u00e9m para essa faixa de renda.<\/p>\n<p>Para aqueles que t\u00eam dificuldade em manter o or\u00e7amento sob controle, a economista Carla Beni tem duas dicas: a primeira \u00e9 conversar com todos os membros da fam\u00edlia para que se entenda at\u00e9 quanto pode ser gasto sem comprometer a renda. A segunda \u00e9 anotar &#8211; numa planilha de computador ou mesmo numa folha de papel &#8211; todas as contas que precisam ser pagas.<\/p>\n<p>\u201cAs pessoas deveriam conversar mais dentro das fam\u00edlias sobre suas contas a pagar e suas d\u00edvidas\u201d, explica Carla. \u201cE tamb\u00e9m fazer uma lista das contas a pagar. Um simples papel com caneta ajuda muito a colocar &#8211; nos meses futuros &#8211; todas as contas que aquela fam\u00edlia tem para pagar que j\u00e1 est\u00e3o comprometidas. Isso pode at\u00e9 ser colocado na porta da geladeira. Isso ajuda com que a fam\u00edlia toda caminhe no mesmo sentido, porque a redu\u00e7\u00e3o das d\u00edvidas traz um al\u00edvio, um conforto e uma qualidade de vida para todos da casa\u201d.<\/p>\n<p>O ministro da Fazenda, Fernando Haddad, afirmou, na ter\u00e7a-feira (6), que o Desenrola ter\u00e1 um segmento de educa\u00e7\u00e3o financeira. Na segunda-feira (5), Haddad havia dito que o programa dever\u00e1 entrar em vigor em julho.<\/p>\n","protected":false},"excerpt":{"rendered":"<p>M\u00e1rcia Ribeiro n\u00e3o v\u00ea a hora de conseguir limpar seu nome. A auxiliar de servi\u00e7os gerais de 55 anos tem d\u00edvidas com cart\u00e3o de cr\u00e9dito e com credi\u00e1rios em lojas h\u00e1 v\u00e1rios anos e, com o nome negativado em cadastros de inadimpl\u00eancia, n\u00e3o consegue comprar v\u00e1rios itens necess\u00e1rios para a sua casa. \u201c\u00c9 muito ruim [&hellip;]<\/p>\n","protected":false},"author":2,"featured_media":306493,"comment_status":"closed","ping_status":"closed","sticky":false,"template":"","format":"standard","meta":{"_acf_changed":false,"footnotes":""},"categories":[161],"tags":[95],"class_list":["post-306492","post","type-post","status-publish","format-standard","has-post-thumbnail","hentry","category-quadradinho-em-foco","tag-capa"],"acf":[],"yoast_head":"<!-- This site is optimized with the Yoast SEO plugin v27.2 - https:\/\/yoast.com\/product\/yoast-seo-wordpress\/ -->\n<title>Desenrola pode reduzir inadimpl\u00eancia em at\u00e9 40% - Notibras<\/title>\n<meta name=\"robots\" content=\"index, follow, max-snippet:-1, max-image-preview:large, max-video-preview:-1\" \/>\n<link rel=\"canonical\" href=\"https:\/\/www.notibras.com\/site\/desenrola-pode-reduzir-inadimplencia-em-ate-40\/\" \/>\n<meta property=\"og:locale\" content=\"pt_BR\" \/>\n<meta property=\"og:type\" content=\"article\" \/>\n<meta property=\"og:title\" content=\"Desenrola pode reduzir inadimpl\u00eancia em at\u00e9 40% - Notibras\" \/>\n<meta property=\"og:description\" content=\"M\u00e1rcia Ribeiro n\u00e3o v\u00ea a hora de conseguir limpar seu nome. A auxiliar de servi\u00e7os gerais de 55 anos tem d\u00edvidas com cart\u00e3o de cr\u00e9dito e com credi\u00e1rios em lojas h\u00e1 v\u00e1rios anos e, com o nome negativado em cadastros de inadimpl\u00eancia, n\u00e3o consegue comprar v\u00e1rios itens necess\u00e1rios para a sua casa. \u201c\u00c9 muito ruim [&hellip;]\" \/>\n<meta property=\"og:url\" content=\"https:\/\/www.notibras.com\/site\/desenrola-pode-reduzir-inadimplencia-em-ate-40\/\" \/>\n<meta property=\"og:site_name\" content=\"Notibras\" \/>\n<meta property=\"article:publisher\" content=\"https:\/\/www.facebook.com\/notibras\/\" \/>\n<meta property=\"article:published_time\" content=\"2023-06-08T11:07:24+00:00\" \/>\n<meta property=\"article:modified_time\" content=\"2023-06-08T12:28:20+00:00\" \/>\n<meta property=\"og:image\" content=\"https:\/\/www.notibras.com\/site\/wp-content\/uploads\/2023\/06\/serasa_3009201987_0.jpg\" \/>\n\t<meta property=\"og:image:width\" content=\"770\" \/>\n\t<meta property=\"og:image:height\" content=\"513\" \/>\n\t<meta property=\"og:image:type\" content=\"image\/jpeg\" \/>\n<meta name=\"author\" content=\"Reda\u00e7\u00e3o\" \/>\n<meta name=\"twitter:card\" content=\"summary_large_image\" \/>\n<meta name=\"twitter:creator\" content=\"@Notibras\" \/>\n<meta name=\"twitter:site\" content=\"@Notibras\" \/>\n<meta name=\"twitter:label1\" content=\"Escrito por\" \/>\n\t<meta name=\"twitter:data1\" content=\"Reda\u00e7\u00e3o\" \/>\n\t<meta name=\"twitter:label2\" content=\"Est. tempo de leitura\" \/>\n\t<meta name=\"twitter:data2\" content=\"10 minutos\" \/>\n<script type=\"application\/ld+json\" class=\"yoast-schema-graph\">{\"@context\":\"https:\/\/schema.org\",\"@graph\":[{\"@type\":\"Article\",\"@id\":\"https:\/\/www.notibras.com\/site\/desenrola-pode-reduzir-inadimplencia-em-ate-40\/#article\",\"isPartOf\":{\"@id\":\"https:\/\/www.notibras.com\/site\/desenrola-pode-reduzir-inadimplencia-em-ate-40\/\"},\"author\":{\"name\":\"Reda\u00e7\u00e3o\",\"@id\":\"https:\/\/www.notibras.com\/site\/#\/schema\/person\/36ab0979449956132d3e5b517ea76ac8\"},\"headline\":\"Desenrola pode reduzir inadimpl\u00eancia em at\u00e9 40%\",\"datePublished\":\"2023-06-08T11:07:24+00:00\",\"dateModified\":\"2023-06-08T12:28:20+00:00\",\"mainEntityOfPage\":{\"@id\":\"https:\/\/www.notibras.com\/site\/desenrola-pode-reduzir-inadimplencia-em-ate-40\/\"},\"wordCount\":1836,\"publisher\":{\"@id\":\"https:\/\/www.notibras.com\/site\/#organization\"},\"image\":{\"@id\":\"https:\/\/www.notibras.com\/site\/desenrola-pode-reduzir-inadimplencia-em-ate-40\/#primaryimage\"},\"thumbnailUrl\":\"https:\/\/www.notibras.com\/site\/wp-content\/uploads\/2023\/06\/serasa_3009201987_0.jpg\",\"keywords\":[\"capa\"],\"articleSection\":[\"Quadradinho em Foco\"],\"inLanguage\":\"pt-BR\"},{\"@type\":\"WebPage\",\"@id\":\"https:\/\/www.notibras.com\/site\/desenrola-pode-reduzir-inadimplencia-em-ate-40\/\",\"url\":\"https:\/\/www.notibras.com\/site\/desenrola-pode-reduzir-inadimplencia-em-ate-40\/\",\"name\":\"Desenrola pode reduzir inadimpl\u00eancia em at\u00e9 40% - Notibras\",\"isPartOf\":{\"@id\":\"https:\/\/www.notibras.com\/site\/#website\"},\"primaryImageOfPage\":{\"@id\":\"https:\/\/www.notibras.com\/site\/desenrola-pode-reduzir-inadimplencia-em-ate-40\/#primaryimage\"},\"image\":{\"@id\":\"https:\/\/www.notibras.com\/site\/desenrola-pode-reduzir-inadimplencia-em-ate-40\/#primaryimage\"},\"thumbnailUrl\":\"https:\/\/www.notibras.com\/site\/wp-content\/uploads\/2023\/06\/serasa_3009201987_0.jpg\",\"datePublished\":\"2023-06-08T11:07:24+00:00\",\"dateModified\":\"2023-06-08T12:28:20+00:00\",\"breadcrumb\":{\"@id\":\"https:\/\/www.notibras.com\/site\/desenrola-pode-reduzir-inadimplencia-em-ate-40\/#breadcrumb\"},\"inLanguage\":\"pt-BR\",\"potentialAction\":[{\"@type\":\"ReadAction\",\"target\":[\"https:\/\/www.notibras.com\/site\/desenrola-pode-reduzir-inadimplencia-em-ate-40\/\"]}]},{\"@type\":\"ImageObject\",\"inLanguage\":\"pt-BR\",\"@id\":\"https:\/\/www.notibras.com\/site\/desenrola-pode-reduzir-inadimplencia-em-ate-40\/#primaryimage\",\"url\":\"https:\/\/www.notibras.com\/site\/wp-content\/uploads\/2023\/06\/serasa_3009201987_0.jpg\",\"contentUrl\":\"https:\/\/www.notibras.com\/site\/wp-content\/uploads\/2023\/06\/serasa_3009201987_0.jpg\",\"width\":770,\"height\":513,\"caption\":\"Fachada do Serasa na rua Ant\u00f4nio Carlos, Bela Vista, regi\u00e3o central.\"},{\"@type\":\"BreadcrumbList\",\"@id\":\"https:\/\/www.notibras.com\/site\/desenrola-pode-reduzir-inadimplencia-em-ate-40\/#breadcrumb\",\"itemListElement\":[{\"@type\":\"ListItem\",\"position\":1,\"name\":\"In\u00edcio\",\"item\":\"https:\/\/www.notibras.com\/site\/\"},{\"@type\":\"ListItem\",\"position\":2,\"name\":\"Desenrola pode reduzir inadimpl\u00eancia em at\u00e9 40%\"}]},{\"@type\":\"WebSite\",\"@id\":\"https:\/\/www.notibras.com\/site\/#website\",\"url\":\"https:\/\/www.notibras.com\/site\/\",\"name\":\"Notibras\",\"description\":\"Not\u00edcias de Bras\u00edlia, do Brasil e do Mundo\",\"publisher\":{\"@id\":\"https:\/\/www.notibras.com\/site\/#organization\"},\"potentialAction\":[{\"@type\":\"SearchAction\",\"target\":{\"@type\":\"EntryPoint\",\"urlTemplate\":\"https:\/\/www.notibras.com\/site\/?s={search_term_string}\"},\"query-input\":{\"@type\":\"PropertyValueSpecification\",\"valueRequired\":true,\"valueName\":\"search_term_string\"}}],\"inLanguage\":\"pt-BR\"},{\"@type\":\"Organization\",\"@id\":\"https:\/\/www.notibras.com\/site\/#organization\",\"name\":\"Grupo Notibras de Comunica\u00e7\u00e3o\",\"url\":\"https:\/\/www.notibras.com\/site\/\",\"logo\":{\"@type\":\"ImageObject\",\"inLanguage\":\"pt-BR\",\"@id\":\"https:\/\/www.notibras.com\/site\/#\/schema\/logo\/image\/\",\"url\":\"https:\/\/www.notibras.com\/site\/wp-content\/uploads\/2023\/01\/notibras23.png\",\"contentUrl\":\"https:\/\/www.notibras.com\/site\/wp-content\/uploads\/2023\/01\/notibras23.png\",\"width\":350,\"height\":87,\"caption\":\"Grupo Notibras de Comunica\u00e7\u00e3o\"},\"image\":{\"@id\":\"https:\/\/www.notibras.com\/site\/#\/schema\/logo\/image\/\"},\"sameAs\":[\"https:\/\/www.facebook.com\/notibras\/\",\"https:\/\/x.com\/Notibras\",\"https:\/\/www.instagram.com\/notibras\/\"]},{\"@type\":\"Person\",\"@id\":\"https:\/\/www.notibras.com\/site\/#\/schema\/person\/36ab0979449956132d3e5b517ea76ac8\",\"name\":\"Reda\u00e7\u00e3o\",\"image\":{\"@type\":\"ImageObject\",\"inLanguage\":\"pt-BR\",\"@id\":\"https:\/\/secure.gravatar.com\/avatar\/e0a867bdedb85fd243eadf09663511f96fc81e0720a4a42581f334ad4303aa6b?s=96&d=mm&r=g\",\"url\":\"https:\/\/secure.gravatar.com\/avatar\/e0a867bdedb85fd243eadf09663511f96fc81e0720a4a42581f334ad4303aa6b?s=96&d=mm&r=g\",\"contentUrl\":\"https:\/\/secure.gravatar.com\/avatar\/e0a867bdedb85fd243eadf09663511f96fc81e0720a4a42581f334ad4303aa6b?s=96&d=mm&r=g\",\"caption\":\"Reda\u00e7\u00e3o\"}}]}<\/script>\n<!-- \/ Yoast SEO plugin. -->","yoast_head_json":{"title":"Desenrola pode reduzir inadimpl\u00eancia em at\u00e9 40% - Notibras","robots":{"index":"index","follow":"follow","max-snippet":"max-snippet:-1","max-image-preview":"max-image-preview:large","max-video-preview":"max-video-preview:-1"},"canonical":"https:\/\/www.notibras.com\/site\/desenrola-pode-reduzir-inadimplencia-em-ate-40\/","og_locale":"pt_BR","og_type":"article","og_title":"Desenrola pode reduzir inadimpl\u00eancia em at\u00e9 40% - Notibras","og_description":"M\u00e1rcia Ribeiro n\u00e3o v\u00ea a hora de conseguir limpar seu nome. A auxiliar de servi\u00e7os gerais de 55 anos tem d\u00edvidas com cart\u00e3o de cr\u00e9dito e com credi\u00e1rios em lojas h\u00e1 v\u00e1rios anos e, com o nome negativado em cadastros de inadimpl\u00eancia, n\u00e3o consegue comprar v\u00e1rios itens necess\u00e1rios para a sua casa. \u201c\u00c9 muito ruim [&hellip;]","og_url":"https:\/\/www.notibras.com\/site\/desenrola-pode-reduzir-inadimplencia-em-ate-40\/","og_site_name":"Notibras","article_publisher":"https:\/\/www.facebook.com\/notibras\/","article_published_time":"2023-06-08T11:07:24+00:00","article_modified_time":"2023-06-08T12:28:20+00:00","og_image":[{"width":770,"height":513,"url":"https:\/\/www.notibras.com\/site\/wp-content\/uploads\/2023\/06\/serasa_3009201987_0.jpg","type":"image\/jpeg"}],"author":"Reda\u00e7\u00e3o","twitter_card":"summary_large_image","twitter_creator":"@Notibras","twitter_site":"@Notibras","twitter_misc":{"Escrito por":"Reda\u00e7\u00e3o","Est. tempo de leitura":"10 minutos"},"schema":{"@context":"https:\/\/schema.org","@graph":[{"@type":"Article","@id":"https:\/\/www.notibras.com\/site\/desenrola-pode-reduzir-inadimplencia-em-ate-40\/#article","isPartOf":{"@id":"https:\/\/www.notibras.com\/site\/desenrola-pode-reduzir-inadimplencia-em-ate-40\/"},"author":{"name":"Reda\u00e7\u00e3o","@id":"https:\/\/www.notibras.com\/site\/#\/schema\/person\/36ab0979449956132d3e5b517ea76ac8"},"headline":"Desenrola pode reduzir inadimpl\u00eancia em at\u00e9 40%","datePublished":"2023-06-08T11:07:24+00:00","dateModified":"2023-06-08T12:28:20+00:00","mainEntityOfPage":{"@id":"https:\/\/www.notibras.com\/site\/desenrola-pode-reduzir-inadimplencia-em-ate-40\/"},"wordCount":1836,"publisher":{"@id":"https:\/\/www.notibras.com\/site\/#organization"},"image":{"@id":"https:\/\/www.notibras.com\/site\/desenrola-pode-reduzir-inadimplencia-em-ate-40\/#primaryimage"},"thumbnailUrl":"https:\/\/www.notibras.com\/site\/wp-content\/uploads\/2023\/06\/serasa_3009201987_0.jpg","keywords":["capa"],"articleSection":["Quadradinho em Foco"],"inLanguage":"pt-BR"},{"@type":"WebPage","@id":"https:\/\/www.notibras.com\/site\/desenrola-pode-reduzir-inadimplencia-em-ate-40\/","url":"https:\/\/www.notibras.com\/site\/desenrola-pode-reduzir-inadimplencia-em-ate-40\/","name":"Desenrola pode reduzir inadimpl\u00eancia em at\u00e9 40% - Notibras","isPartOf":{"@id":"https:\/\/www.notibras.com\/site\/#website"},"primaryImageOfPage":{"@id":"https:\/\/www.notibras.com\/site\/desenrola-pode-reduzir-inadimplencia-em-ate-40\/#primaryimage"},"image":{"@id":"https:\/\/www.notibras.com\/site\/desenrola-pode-reduzir-inadimplencia-em-ate-40\/#primaryimage"},"thumbnailUrl":"https:\/\/www.notibras.com\/site\/wp-content\/uploads\/2023\/06\/serasa_3009201987_0.jpg","datePublished":"2023-06-08T11:07:24+00:00","dateModified":"2023-06-08T12:28:20+00:00","breadcrumb":{"@id":"https:\/\/www.notibras.com\/site\/desenrola-pode-reduzir-inadimplencia-em-ate-40\/#breadcrumb"},"inLanguage":"pt-BR","potentialAction":[{"@type":"ReadAction","target":["https:\/\/www.notibras.com\/site\/desenrola-pode-reduzir-inadimplencia-em-ate-40\/"]}]},{"@type":"ImageObject","inLanguage":"pt-BR","@id":"https:\/\/www.notibras.com\/site\/desenrola-pode-reduzir-inadimplencia-em-ate-40\/#primaryimage","url":"https:\/\/www.notibras.com\/site\/wp-content\/uploads\/2023\/06\/serasa_3009201987_0.jpg","contentUrl":"https:\/\/www.notibras.com\/site\/wp-content\/uploads\/2023\/06\/serasa_3009201987_0.jpg","width":770,"height":513,"caption":"Fachada do Serasa na rua Ant\u00f4nio Carlos, Bela Vista, regi\u00e3o central."},{"@type":"BreadcrumbList","@id":"https:\/\/www.notibras.com\/site\/desenrola-pode-reduzir-inadimplencia-em-ate-40\/#breadcrumb","itemListElement":[{"@type":"ListItem","position":1,"name":"In\u00edcio","item":"https:\/\/www.notibras.com\/site\/"},{"@type":"ListItem","position":2,"name":"Desenrola pode reduzir inadimpl\u00eancia em at\u00e9 40%"}]},{"@type":"WebSite","@id":"https:\/\/www.notibras.com\/site\/#website","url":"https:\/\/www.notibras.com\/site\/","name":"Notibras","description":"Not\u00edcias de Bras\u00edlia, do Brasil e do Mundo","publisher":{"@id":"https:\/\/www.notibras.com\/site\/#organization"},"potentialAction":[{"@type":"SearchAction","target":{"@type":"EntryPoint","urlTemplate":"https:\/\/www.notibras.com\/site\/?s={search_term_string}"},"query-input":{"@type":"PropertyValueSpecification","valueRequired":true,"valueName":"search_term_string"}}],"inLanguage":"pt-BR"},{"@type":"Organization","@id":"https:\/\/www.notibras.com\/site\/#organization","name":"Grupo Notibras de Comunica\u00e7\u00e3o","url":"https:\/\/www.notibras.com\/site\/","logo":{"@type":"ImageObject","inLanguage":"pt-BR","@id":"https:\/\/www.notibras.com\/site\/#\/schema\/logo\/image\/","url":"https:\/\/www.notibras.com\/site\/wp-content\/uploads\/2023\/01\/notibras23.png","contentUrl":"https:\/\/www.notibras.com\/site\/wp-content\/uploads\/2023\/01\/notibras23.png","width":350,"height":87,"caption":"Grupo Notibras de Comunica\u00e7\u00e3o"},"image":{"@id":"https:\/\/www.notibras.com\/site\/#\/schema\/logo\/image\/"},"sameAs":["https:\/\/www.facebook.com\/notibras\/","https:\/\/x.com\/Notibras","https:\/\/www.instagram.com\/notibras\/"]},{"@type":"Person","@id":"https:\/\/www.notibras.com\/site\/#\/schema\/person\/36ab0979449956132d3e5b517ea76ac8","name":"Reda\u00e7\u00e3o","image":{"@type":"ImageObject","inLanguage":"pt-BR","@id":"https:\/\/secure.gravatar.com\/avatar\/e0a867bdedb85fd243eadf09663511f96fc81e0720a4a42581f334ad4303aa6b?s=96&d=mm&r=g","url":"https:\/\/secure.gravatar.com\/avatar\/e0a867bdedb85fd243eadf09663511f96fc81e0720a4a42581f334ad4303aa6b?s=96&d=mm&r=g","contentUrl":"https:\/\/secure.gravatar.com\/avatar\/e0a867bdedb85fd243eadf09663511f96fc81e0720a4a42581f334ad4303aa6b?s=96&d=mm&r=g","caption":"Reda\u00e7\u00e3o"}}]}},"amp_enabled":true,"_links":{"self":[{"href":"https:\/\/www.notibras.com\/site\/wp-json\/wp\/v2\/posts\/306492","targetHints":{"allow":["GET"]}}],"collection":[{"href":"https:\/\/www.notibras.com\/site\/wp-json\/wp\/v2\/posts"}],"about":[{"href":"https:\/\/www.notibras.com\/site\/wp-json\/wp\/v2\/types\/post"}],"author":[{"embeddable":true,"href":"https:\/\/www.notibras.com\/site\/wp-json\/wp\/v2\/users\/2"}],"replies":[{"embeddable":true,"href":"https:\/\/www.notibras.com\/site\/wp-json\/wp\/v2\/comments?post=306492"}],"version-history":[{"count":1,"href":"https:\/\/www.notibras.com\/site\/wp-json\/wp\/v2\/posts\/306492\/revisions"}],"predecessor-version":[{"id":306494,"href":"https:\/\/www.notibras.com\/site\/wp-json\/wp\/v2\/posts\/306492\/revisions\/306494"}],"wp:featuredmedia":[{"embeddable":true,"href":"https:\/\/www.notibras.com\/site\/wp-json\/wp\/v2\/media\/306493"}],"wp:attachment":[{"href":"https:\/\/www.notibras.com\/site\/wp-json\/wp\/v2\/media?parent=306492"}],"wp:term":[{"taxonomy":"category","embeddable":true,"href":"https:\/\/www.notibras.com\/site\/wp-json\/wp\/v2\/categories?post=306492"},{"taxonomy":"post_tag","embeddable":true,"href":"https:\/\/www.notibras.com\/site\/wp-json\/wp\/v2\/tags?post=306492"}],"curies":[{"name":"wp","href":"https:\/\/api.w.org\/{rel}","templated":true}]}}