{"id":306503,"date":"2023-06-08T08:12:35","date_gmt":"2023-06-08T11:12:35","guid":{"rendered":"https:\/\/www.notibras.com\/site\/?p=306503"},"modified":"2023-06-08T08:46:31","modified_gmt":"2023-06-08T11:46:31","slug":"saiba-se-voce-tera-direito-a-remedio-de-graca","status":"publish","type":"post","link":"https:\/\/www.notibras.com\/site\/saiba-se-voce-tera-direito-a-remedio-de-graca\/","title":{"rendered":"Saiba se voc\u00ea ter\u00e1 direito a rem\u00e9dio de gra\u00e7a"},"content":{"rendered":"<p>O governo federal retomou nesta quarta-feira (7) o programa Farm\u00e1cia Popular do Brasil, com a proposta de expandir a oferta de medicamentos gratuitos e credenciar novas unidades em munic\u00edpios de maior vulnerabilidade. At\u00e9 o momento, eram disponibilizados medicamentos gratuitos para asma, hipertens\u00e3o e diabetes, enquanto os demais tratamentos eram oferecidos com pre\u00e7os mais baixos, no modelo de copagamento.<\/p>\n<p>Confira a seguir as principais mudan\u00e7as anunciadas:<\/p>\n<p><strong>Bolsa Fam\u00edlia<\/strong><br \/>\nA partir de agora, os 55 milh\u00f5es de brasileiros benefici\u00e1rios do programa Bolsa Fam\u00edlia poder\u00e3o retirar gratuitamente todos os 40 medicamentos dispon\u00edveis no rol do Farm\u00e1cia Popular. Para fazer a retirada, o usu\u00e1rio precisa procurar uma farm\u00e1cia credenciada e apresentar receita m\u00e9dica, documento de identidade e CPF. O reconhecimento do v\u00ednculo com o Bolsa Fam\u00edlia, de acordo com o Minist\u00e9rio da Sa\u00fade, ser\u00e1 feito automaticamente pelo sistema, n\u00e3o sendo necess\u00e1rio cadastro pr\u00e9vio.<\/p>\n<p><strong>Sa\u00fade da mulher<\/strong><br \/>\nOutra novidade anunciada pelo governo federal \u00e9 que, no novo formato do Farm\u00e1cia Popular, todas as mulheres podem retirar gratuitamente medicamentos indicados para o tratamento da osteoporose, al\u00e9m de contraceptivos. C\u00e1lculos do Minist\u00e9rio da Sa\u00fade apontam que cerca de 5 milh\u00f5es de mulheres em todo o pa\u00eds, que antes pagavam a metade do valor por esse tipo de medicamento, devem ser beneficiadas com a retirada dos produtos de gra\u00e7a.<\/p>\n<p><strong>Povos ind\u00edgenas<\/strong><br \/>\nO Farm\u00e1cia Popular tamb\u00e9m passa a atender a popula\u00e7\u00e3o ind\u00edgena. A proposta, de acordo com a pasta, \u00e9 ampliar e facilitar o acesso, de forma complementar, \u00e0 assist\u00eancia farmac\u00eautica b\u00e1sica oferecida atualmente nos distritos sanit\u00e1rios especiais ind\u00edgenas (DSEI). Com a a\u00e7\u00e3o, todos os 40 medicamentos do rol do programa passam a ser disponibilizados de forma gratuita para povos origin\u00e1rios.<\/p>\n<p>\u201cPara evitar o deslocamento, um representante da comunidade ser\u00e1 escolhido para retirar os medicamentos indicados. Assim, tamb\u00e9m n\u00e3o ser\u00e1 necess\u00e1rio ter um CPF para ser atendido pelo programa. Essa iniciativa entrar\u00e1 em pr\u00e1tica em um projeto piloto no territ\u00f3rio yanomami e, em seguida, expandida de forma gradual para as outras regi\u00f5es. As a\u00e7\u00f5es ser\u00e3o implementadas com a participa\u00e7\u00e3o dos conselhos distritais de sa\u00fade ind\u00edgena\u201d, informou o Minist\u00e9rio da Sa\u00fade.<\/p>\n<p><strong>Demais p\u00fablicos<\/strong><br \/>\nOs medicamentos para asma, hipertens\u00e3o e diabetes que integram o rol do Farm\u00e1cia Popular seguem gratuitos para todos os p\u00fablicos.<\/p>\n<p>Novos credenciamentos<br \/>\nA pasta retomou ainda novas habilita\u00e7\u00f5es, priorizando munic\u00edpios de maior vulnerabilidade que aderiram ao programa Mais M\u00e9dicos. Ao todo, 811 cidades poder\u00e3o solicitar credenciamento de unidades em todas as regi\u00f5es do pa\u00eds, sendo 94,4% delas no Norte e Nordeste.<\/p>\n<p>Com as novas habilita\u00e7\u00f5es, a expectativa \u00e9 que, at\u00e9 o fim do ano, o Farm\u00e1cia Popular passe a ter unidades em 5.207 munic\u00edpios, o equivalente a 93% do territ\u00f3rio nacional.<\/p>\n","protected":false},"excerpt":{"rendered":"<p>O governo federal retomou nesta quarta-feira (7) o programa Farm\u00e1cia Popular do Brasil, com a proposta de expandir a oferta de medicamentos gratuitos e credenciar novas unidades em munic\u00edpios de maior vulnerabilidade. At\u00e9 o momento, eram disponibilizados medicamentos gratuitos para asma, hipertens\u00e3o e diabetes, enquanto os demais tratamentos eram oferecidos com pre\u00e7os mais baixos, no [&hellip;]<\/p>\n","protected":false},"author":2,"featured_media":306504,"comment_status":"closed","ping_status":"closed","sticky":false,"template":"","format":"standard","meta":{"_acf_changed":false,"footnotes":""},"categories":[161],"tags":[95],"class_list":["post-306503","post","type-post","status-publish","format-standard","has-post-thumbnail","hentry","category-quadradinho-em-foco","tag-capa"],"acf":[],"yoast_head":"<!-- This site is optimized with the Yoast SEO plugin v27.2 - https:\/\/yoast.com\/product\/yoast-seo-wordpress\/ -->\n<title>Saiba se voc\u00ea ter\u00e1 direito a rem\u00e9dio de gra\u00e7a - Notibras<\/title>\n<meta name=\"robots\" content=\"index, follow, max-snippet:-1, max-image-preview:large, max-video-preview:-1\" \/>\n<link rel=\"canonical\" href=\"https:\/\/www.notibras.com\/site\/saiba-se-voce-tera-direito-a-remedio-de-graca\/\" \/>\n<meta property=\"og:locale\" content=\"pt_BR\" \/>\n<meta property=\"og:type\" content=\"article\" \/>\n<meta property=\"og:title\" content=\"Saiba se voc\u00ea ter\u00e1 direito a rem\u00e9dio de gra\u00e7a - Notibras\" \/>\n<meta property=\"og:description\" content=\"O governo federal retomou nesta quarta-feira (7) o programa Farm\u00e1cia Popular do Brasil, com a proposta de expandir a oferta de medicamentos gratuitos e credenciar novas unidades em munic\u00edpios de maior vulnerabilidade. At\u00e9 o momento, eram disponibilizados medicamentos gratuitos para asma, hipertens\u00e3o e diabetes, enquanto os demais tratamentos eram oferecidos com pre\u00e7os mais baixos, no [&hellip;]\" \/>\n<meta property=\"og:url\" content=\"https:\/\/www.notibras.com\/site\/saiba-se-voce-tera-direito-a-remedio-de-graca\/\" \/>\n<meta property=\"og:site_name\" content=\"Notibras\" \/>\n<meta property=\"article:publisher\" content=\"https:\/\/www.facebook.com\/notibras\/\" \/>\n<meta property=\"article:published_time\" content=\"2023-06-08T11:12:35+00:00\" \/>\n<meta property=\"article:modified_time\" content=\"2023-06-08T11:46:31+00:00\" \/>\n<meta property=\"og:image\" content=\"https:\/\/www.notibras.com\/site\/wp-content\/uploads\/2023\/06\/farmaci-popular-1.jpg\" \/>\n\t<meta property=\"og:image:width\" content=\"1170\" \/>\n\t<meta property=\"og:image:height\" content=\"700\" \/>\n\t<meta property=\"og:image:type\" content=\"image\/jpeg\" \/>\n<meta name=\"author\" content=\"Reda\u00e7\u00e3o\" \/>\n<meta name=\"twitter:card\" content=\"summary_large_image\" \/>\n<meta name=\"twitter:creator\" content=\"@Notibras\" \/>\n<meta name=\"twitter:site\" content=\"@Notibras\" \/>\n<meta name=\"twitter:label1\" content=\"Escrito por\" \/>\n\t<meta name=\"twitter:data1\" content=\"Reda\u00e7\u00e3o\" \/>\n\t<meta name=\"twitter:label2\" content=\"Est. tempo de leitura\" \/>\n\t<meta name=\"twitter:data2\" content=\"3 minutos\" \/>\n<script type=\"application\/ld+json\" class=\"yoast-schema-graph\">{\"@context\":\"https:\/\/schema.org\",\"@graph\":[{\"@type\":\"Article\",\"@id\":\"https:\/\/www.notibras.com\/site\/saiba-se-voce-tera-direito-a-remedio-de-graca\/#article\",\"isPartOf\":{\"@id\":\"https:\/\/www.notibras.com\/site\/saiba-se-voce-tera-direito-a-remedio-de-graca\/\"},\"author\":{\"name\":\"Reda\u00e7\u00e3o\",\"@id\":\"https:\/\/www.notibras.com\/site\/#\/schema\/person\/36ab0979449956132d3e5b517ea76ac8\"},\"headline\":\"Saiba se voc\u00ea ter\u00e1 direito a rem\u00e9dio de gra\u00e7a\",\"datePublished\":\"2023-06-08T11:12:35+00:00\",\"dateModified\":\"2023-06-08T11:46:31+00:00\",\"mainEntityOfPage\":{\"@id\":\"https:\/\/www.notibras.com\/site\/saiba-se-voce-tera-direito-a-remedio-de-graca\/\"},\"wordCount\":502,\"publisher\":{\"@id\":\"https:\/\/www.notibras.com\/site\/#organization\"},\"image\":{\"@id\":\"https:\/\/www.notibras.com\/site\/saiba-se-voce-tera-direito-a-remedio-de-graca\/#primaryimage\"},\"thumbnailUrl\":\"https:\/\/www.notibras.com\/site\/wp-content\/uploads\/2023\/06\/farmaci-popular-1.jpg\",\"keywords\":[\"capa\"],\"articleSection\":[\"Quadradinho em Foco\"],\"inLanguage\":\"pt-BR\"},{\"@type\":\"WebPage\",\"@id\":\"https:\/\/www.notibras.com\/site\/saiba-se-voce-tera-direito-a-remedio-de-graca\/\",\"url\":\"https:\/\/www.notibras.com\/site\/saiba-se-voce-tera-direito-a-remedio-de-graca\/\",\"name\":\"Saiba se voc\u00ea ter\u00e1 direito a rem\u00e9dio de gra\u00e7a - Notibras\",\"isPartOf\":{\"@id\":\"https:\/\/www.notibras.com\/site\/#website\"},\"primaryImageOfPage\":{\"@id\":\"https:\/\/www.notibras.com\/site\/saiba-se-voce-tera-direito-a-remedio-de-graca\/#primaryimage\"},\"image\":{\"@id\":\"https:\/\/www.notibras.com\/site\/saiba-se-voce-tera-direito-a-remedio-de-graca\/#primaryimage\"},\"thumbnailUrl\":\"https:\/\/www.notibras.com\/site\/wp-content\/uploads\/2023\/06\/farmaci-popular-1.jpg\",\"datePublished\":\"2023-06-08T11:12:35+00:00\",\"dateModified\":\"2023-06-08T11:46:31+00:00\",\"breadcrumb\":{\"@id\":\"https:\/\/www.notibras.com\/site\/saiba-se-voce-tera-direito-a-remedio-de-graca\/#breadcrumb\"},\"inLanguage\":\"pt-BR\",\"potentialAction\":[{\"@type\":\"ReadAction\",\"target\":[\"https:\/\/www.notibras.com\/site\/saiba-se-voce-tera-direito-a-remedio-de-graca\/\"]}]},{\"@type\":\"ImageObject\",\"inLanguage\":\"pt-BR\",\"@id\":\"https:\/\/www.notibras.com\/site\/saiba-se-voce-tera-direito-a-remedio-de-graca\/#primaryimage\",\"url\":\"https:\/\/www.notibras.com\/site\/wp-content\/uploads\/2023\/06\/farmaci-popular-1.jpg\",\"contentUrl\":\"https:\/\/www.notibras.com\/site\/wp-content\/uploads\/2023\/06\/farmaci-popular-1.jpg\",\"width\":1170,\"height\":700,\"caption\":\"07\/06\/2023 - Bras\u00edlia - Foto de arquivo - Farm\u00e1cia Popular em Bras\u00edlia. Foto: Elza Fiuza\/ Ag\u00eancia Brasil\"},{\"@type\":\"BreadcrumbList\",\"@id\":\"https:\/\/www.notibras.com\/site\/saiba-se-voce-tera-direito-a-remedio-de-graca\/#breadcrumb\",\"itemListElement\":[{\"@type\":\"ListItem\",\"position\":1,\"name\":\"In\u00edcio\",\"item\":\"https:\/\/www.notibras.com\/site\/\"},{\"@type\":\"ListItem\",\"position\":2,\"name\":\"Saiba se voc\u00ea ter\u00e1 direito a rem\u00e9dio de gra\u00e7a\"}]},{\"@type\":\"WebSite\",\"@id\":\"https:\/\/www.notibras.com\/site\/#website\",\"url\":\"https:\/\/www.notibras.com\/site\/\",\"name\":\"Notibras\",\"description\":\"Not\u00edcias de Bras\u00edlia, do Brasil e do Mundo\",\"publisher\":{\"@id\":\"https:\/\/www.notibras.com\/site\/#organization\"},\"potentialAction\":[{\"@type\":\"SearchAction\",\"target\":{\"@type\":\"EntryPoint\",\"urlTemplate\":\"https:\/\/www.notibras.com\/site\/?s={search_term_string}\"},\"query-input\":{\"@type\":\"PropertyValueSpecification\",\"valueRequired\":true,\"valueName\":\"search_term_string\"}}],\"inLanguage\":\"pt-BR\"},{\"@type\":\"Organization\",\"@id\":\"https:\/\/www.notibras.com\/site\/#organization\",\"name\":\"Grupo Notibras de Comunica\u00e7\u00e3o\",\"url\":\"https:\/\/www.notibras.com\/site\/\",\"logo\":{\"@type\":\"ImageObject\",\"inLanguage\":\"pt-BR\",\"@id\":\"https:\/\/www.notibras.com\/site\/#\/schema\/logo\/image\/\",\"url\":\"https:\/\/www.notibras.com\/site\/wp-content\/uploads\/2023\/01\/notibras23.png\",\"contentUrl\":\"https:\/\/www.notibras.com\/site\/wp-content\/uploads\/2023\/01\/notibras23.png\",\"width\":350,\"height\":87,\"caption\":\"Grupo Notibras de Comunica\u00e7\u00e3o\"},\"image\":{\"@id\":\"https:\/\/www.notibras.com\/site\/#\/schema\/logo\/image\/\"},\"sameAs\":[\"https:\/\/www.facebook.com\/notibras\/\",\"https:\/\/x.com\/Notibras\",\"https:\/\/www.instagram.com\/notibras\/\"]},{\"@type\":\"Person\",\"@id\":\"https:\/\/www.notibras.com\/site\/#\/schema\/person\/36ab0979449956132d3e5b517ea76ac8\",\"name\":\"Reda\u00e7\u00e3o\",\"image\":{\"@type\":\"ImageObject\",\"inLanguage\":\"pt-BR\",\"@id\":\"https:\/\/secure.gravatar.com\/avatar\/e0a867bdedb85fd243eadf09663511f96fc81e0720a4a42581f334ad4303aa6b?s=96&d=mm&r=g\",\"url\":\"https:\/\/secure.gravatar.com\/avatar\/e0a867bdedb85fd243eadf09663511f96fc81e0720a4a42581f334ad4303aa6b?s=96&d=mm&r=g\",\"contentUrl\":\"https:\/\/secure.gravatar.com\/avatar\/e0a867bdedb85fd243eadf09663511f96fc81e0720a4a42581f334ad4303aa6b?s=96&d=mm&r=g\",\"caption\":\"Reda\u00e7\u00e3o\"}}]}<\/script>\n<!-- \/ Yoast SEO plugin. -->","yoast_head_json":{"title":"Saiba se voc\u00ea ter\u00e1 direito a rem\u00e9dio de gra\u00e7a - Notibras","robots":{"index":"index","follow":"follow","max-snippet":"max-snippet:-1","max-image-preview":"max-image-preview:large","max-video-preview":"max-video-preview:-1"},"canonical":"https:\/\/www.notibras.com\/site\/saiba-se-voce-tera-direito-a-remedio-de-graca\/","og_locale":"pt_BR","og_type":"article","og_title":"Saiba se voc\u00ea ter\u00e1 direito a rem\u00e9dio de gra\u00e7a - Notibras","og_description":"O governo federal retomou nesta quarta-feira (7) o programa Farm\u00e1cia Popular do Brasil, com a proposta de expandir a oferta de medicamentos gratuitos e credenciar novas unidades em munic\u00edpios de maior vulnerabilidade. At\u00e9 o momento, eram disponibilizados medicamentos gratuitos para asma, hipertens\u00e3o e diabetes, enquanto os demais tratamentos eram oferecidos com pre\u00e7os mais baixos, no [&hellip;]","og_url":"https:\/\/www.notibras.com\/site\/saiba-se-voce-tera-direito-a-remedio-de-graca\/","og_site_name":"Notibras","article_publisher":"https:\/\/www.facebook.com\/notibras\/","article_published_time":"2023-06-08T11:12:35+00:00","article_modified_time":"2023-06-08T11:46:31+00:00","og_image":[{"width":1170,"height":700,"url":"https:\/\/www.notibras.com\/site\/wp-content\/uploads\/2023\/06\/farmaci-popular-1.jpg","type":"image\/jpeg"}],"author":"Reda\u00e7\u00e3o","twitter_card":"summary_large_image","twitter_creator":"@Notibras","twitter_site":"@Notibras","twitter_misc":{"Escrito por":"Reda\u00e7\u00e3o","Est. tempo de leitura":"3 minutos"},"schema":{"@context":"https:\/\/schema.org","@graph":[{"@type":"Article","@id":"https:\/\/www.notibras.com\/site\/saiba-se-voce-tera-direito-a-remedio-de-graca\/#article","isPartOf":{"@id":"https:\/\/www.notibras.com\/site\/saiba-se-voce-tera-direito-a-remedio-de-graca\/"},"author":{"name":"Reda\u00e7\u00e3o","@id":"https:\/\/www.notibras.com\/site\/#\/schema\/person\/36ab0979449956132d3e5b517ea76ac8"},"headline":"Saiba se voc\u00ea ter\u00e1 direito a rem\u00e9dio de gra\u00e7a","datePublished":"2023-06-08T11:12:35+00:00","dateModified":"2023-06-08T11:46:31+00:00","mainEntityOfPage":{"@id":"https:\/\/www.notibras.com\/site\/saiba-se-voce-tera-direito-a-remedio-de-graca\/"},"wordCount":502,"publisher":{"@id":"https:\/\/www.notibras.com\/site\/#organization"},"image":{"@id":"https:\/\/www.notibras.com\/site\/saiba-se-voce-tera-direito-a-remedio-de-graca\/#primaryimage"},"thumbnailUrl":"https:\/\/www.notibras.com\/site\/wp-content\/uploads\/2023\/06\/farmaci-popular-1.jpg","keywords":["capa"],"articleSection":["Quadradinho em Foco"],"inLanguage":"pt-BR"},{"@type":"WebPage","@id":"https:\/\/www.notibras.com\/site\/saiba-se-voce-tera-direito-a-remedio-de-graca\/","url":"https:\/\/www.notibras.com\/site\/saiba-se-voce-tera-direito-a-remedio-de-graca\/","name":"Saiba se voc\u00ea ter\u00e1 direito a rem\u00e9dio de gra\u00e7a - Notibras","isPartOf":{"@id":"https:\/\/www.notibras.com\/site\/#website"},"primaryImageOfPage":{"@id":"https:\/\/www.notibras.com\/site\/saiba-se-voce-tera-direito-a-remedio-de-graca\/#primaryimage"},"image":{"@id":"https:\/\/www.notibras.com\/site\/saiba-se-voce-tera-direito-a-remedio-de-graca\/#primaryimage"},"thumbnailUrl":"https:\/\/www.notibras.com\/site\/wp-content\/uploads\/2023\/06\/farmaci-popular-1.jpg","datePublished":"2023-06-08T11:12:35+00:00","dateModified":"2023-06-08T11:46:31+00:00","breadcrumb":{"@id":"https:\/\/www.notibras.com\/site\/saiba-se-voce-tera-direito-a-remedio-de-graca\/#breadcrumb"},"inLanguage":"pt-BR","potentialAction":[{"@type":"ReadAction","target":["https:\/\/www.notibras.com\/site\/saiba-se-voce-tera-direito-a-remedio-de-graca\/"]}]},{"@type":"ImageObject","inLanguage":"pt-BR","@id":"https:\/\/www.notibras.com\/site\/saiba-se-voce-tera-direito-a-remedio-de-graca\/#primaryimage","url":"https:\/\/www.notibras.com\/site\/wp-content\/uploads\/2023\/06\/farmaci-popular-1.jpg","contentUrl":"https:\/\/www.notibras.com\/site\/wp-content\/uploads\/2023\/06\/farmaci-popular-1.jpg","width":1170,"height":700,"caption":"07\/06\/2023 - Bras\u00edlia - Foto de arquivo - Farm\u00e1cia Popular em Bras\u00edlia. Foto: Elza Fiuza\/ Ag\u00eancia Brasil"},{"@type":"BreadcrumbList","@id":"https:\/\/www.notibras.com\/site\/saiba-se-voce-tera-direito-a-remedio-de-graca\/#breadcrumb","itemListElement":[{"@type":"ListItem","position":1,"name":"In\u00edcio","item":"https:\/\/www.notibras.com\/site\/"},{"@type":"ListItem","position":2,"name":"Saiba se voc\u00ea ter\u00e1 direito a rem\u00e9dio de gra\u00e7a"}]},{"@type":"WebSite","@id":"https:\/\/www.notibras.com\/site\/#website","url":"https:\/\/www.notibras.com\/site\/","name":"Notibras","description":"Not\u00edcias de Bras\u00edlia, do Brasil e do Mundo","publisher":{"@id":"https:\/\/www.notibras.com\/site\/#organization"},"potentialAction":[{"@type":"SearchAction","target":{"@type":"EntryPoint","urlTemplate":"https:\/\/www.notibras.com\/site\/?s={search_term_string}"},"query-input":{"@type":"PropertyValueSpecification","valueRequired":true,"valueName":"search_term_string"}}],"inLanguage":"pt-BR"},{"@type":"Organization","@id":"https:\/\/www.notibras.com\/site\/#organization","name":"Grupo Notibras de Comunica\u00e7\u00e3o","url":"https:\/\/www.notibras.com\/site\/","logo":{"@type":"ImageObject","inLanguage":"pt-BR","@id":"https:\/\/www.notibras.com\/site\/#\/schema\/logo\/image\/","url":"https:\/\/www.notibras.com\/site\/wp-content\/uploads\/2023\/01\/notibras23.png","contentUrl":"https:\/\/www.notibras.com\/site\/wp-content\/uploads\/2023\/01\/notibras23.png","width":350,"height":87,"caption":"Grupo Notibras de Comunica\u00e7\u00e3o"},"image":{"@id":"https:\/\/www.notibras.com\/site\/#\/schema\/logo\/image\/"},"sameAs":["https:\/\/www.facebook.com\/notibras\/","https:\/\/x.com\/Notibras","https:\/\/www.instagram.com\/notibras\/"]},{"@type":"Person","@id":"https:\/\/www.notibras.com\/site\/#\/schema\/person\/36ab0979449956132d3e5b517ea76ac8","name":"Reda\u00e7\u00e3o","image":{"@type":"ImageObject","inLanguage":"pt-BR","@id":"https:\/\/secure.gravatar.com\/avatar\/e0a867bdedb85fd243eadf09663511f96fc81e0720a4a42581f334ad4303aa6b?s=96&d=mm&r=g","url":"https:\/\/secure.gravatar.com\/avatar\/e0a867bdedb85fd243eadf09663511f96fc81e0720a4a42581f334ad4303aa6b?s=96&d=mm&r=g","contentUrl":"https:\/\/secure.gravatar.com\/avatar\/e0a867bdedb85fd243eadf09663511f96fc81e0720a4a42581f334ad4303aa6b?s=96&d=mm&r=g","caption":"Reda\u00e7\u00e3o"}}]}},"amp_enabled":true,"_links":{"self":[{"href":"https:\/\/www.notibras.com\/site\/wp-json\/wp\/v2\/posts\/306503","targetHints":{"allow":["GET"]}}],"collection":[{"href":"https:\/\/www.notibras.com\/site\/wp-json\/wp\/v2\/posts"}],"about":[{"href":"https:\/\/www.notibras.com\/site\/wp-json\/wp\/v2\/types\/post"}],"author":[{"embeddable":true,"href":"https:\/\/www.notibras.com\/site\/wp-json\/wp\/v2\/users\/2"}],"replies":[{"embeddable":true,"href":"https:\/\/www.notibras.com\/site\/wp-json\/wp\/v2\/comments?post=306503"}],"version-history":[{"count":1,"href":"https:\/\/www.notibras.com\/site\/wp-json\/wp\/v2\/posts\/306503\/revisions"}],"predecessor-version":[{"id":306505,"href":"https:\/\/www.notibras.com\/site\/wp-json\/wp\/v2\/posts\/306503\/revisions\/306505"}],"wp:featuredmedia":[{"embeddable":true,"href":"https:\/\/www.notibras.com\/site\/wp-json\/wp\/v2\/media\/306504"}],"wp:attachment":[{"href":"https:\/\/www.notibras.com\/site\/wp-json\/wp\/v2\/media?parent=306503"}],"wp:term":[{"taxonomy":"category","embeddable":true,"href":"https:\/\/www.notibras.com\/site\/wp-json\/wp\/v2\/categories?post=306503"},{"taxonomy":"post_tag","embeddable":true,"href":"https:\/\/www.notibras.com\/site\/wp-json\/wp\/v2\/tags?post=306503"}],"curies":[{"name":"wp","href":"https:\/\/api.w.org\/{rel}","templated":true}]}}