{"id":306540,"date":"2023-06-08T18:15:00","date_gmt":"2023-06-08T21:15:00","guid":{"rendered":"https:\/\/www.notibras.com\/site\/?p=306540"},"modified":"2023-06-08T19:17:34","modified_gmt":"2023-06-08T22:17:34","slug":"catolicos-brindam-jesus-com-tapete-de-colorido-magico","status":"publish","type":"post","link":"https:\/\/www.notibras.com\/site\/catolicos-brindam-jesus-com-tapete-de-colorido-magico\/","title":{"rendered":"Cat\u00f3licos brindam Jesus com tapete de colorido m\u00e1gico"},"content":{"rendered":"<p>A festa de Corpus Christi na Esplanada dos Minist\u00e9rios, organizada pela Arquidiocese de Bras\u00edlia, foi iniciada \u00e0s 6h, desta quinta-feira (8), com a confec\u00e7\u00e3o do tapete colorido com tem\u00e1tica religiosa que celebra a data.<br \/>\nPelo 45\u00ba ano, o tapete enfeita o gramado para a passagem dos membros da Igreja Cat\u00f3lica e fi\u00e9is, em prociss\u00e3o com a imagem do Sant\u00edssimo Sacramento, ap\u00f3s a realiza\u00e7\u00e3o da missa campal.<\/p>\n<p>A Arquidiocese de Bras\u00edlia estima que a missa reuniu de 70 mil pessoas na celebra\u00e7\u00e3o que cr\u00ea na presen\u00e7a espiritual de Jesus Cristo.<\/p>\n<p>No dia de Corpus Christi, os crist\u00e3os comemoram o Mist\u00e9rio da Eucaristia, que \u00e9 o sacramento do corpo e sangue de Jesus Cristo, representados pelo p\u00e3o e vinho consagrados. A data recorda a \u00faltima ceia de Jesus com os 12 ap\u00f3stolos.<\/p>\n<p><strong>Tapete colorido<\/strong><br \/>\nOs quadros do tapete de Corpus Christi s\u00e3o confeccionados no ch\u00e3o pelos fi\u00e9is, sobretudo, por grupos de jovens. Nesta quinta, cerca de 600 volunt\u00e1rios participaram da montagem.<\/p>\n<p>Neste ano, o tapete tem 130 metros de extens\u00e3o e \u00e9 composto por 25 imagens, com cerca de 20 m\u00b2 cada. As imagens foram preenchidas com serragem, palhas de arroz, caf\u00e9, sal e tintas de cinco cores b\u00e1sicas, que v\u00e3o sendo misturadas pelos volunt\u00e1rios at\u00e9 atingir os tons desejados.<\/p>\n<p>O coordenador do Tapete Corpus Christi na Esplanada, Alo\u00edsio Parreiras Rodrigues, que participa das celebra\u00e7\u00f5es h\u00e1 20 anos, explica a log\u00edstica de prepara\u00e7\u00e3o do mosaico a c\u00e9u aberto.<\/p>\n<p>\u201cTr\u00eas meses antes, come\u00e7amos a trabalhar com as juventudes das par\u00f3quias do Distrito Federal. Depois, recebemos as sugest\u00f5es de desenhos, selecionamos 25 deles e seguimos com a organiza\u00e7\u00e3o para conseguir o material para fazer os tapetes. Finalmente, no dia de Corpus Christi, nos reunimos para mont\u00e1-los e celebrar, o que chamamos de festa da unidade\u201d.<\/p>\n<p>A odontologista Mariana Ferreira, de 23 anos, \u00e9 uma das volunt\u00e1rias permanentes na Esplanada dos Minist\u00e9rios. \u201cDesde o ano passado, eu participo. Eu gosto porque \u00e9 especial para mim. Contribui muito para minha espiritualidade\u201d.<\/p>\n<p>Durante toda a manh\u00e3, os jovens que se revezaram na confec\u00e7\u00e3o dos tapetes tamb\u00e9m fizeram rodas para orar e cantar. O universit\u00e1rio Pedro Farnese Dias, de 19 anos, com seu viol\u00e3o, era um dos animadores do p\u00fablico.<br \/>\n\u201cEstamos aqui para servir a comunidade que se desloca para c\u00e1 e para poder fazer um evento bem bonito para celebrar a Eucaristia\u201d.<\/p>\n<p>O p\u00fablico come\u00e7ou a chegar desde as primeiras horas da manh\u00e3 \u00e0 Esplanada. Como a cientista pol\u00edtica Andressa Bravim, que levou os filhos Lucca, de 3 anos, e Antonela, de 5 anos, acompanhada do marido. \u201cHoje \u00e9 o dia de a gente celebrar publicamente a nossa f\u00e9. Viemos comemorar a f\u00e9 cat\u00f3lica e Eucaristia\u201d, disse.<\/p>\n<p>A pensionista Maria Etelvina T\u00e1vora Correia Silva, de 89 anos, participa das celebra\u00e7\u00f5es de Corpus Christi desde os tempos do ex-presidente Juscelino Kubitschek, quando uma prociss\u00e3o fazia o trajeto entre duas igrejas de Bras\u00edlia.<\/p>\n<p>Agora em 2023, mesmo com dificuldade de locomo\u00e7\u00e3o, ela fez quest\u00e3o de acompanhar a movimenta\u00e7\u00e3o religiosa, em uma cadeira de rodas. \u201cO mundo est\u00e1 precisando de valores como o amor. Devemos esquecer da trai\u00e7\u00e3o, da gan\u00e2ncia e n\u00e3o prejudicar as pessoas\u201d.<\/p>\n<p><strong>Programa\u00e7\u00e3o<\/strong><br \/>\nNa parte da tarde diversos padres atenderam confiss\u00f5es de fi\u00e9is, em uma tenda montada atr\u00e1s do palco instalado na Esplanada, na altura da Catedral Metropolitana Nossa Senhora Aparecida.<\/p>\n<p>\u00c0s 16h, come\u00e7aram os cantos da celebra\u00e7\u00e3o para animar os fi\u00e9is que chegavam \u00e0 Esplanada. \u00c0s 16h45, todo o clero &#8211; sob a lideran\u00e7a do arcebispo de Bras\u00edlia, cardeal Paulo Cezar Costa \u2013 saiu em prociss\u00e3o a partir da Catedral, em dire\u00e7\u00e3o ao palco, onde foi celebrada a Santa Missa.<\/p>\n<p>A Arquidiocese de Bras\u00edlia programou tr\u00eas b\u00ean\u00e7\u00e3os: aos doentes, aos governantes e \u00e0s fam\u00edlias.<\/p>\n<p>Ap\u00f3s a missa celebrada por Dom Paulo Cezar, uma prociss\u00e3o com a o Sant\u00edssimo Sacramento passou pelo tapete colorido e percorreu o quadril\u00e1tero da Esplanada dos Minist\u00e9rios, dentro do papam\u00f3vel, o ve\u00edculo especial que foi usado pelo papa Jo\u00e3o Paulo II, em visita a Bras\u00edlia, em 1980.<\/p>\n<p>O p\u00e1roco da Catedral de Bras\u00edlia, Agenor Vieira de Brito, ressaltou a import\u00e2ncia do respeito \u00e0s manifesta\u00e7\u00f5es de f\u00e9. \u201cAquelas pessoas que n\u00e3o professam a f\u00e9 cat\u00f3lica, devem ter um olhar ecum\u00eanico. Ent\u00e3o, mesmo quando n\u00e3o \u00e9 professado aquele mesmo credo, deve haver respeito. Porque cada um tem sua escolha, cada um com a sua possibilidade, mas sem esquecer que o principal de tudo \u00e9 o amor, independentemente do caminho que est\u00e1 sendo trilhado\u201d.<\/p>\n","protected":false},"excerpt":{"rendered":"<p>A festa de Corpus Christi na Esplanada dos Minist\u00e9rios, organizada pela Arquidiocese de Bras\u00edlia, foi iniciada \u00e0s 6h, desta quinta-feira (8), com a confec\u00e7\u00e3o do tapete colorido com tem\u00e1tica religiosa que celebra a data. Pelo 45\u00ba ano, o tapete enfeita o gramado para a passagem dos membros da Igreja Cat\u00f3lica e fi\u00e9is, em prociss\u00e3o com [&hellip;]<\/p>\n","protected":false},"author":2,"featured_media":306541,"comment_status":"closed","ping_status":"closed","sticky":false,"template":"","format":"standard","meta":{"_acf_changed":false,"footnotes":""},"categories":[161],"tags":[95],"class_list":["post-306540","post","type-post","status-publish","format-standard","has-post-thumbnail","hentry","category-quadradinho-em-foco","tag-capa"],"acf":[],"yoast_head":"<!-- This site is optimized with the Yoast SEO plugin v27.2 - https:\/\/yoast.com\/product\/yoast-seo-wordpress\/ -->\n<title>Cat\u00f3licos brindam Jesus com tapete de colorido m\u00e1gico - Notibras<\/title>\n<meta name=\"robots\" content=\"index, follow, max-snippet:-1, max-image-preview:large, max-video-preview:-1\" \/>\n<link rel=\"canonical\" href=\"https:\/\/www.notibras.com\/site\/catolicos-brindam-jesus-com-tapete-de-colorido-magico\/\" \/>\n<meta property=\"og:locale\" content=\"pt_BR\" \/>\n<meta property=\"og:type\" content=\"article\" \/>\n<meta property=\"og:title\" content=\"Cat\u00f3licos brindam Jesus com tapete de colorido m\u00e1gico - Notibras\" \/>\n<meta property=\"og:description\" content=\"A festa de Corpus Christi na Esplanada dos Minist\u00e9rios, organizada pela Arquidiocese de Bras\u00edlia, foi iniciada \u00e0s 6h, desta quinta-feira (8), com a confec\u00e7\u00e3o do tapete colorido com tem\u00e1tica religiosa que celebra a data. Pelo 45\u00ba ano, o tapete enfeita o gramado para a passagem dos membros da Igreja Cat\u00f3lica e fi\u00e9is, em prociss\u00e3o com [&hellip;]\" \/>\n<meta property=\"og:url\" content=\"https:\/\/www.notibras.com\/site\/catolicos-brindam-jesus-com-tapete-de-colorido-magico\/\" \/>\n<meta property=\"og:site_name\" content=\"Notibras\" \/>\n<meta property=\"article:publisher\" content=\"https:\/\/www.facebook.com\/notibras\/\" \/>\n<meta property=\"article:published_time\" content=\"2023-06-08T21:15:00+00:00\" \/>\n<meta property=\"article:modified_time\" content=\"2023-06-08T22:17:34+00:00\" \/>\n<meta property=\"og:image\" content=\"https:\/\/www.notibras.com\/site\/wp-content\/uploads\/2023\/06\/a81t7454.jpg\" \/>\n\t<meta property=\"og:image:width\" content=\"1170\" \/>\n\t<meta property=\"og:image:height\" content=\"700\" \/>\n\t<meta property=\"og:image:type\" content=\"image\/jpeg\" \/>\n<meta name=\"author\" content=\"Reda\u00e7\u00e3o\" \/>\n<meta name=\"twitter:card\" content=\"summary_large_image\" \/>\n<meta name=\"twitter:creator\" content=\"@Notibras\" \/>\n<meta name=\"twitter:site\" content=\"@Notibras\" \/>\n<meta name=\"twitter:label1\" content=\"Escrito por\" \/>\n\t<meta name=\"twitter:data1\" content=\"Reda\u00e7\u00e3o\" \/>\n\t<meta name=\"twitter:label2\" content=\"Est. tempo de leitura\" \/>\n\t<meta name=\"twitter:data2\" content=\"5 minutos\" \/>\n<script type=\"application\/ld+json\" class=\"yoast-schema-graph\">{\"@context\":\"https:\/\/schema.org\",\"@graph\":[{\"@type\":\"Article\",\"@id\":\"https:\/\/www.notibras.com\/site\/catolicos-brindam-jesus-com-tapete-de-colorido-magico\/#article\",\"isPartOf\":{\"@id\":\"https:\/\/www.notibras.com\/site\/catolicos-brindam-jesus-com-tapete-de-colorido-magico\/\"},\"author\":{\"name\":\"Reda\u00e7\u00e3o\",\"@id\":\"https:\/\/www.notibras.com\/site\/#\/schema\/person\/36ab0979449956132d3e5b517ea76ac8\"},\"headline\":\"Cat\u00f3licos brindam Jesus com tapete de colorido m\u00e1gico\",\"datePublished\":\"2023-06-08T21:15:00+00:00\",\"dateModified\":\"2023-06-08T22:17:34+00:00\",\"mainEntityOfPage\":{\"@id\":\"https:\/\/www.notibras.com\/site\/catolicos-brindam-jesus-com-tapete-de-colorido-magico\/\"},\"wordCount\":803,\"publisher\":{\"@id\":\"https:\/\/www.notibras.com\/site\/#organization\"},\"image\":{\"@id\":\"https:\/\/www.notibras.com\/site\/catolicos-brindam-jesus-com-tapete-de-colorido-magico\/#primaryimage\"},\"thumbnailUrl\":\"https:\/\/www.notibras.com\/site\/wp-content\/uploads\/2023\/06\/a81t7454.jpg\",\"keywords\":[\"capa\"],\"articleSection\":[\"Quadradinho em Foco\"],\"inLanguage\":\"pt-BR\"},{\"@type\":\"WebPage\",\"@id\":\"https:\/\/www.notibras.com\/site\/catolicos-brindam-jesus-com-tapete-de-colorido-magico\/\",\"url\":\"https:\/\/www.notibras.com\/site\/catolicos-brindam-jesus-com-tapete-de-colorido-magico\/\",\"name\":\"Cat\u00f3licos brindam Jesus com tapete de colorido m\u00e1gico - Notibras\",\"isPartOf\":{\"@id\":\"https:\/\/www.notibras.com\/site\/#website\"},\"primaryImageOfPage\":{\"@id\":\"https:\/\/www.notibras.com\/site\/catolicos-brindam-jesus-com-tapete-de-colorido-magico\/#primaryimage\"},\"image\":{\"@id\":\"https:\/\/www.notibras.com\/site\/catolicos-brindam-jesus-com-tapete-de-colorido-magico\/#primaryimage\"},\"thumbnailUrl\":\"https:\/\/www.notibras.com\/site\/wp-content\/uploads\/2023\/06\/a81t7454.jpg\",\"datePublished\":\"2023-06-08T21:15:00+00:00\",\"dateModified\":\"2023-06-08T22:17:34+00:00\",\"breadcrumb\":{\"@id\":\"https:\/\/www.notibras.com\/site\/catolicos-brindam-jesus-com-tapete-de-colorido-magico\/#breadcrumb\"},\"inLanguage\":\"pt-BR\",\"potentialAction\":[{\"@type\":\"ReadAction\",\"target\":[\"https:\/\/www.notibras.com\/site\/catolicos-brindam-jesus-com-tapete-de-colorido-magico\/\"]}]},{\"@type\":\"ImageObject\",\"inLanguage\":\"pt-BR\",\"@id\":\"https:\/\/www.notibras.com\/site\/catolicos-brindam-jesus-com-tapete-de-colorido-magico\/#primaryimage\",\"url\":\"https:\/\/www.notibras.com\/site\/wp-content\/uploads\/2023\/06\/a81t7454.jpg\",\"contentUrl\":\"https:\/\/www.notibras.com\/site\/wp-content\/uploads\/2023\/06\/a81t7454.jpg\",\"width\":1170,\"height\":700,\"caption\":\"Bras\u00edlia - 08.06.2023 - A Arquidiocese de Bras\u00edlia celebra o dia de Corpus Christi. As atividades come\u00e7am com a montagem do tapete no gramado central da Esplanada dos Minist\u00e9rios. Foto: Jos\u00e9 Cruz\/ Ag\u00eancia Brasil\"},{\"@type\":\"BreadcrumbList\",\"@id\":\"https:\/\/www.notibras.com\/site\/catolicos-brindam-jesus-com-tapete-de-colorido-magico\/#breadcrumb\",\"itemListElement\":[{\"@type\":\"ListItem\",\"position\":1,\"name\":\"In\u00edcio\",\"item\":\"https:\/\/www.notibras.com\/site\/\"},{\"@type\":\"ListItem\",\"position\":2,\"name\":\"Cat\u00f3licos brindam Jesus com tapete de colorido m\u00e1gico\"}]},{\"@type\":\"WebSite\",\"@id\":\"https:\/\/www.notibras.com\/site\/#website\",\"url\":\"https:\/\/www.notibras.com\/site\/\",\"name\":\"Notibras\",\"description\":\"Not\u00edcias de Bras\u00edlia, do Brasil e do Mundo\",\"publisher\":{\"@id\":\"https:\/\/www.notibras.com\/site\/#organization\"},\"potentialAction\":[{\"@type\":\"SearchAction\",\"target\":{\"@type\":\"EntryPoint\",\"urlTemplate\":\"https:\/\/www.notibras.com\/site\/?s={search_term_string}\"},\"query-input\":{\"@type\":\"PropertyValueSpecification\",\"valueRequired\":true,\"valueName\":\"search_term_string\"}}],\"inLanguage\":\"pt-BR\"},{\"@type\":\"Organization\",\"@id\":\"https:\/\/www.notibras.com\/site\/#organization\",\"name\":\"Grupo Notibras de Comunica\u00e7\u00e3o\",\"url\":\"https:\/\/www.notibras.com\/site\/\",\"logo\":{\"@type\":\"ImageObject\",\"inLanguage\":\"pt-BR\",\"@id\":\"https:\/\/www.notibras.com\/site\/#\/schema\/logo\/image\/\",\"url\":\"https:\/\/www.notibras.com\/site\/wp-content\/uploads\/2023\/01\/notibras23.png\",\"contentUrl\":\"https:\/\/www.notibras.com\/site\/wp-content\/uploads\/2023\/01\/notibras23.png\",\"width\":350,\"height\":87,\"caption\":\"Grupo Notibras de Comunica\u00e7\u00e3o\"},\"image\":{\"@id\":\"https:\/\/www.notibras.com\/site\/#\/schema\/logo\/image\/\"},\"sameAs\":[\"https:\/\/www.facebook.com\/notibras\/\",\"https:\/\/x.com\/Notibras\",\"https:\/\/www.instagram.com\/notibras\/\"]},{\"@type\":\"Person\",\"@id\":\"https:\/\/www.notibras.com\/site\/#\/schema\/person\/36ab0979449956132d3e5b517ea76ac8\",\"name\":\"Reda\u00e7\u00e3o\",\"image\":{\"@type\":\"ImageObject\",\"inLanguage\":\"pt-BR\",\"@id\":\"https:\/\/secure.gravatar.com\/avatar\/e0a867bdedb85fd243eadf09663511f96fc81e0720a4a42581f334ad4303aa6b?s=96&d=mm&r=g\",\"url\":\"https:\/\/secure.gravatar.com\/avatar\/e0a867bdedb85fd243eadf09663511f96fc81e0720a4a42581f334ad4303aa6b?s=96&d=mm&r=g\",\"contentUrl\":\"https:\/\/secure.gravatar.com\/avatar\/e0a867bdedb85fd243eadf09663511f96fc81e0720a4a42581f334ad4303aa6b?s=96&d=mm&r=g\",\"caption\":\"Reda\u00e7\u00e3o\"}}]}<\/script>\n<!-- \/ Yoast SEO plugin. -->","yoast_head_json":{"title":"Cat\u00f3licos brindam Jesus com tapete de colorido m\u00e1gico - Notibras","robots":{"index":"index","follow":"follow","max-snippet":"max-snippet:-1","max-image-preview":"max-image-preview:large","max-video-preview":"max-video-preview:-1"},"canonical":"https:\/\/www.notibras.com\/site\/catolicos-brindam-jesus-com-tapete-de-colorido-magico\/","og_locale":"pt_BR","og_type":"article","og_title":"Cat\u00f3licos brindam Jesus com tapete de colorido m\u00e1gico - Notibras","og_description":"A festa de Corpus Christi na Esplanada dos Minist\u00e9rios, organizada pela Arquidiocese de Bras\u00edlia, foi iniciada \u00e0s 6h, desta quinta-feira (8), com a confec\u00e7\u00e3o do tapete colorido com tem\u00e1tica religiosa que celebra a data. Pelo 45\u00ba ano, o tapete enfeita o gramado para a passagem dos membros da Igreja Cat\u00f3lica e fi\u00e9is, em prociss\u00e3o com [&hellip;]","og_url":"https:\/\/www.notibras.com\/site\/catolicos-brindam-jesus-com-tapete-de-colorido-magico\/","og_site_name":"Notibras","article_publisher":"https:\/\/www.facebook.com\/notibras\/","article_published_time":"2023-06-08T21:15:00+00:00","article_modified_time":"2023-06-08T22:17:34+00:00","og_image":[{"width":1170,"height":700,"url":"https:\/\/www.notibras.com\/site\/wp-content\/uploads\/2023\/06\/a81t7454.jpg","type":"image\/jpeg"}],"author":"Reda\u00e7\u00e3o","twitter_card":"summary_large_image","twitter_creator":"@Notibras","twitter_site":"@Notibras","twitter_misc":{"Escrito por":"Reda\u00e7\u00e3o","Est. tempo de leitura":"5 minutos"},"schema":{"@context":"https:\/\/schema.org","@graph":[{"@type":"Article","@id":"https:\/\/www.notibras.com\/site\/catolicos-brindam-jesus-com-tapete-de-colorido-magico\/#article","isPartOf":{"@id":"https:\/\/www.notibras.com\/site\/catolicos-brindam-jesus-com-tapete-de-colorido-magico\/"},"author":{"name":"Reda\u00e7\u00e3o","@id":"https:\/\/www.notibras.com\/site\/#\/schema\/person\/36ab0979449956132d3e5b517ea76ac8"},"headline":"Cat\u00f3licos brindam Jesus com tapete de colorido m\u00e1gico","datePublished":"2023-06-08T21:15:00+00:00","dateModified":"2023-06-08T22:17:34+00:00","mainEntityOfPage":{"@id":"https:\/\/www.notibras.com\/site\/catolicos-brindam-jesus-com-tapete-de-colorido-magico\/"},"wordCount":803,"publisher":{"@id":"https:\/\/www.notibras.com\/site\/#organization"},"image":{"@id":"https:\/\/www.notibras.com\/site\/catolicos-brindam-jesus-com-tapete-de-colorido-magico\/#primaryimage"},"thumbnailUrl":"https:\/\/www.notibras.com\/site\/wp-content\/uploads\/2023\/06\/a81t7454.jpg","keywords":["capa"],"articleSection":["Quadradinho em Foco"],"inLanguage":"pt-BR"},{"@type":"WebPage","@id":"https:\/\/www.notibras.com\/site\/catolicos-brindam-jesus-com-tapete-de-colorido-magico\/","url":"https:\/\/www.notibras.com\/site\/catolicos-brindam-jesus-com-tapete-de-colorido-magico\/","name":"Cat\u00f3licos brindam Jesus com tapete de colorido m\u00e1gico - Notibras","isPartOf":{"@id":"https:\/\/www.notibras.com\/site\/#website"},"primaryImageOfPage":{"@id":"https:\/\/www.notibras.com\/site\/catolicos-brindam-jesus-com-tapete-de-colorido-magico\/#primaryimage"},"image":{"@id":"https:\/\/www.notibras.com\/site\/catolicos-brindam-jesus-com-tapete-de-colorido-magico\/#primaryimage"},"thumbnailUrl":"https:\/\/www.notibras.com\/site\/wp-content\/uploads\/2023\/06\/a81t7454.jpg","datePublished":"2023-06-08T21:15:00+00:00","dateModified":"2023-06-08T22:17:34+00:00","breadcrumb":{"@id":"https:\/\/www.notibras.com\/site\/catolicos-brindam-jesus-com-tapete-de-colorido-magico\/#breadcrumb"},"inLanguage":"pt-BR","potentialAction":[{"@type":"ReadAction","target":["https:\/\/www.notibras.com\/site\/catolicos-brindam-jesus-com-tapete-de-colorido-magico\/"]}]},{"@type":"ImageObject","inLanguage":"pt-BR","@id":"https:\/\/www.notibras.com\/site\/catolicos-brindam-jesus-com-tapete-de-colorido-magico\/#primaryimage","url":"https:\/\/www.notibras.com\/site\/wp-content\/uploads\/2023\/06\/a81t7454.jpg","contentUrl":"https:\/\/www.notibras.com\/site\/wp-content\/uploads\/2023\/06\/a81t7454.jpg","width":1170,"height":700,"caption":"Bras\u00edlia - 08.06.2023 - A Arquidiocese de Bras\u00edlia celebra o dia de Corpus Christi. As atividades come\u00e7am com a montagem do tapete no gramado central da Esplanada dos Minist\u00e9rios. Foto: Jos\u00e9 Cruz\/ Ag\u00eancia Brasil"},{"@type":"BreadcrumbList","@id":"https:\/\/www.notibras.com\/site\/catolicos-brindam-jesus-com-tapete-de-colorido-magico\/#breadcrumb","itemListElement":[{"@type":"ListItem","position":1,"name":"In\u00edcio","item":"https:\/\/www.notibras.com\/site\/"},{"@type":"ListItem","position":2,"name":"Cat\u00f3licos brindam Jesus com tapete de colorido m\u00e1gico"}]},{"@type":"WebSite","@id":"https:\/\/www.notibras.com\/site\/#website","url":"https:\/\/www.notibras.com\/site\/","name":"Notibras","description":"Not\u00edcias de Bras\u00edlia, do Brasil e do Mundo","publisher":{"@id":"https:\/\/www.notibras.com\/site\/#organization"},"potentialAction":[{"@type":"SearchAction","target":{"@type":"EntryPoint","urlTemplate":"https:\/\/www.notibras.com\/site\/?s={search_term_string}"},"query-input":{"@type":"PropertyValueSpecification","valueRequired":true,"valueName":"search_term_string"}}],"inLanguage":"pt-BR"},{"@type":"Organization","@id":"https:\/\/www.notibras.com\/site\/#organization","name":"Grupo Notibras de Comunica\u00e7\u00e3o","url":"https:\/\/www.notibras.com\/site\/","logo":{"@type":"ImageObject","inLanguage":"pt-BR","@id":"https:\/\/www.notibras.com\/site\/#\/schema\/logo\/image\/","url":"https:\/\/www.notibras.com\/site\/wp-content\/uploads\/2023\/01\/notibras23.png","contentUrl":"https:\/\/www.notibras.com\/site\/wp-content\/uploads\/2023\/01\/notibras23.png","width":350,"height":87,"caption":"Grupo Notibras de Comunica\u00e7\u00e3o"},"image":{"@id":"https:\/\/www.notibras.com\/site\/#\/schema\/logo\/image\/"},"sameAs":["https:\/\/www.facebook.com\/notibras\/","https:\/\/x.com\/Notibras","https:\/\/www.instagram.com\/notibras\/"]},{"@type":"Person","@id":"https:\/\/www.notibras.com\/site\/#\/schema\/person\/36ab0979449956132d3e5b517ea76ac8","name":"Reda\u00e7\u00e3o","image":{"@type":"ImageObject","inLanguage":"pt-BR","@id":"https:\/\/secure.gravatar.com\/avatar\/e0a867bdedb85fd243eadf09663511f96fc81e0720a4a42581f334ad4303aa6b?s=96&d=mm&r=g","url":"https:\/\/secure.gravatar.com\/avatar\/e0a867bdedb85fd243eadf09663511f96fc81e0720a4a42581f334ad4303aa6b?s=96&d=mm&r=g","contentUrl":"https:\/\/secure.gravatar.com\/avatar\/e0a867bdedb85fd243eadf09663511f96fc81e0720a4a42581f334ad4303aa6b?s=96&d=mm&r=g","caption":"Reda\u00e7\u00e3o"}}]}},"amp_enabled":true,"_links":{"self":[{"href":"https:\/\/www.notibras.com\/site\/wp-json\/wp\/v2\/posts\/306540","targetHints":{"allow":["GET"]}}],"collection":[{"href":"https:\/\/www.notibras.com\/site\/wp-json\/wp\/v2\/posts"}],"about":[{"href":"https:\/\/www.notibras.com\/site\/wp-json\/wp\/v2\/types\/post"}],"author":[{"embeddable":true,"href":"https:\/\/www.notibras.com\/site\/wp-json\/wp\/v2\/users\/2"}],"replies":[{"embeddable":true,"href":"https:\/\/www.notibras.com\/site\/wp-json\/wp\/v2\/comments?post=306540"}],"version-history":[{"count":1,"href":"https:\/\/www.notibras.com\/site\/wp-json\/wp\/v2\/posts\/306540\/revisions"}],"predecessor-version":[{"id":306542,"href":"https:\/\/www.notibras.com\/site\/wp-json\/wp\/v2\/posts\/306540\/revisions\/306542"}],"wp:featuredmedia":[{"embeddable":true,"href":"https:\/\/www.notibras.com\/site\/wp-json\/wp\/v2\/media\/306541"}],"wp:attachment":[{"href":"https:\/\/www.notibras.com\/site\/wp-json\/wp\/v2\/media?parent=306540"}],"wp:term":[{"taxonomy":"category","embeddable":true,"href":"https:\/\/www.notibras.com\/site\/wp-json\/wp\/v2\/categories?post=306540"},{"taxonomy":"post_tag","embeddable":true,"href":"https:\/\/www.notibras.com\/site\/wp-json\/wp\/v2\/tags?post=306540"}],"curies":[{"name":"wp","href":"https:\/\/api.w.org\/{rel}","templated":true}]}}