{"id":306565,"date":"2023-06-09T06:12:19","date_gmt":"2023-06-09T09:12:19","guid":{"rendered":"https:\/\/www.notibras.com\/site\/?p=306565"},"modified":"2023-06-09T06:28:58","modified_gmt":"2023-06-09T09:28:58","slug":"bahia-que-pariu-brasil-e-minas-terra-do-criador-tem-dois-doidos","status":"publish","type":"post","link":"https:\/\/www.notibras.com\/site\/bahia-que-pariu-brasil-e-minas-terra-do-criador-tem-dois-doidos\/","title":{"rendered":"Bahia, que pariu Brasil, e Minas, terra do criador, t\u00eam dois doidos"},"content":{"rendered":"<p>A proximidade do fim do primeiro semestre do governo Lula ainda n\u00e3o foi suficiente para que se completasse a miss\u00e3o maior, ao menos na minha opini\u00e3o, de distensionar o clima divisionista que marcou os quatro anos do governo anterior.<\/p>\n<p>\u00c9 at\u00e9 poss\u00edvel sentir um melhor odor exalando das rela\u00e7\u00f5es interpessoais no ecossistema pol\u00edtico-social brasileiro. No entanto, ainda tem muito espa\u00e7o para melhorar.<\/p>\n<p>\u00c9 assombrosa a perman\u00eancia da dissemina\u00e7\u00e3o de fake news, a exemplo da recente inunda\u00e7\u00e3o de um v\u00eddeo em que supostamente o presidente Lula havia sido xingado e vaiado numa f\u00e1brica de autom\u00f3veis na cidade pernambucana de Goiana.<\/p>\n<p>Por certo obra e obrada de algum voluntarioso idiota. Afinal era o bastante distribuir o v\u00eddeo da passagem do Lula na Bahia Farm Show, que por sinal \u00e9 um evento tradicional no calend\u00e1rio nacional. Pronto, estava resolvida a miss\u00e3o de acirrar os \u00e2nimos nas redes sociais entre bolsonaristas e lulistas.<\/p>\n<p>Pois bem, \u00e9 triste, para n\u00e3o dizer c\u00f3pula vulgar, ainda constatar que n\u00e3o basta divulgar um fato. O que diabos acontece para surgir comich\u00e3o incontrol\u00e1vel nos fundos de certos imbecis, que alimentar a necessidade de mentir ao inv\u00e9s de se contentar com a verdade?<\/p>\n<p>Enfim, n\u00e3o bastassem as tolices cometidas por an\u00f4nimos, algumas figuras de renome nacional continuam a cometer uma verborragia p\u00fablica, compar\u00e1vel, no pior sentido, ao que poderiam ter dito Adolf Hitler, Benito Mussolini, Hugo Chavez, Kim Jong-Um e outros ditadores e nazifascistas que vez por outra v\u00eam assolar o mundo.<\/p>\n<p>Nesse rol dos infernos dos que produzem e produziram uma divis\u00e3o odiosa entre iguais, vale incluir o governador de Minas Gerais, Romeu Zema e o ministro da Casa Civil e ex-governador da Bahia por dois mandatos, Rui Costa.<\/p>\n<p>O primeiro, declarou recentemente que os estados brasileiros que comp\u00f5em as regi\u00f5es sul e sudeste s\u00e3o os \u00fanicos capazes de fazer o Brasil dar certo. At\u00e9 porque, segundo Zema, por terem mais &#8220;pessoas trabalhando do que vivendo de aux\u00edlio emergencial&#8221;.<\/p>\n<p>J\u00e1 Rui Costa virou sua metralhadora contra a Capital Federal, O ministro, em s\u00edntese, destilou sua ignor\u00e2ncia a tal ponto para dizer que seria melhor que Bras\u00edlia jamais tivesse existido.<\/p>\n<p>Lament\u00e1vel, sair da boca de um homem, que recebeu por duas vezes a confian\u00e7a do povo baiano para governar aquele estado maravilhosamente plural, palavras de \u00f3dio contra a capital de todos os brasileiros, cuja popula\u00e7\u00e3o tem ra\u00edzes gen\u00e9ticas em todas as regi\u00f5es do pa\u00eds.<\/p>\n<p>N\u00e3o h\u00e1 como entender que o ministro n\u00e3o se referiu a mim, a voc\u00ea, nossos descendentes e nossos filhos e netos que tiveram e t\u00eam a sorte de passar a vida aqui nesse cerrado no centro do pa\u00eds e profetizado por Dom Bosco como uma \u201cterra que mana leite e mel\u201d.<\/p>\n<p>Sinto-me ofendido pelo ministro, pelo governador e por todos aqueles que pela mentira ou pela ret\u00f3rica de \u00f3dio e medo, tentam arrebanhar seguidores que se deixam influenciar por discursos radicais. Infelizmente, nesse pa\u00eds se observa o destempero nos lados extremos do que se teima em chamar de direita e esquerda.<\/p>\n<p>E isto sim, \u00e9 fato.<\/p>\n<p><strong>*Jornalista pernambucano e brasiliense de cora\u00e7\u00e3o<\/strong><\/p>\n","protected":false},"excerpt":{"rendered":"<p>A proximidade do fim do primeiro semestre do governo Lula ainda n\u00e3o foi suficiente para que se completasse a miss\u00e3o maior, ao menos na minha opini\u00e3o, de distensionar o clima divisionista que marcou os quatro anos do governo anterior. \u00c9 at\u00e9 poss\u00edvel sentir um melhor odor exalando das rela\u00e7\u00f5es interpessoais no ecossistema pol\u00edtico-social brasileiro. No [&hellip;]<\/p>\n","protected":false},"author":2,"featured_media":306566,"comment_status":"closed","ping_status":"closed","sticky":false,"template":"","format":"standard","meta":{"_acf_changed":false,"footnotes":""},"categories":[161],"tags":[95],"class_list":["post-306565","post","type-post","status-publish","format-standard","has-post-thumbnail","hentry","category-quadradinho-em-foco","tag-capa"],"acf":[],"yoast_head":"<!-- This site is optimized with the Yoast SEO plugin v27.2 - https:\/\/yoast.com\/product\/yoast-seo-wordpress\/ -->\n<title>Bahia, que pariu Brasil, e Minas, terra do criador, t\u00eam dois doidos - Notibras<\/title>\n<meta name=\"robots\" content=\"index, follow, max-snippet:-1, max-image-preview:large, max-video-preview:-1\" \/>\n<link rel=\"canonical\" href=\"https:\/\/www.notibras.com\/site\/bahia-que-pariu-brasil-e-minas-terra-do-criador-tem-dois-doidos\/\" \/>\n<meta property=\"og:locale\" content=\"pt_BR\" \/>\n<meta property=\"og:type\" content=\"article\" \/>\n<meta property=\"og:title\" content=\"Bahia, que pariu Brasil, e Minas, terra do criador, t\u00eam dois doidos - Notibras\" \/>\n<meta property=\"og:description\" content=\"A proximidade do fim do primeiro semestre do governo Lula ainda n\u00e3o foi suficiente para que se completasse a miss\u00e3o maior, ao menos na minha opini\u00e3o, de distensionar o clima divisionista que marcou os quatro anos do governo anterior. \u00c9 at\u00e9 poss\u00edvel sentir um melhor odor exalando das rela\u00e7\u00f5es interpessoais no ecossistema pol\u00edtico-social brasileiro. No [&hellip;]\" \/>\n<meta property=\"og:url\" content=\"https:\/\/www.notibras.com\/site\/bahia-que-pariu-brasil-e-minas-terra-do-criador-tem-dois-doidos\/\" \/>\n<meta property=\"og:site_name\" content=\"Notibras\" \/>\n<meta property=\"article:publisher\" content=\"https:\/\/www.facebook.com\/notibras\/\" \/>\n<meta property=\"article:published_time\" content=\"2023-06-09T09:12:19+00:00\" \/>\n<meta property=\"article:modified_time\" content=\"2023-06-09T09:28:58+00:00\" \/>\n<meta property=\"og:image\" content=\"https:\/\/www.notibras.com\/site\/wp-content\/uploads\/2023\/06\/zisman.pzzb0763.jpg\" \/>\n\t<meta property=\"og:image:width\" content=\"770\" \/>\n\t<meta property=\"og:image:height\" content=\"513\" \/>\n\t<meta property=\"og:image:type\" content=\"image\/jpeg\" \/>\n<meta name=\"author\" content=\"Reda\u00e7\u00e3o\" \/>\n<meta name=\"twitter:card\" content=\"summary_large_image\" \/>\n<meta name=\"twitter:creator\" content=\"@Notibras\" \/>\n<meta name=\"twitter:site\" content=\"@Notibras\" \/>\n<meta name=\"twitter:label1\" content=\"Escrito por\" \/>\n\t<meta name=\"twitter:data1\" content=\"Reda\u00e7\u00e3o\" \/>\n\t<meta name=\"twitter:label2\" content=\"Est. tempo de leitura\" \/>\n\t<meta name=\"twitter:data2\" content=\"3 minutos\" \/>\n<script type=\"application\/ld+json\" class=\"yoast-schema-graph\">{\"@context\":\"https:\/\/schema.org\",\"@graph\":[{\"@type\":\"Article\",\"@id\":\"https:\/\/www.notibras.com\/site\/bahia-que-pariu-brasil-e-minas-terra-do-criador-tem-dois-doidos\/#article\",\"isPartOf\":{\"@id\":\"https:\/\/www.notibras.com\/site\/bahia-que-pariu-brasil-e-minas-terra-do-criador-tem-dois-doidos\/\"},\"author\":{\"name\":\"Reda\u00e7\u00e3o\",\"@id\":\"https:\/\/www.notibras.com\/site\/#\/schema\/person\/36ab0979449956132d3e5b517ea76ac8\"},\"headline\":\"Bahia, que pariu Brasil, e Minas, terra do criador, t\u00eam dois doidos\",\"datePublished\":\"2023-06-09T09:12:19+00:00\",\"dateModified\":\"2023-06-09T09:28:58+00:00\",\"mainEntityOfPage\":{\"@id\":\"https:\/\/www.notibras.com\/site\/bahia-que-pariu-brasil-e-minas-terra-do-criador-tem-dois-doidos\/\"},\"wordCount\":563,\"publisher\":{\"@id\":\"https:\/\/www.notibras.com\/site\/#organization\"},\"image\":{\"@id\":\"https:\/\/www.notibras.com\/site\/bahia-que-pariu-brasil-e-minas-terra-do-criador-tem-dois-doidos\/#primaryimage\"},\"thumbnailUrl\":\"https:\/\/www.notibras.com\/site\/wp-content\/uploads\/2023\/06\/zisman.pzzb0763.jpg\",\"keywords\":[\"capa\"],\"articleSection\":[\"Quadradinho em Foco\"],\"inLanguage\":\"pt-BR\"},{\"@type\":\"WebPage\",\"@id\":\"https:\/\/www.notibras.com\/site\/bahia-que-pariu-brasil-e-minas-terra-do-criador-tem-dois-doidos\/\",\"url\":\"https:\/\/www.notibras.com\/site\/bahia-que-pariu-brasil-e-minas-terra-do-criador-tem-dois-doidos\/\",\"name\":\"Bahia, que pariu Brasil, e Minas, terra do criador, t\u00eam dois doidos - Notibras\",\"isPartOf\":{\"@id\":\"https:\/\/www.notibras.com\/site\/#website\"},\"primaryImageOfPage\":{\"@id\":\"https:\/\/www.notibras.com\/site\/bahia-que-pariu-brasil-e-minas-terra-do-criador-tem-dois-doidos\/#primaryimage\"},\"image\":{\"@id\":\"https:\/\/www.notibras.com\/site\/bahia-que-pariu-brasil-e-minas-terra-do-criador-tem-dois-doidos\/#primaryimage\"},\"thumbnailUrl\":\"https:\/\/www.notibras.com\/site\/wp-content\/uploads\/2023\/06\/zisman.pzzb0763.jpg\",\"datePublished\":\"2023-06-09T09:12:19+00:00\",\"dateModified\":\"2023-06-09T09:28:58+00:00\",\"breadcrumb\":{\"@id\":\"https:\/\/www.notibras.com\/site\/bahia-que-pariu-brasil-e-minas-terra-do-criador-tem-dois-doidos\/#breadcrumb\"},\"inLanguage\":\"pt-BR\",\"potentialAction\":[{\"@type\":\"ReadAction\",\"target\":[\"https:\/\/www.notibras.com\/site\/bahia-que-pariu-brasil-e-minas-terra-do-criador-tem-dois-doidos\/\"]}]},{\"@type\":\"ImageObject\",\"inLanguage\":\"pt-BR\",\"@id\":\"https:\/\/www.notibras.com\/site\/bahia-que-pariu-brasil-e-minas-terra-do-criador-tem-dois-doidos\/#primaryimage\",\"url\":\"https:\/\/www.notibras.com\/site\/wp-content\/uploads\/2023\/06\/zisman.pzzb0763.jpg\",\"contentUrl\":\"https:\/\/www.notibras.com\/site\/wp-content\/uploads\/2023\/06\/zisman.pzzb0763.jpg\",\"width\":770,\"height\":513,\"caption\":\"A Pra\u00e7a dos Tr\u00eas Poderes recebe artistas urbanos que produzem ilustra\u00e7\u00f5es em grafite. Essa a\u00e7\u00e3o integra o Projeto Liberdades, realizado pelo Supremo Tribunal Federal (STF) e pelo Instituto Justi\u00e7a e Cidadania (IJC), em comemora\u00e7\u00e3o aos 200 anos de Independ\u00eancia do Brasil.\"},{\"@type\":\"BreadcrumbList\",\"@id\":\"https:\/\/www.notibras.com\/site\/bahia-que-pariu-brasil-e-minas-terra-do-criador-tem-dois-doidos\/#breadcrumb\",\"itemListElement\":[{\"@type\":\"ListItem\",\"position\":1,\"name\":\"In\u00edcio\",\"item\":\"https:\/\/www.notibras.com\/site\/\"},{\"@type\":\"ListItem\",\"position\":2,\"name\":\"Bahia, que pariu Brasil, e Minas, terra do criador, t\u00eam dois doidos\"}]},{\"@type\":\"WebSite\",\"@id\":\"https:\/\/www.notibras.com\/site\/#website\",\"url\":\"https:\/\/www.notibras.com\/site\/\",\"name\":\"Notibras\",\"description\":\"Not\u00edcias de Bras\u00edlia, do Brasil e do Mundo\",\"publisher\":{\"@id\":\"https:\/\/www.notibras.com\/site\/#organization\"},\"potentialAction\":[{\"@type\":\"SearchAction\",\"target\":{\"@type\":\"EntryPoint\",\"urlTemplate\":\"https:\/\/www.notibras.com\/site\/?s={search_term_string}\"},\"query-input\":{\"@type\":\"PropertyValueSpecification\",\"valueRequired\":true,\"valueName\":\"search_term_string\"}}],\"inLanguage\":\"pt-BR\"},{\"@type\":\"Organization\",\"@id\":\"https:\/\/www.notibras.com\/site\/#organization\",\"name\":\"Grupo Notibras de Comunica\u00e7\u00e3o\",\"url\":\"https:\/\/www.notibras.com\/site\/\",\"logo\":{\"@type\":\"ImageObject\",\"inLanguage\":\"pt-BR\",\"@id\":\"https:\/\/www.notibras.com\/site\/#\/schema\/logo\/image\/\",\"url\":\"https:\/\/www.notibras.com\/site\/wp-content\/uploads\/2023\/01\/notibras23.png\",\"contentUrl\":\"https:\/\/www.notibras.com\/site\/wp-content\/uploads\/2023\/01\/notibras23.png\",\"width\":350,\"height\":87,\"caption\":\"Grupo Notibras de Comunica\u00e7\u00e3o\"},\"image\":{\"@id\":\"https:\/\/www.notibras.com\/site\/#\/schema\/logo\/image\/\"},\"sameAs\":[\"https:\/\/www.facebook.com\/notibras\/\",\"https:\/\/x.com\/Notibras\",\"https:\/\/www.instagram.com\/notibras\/\"]},{\"@type\":\"Person\",\"@id\":\"https:\/\/www.notibras.com\/site\/#\/schema\/person\/36ab0979449956132d3e5b517ea76ac8\",\"name\":\"Reda\u00e7\u00e3o\",\"image\":{\"@type\":\"ImageObject\",\"inLanguage\":\"pt-BR\",\"@id\":\"https:\/\/secure.gravatar.com\/avatar\/e0a867bdedb85fd243eadf09663511f96fc81e0720a4a42581f334ad4303aa6b?s=96&d=mm&r=g\",\"url\":\"https:\/\/secure.gravatar.com\/avatar\/e0a867bdedb85fd243eadf09663511f96fc81e0720a4a42581f334ad4303aa6b?s=96&d=mm&r=g\",\"contentUrl\":\"https:\/\/secure.gravatar.com\/avatar\/e0a867bdedb85fd243eadf09663511f96fc81e0720a4a42581f334ad4303aa6b?s=96&d=mm&r=g\",\"caption\":\"Reda\u00e7\u00e3o\"}}]}<\/script>\n<!-- \/ Yoast SEO plugin. -->","yoast_head_json":{"title":"Bahia, que pariu Brasil, e Minas, terra do criador, t\u00eam dois doidos - Notibras","robots":{"index":"index","follow":"follow","max-snippet":"max-snippet:-1","max-image-preview":"max-image-preview:large","max-video-preview":"max-video-preview:-1"},"canonical":"https:\/\/www.notibras.com\/site\/bahia-que-pariu-brasil-e-minas-terra-do-criador-tem-dois-doidos\/","og_locale":"pt_BR","og_type":"article","og_title":"Bahia, que pariu Brasil, e Minas, terra do criador, t\u00eam dois doidos - Notibras","og_description":"A proximidade do fim do primeiro semestre do governo Lula ainda n\u00e3o foi suficiente para que se completasse a miss\u00e3o maior, ao menos na minha opini\u00e3o, de distensionar o clima divisionista que marcou os quatro anos do governo anterior. \u00c9 at\u00e9 poss\u00edvel sentir um melhor odor exalando das rela\u00e7\u00f5es interpessoais no ecossistema pol\u00edtico-social brasileiro. No [&hellip;]","og_url":"https:\/\/www.notibras.com\/site\/bahia-que-pariu-brasil-e-minas-terra-do-criador-tem-dois-doidos\/","og_site_name":"Notibras","article_publisher":"https:\/\/www.facebook.com\/notibras\/","article_published_time":"2023-06-09T09:12:19+00:00","article_modified_time":"2023-06-09T09:28:58+00:00","og_image":[{"width":770,"height":513,"url":"https:\/\/www.notibras.com\/site\/wp-content\/uploads\/2023\/06\/zisman.pzzb0763.jpg","type":"image\/jpeg"}],"author":"Reda\u00e7\u00e3o","twitter_card":"summary_large_image","twitter_creator":"@Notibras","twitter_site":"@Notibras","twitter_misc":{"Escrito por":"Reda\u00e7\u00e3o","Est. tempo de leitura":"3 minutos"},"schema":{"@context":"https:\/\/schema.org","@graph":[{"@type":"Article","@id":"https:\/\/www.notibras.com\/site\/bahia-que-pariu-brasil-e-minas-terra-do-criador-tem-dois-doidos\/#article","isPartOf":{"@id":"https:\/\/www.notibras.com\/site\/bahia-que-pariu-brasil-e-minas-terra-do-criador-tem-dois-doidos\/"},"author":{"name":"Reda\u00e7\u00e3o","@id":"https:\/\/www.notibras.com\/site\/#\/schema\/person\/36ab0979449956132d3e5b517ea76ac8"},"headline":"Bahia, que pariu Brasil, e Minas, terra do criador, t\u00eam dois doidos","datePublished":"2023-06-09T09:12:19+00:00","dateModified":"2023-06-09T09:28:58+00:00","mainEntityOfPage":{"@id":"https:\/\/www.notibras.com\/site\/bahia-que-pariu-brasil-e-minas-terra-do-criador-tem-dois-doidos\/"},"wordCount":563,"publisher":{"@id":"https:\/\/www.notibras.com\/site\/#organization"},"image":{"@id":"https:\/\/www.notibras.com\/site\/bahia-que-pariu-brasil-e-minas-terra-do-criador-tem-dois-doidos\/#primaryimage"},"thumbnailUrl":"https:\/\/www.notibras.com\/site\/wp-content\/uploads\/2023\/06\/zisman.pzzb0763.jpg","keywords":["capa"],"articleSection":["Quadradinho em Foco"],"inLanguage":"pt-BR"},{"@type":"WebPage","@id":"https:\/\/www.notibras.com\/site\/bahia-que-pariu-brasil-e-minas-terra-do-criador-tem-dois-doidos\/","url":"https:\/\/www.notibras.com\/site\/bahia-que-pariu-brasil-e-minas-terra-do-criador-tem-dois-doidos\/","name":"Bahia, que pariu Brasil, e Minas, terra do criador, t\u00eam dois doidos - Notibras","isPartOf":{"@id":"https:\/\/www.notibras.com\/site\/#website"},"primaryImageOfPage":{"@id":"https:\/\/www.notibras.com\/site\/bahia-que-pariu-brasil-e-minas-terra-do-criador-tem-dois-doidos\/#primaryimage"},"image":{"@id":"https:\/\/www.notibras.com\/site\/bahia-que-pariu-brasil-e-minas-terra-do-criador-tem-dois-doidos\/#primaryimage"},"thumbnailUrl":"https:\/\/www.notibras.com\/site\/wp-content\/uploads\/2023\/06\/zisman.pzzb0763.jpg","datePublished":"2023-06-09T09:12:19+00:00","dateModified":"2023-06-09T09:28:58+00:00","breadcrumb":{"@id":"https:\/\/www.notibras.com\/site\/bahia-que-pariu-brasil-e-minas-terra-do-criador-tem-dois-doidos\/#breadcrumb"},"inLanguage":"pt-BR","potentialAction":[{"@type":"ReadAction","target":["https:\/\/www.notibras.com\/site\/bahia-que-pariu-brasil-e-minas-terra-do-criador-tem-dois-doidos\/"]}]},{"@type":"ImageObject","inLanguage":"pt-BR","@id":"https:\/\/www.notibras.com\/site\/bahia-que-pariu-brasil-e-minas-terra-do-criador-tem-dois-doidos\/#primaryimage","url":"https:\/\/www.notibras.com\/site\/wp-content\/uploads\/2023\/06\/zisman.pzzb0763.jpg","contentUrl":"https:\/\/www.notibras.com\/site\/wp-content\/uploads\/2023\/06\/zisman.pzzb0763.jpg","width":770,"height":513,"caption":"A Pra\u00e7a dos Tr\u00eas Poderes recebe artistas urbanos que produzem ilustra\u00e7\u00f5es em grafite. Essa a\u00e7\u00e3o integra o Projeto Liberdades, realizado pelo Supremo Tribunal Federal (STF) e pelo Instituto Justi\u00e7a e Cidadania (IJC), em comemora\u00e7\u00e3o aos 200 anos de Independ\u00eancia do Brasil."},{"@type":"BreadcrumbList","@id":"https:\/\/www.notibras.com\/site\/bahia-que-pariu-brasil-e-minas-terra-do-criador-tem-dois-doidos\/#breadcrumb","itemListElement":[{"@type":"ListItem","position":1,"name":"In\u00edcio","item":"https:\/\/www.notibras.com\/site\/"},{"@type":"ListItem","position":2,"name":"Bahia, que pariu Brasil, e Minas, terra do criador, t\u00eam dois doidos"}]},{"@type":"WebSite","@id":"https:\/\/www.notibras.com\/site\/#website","url":"https:\/\/www.notibras.com\/site\/","name":"Notibras","description":"Not\u00edcias de Bras\u00edlia, do Brasil e do Mundo","publisher":{"@id":"https:\/\/www.notibras.com\/site\/#organization"},"potentialAction":[{"@type":"SearchAction","target":{"@type":"EntryPoint","urlTemplate":"https:\/\/www.notibras.com\/site\/?s={search_term_string}"},"query-input":{"@type":"PropertyValueSpecification","valueRequired":true,"valueName":"search_term_string"}}],"inLanguage":"pt-BR"},{"@type":"Organization","@id":"https:\/\/www.notibras.com\/site\/#organization","name":"Grupo Notibras de Comunica\u00e7\u00e3o","url":"https:\/\/www.notibras.com\/site\/","logo":{"@type":"ImageObject","inLanguage":"pt-BR","@id":"https:\/\/www.notibras.com\/site\/#\/schema\/logo\/image\/","url":"https:\/\/www.notibras.com\/site\/wp-content\/uploads\/2023\/01\/notibras23.png","contentUrl":"https:\/\/www.notibras.com\/site\/wp-content\/uploads\/2023\/01\/notibras23.png","width":350,"height":87,"caption":"Grupo Notibras de Comunica\u00e7\u00e3o"},"image":{"@id":"https:\/\/www.notibras.com\/site\/#\/schema\/logo\/image\/"},"sameAs":["https:\/\/www.facebook.com\/notibras\/","https:\/\/x.com\/Notibras","https:\/\/www.instagram.com\/notibras\/"]},{"@type":"Person","@id":"https:\/\/www.notibras.com\/site\/#\/schema\/person\/36ab0979449956132d3e5b517ea76ac8","name":"Reda\u00e7\u00e3o","image":{"@type":"ImageObject","inLanguage":"pt-BR","@id":"https:\/\/secure.gravatar.com\/avatar\/e0a867bdedb85fd243eadf09663511f96fc81e0720a4a42581f334ad4303aa6b?s=96&d=mm&r=g","url":"https:\/\/secure.gravatar.com\/avatar\/e0a867bdedb85fd243eadf09663511f96fc81e0720a4a42581f334ad4303aa6b?s=96&d=mm&r=g","contentUrl":"https:\/\/secure.gravatar.com\/avatar\/e0a867bdedb85fd243eadf09663511f96fc81e0720a4a42581f334ad4303aa6b?s=96&d=mm&r=g","caption":"Reda\u00e7\u00e3o"}}]}},"amp_enabled":true,"_links":{"self":[{"href":"https:\/\/www.notibras.com\/site\/wp-json\/wp\/v2\/posts\/306565","targetHints":{"allow":["GET"]}}],"collection":[{"href":"https:\/\/www.notibras.com\/site\/wp-json\/wp\/v2\/posts"}],"about":[{"href":"https:\/\/www.notibras.com\/site\/wp-json\/wp\/v2\/types\/post"}],"author":[{"embeddable":true,"href":"https:\/\/www.notibras.com\/site\/wp-json\/wp\/v2\/users\/2"}],"replies":[{"embeddable":true,"href":"https:\/\/www.notibras.com\/site\/wp-json\/wp\/v2\/comments?post=306565"}],"version-history":[{"count":5,"href":"https:\/\/www.notibras.com\/site\/wp-json\/wp\/v2\/posts\/306565\/revisions"}],"predecessor-version":[{"id":306571,"href":"https:\/\/www.notibras.com\/site\/wp-json\/wp\/v2\/posts\/306565\/revisions\/306571"}],"wp:featuredmedia":[{"embeddable":true,"href":"https:\/\/www.notibras.com\/site\/wp-json\/wp\/v2\/media\/306566"}],"wp:attachment":[{"href":"https:\/\/www.notibras.com\/site\/wp-json\/wp\/v2\/media?parent=306565"}],"wp:term":[{"taxonomy":"category","embeddable":true,"href":"https:\/\/www.notibras.com\/site\/wp-json\/wp\/v2\/categories?post=306565"},{"taxonomy":"post_tag","embeddable":true,"href":"https:\/\/www.notibras.com\/site\/wp-json\/wp\/v2\/tags?post=306565"}],"curies":[{"name":"wp","href":"https:\/\/api.w.org\/{rel}","templated":true}]}}