{"id":30660,"date":"2014-12-09T05:45:14","date_gmt":"2014-12-09T08:45:14","guid":{"rendered":"http:\/\/www.notibras.com\/site\/?p=30660"},"modified":"2014-12-10T01:03:01","modified_gmt":"2014-12-10T04:03:01","slug":"policia-cerca-salgueiro-e-prende-comoparsas-de-rabico","status":"publish","type":"post","link":"https:\/\/www.notibras.com\/site\/policia-cerca-salgueiro-e-prende-comoparsas-de-rabico\/","title":{"rendered":"Pol\u00edcia cerca o Salgueiro e prende comparsas de Rabic\u00f3"},"content":{"rendered":"<p>Policiais da Delegacia de Combate \u00e0s Drogas fizeram uma opera\u00e7\u00e3o para coibir o tr\u00e1fico de drogas na comunidade do Salgueiro, em S\u00e3o Gon\u00e7alo, regi\u00e3o metropolitana do Rio de Janeiro, que resultou na pris\u00e3o de 12 pessoas.<\/p>\n<p>O objetivo da a\u00e7\u00e3o posta em pr\u00e1tica nesta segunda-feira 8 e que contou com mais de 150 policiais, era cumprir 34 mandados de pris\u00e3o. Segundo o delegado M\u00e1rcio Mendon\u00e7a, os presos tinham liga\u00e7\u00e3o com o traficante Ant\u00f4nio Hil\u00e1rio Ferreira, o Rabic\u00f3, preso desde 2008 no Complexo Penitenci\u00e1rio de Gericin\u00f3, em Bangu.<\/p>\n<p>Mesmo na cadeia, Rabic\u00f3 determinava as a\u00e7\u00f5es criminosas do tr\u00e1fico na regi\u00e3o. Segundo a pol\u00edcia, a quadrilha lucra mais de R$ 1 milh\u00e3o por m\u00eas com o tr\u00e1fico de drogas.<\/p>\n<p>A pol\u00edcia apreendeu, na opera\u00e7\u00e3o, dois carros, drogas e m\u00e1quinas ca\u00e7a-n\u00edqueis. Um dos 12 presos foi pego em flagrante por associa\u00e7\u00e3o ao tr\u00e1fico. A investiga\u00e7\u00e3o foi iniciada h\u00e1 cinco meses e revelou que traficantes de outros locais iam para a comunidade do Salgueiro se refugiar, de modo a despistar os policiais. De acordo com o delegado, o Salgueiro \u00e9 um local de oculta\u00e7\u00e3o dos traficantes do Complexo do Alem\u00e3o, sempre que a pol\u00edcia investe em opera\u00e7\u00f5es, pois os criminosos das duas comunidades pertencem \u00e0 mesma fac\u00e7\u00e3o.<\/p>\n<blockquote><p>A pol\u00edcia identificou boa parte da quadrilha que exercia atos de viol\u00eancia dentro do complexo do Salgueiro. Segundo o delegado, o que motivou o in\u00edcio da investiga\u00e7\u00e3o foi o relato de moradores que estavam sendo expulsos de suas casas naquela regi\u00e3o. O objetivo agora \u00e9 localizar outros suspeitos de integrar a quadrilha, que est\u00e3o com mandado de pris\u00e3o decretado, e identificar a forma usada pela quadrilha para ocultar o dinheiro obtido com o tr\u00e1fico de drogas. &#8220;Agora n\u00f3s temos uma linha que est\u00e1 identificando im\u00f3veis e ve\u00edculos comprados com o dinheiro do tr\u00e1fico de drogas&#8221;, acrescentou Mendon\u00e7a.<\/p><\/blockquote>\n<p>Dois dos presos eram parentes e comerciantes locais. Eles moravam em uma resid\u00eancia de alto luxo e mantinham contato com Rabic\u00f3 por celular. Segundo Mendon\u00e7a, escutas telef\u00f4nicas revelaram que os dois comerciantes t\u00eam neg\u00f3cios bem lucrativos na regi\u00e3o e prestavam servi\u00e7os para o traficante Rabic\u00f3.<\/p>\n<p>&#8220;A compra de casas foi a mando dele [Rabic\u00f3] para criar fundos falsos para oculta\u00e7\u00e3o de drogas e armas e presta\u00e7\u00e3o de servi\u00e7os, como tamb\u00e9m a compra de joias. Essa fam\u00edlia foi presa n\u00e3o pela venda de drogas ou pelo porte de armas, mas porque prestava outros tipos de servi\u00e7o para o traficante&#8221;, revelou Mendon\u00e7a.<\/p>\n<p>O delegado informou que pedir\u00e1 transfer\u00eancia de Rabic\u00f3 para um pres\u00eddio federal porque &#8220;o sistema penitenci\u00e1rio n\u00e3o est\u00e1 conseguindo fazer com que ele cumpra pena sem se comunicar com sua fac\u00e7\u00e3o&#8221;. Mendon\u00e7a lembrou que Rabic\u00f3 j\u00e1 foi transferido para um pres\u00eddio federal, mas uma ordem judicial determiou sua volta. &#8220;Pretendemos retir\u00e1-lo do estado, pois ele consegue at\u00e9 hoje dar ordens \u00e0 fac\u00e7\u00e3o. Achamos que isso a\u00ed \u00e9 uma medida importante para que, de alguma forma, se atinja o poder desse traficante naquela regi\u00e3o.&#8221;<\/p>\n<p>Todos os presos identificados v\u00e3o responder por tr\u00e1fico e associa\u00e7\u00e3o ao tr\u00e1fico de drogas. A pena ultrapassa 20 anos de pris\u00e3o.<\/p>\n","protected":false},"excerpt":{"rendered":"<p>Policiais da Delegacia de Combate \u00e0s Drogas fizeram uma opera\u00e7\u00e3o para coibir o tr\u00e1fico de drogas na comunidade do Salgueiro, em S\u00e3o Gon\u00e7alo, regi\u00e3o metropolitana do Rio de Janeiro, que resultou na pris\u00e3o de 12 pessoas. O objetivo da a\u00e7\u00e3o posta em pr\u00e1tica nesta segunda-feira 8 e que contou com mais de 150 policiais, era [&hellip;]<\/p>\n","protected":false},"author":2,"featured_media":30661,"comment_status":"open","ping_status":"closed","sticky":false,"template":"","format":"standard","meta":{"_acf_changed":false,"footnotes":""},"categories":[16],"tags":[],"class_list":["post-30660","post","type-post","status-publish","format-standard","has-post-thumbnail","hentry","category-brasil"],"acf":[],"yoast_head":"<!-- This site is optimized with the Yoast SEO plugin v27.2 - https:\/\/yoast.com\/product\/yoast-seo-wordpress\/ -->\n<title>Pol\u00edcia cerca o Salgueiro e prende comparsas de Rabic\u00f3 - Notibras<\/title>\n<meta name=\"robots\" content=\"index, follow, max-snippet:-1, max-image-preview:large, max-video-preview:-1\" \/>\n<link rel=\"canonical\" href=\"https:\/\/www.notibras.com\/site\/policia-cerca-salgueiro-e-prende-comoparsas-de-rabico\/\" \/>\n<meta property=\"og:locale\" content=\"pt_BR\" \/>\n<meta property=\"og:type\" content=\"article\" \/>\n<meta property=\"og:title\" content=\"Pol\u00edcia cerca o Salgueiro e prende comparsas de Rabic\u00f3 - Notibras\" \/>\n<meta property=\"og:description\" content=\"Policiais da Delegacia de Combate \u00e0s Drogas fizeram uma opera\u00e7\u00e3o para coibir o tr\u00e1fico de drogas na comunidade do Salgueiro, em S\u00e3o Gon\u00e7alo, regi\u00e3o metropolitana do Rio de Janeiro, que resultou na pris\u00e3o de 12 pessoas. O objetivo da a\u00e7\u00e3o posta em pr\u00e1tica nesta segunda-feira 8 e que contou com mais de 150 policiais, era [&hellip;]\" \/>\n<meta property=\"og:url\" content=\"https:\/\/www.notibras.com\/site\/policia-cerca-salgueiro-e-prende-comoparsas-de-rabico\/\" \/>\n<meta property=\"og:site_name\" content=\"Notibras\" \/>\n<meta property=\"article:publisher\" content=\"https:\/\/www.facebook.com\/notibras\/\" \/>\n<meta property=\"article:published_time\" content=\"2014-12-09T08:45:14+00:00\" \/>\n<meta property=\"article:modified_time\" content=\"2014-12-10T04:03:01+00:00\" \/>\n<meta property=\"og:image\" content=\"https:\/\/www.notibras.com\/site\/wp-content\/uploads\/2014\/12\/201409251157290.core_.jpg\" \/>\n\t<meta property=\"og:image:width\" content=\"640\" \/>\n\t<meta property=\"og:image:height\" content=\"480\" \/>\n\t<meta property=\"og:image:type\" content=\"image\/jpeg\" \/>\n<meta name=\"author\" content=\"Reda\u00e7\u00e3o\" \/>\n<meta name=\"twitter:card\" content=\"summary_large_image\" \/>\n<meta name=\"twitter:creator\" content=\"@Notibras\" \/>\n<meta name=\"twitter:site\" content=\"@Notibras\" \/>\n<meta name=\"twitter:label1\" content=\"Escrito por\" \/>\n\t<meta name=\"twitter:data1\" content=\"Reda\u00e7\u00e3o\" \/>\n\t<meta name=\"twitter:label2\" content=\"Est. tempo de leitura\" \/>\n\t<meta name=\"twitter:data2\" content=\"3 minutos\" \/>\n<script type=\"application\/ld+json\" class=\"yoast-schema-graph\">{\"@context\":\"https:\/\/schema.org\",\"@graph\":[{\"@type\":\"Article\",\"@id\":\"https:\/\/www.notibras.com\/site\/policia-cerca-salgueiro-e-prende-comoparsas-de-rabico\/#article\",\"isPartOf\":{\"@id\":\"https:\/\/www.notibras.com\/site\/policia-cerca-salgueiro-e-prende-comoparsas-de-rabico\/\"},\"author\":{\"name\":\"Reda\u00e7\u00e3o\",\"@id\":\"https:\/\/www.notibras.com\/site\/#\/schema\/person\/36ab0979449956132d3e5b517ea76ac8\"},\"headline\":\"Pol\u00edcia cerca o Salgueiro e prende comparsas de Rabic\u00f3\",\"datePublished\":\"2014-12-09T08:45:14+00:00\",\"dateModified\":\"2014-12-10T04:03:01+00:00\",\"mainEntityOfPage\":{\"@id\":\"https:\/\/www.notibras.com\/site\/policia-cerca-salgueiro-e-prende-comoparsas-de-rabico\/\"},\"wordCount\":579,\"commentCount\":0,\"publisher\":{\"@id\":\"https:\/\/www.notibras.com\/site\/#organization\"},\"image\":{\"@id\":\"https:\/\/www.notibras.com\/site\/policia-cerca-salgueiro-e-prende-comoparsas-de-rabico\/#primaryimage\"},\"thumbnailUrl\":\"https:\/\/www.notibras.com\/site\/wp-content\/uploads\/2014\/12\/201409251157290.core_.jpg\",\"articleSection\":[\"Brasil\"],\"inLanguage\":\"pt-BR\",\"potentialAction\":[{\"@type\":\"CommentAction\",\"name\":\"Comment\",\"target\":[\"https:\/\/www.notibras.com\/site\/policia-cerca-salgueiro-e-prende-comoparsas-de-rabico\/#respond\"]}]},{\"@type\":\"WebPage\",\"@id\":\"https:\/\/www.notibras.com\/site\/policia-cerca-salgueiro-e-prende-comoparsas-de-rabico\/\",\"url\":\"https:\/\/www.notibras.com\/site\/policia-cerca-salgueiro-e-prende-comoparsas-de-rabico\/\",\"name\":\"Pol\u00edcia cerca o Salgueiro e prende comparsas de Rabic\u00f3 - Notibras\",\"isPartOf\":{\"@id\":\"https:\/\/www.notibras.com\/site\/#website\"},\"primaryImageOfPage\":{\"@id\":\"https:\/\/www.notibras.com\/site\/policia-cerca-salgueiro-e-prende-comoparsas-de-rabico\/#primaryimage\"},\"image\":{\"@id\":\"https:\/\/www.notibras.com\/site\/policia-cerca-salgueiro-e-prende-comoparsas-de-rabico\/#primaryimage\"},\"thumbnailUrl\":\"https:\/\/www.notibras.com\/site\/wp-content\/uploads\/2014\/12\/201409251157290.core_.jpg\",\"datePublished\":\"2014-12-09T08:45:14+00:00\",\"dateModified\":\"2014-12-10T04:03:01+00:00\",\"breadcrumb\":{\"@id\":\"https:\/\/www.notibras.com\/site\/policia-cerca-salgueiro-e-prende-comoparsas-de-rabico\/#breadcrumb\"},\"inLanguage\":\"pt-BR\",\"potentialAction\":[{\"@type\":\"ReadAction\",\"target\":[\"https:\/\/www.notibras.com\/site\/policia-cerca-salgueiro-e-prende-comoparsas-de-rabico\/\"]}]},{\"@type\":\"ImageObject\",\"inLanguage\":\"pt-BR\",\"@id\":\"https:\/\/www.notibras.com\/site\/policia-cerca-salgueiro-e-prende-comoparsas-de-rabico\/#primaryimage\",\"url\":\"https:\/\/www.notibras.com\/site\/wp-content\/uploads\/2014\/12\/201409251157290.core_.jpg\",\"contentUrl\":\"https:\/\/www.notibras.com\/site\/wp-content\/uploads\/2014\/12\/201409251157290.core_.jpg\",\"width\":640,\"height\":480},{\"@type\":\"BreadcrumbList\",\"@id\":\"https:\/\/www.notibras.com\/site\/policia-cerca-salgueiro-e-prende-comoparsas-de-rabico\/#breadcrumb\",\"itemListElement\":[{\"@type\":\"ListItem\",\"position\":1,\"name\":\"In\u00edcio\",\"item\":\"https:\/\/www.notibras.com\/site\/\"},{\"@type\":\"ListItem\",\"position\":2,\"name\":\"Pol\u00edcia cerca o Salgueiro e prende comparsas de Rabic\u00f3\"}]},{\"@type\":\"WebSite\",\"@id\":\"https:\/\/www.notibras.com\/site\/#website\",\"url\":\"https:\/\/www.notibras.com\/site\/\",\"name\":\"Notibras\",\"description\":\"Not\u00edcias de Bras\u00edlia, do Brasil e do Mundo\",\"publisher\":{\"@id\":\"https:\/\/www.notibras.com\/site\/#organization\"},\"potentialAction\":[{\"@type\":\"SearchAction\",\"target\":{\"@type\":\"EntryPoint\",\"urlTemplate\":\"https:\/\/www.notibras.com\/site\/?s={search_term_string}\"},\"query-input\":{\"@type\":\"PropertyValueSpecification\",\"valueRequired\":true,\"valueName\":\"search_term_string\"}}],\"inLanguage\":\"pt-BR\"},{\"@type\":\"Organization\",\"@id\":\"https:\/\/www.notibras.com\/site\/#organization\",\"name\":\"Grupo Notibras de Comunica\u00e7\u00e3o\",\"url\":\"https:\/\/www.notibras.com\/site\/\",\"logo\":{\"@type\":\"ImageObject\",\"inLanguage\":\"pt-BR\",\"@id\":\"https:\/\/www.notibras.com\/site\/#\/schema\/logo\/image\/\",\"url\":\"https:\/\/www.notibras.com\/site\/wp-content\/uploads\/2023\/01\/notibras23.png\",\"contentUrl\":\"https:\/\/www.notibras.com\/site\/wp-content\/uploads\/2023\/01\/notibras23.png\",\"width\":350,\"height\":87,\"caption\":\"Grupo Notibras de Comunica\u00e7\u00e3o\"},\"image\":{\"@id\":\"https:\/\/www.notibras.com\/site\/#\/schema\/logo\/image\/\"},\"sameAs\":[\"https:\/\/www.facebook.com\/notibras\/\",\"https:\/\/x.com\/Notibras\",\"https:\/\/www.instagram.com\/notibras\/\"]},{\"@type\":\"Person\",\"@id\":\"https:\/\/www.notibras.com\/site\/#\/schema\/person\/36ab0979449956132d3e5b517ea76ac8\",\"name\":\"Reda\u00e7\u00e3o\",\"image\":{\"@type\":\"ImageObject\",\"inLanguage\":\"pt-BR\",\"@id\":\"https:\/\/secure.gravatar.com\/avatar\/e0a867bdedb85fd243eadf09663511f96fc81e0720a4a42581f334ad4303aa6b?s=96&d=mm&r=g\",\"url\":\"https:\/\/secure.gravatar.com\/avatar\/e0a867bdedb85fd243eadf09663511f96fc81e0720a4a42581f334ad4303aa6b?s=96&d=mm&r=g\",\"contentUrl\":\"https:\/\/secure.gravatar.com\/avatar\/e0a867bdedb85fd243eadf09663511f96fc81e0720a4a42581f334ad4303aa6b?s=96&d=mm&r=g\",\"caption\":\"Reda\u00e7\u00e3o\"}}]}<\/script>\n<!-- \/ Yoast SEO plugin. -->","yoast_head_json":{"title":"Pol\u00edcia cerca o Salgueiro e prende comparsas de Rabic\u00f3 - Notibras","robots":{"index":"index","follow":"follow","max-snippet":"max-snippet:-1","max-image-preview":"max-image-preview:large","max-video-preview":"max-video-preview:-1"},"canonical":"https:\/\/www.notibras.com\/site\/policia-cerca-salgueiro-e-prende-comoparsas-de-rabico\/","og_locale":"pt_BR","og_type":"article","og_title":"Pol\u00edcia cerca o Salgueiro e prende comparsas de Rabic\u00f3 - Notibras","og_description":"Policiais da Delegacia de Combate \u00e0s Drogas fizeram uma opera\u00e7\u00e3o para coibir o tr\u00e1fico de drogas na comunidade do Salgueiro, em S\u00e3o Gon\u00e7alo, regi\u00e3o metropolitana do Rio de Janeiro, que resultou na pris\u00e3o de 12 pessoas. O objetivo da a\u00e7\u00e3o posta em pr\u00e1tica nesta segunda-feira 8 e que contou com mais de 150 policiais, era [&hellip;]","og_url":"https:\/\/www.notibras.com\/site\/policia-cerca-salgueiro-e-prende-comoparsas-de-rabico\/","og_site_name":"Notibras","article_publisher":"https:\/\/www.facebook.com\/notibras\/","article_published_time":"2014-12-09T08:45:14+00:00","article_modified_time":"2014-12-10T04:03:01+00:00","og_image":[{"width":640,"height":480,"url":"https:\/\/www.notibras.com\/site\/wp-content\/uploads\/2014\/12\/201409251157290.core_.jpg","type":"image\/jpeg"}],"author":"Reda\u00e7\u00e3o","twitter_card":"summary_large_image","twitter_creator":"@Notibras","twitter_site":"@Notibras","twitter_misc":{"Escrito por":"Reda\u00e7\u00e3o","Est. tempo de leitura":"3 minutos"},"schema":{"@context":"https:\/\/schema.org","@graph":[{"@type":"Article","@id":"https:\/\/www.notibras.com\/site\/policia-cerca-salgueiro-e-prende-comoparsas-de-rabico\/#article","isPartOf":{"@id":"https:\/\/www.notibras.com\/site\/policia-cerca-salgueiro-e-prende-comoparsas-de-rabico\/"},"author":{"name":"Reda\u00e7\u00e3o","@id":"https:\/\/www.notibras.com\/site\/#\/schema\/person\/36ab0979449956132d3e5b517ea76ac8"},"headline":"Pol\u00edcia cerca o Salgueiro e prende comparsas de Rabic\u00f3","datePublished":"2014-12-09T08:45:14+00:00","dateModified":"2014-12-10T04:03:01+00:00","mainEntityOfPage":{"@id":"https:\/\/www.notibras.com\/site\/policia-cerca-salgueiro-e-prende-comoparsas-de-rabico\/"},"wordCount":579,"commentCount":0,"publisher":{"@id":"https:\/\/www.notibras.com\/site\/#organization"},"image":{"@id":"https:\/\/www.notibras.com\/site\/policia-cerca-salgueiro-e-prende-comoparsas-de-rabico\/#primaryimage"},"thumbnailUrl":"https:\/\/www.notibras.com\/site\/wp-content\/uploads\/2014\/12\/201409251157290.core_.jpg","articleSection":["Brasil"],"inLanguage":"pt-BR","potentialAction":[{"@type":"CommentAction","name":"Comment","target":["https:\/\/www.notibras.com\/site\/policia-cerca-salgueiro-e-prende-comoparsas-de-rabico\/#respond"]}]},{"@type":"WebPage","@id":"https:\/\/www.notibras.com\/site\/policia-cerca-salgueiro-e-prende-comoparsas-de-rabico\/","url":"https:\/\/www.notibras.com\/site\/policia-cerca-salgueiro-e-prende-comoparsas-de-rabico\/","name":"Pol\u00edcia cerca o Salgueiro e prende comparsas de Rabic\u00f3 - Notibras","isPartOf":{"@id":"https:\/\/www.notibras.com\/site\/#website"},"primaryImageOfPage":{"@id":"https:\/\/www.notibras.com\/site\/policia-cerca-salgueiro-e-prende-comoparsas-de-rabico\/#primaryimage"},"image":{"@id":"https:\/\/www.notibras.com\/site\/policia-cerca-salgueiro-e-prende-comoparsas-de-rabico\/#primaryimage"},"thumbnailUrl":"https:\/\/www.notibras.com\/site\/wp-content\/uploads\/2014\/12\/201409251157290.core_.jpg","datePublished":"2014-12-09T08:45:14+00:00","dateModified":"2014-12-10T04:03:01+00:00","breadcrumb":{"@id":"https:\/\/www.notibras.com\/site\/policia-cerca-salgueiro-e-prende-comoparsas-de-rabico\/#breadcrumb"},"inLanguage":"pt-BR","potentialAction":[{"@type":"ReadAction","target":["https:\/\/www.notibras.com\/site\/policia-cerca-salgueiro-e-prende-comoparsas-de-rabico\/"]}]},{"@type":"ImageObject","inLanguage":"pt-BR","@id":"https:\/\/www.notibras.com\/site\/policia-cerca-salgueiro-e-prende-comoparsas-de-rabico\/#primaryimage","url":"https:\/\/www.notibras.com\/site\/wp-content\/uploads\/2014\/12\/201409251157290.core_.jpg","contentUrl":"https:\/\/www.notibras.com\/site\/wp-content\/uploads\/2014\/12\/201409251157290.core_.jpg","width":640,"height":480},{"@type":"BreadcrumbList","@id":"https:\/\/www.notibras.com\/site\/policia-cerca-salgueiro-e-prende-comoparsas-de-rabico\/#breadcrumb","itemListElement":[{"@type":"ListItem","position":1,"name":"In\u00edcio","item":"https:\/\/www.notibras.com\/site\/"},{"@type":"ListItem","position":2,"name":"Pol\u00edcia cerca o Salgueiro e prende comparsas de Rabic\u00f3"}]},{"@type":"WebSite","@id":"https:\/\/www.notibras.com\/site\/#website","url":"https:\/\/www.notibras.com\/site\/","name":"Notibras","description":"Not\u00edcias de Bras\u00edlia, do Brasil e do Mundo","publisher":{"@id":"https:\/\/www.notibras.com\/site\/#organization"},"potentialAction":[{"@type":"SearchAction","target":{"@type":"EntryPoint","urlTemplate":"https:\/\/www.notibras.com\/site\/?s={search_term_string}"},"query-input":{"@type":"PropertyValueSpecification","valueRequired":true,"valueName":"search_term_string"}}],"inLanguage":"pt-BR"},{"@type":"Organization","@id":"https:\/\/www.notibras.com\/site\/#organization","name":"Grupo Notibras de Comunica\u00e7\u00e3o","url":"https:\/\/www.notibras.com\/site\/","logo":{"@type":"ImageObject","inLanguage":"pt-BR","@id":"https:\/\/www.notibras.com\/site\/#\/schema\/logo\/image\/","url":"https:\/\/www.notibras.com\/site\/wp-content\/uploads\/2023\/01\/notibras23.png","contentUrl":"https:\/\/www.notibras.com\/site\/wp-content\/uploads\/2023\/01\/notibras23.png","width":350,"height":87,"caption":"Grupo Notibras de Comunica\u00e7\u00e3o"},"image":{"@id":"https:\/\/www.notibras.com\/site\/#\/schema\/logo\/image\/"},"sameAs":["https:\/\/www.facebook.com\/notibras\/","https:\/\/x.com\/Notibras","https:\/\/www.instagram.com\/notibras\/"]},{"@type":"Person","@id":"https:\/\/www.notibras.com\/site\/#\/schema\/person\/36ab0979449956132d3e5b517ea76ac8","name":"Reda\u00e7\u00e3o","image":{"@type":"ImageObject","inLanguage":"pt-BR","@id":"https:\/\/secure.gravatar.com\/avatar\/e0a867bdedb85fd243eadf09663511f96fc81e0720a4a42581f334ad4303aa6b?s=96&d=mm&r=g","url":"https:\/\/secure.gravatar.com\/avatar\/e0a867bdedb85fd243eadf09663511f96fc81e0720a4a42581f334ad4303aa6b?s=96&d=mm&r=g","contentUrl":"https:\/\/secure.gravatar.com\/avatar\/e0a867bdedb85fd243eadf09663511f96fc81e0720a4a42581f334ad4303aa6b?s=96&d=mm&r=g","caption":"Reda\u00e7\u00e3o"}}]}},"amp_enabled":true,"_links":{"self":[{"href":"https:\/\/www.notibras.com\/site\/wp-json\/wp\/v2\/posts\/30660","targetHints":{"allow":["GET"]}}],"collection":[{"href":"https:\/\/www.notibras.com\/site\/wp-json\/wp\/v2\/posts"}],"about":[{"href":"https:\/\/www.notibras.com\/site\/wp-json\/wp\/v2\/types\/post"}],"author":[{"embeddable":true,"href":"https:\/\/www.notibras.com\/site\/wp-json\/wp\/v2\/users\/2"}],"replies":[{"embeddable":true,"href":"https:\/\/www.notibras.com\/site\/wp-json\/wp\/v2\/comments?post=30660"}],"version-history":[{"count":0,"href":"https:\/\/www.notibras.com\/site\/wp-json\/wp\/v2\/posts\/30660\/revisions"}],"wp:featuredmedia":[{"embeddable":true,"href":"https:\/\/www.notibras.com\/site\/wp-json\/wp\/v2\/media\/30661"}],"wp:attachment":[{"href":"https:\/\/www.notibras.com\/site\/wp-json\/wp\/v2\/media?parent=30660"}],"wp:term":[{"taxonomy":"category","embeddable":true,"href":"https:\/\/www.notibras.com\/site\/wp-json\/wp\/v2\/categories?post=30660"},{"taxonomy":"post_tag","embeddable":true,"href":"https:\/\/www.notibras.com\/site\/wp-json\/wp\/v2\/tags?post=30660"}],"curies":[{"name":"wp","href":"https:\/\/api.w.org\/{rel}","templated":true}]}}