{"id":306638,"date":"2023-06-10T00:01:05","date_gmt":"2023-06-10T03:01:05","guid":{"rendered":"https:\/\/www.notibras.com\/site\/?p=306638"},"modified":"2023-06-10T07:45:25","modified_gmt":"2023-06-10T10:45:25","slug":"anvisa-revoga-acoes-aplicadas-a-produtos-da-fugini","status":"publish","type":"post","link":"https:\/\/www.notibras.com\/site\/anvisa-revoga-acoes-aplicadas-a-produtos-da-fugini\/","title":{"rendered":"Anvisa revoga a\u00e7\u00f5es aplicadas a produtos da Fugini"},"content":{"rendered":"<p>A Ag\u00eancia Nacional de Vigil\u00e2ncia Sanit\u00e1ria (Anvisa) revogou medidas de fiscaliza\u00e7\u00e3o sanit\u00e1ria abrangendo a empresa Fugini Alimentos Ltda. Localizada na cidade de Monte Alto (SP), a empresa teve seus produtos suspensos em mar\u00e7o deste ano, ap\u00f3s inspe\u00e7\u00e3o sanit\u00e1ria com resultado insatisfat\u00f3rio.<\/p>\n<p>Em abril, ap\u00f3s adequa\u00e7\u00f5es e reformas em seus procedimentos internos, a empresa retomou a produ\u00e7\u00e3o, comercializa\u00e7\u00e3o, distribui\u00e7\u00e3o e o uso de todos os alimentos em estoque, mas a Anvisa manteve a suspens\u00e3o da fabrica\u00e7\u00e3o de produtos com ingredientes alerg\u00eanicos e a distribui\u00e7\u00e3o, comercializa\u00e7\u00e3o e o uso de itens acabados em estoque fabricados at\u00e9 27 de mar\u00e7o deste ano, al\u00e9m de polpas de tomate utilizadas como mat\u00e9ria-prima, fabricadas ou adquiridas at\u00e9 essa data.<\/p>\n<p><strong>Alerg\u00eanicos<\/strong><br \/>\nCom a medida publicada agora, est\u00e1 liberada a fabrica\u00e7\u00e3o de todos os produtos, incluindo aqueles com ingredientes alerg\u00eanicos. Tamb\u00e9m foram autorizadas a comercializa\u00e7\u00e3o, distribui\u00e7\u00e3o e uso de produtos acabados em estoque na f\u00e1brica, produzidos at\u00e9 o dia 27 de mar\u00e7o, e de polpas de tomate utilizadas como mat\u00e9ria-prima, fabricadas ou adquiridas at\u00e9 a mesma data.<\/p>\n<p>A libera\u00e7\u00e3o foi poss\u00edvel, segundo a Anvisa, &#8220;ap\u00f3s an\u00e1lise dos registros do controle de qualidade da empresa e a aus\u00eancia de resultados insatisfat\u00f3rios que representassem risco \u00e0 sa\u00fade do consumidor&#8221;.<\/p>\n<p>Ainda de acordo com a ag\u00eancia, os produtos que tiveram o recolhimento determinado n\u00e3o foram afetados por essa revoga\u00e7\u00e3o e a Anvisa segue monitorando o processo de recolhimento em execu\u00e7\u00e3o pela empresa.<\/p>\n","protected":false},"excerpt":{"rendered":"<p>A Ag\u00eancia Nacional de Vigil\u00e2ncia Sanit\u00e1ria (Anvisa) revogou medidas de fiscaliza\u00e7\u00e3o sanit\u00e1ria abrangendo a empresa Fugini Alimentos Ltda. Localizada na cidade de Monte Alto (SP), a empresa teve seus produtos suspensos em mar\u00e7o deste ano, ap\u00f3s inspe\u00e7\u00e3o sanit\u00e1ria com resultado insatisfat\u00f3rio. Em abril, ap\u00f3s adequa\u00e7\u00f5es e reformas em seus procedimentos internos, a empresa retomou a [&hellip;]<\/p>\n","protected":false},"author":2,"featured_media":302003,"comment_status":"closed","ping_status":"closed","sticky":false,"template":"","format":"standard","meta":{"_acf_changed":false,"footnotes":""},"categories":[161],"tags":[],"class_list":["post-306638","post","type-post","status-publish","format-standard","has-post-thumbnail","hentry","category-quadradinho-em-foco"],"acf":[],"yoast_head":"<!-- This site is optimized with the Yoast SEO plugin v27.2 - https:\/\/yoast.com\/product\/yoast-seo-wordpress\/ -->\n<title>Anvisa revoga a\u00e7\u00f5es aplicadas a produtos da Fugini - Notibras<\/title>\n<meta name=\"robots\" content=\"index, follow, max-snippet:-1, max-image-preview:large, max-video-preview:-1\" \/>\n<link rel=\"canonical\" href=\"https:\/\/www.notibras.com\/site\/anvisa-revoga-acoes-aplicadas-a-produtos-da-fugini\/\" \/>\n<meta property=\"og:locale\" content=\"pt_BR\" \/>\n<meta property=\"og:type\" content=\"article\" \/>\n<meta property=\"og:title\" content=\"Anvisa revoga a\u00e7\u00f5es aplicadas a produtos da Fugini - Notibras\" \/>\n<meta property=\"og:description\" content=\"A Ag\u00eancia Nacional de Vigil\u00e2ncia Sanit\u00e1ria (Anvisa) revogou medidas de fiscaliza\u00e7\u00e3o sanit\u00e1ria abrangendo a empresa Fugini Alimentos Ltda. Localizada na cidade de Monte Alto (SP), a empresa teve seus produtos suspensos em mar\u00e7o deste ano, ap\u00f3s inspe\u00e7\u00e3o sanit\u00e1ria com resultado insatisfat\u00f3rio. Em abril, ap\u00f3s adequa\u00e7\u00f5es e reformas em seus procedimentos internos, a empresa retomou a [&hellip;]\" \/>\n<meta property=\"og:url\" content=\"https:\/\/www.notibras.com\/site\/anvisa-revoga-acoes-aplicadas-a-produtos-da-fugini\/\" \/>\n<meta property=\"og:site_name\" content=\"Notibras\" \/>\n<meta property=\"article:publisher\" content=\"https:\/\/www.facebook.com\/notibras\/\" \/>\n<meta property=\"article:published_time\" content=\"2023-06-10T03:01:05+00:00\" \/>\n<meta property=\"article:modified_time\" content=\"2023-06-10T10:45:25+00:00\" \/>\n<meta property=\"og:image\" content=\"https:\/\/www.notibras.com\/site\/wp-content\/uploads\/2023\/03\/produtos-da-fugini-alimentos-1680127582077_v2_900x506.jpg\" \/>\n\t<meta property=\"og:image:width\" content=\"900\" \/>\n\t<meta property=\"og:image:height\" content=\"506\" \/>\n\t<meta property=\"og:image:type\" content=\"image\/jpeg\" \/>\n<meta name=\"author\" content=\"Reda\u00e7\u00e3o\" \/>\n<meta name=\"twitter:card\" content=\"summary_large_image\" \/>\n<meta name=\"twitter:creator\" content=\"@Notibras\" \/>\n<meta name=\"twitter:site\" content=\"@Notibras\" \/>\n<meta name=\"twitter:label1\" content=\"Escrito por\" \/>\n\t<meta name=\"twitter:data1\" content=\"Reda\u00e7\u00e3o\" \/>\n\t<meta name=\"twitter:label2\" content=\"Est. tempo de leitura\" \/>\n\t<meta name=\"twitter:data2\" content=\"2 minutos\" \/>\n<script type=\"application\/ld+json\" class=\"yoast-schema-graph\">{\"@context\":\"https:\/\/schema.org\",\"@graph\":[{\"@type\":\"Article\",\"@id\":\"https:\/\/www.notibras.com\/site\/anvisa-revoga-acoes-aplicadas-a-produtos-da-fugini\/#article\",\"isPartOf\":{\"@id\":\"https:\/\/www.notibras.com\/site\/anvisa-revoga-acoes-aplicadas-a-produtos-da-fugini\/\"},\"author\":{\"name\":\"Reda\u00e7\u00e3o\",\"@id\":\"https:\/\/www.notibras.com\/site\/#\/schema\/person\/36ab0979449956132d3e5b517ea76ac8\"},\"headline\":\"Anvisa revoga a\u00e7\u00f5es aplicadas a produtos da Fugini\",\"datePublished\":\"2023-06-10T03:01:05+00:00\",\"dateModified\":\"2023-06-10T10:45:25+00:00\",\"mainEntityOfPage\":{\"@id\":\"https:\/\/www.notibras.com\/site\/anvisa-revoga-acoes-aplicadas-a-produtos-da-fugini\/\"},\"wordCount\":280,\"publisher\":{\"@id\":\"https:\/\/www.notibras.com\/site\/#organization\"},\"image\":{\"@id\":\"https:\/\/www.notibras.com\/site\/anvisa-revoga-acoes-aplicadas-a-produtos-da-fugini\/#primaryimage\"},\"thumbnailUrl\":\"https:\/\/www.notibras.com\/site\/wp-content\/uploads\/2023\/03\/produtos-da-fugini-alimentos-1680127582077_v2_900x506.jpg\",\"articleSection\":[\"Quadradinho em Foco\"],\"inLanguage\":\"pt-BR\"},{\"@type\":\"WebPage\",\"@id\":\"https:\/\/www.notibras.com\/site\/anvisa-revoga-acoes-aplicadas-a-produtos-da-fugini\/\",\"url\":\"https:\/\/www.notibras.com\/site\/anvisa-revoga-acoes-aplicadas-a-produtos-da-fugini\/\",\"name\":\"Anvisa revoga a\u00e7\u00f5es aplicadas a produtos da Fugini - Notibras\",\"isPartOf\":{\"@id\":\"https:\/\/www.notibras.com\/site\/#website\"},\"primaryImageOfPage\":{\"@id\":\"https:\/\/www.notibras.com\/site\/anvisa-revoga-acoes-aplicadas-a-produtos-da-fugini\/#primaryimage\"},\"image\":{\"@id\":\"https:\/\/www.notibras.com\/site\/anvisa-revoga-acoes-aplicadas-a-produtos-da-fugini\/#primaryimage\"},\"thumbnailUrl\":\"https:\/\/www.notibras.com\/site\/wp-content\/uploads\/2023\/03\/produtos-da-fugini-alimentos-1680127582077_v2_900x506.jpg\",\"datePublished\":\"2023-06-10T03:01:05+00:00\",\"dateModified\":\"2023-06-10T10:45:25+00:00\",\"breadcrumb\":{\"@id\":\"https:\/\/www.notibras.com\/site\/anvisa-revoga-acoes-aplicadas-a-produtos-da-fugini\/#breadcrumb\"},\"inLanguage\":\"pt-BR\",\"potentialAction\":[{\"@type\":\"ReadAction\",\"target\":[\"https:\/\/www.notibras.com\/site\/anvisa-revoga-acoes-aplicadas-a-produtos-da-fugini\/\"]}]},{\"@type\":\"ImageObject\",\"inLanguage\":\"pt-BR\",\"@id\":\"https:\/\/www.notibras.com\/site\/anvisa-revoga-acoes-aplicadas-a-produtos-da-fugini\/#primaryimage\",\"url\":\"https:\/\/www.notibras.com\/site\/wp-content\/uploads\/2023\/03\/produtos-da-fugini-alimentos-1680127582077_v2_900x506.jpg\",\"contentUrl\":\"https:\/\/www.notibras.com\/site\/wp-content\/uploads\/2023\/03\/produtos-da-fugini-alimentos-1680127582077_v2_900x506.jpg\",\"width\":900,\"height\":506},{\"@type\":\"BreadcrumbList\",\"@id\":\"https:\/\/www.notibras.com\/site\/anvisa-revoga-acoes-aplicadas-a-produtos-da-fugini\/#breadcrumb\",\"itemListElement\":[{\"@type\":\"ListItem\",\"position\":1,\"name\":\"In\u00edcio\",\"item\":\"https:\/\/www.notibras.com\/site\/\"},{\"@type\":\"ListItem\",\"position\":2,\"name\":\"Anvisa revoga a\u00e7\u00f5es aplicadas a produtos da Fugini\"}]},{\"@type\":\"WebSite\",\"@id\":\"https:\/\/www.notibras.com\/site\/#website\",\"url\":\"https:\/\/www.notibras.com\/site\/\",\"name\":\"Notibras\",\"description\":\"Not\u00edcias de Bras\u00edlia, do Brasil e do Mundo\",\"publisher\":{\"@id\":\"https:\/\/www.notibras.com\/site\/#organization\"},\"potentialAction\":[{\"@type\":\"SearchAction\",\"target\":{\"@type\":\"EntryPoint\",\"urlTemplate\":\"https:\/\/www.notibras.com\/site\/?s={search_term_string}\"},\"query-input\":{\"@type\":\"PropertyValueSpecification\",\"valueRequired\":true,\"valueName\":\"search_term_string\"}}],\"inLanguage\":\"pt-BR\"},{\"@type\":\"Organization\",\"@id\":\"https:\/\/www.notibras.com\/site\/#organization\",\"name\":\"Grupo Notibras de Comunica\u00e7\u00e3o\",\"url\":\"https:\/\/www.notibras.com\/site\/\",\"logo\":{\"@type\":\"ImageObject\",\"inLanguage\":\"pt-BR\",\"@id\":\"https:\/\/www.notibras.com\/site\/#\/schema\/logo\/image\/\",\"url\":\"https:\/\/www.notibras.com\/site\/wp-content\/uploads\/2023\/01\/notibras23.png\",\"contentUrl\":\"https:\/\/www.notibras.com\/site\/wp-content\/uploads\/2023\/01\/notibras23.png\",\"width\":350,\"height\":87,\"caption\":\"Grupo Notibras de Comunica\u00e7\u00e3o\"},\"image\":{\"@id\":\"https:\/\/www.notibras.com\/site\/#\/schema\/logo\/image\/\"},\"sameAs\":[\"https:\/\/www.facebook.com\/notibras\/\",\"https:\/\/x.com\/Notibras\",\"https:\/\/www.instagram.com\/notibras\/\"]},{\"@type\":\"Person\",\"@id\":\"https:\/\/www.notibras.com\/site\/#\/schema\/person\/36ab0979449956132d3e5b517ea76ac8\",\"name\":\"Reda\u00e7\u00e3o\",\"image\":{\"@type\":\"ImageObject\",\"inLanguage\":\"pt-BR\",\"@id\":\"https:\/\/secure.gravatar.com\/avatar\/e0a867bdedb85fd243eadf09663511f96fc81e0720a4a42581f334ad4303aa6b?s=96&d=mm&r=g\",\"url\":\"https:\/\/secure.gravatar.com\/avatar\/e0a867bdedb85fd243eadf09663511f96fc81e0720a4a42581f334ad4303aa6b?s=96&d=mm&r=g\",\"contentUrl\":\"https:\/\/secure.gravatar.com\/avatar\/e0a867bdedb85fd243eadf09663511f96fc81e0720a4a42581f334ad4303aa6b?s=96&d=mm&r=g\",\"caption\":\"Reda\u00e7\u00e3o\"}}]}<\/script>\n<!-- \/ Yoast SEO plugin. -->","yoast_head_json":{"title":"Anvisa revoga a\u00e7\u00f5es aplicadas a produtos da Fugini - Notibras","robots":{"index":"index","follow":"follow","max-snippet":"max-snippet:-1","max-image-preview":"max-image-preview:large","max-video-preview":"max-video-preview:-1"},"canonical":"https:\/\/www.notibras.com\/site\/anvisa-revoga-acoes-aplicadas-a-produtos-da-fugini\/","og_locale":"pt_BR","og_type":"article","og_title":"Anvisa revoga a\u00e7\u00f5es aplicadas a produtos da Fugini - Notibras","og_description":"A Ag\u00eancia Nacional de Vigil\u00e2ncia Sanit\u00e1ria (Anvisa) revogou medidas de fiscaliza\u00e7\u00e3o sanit\u00e1ria abrangendo a empresa Fugini Alimentos Ltda. Localizada na cidade de Monte Alto (SP), a empresa teve seus produtos suspensos em mar\u00e7o deste ano, ap\u00f3s inspe\u00e7\u00e3o sanit\u00e1ria com resultado insatisfat\u00f3rio. Em abril, ap\u00f3s adequa\u00e7\u00f5es e reformas em seus procedimentos internos, a empresa retomou a [&hellip;]","og_url":"https:\/\/www.notibras.com\/site\/anvisa-revoga-acoes-aplicadas-a-produtos-da-fugini\/","og_site_name":"Notibras","article_publisher":"https:\/\/www.facebook.com\/notibras\/","article_published_time":"2023-06-10T03:01:05+00:00","article_modified_time":"2023-06-10T10:45:25+00:00","og_image":[{"width":900,"height":506,"url":"https:\/\/www.notibras.com\/site\/wp-content\/uploads\/2023\/03\/produtos-da-fugini-alimentos-1680127582077_v2_900x506.jpg","type":"image\/jpeg"}],"author":"Reda\u00e7\u00e3o","twitter_card":"summary_large_image","twitter_creator":"@Notibras","twitter_site":"@Notibras","twitter_misc":{"Escrito por":"Reda\u00e7\u00e3o","Est. tempo de leitura":"2 minutos"},"schema":{"@context":"https:\/\/schema.org","@graph":[{"@type":"Article","@id":"https:\/\/www.notibras.com\/site\/anvisa-revoga-acoes-aplicadas-a-produtos-da-fugini\/#article","isPartOf":{"@id":"https:\/\/www.notibras.com\/site\/anvisa-revoga-acoes-aplicadas-a-produtos-da-fugini\/"},"author":{"name":"Reda\u00e7\u00e3o","@id":"https:\/\/www.notibras.com\/site\/#\/schema\/person\/36ab0979449956132d3e5b517ea76ac8"},"headline":"Anvisa revoga a\u00e7\u00f5es aplicadas a produtos da Fugini","datePublished":"2023-06-10T03:01:05+00:00","dateModified":"2023-06-10T10:45:25+00:00","mainEntityOfPage":{"@id":"https:\/\/www.notibras.com\/site\/anvisa-revoga-acoes-aplicadas-a-produtos-da-fugini\/"},"wordCount":280,"publisher":{"@id":"https:\/\/www.notibras.com\/site\/#organization"},"image":{"@id":"https:\/\/www.notibras.com\/site\/anvisa-revoga-acoes-aplicadas-a-produtos-da-fugini\/#primaryimage"},"thumbnailUrl":"https:\/\/www.notibras.com\/site\/wp-content\/uploads\/2023\/03\/produtos-da-fugini-alimentos-1680127582077_v2_900x506.jpg","articleSection":["Quadradinho em Foco"],"inLanguage":"pt-BR"},{"@type":"WebPage","@id":"https:\/\/www.notibras.com\/site\/anvisa-revoga-acoes-aplicadas-a-produtos-da-fugini\/","url":"https:\/\/www.notibras.com\/site\/anvisa-revoga-acoes-aplicadas-a-produtos-da-fugini\/","name":"Anvisa revoga a\u00e7\u00f5es aplicadas a produtos da Fugini - Notibras","isPartOf":{"@id":"https:\/\/www.notibras.com\/site\/#website"},"primaryImageOfPage":{"@id":"https:\/\/www.notibras.com\/site\/anvisa-revoga-acoes-aplicadas-a-produtos-da-fugini\/#primaryimage"},"image":{"@id":"https:\/\/www.notibras.com\/site\/anvisa-revoga-acoes-aplicadas-a-produtos-da-fugini\/#primaryimage"},"thumbnailUrl":"https:\/\/www.notibras.com\/site\/wp-content\/uploads\/2023\/03\/produtos-da-fugini-alimentos-1680127582077_v2_900x506.jpg","datePublished":"2023-06-10T03:01:05+00:00","dateModified":"2023-06-10T10:45:25+00:00","breadcrumb":{"@id":"https:\/\/www.notibras.com\/site\/anvisa-revoga-acoes-aplicadas-a-produtos-da-fugini\/#breadcrumb"},"inLanguage":"pt-BR","potentialAction":[{"@type":"ReadAction","target":["https:\/\/www.notibras.com\/site\/anvisa-revoga-acoes-aplicadas-a-produtos-da-fugini\/"]}]},{"@type":"ImageObject","inLanguage":"pt-BR","@id":"https:\/\/www.notibras.com\/site\/anvisa-revoga-acoes-aplicadas-a-produtos-da-fugini\/#primaryimage","url":"https:\/\/www.notibras.com\/site\/wp-content\/uploads\/2023\/03\/produtos-da-fugini-alimentos-1680127582077_v2_900x506.jpg","contentUrl":"https:\/\/www.notibras.com\/site\/wp-content\/uploads\/2023\/03\/produtos-da-fugini-alimentos-1680127582077_v2_900x506.jpg","width":900,"height":506},{"@type":"BreadcrumbList","@id":"https:\/\/www.notibras.com\/site\/anvisa-revoga-acoes-aplicadas-a-produtos-da-fugini\/#breadcrumb","itemListElement":[{"@type":"ListItem","position":1,"name":"In\u00edcio","item":"https:\/\/www.notibras.com\/site\/"},{"@type":"ListItem","position":2,"name":"Anvisa revoga a\u00e7\u00f5es aplicadas a produtos da Fugini"}]},{"@type":"WebSite","@id":"https:\/\/www.notibras.com\/site\/#website","url":"https:\/\/www.notibras.com\/site\/","name":"Notibras","description":"Not\u00edcias de Bras\u00edlia, do Brasil e do Mundo","publisher":{"@id":"https:\/\/www.notibras.com\/site\/#organization"},"potentialAction":[{"@type":"SearchAction","target":{"@type":"EntryPoint","urlTemplate":"https:\/\/www.notibras.com\/site\/?s={search_term_string}"},"query-input":{"@type":"PropertyValueSpecification","valueRequired":true,"valueName":"search_term_string"}}],"inLanguage":"pt-BR"},{"@type":"Organization","@id":"https:\/\/www.notibras.com\/site\/#organization","name":"Grupo Notibras de Comunica\u00e7\u00e3o","url":"https:\/\/www.notibras.com\/site\/","logo":{"@type":"ImageObject","inLanguage":"pt-BR","@id":"https:\/\/www.notibras.com\/site\/#\/schema\/logo\/image\/","url":"https:\/\/www.notibras.com\/site\/wp-content\/uploads\/2023\/01\/notibras23.png","contentUrl":"https:\/\/www.notibras.com\/site\/wp-content\/uploads\/2023\/01\/notibras23.png","width":350,"height":87,"caption":"Grupo Notibras de Comunica\u00e7\u00e3o"},"image":{"@id":"https:\/\/www.notibras.com\/site\/#\/schema\/logo\/image\/"},"sameAs":["https:\/\/www.facebook.com\/notibras\/","https:\/\/x.com\/Notibras","https:\/\/www.instagram.com\/notibras\/"]},{"@type":"Person","@id":"https:\/\/www.notibras.com\/site\/#\/schema\/person\/36ab0979449956132d3e5b517ea76ac8","name":"Reda\u00e7\u00e3o","image":{"@type":"ImageObject","inLanguage":"pt-BR","@id":"https:\/\/secure.gravatar.com\/avatar\/e0a867bdedb85fd243eadf09663511f96fc81e0720a4a42581f334ad4303aa6b?s=96&d=mm&r=g","url":"https:\/\/secure.gravatar.com\/avatar\/e0a867bdedb85fd243eadf09663511f96fc81e0720a4a42581f334ad4303aa6b?s=96&d=mm&r=g","contentUrl":"https:\/\/secure.gravatar.com\/avatar\/e0a867bdedb85fd243eadf09663511f96fc81e0720a4a42581f334ad4303aa6b?s=96&d=mm&r=g","caption":"Reda\u00e7\u00e3o"}}]}},"amp_enabled":true,"_links":{"self":[{"href":"https:\/\/www.notibras.com\/site\/wp-json\/wp\/v2\/posts\/306638","targetHints":{"allow":["GET"]}}],"collection":[{"href":"https:\/\/www.notibras.com\/site\/wp-json\/wp\/v2\/posts"}],"about":[{"href":"https:\/\/www.notibras.com\/site\/wp-json\/wp\/v2\/types\/post"}],"author":[{"embeddable":true,"href":"https:\/\/www.notibras.com\/site\/wp-json\/wp\/v2\/users\/2"}],"replies":[{"embeddable":true,"href":"https:\/\/www.notibras.com\/site\/wp-json\/wp\/v2\/comments?post=306638"}],"version-history":[{"count":1,"href":"https:\/\/www.notibras.com\/site\/wp-json\/wp\/v2\/posts\/306638\/revisions"}],"predecessor-version":[{"id":306639,"href":"https:\/\/www.notibras.com\/site\/wp-json\/wp\/v2\/posts\/306638\/revisions\/306639"}],"wp:featuredmedia":[{"embeddable":true,"href":"https:\/\/www.notibras.com\/site\/wp-json\/wp\/v2\/media\/302003"}],"wp:attachment":[{"href":"https:\/\/www.notibras.com\/site\/wp-json\/wp\/v2\/media?parent=306638"}],"wp:term":[{"taxonomy":"category","embeddable":true,"href":"https:\/\/www.notibras.com\/site\/wp-json\/wp\/v2\/categories?post=306638"},{"taxonomy":"post_tag","embeddable":true,"href":"https:\/\/www.notibras.com\/site\/wp-json\/wp\/v2\/tags?post=306638"}],"curies":[{"name":"wp","href":"https:\/\/api.w.org\/{rel}","templated":true}]}}