{"id":306646,"date":"2023-06-10T00:00:54","date_gmt":"2023-06-10T03:00:54","guid":{"rendered":"https:\/\/www.notibras.com\/site\/?p=306646"},"modified":"2023-06-10T08:02:06","modified_gmt":"2023-06-10T11:02:06","slug":"mais-70-golpistas-vao-sentar-no-banco-dos-reus","status":"publish","type":"post","link":"https:\/\/www.notibras.com\/site\/mais-70-golpistas-vao-sentar-no-banco-dos-reus\/","title":{"rendered":"Mais 70 golpistas v\u00e3o sentar no banco dos r\u00e9us"},"content":{"rendered":"<p>A maioria dos ministros do Supremo Tribunal Federal (STF) votou pelo recebimento de mais um lote de 70 den\u00fancias contra pessoas envolvidas nos atos golpistas de 8 de janeiro de 2023, quando apoiadores do ex-presidente Jair Bolsonaro invadiram e depredaram as sedes dos Tr\u00eas Poderes, em Bras\u00edlia.<\/p>\n<p>Com a nova leva, o Supremo chega a 1.246 den\u00fancias aceitas, das 1.390 apresentadas pela Procuradoria-Geral da Rep\u00fablica (PGR), todas relacionados a dois grupos de infratores: pessoas que participaram diretamente dos atos de vandalismo e aquelas que incitaram o movimento.<\/p>\n<p>No grupo de agora, seis den\u00fancias s\u00e3o relativas a investigados acusados de participa\u00e7\u00e3o direta nos atos. Neste caso, os crimes imputados s\u00e3o mais graves, entre os quais associa\u00e7\u00e3o criminosa armada, tentativa de golpe de Estado, deteriora\u00e7\u00e3o de patrim\u00f4nio tombado e dano qualificado ao patrim\u00f4nio da Uni\u00e3o.<\/p>\n<p><strong>Crimes<\/strong><br \/>\nAs outras 64 den\u00fancias em julgamento s\u00e3o relativas a incitadores dos atos golpistas, sobretudos aqueles que acamparam por semanas em frente ao Quartel-General do Ex\u00e9rcito, em Bras\u00edlia, local em que se pedia abertamente a interven\u00e7\u00e3o militar sobre o resultado da elei\u00e7\u00e3o. Os crimes imputados s\u00e3o de associa\u00e7\u00e3o criminosa e incita\u00e7\u00e3o \u00e0 animosidade das For\u00e7as Armadas contra os poderes constitucionais.<\/p>\n<p>O eventual recebimento de mais essas 70 den\u00fancias relacionadas ao 8 de janeiro est\u00e1 sendo julgado no plen\u00e1rio virtual, em que os ministros tem um per\u00edodo de tempo para registrar o voto no sistema do Supremo, sem delibera\u00e7\u00e3o presencial ou por videoconfer\u00eancia. A sess\u00e3o est\u00e1 marcada para durar at\u00e9 23h59 desta sexta-feira (9).<\/p>\n<p>At\u00e9 o momento, o placar est\u00e1 em 6 a 1. O relator, Alexandre de Moraes, e os ministros Gilmar Mendes, Dias Toffoli, Edson Fachin, Luiz Fux e Rosa Weber votaram pelo recebimento das den\u00fancias, formando a maioria. Nunes Marques votou contra.<\/p>\n<p>Assim como nas seis levas anteriores, a maioria considerou haver ind\u00edcios suficientes para a abertura de a\u00e7\u00e3o penal contra todos os acusados, que dessa maneira passam \u00e0 condi\u00e7\u00e3o de r\u00e9us. Com isso, abre-se uma nova fase de instru\u00e7\u00e3o processual, com oitiva de testemunhas e eventual produ\u00e7\u00e3o de mais provas.<\/p>\n<p>Ap\u00f3s essa nova instru\u00e7\u00e3o, abre-se prazo para manifesta\u00e7\u00e3o final de acusa\u00e7\u00e3o e defesa. Somente ap\u00f3s essa \u00faltima etapa que deve ser julgada, no caso a caso, eventual condena\u00e7\u00e3o dos envolvidos. N\u00e3o h\u00e1 prazo definido para que isso ocorra.<\/p>\n","protected":false},"excerpt":{"rendered":"<p>A maioria dos ministros do Supremo Tribunal Federal (STF) votou pelo recebimento de mais um lote de 70 den\u00fancias contra pessoas envolvidas nos atos golpistas de 8 de janeiro de 2023, quando apoiadores do ex-presidente Jair Bolsonaro invadiram e depredaram as sedes dos Tr\u00eas Poderes, em Bras\u00edlia. Com a nova leva, o Supremo chega a [&hellip;]<\/p>\n","protected":false},"author":2,"featured_media":306647,"comment_status":"closed","ping_status":"closed","sticky":false,"template":"","format":"standard","meta":{"_acf_changed":false,"footnotes":""},"categories":[161],"tags":[],"class_list":["post-306646","post","type-post","status-publish","format-standard","has-post-thumbnail","hentry","category-quadradinho-em-foco"],"acf":[],"yoast_head":"<!-- This site is optimized with the Yoast SEO plugin v27.2 - https:\/\/yoast.com\/product\/yoast-seo-wordpress\/ -->\n<title>Mais 70 golpistas v\u00e3o sentar no banco dos r\u00e9us - Notibras<\/title>\n<meta name=\"robots\" content=\"index, follow, max-snippet:-1, max-image-preview:large, max-video-preview:-1\" \/>\n<link rel=\"canonical\" href=\"https:\/\/www.notibras.com\/site\/mais-70-golpistas-vao-sentar-no-banco-dos-reus\/\" \/>\n<meta property=\"og:locale\" content=\"pt_BR\" \/>\n<meta property=\"og:type\" content=\"article\" \/>\n<meta property=\"og:title\" content=\"Mais 70 golpistas v\u00e3o sentar no banco dos r\u00e9us - Notibras\" \/>\n<meta property=\"og:description\" content=\"A maioria dos ministros do Supremo Tribunal Federal (STF) votou pelo recebimento de mais um lote de 70 den\u00fancias contra pessoas envolvidas nos atos golpistas de 8 de janeiro de 2023, quando apoiadores do ex-presidente Jair Bolsonaro invadiram e depredaram as sedes dos Tr\u00eas Poderes, em Bras\u00edlia. Com a nova leva, o Supremo chega a [&hellip;]\" \/>\n<meta property=\"og:url\" content=\"https:\/\/www.notibras.com\/site\/mais-70-golpistas-vao-sentar-no-banco-dos-reus\/\" \/>\n<meta property=\"og:site_name\" content=\"Notibras\" \/>\n<meta property=\"article:publisher\" content=\"https:\/\/www.facebook.com\/notibras\/\" \/>\n<meta property=\"article:published_time\" content=\"2023-06-10T03:00:54+00:00\" \/>\n<meta property=\"article:modified_time\" content=\"2023-06-10T11:02:06+00:00\" \/>\n<meta property=\"og:image\" content=\"https:\/\/www.notibras.com\/site\/wp-content\/uploads\/2023\/06\/ja_9121.jpg\" \/>\n\t<meta property=\"og:image:width\" content=\"1170\" \/>\n\t<meta property=\"og:image:height\" content=\"700\" \/>\n\t<meta property=\"og:image:type\" content=\"image\/jpeg\" \/>\n<meta name=\"author\" content=\"Reda\u00e7\u00e3o\" \/>\n<meta name=\"twitter:card\" content=\"summary_large_image\" \/>\n<meta name=\"twitter:creator\" content=\"@Notibras\" \/>\n<meta name=\"twitter:site\" content=\"@Notibras\" \/>\n<meta name=\"twitter:label1\" content=\"Escrito por\" \/>\n\t<meta name=\"twitter:data1\" content=\"Reda\u00e7\u00e3o\" \/>\n\t<meta name=\"twitter:label2\" content=\"Est. tempo de leitura\" \/>\n\t<meta name=\"twitter:data2\" content=\"3 minutos\" \/>\n<script type=\"application\/ld+json\" class=\"yoast-schema-graph\">{\"@context\":\"https:\/\/schema.org\",\"@graph\":[{\"@type\":\"Article\",\"@id\":\"https:\/\/www.notibras.com\/site\/mais-70-golpistas-vao-sentar-no-banco-dos-reus\/#article\",\"isPartOf\":{\"@id\":\"https:\/\/www.notibras.com\/site\/mais-70-golpistas-vao-sentar-no-banco-dos-reus\/\"},\"author\":{\"name\":\"Reda\u00e7\u00e3o\",\"@id\":\"https:\/\/www.notibras.com\/site\/#\/schema\/person\/36ab0979449956132d3e5b517ea76ac8\"},\"headline\":\"Mais 70 golpistas v\u00e3o sentar no banco dos r\u00e9us\",\"datePublished\":\"2023-06-10T03:00:54+00:00\",\"dateModified\":\"2023-06-10T11:02:06+00:00\",\"mainEntityOfPage\":{\"@id\":\"https:\/\/www.notibras.com\/site\/mais-70-golpistas-vao-sentar-no-banco-dos-reus\/\"},\"wordCount\":415,\"publisher\":{\"@id\":\"https:\/\/www.notibras.com\/site\/#organization\"},\"image\":{\"@id\":\"https:\/\/www.notibras.com\/site\/mais-70-golpistas-vao-sentar-no-banco-dos-reus\/#primaryimage\"},\"thumbnailUrl\":\"https:\/\/www.notibras.com\/site\/wp-content\/uploads\/2023\/06\/ja_9121.jpg\",\"articleSection\":[\"Quadradinho em Foco\"],\"inLanguage\":\"pt-BR\"},{\"@type\":\"WebPage\",\"@id\":\"https:\/\/www.notibras.com\/site\/mais-70-golpistas-vao-sentar-no-banco-dos-reus\/\",\"url\":\"https:\/\/www.notibras.com\/site\/mais-70-golpistas-vao-sentar-no-banco-dos-reus\/\",\"name\":\"Mais 70 golpistas v\u00e3o sentar no banco dos r\u00e9us - Notibras\",\"isPartOf\":{\"@id\":\"https:\/\/www.notibras.com\/site\/#website\"},\"primaryImageOfPage\":{\"@id\":\"https:\/\/www.notibras.com\/site\/mais-70-golpistas-vao-sentar-no-banco-dos-reus\/#primaryimage\"},\"image\":{\"@id\":\"https:\/\/www.notibras.com\/site\/mais-70-golpistas-vao-sentar-no-banco-dos-reus\/#primaryimage\"},\"thumbnailUrl\":\"https:\/\/www.notibras.com\/site\/wp-content\/uploads\/2023\/06\/ja_9121.jpg\",\"datePublished\":\"2023-06-10T03:00:54+00:00\",\"dateModified\":\"2023-06-10T11:02:06+00:00\",\"breadcrumb\":{\"@id\":\"https:\/\/www.notibras.com\/site\/mais-70-golpistas-vao-sentar-no-banco-dos-reus\/#breadcrumb\"},\"inLanguage\":\"pt-BR\",\"potentialAction\":[{\"@type\":\"ReadAction\",\"target\":[\"https:\/\/www.notibras.com\/site\/mais-70-golpistas-vao-sentar-no-banco-dos-reus\/\"]}]},{\"@type\":\"ImageObject\",\"inLanguage\":\"pt-BR\",\"@id\":\"https:\/\/www.notibras.com\/site\/mais-70-golpistas-vao-sentar-no-banco-dos-reus\/#primaryimage\",\"url\":\"https:\/\/www.notibras.com\/site\/wp-content\/uploads\/2023\/06\/ja_9121.jpg\",\"contentUrl\":\"https:\/\/www.notibras.com\/site\/wp-content\/uploads\/2023\/06\/ja_9121.jpg\",\"width\":1170,\"height\":700,\"caption\":\"Manifestantes fazem ato contra governo no dia 8 de janeiro 2023\"},{\"@type\":\"BreadcrumbList\",\"@id\":\"https:\/\/www.notibras.com\/site\/mais-70-golpistas-vao-sentar-no-banco-dos-reus\/#breadcrumb\",\"itemListElement\":[{\"@type\":\"ListItem\",\"position\":1,\"name\":\"In\u00edcio\",\"item\":\"https:\/\/www.notibras.com\/site\/\"},{\"@type\":\"ListItem\",\"position\":2,\"name\":\"Mais 70 golpistas v\u00e3o sentar no banco dos r\u00e9us\"}]},{\"@type\":\"WebSite\",\"@id\":\"https:\/\/www.notibras.com\/site\/#website\",\"url\":\"https:\/\/www.notibras.com\/site\/\",\"name\":\"Notibras\",\"description\":\"Not\u00edcias de Bras\u00edlia, do Brasil e do Mundo\",\"publisher\":{\"@id\":\"https:\/\/www.notibras.com\/site\/#organization\"},\"potentialAction\":[{\"@type\":\"SearchAction\",\"target\":{\"@type\":\"EntryPoint\",\"urlTemplate\":\"https:\/\/www.notibras.com\/site\/?s={search_term_string}\"},\"query-input\":{\"@type\":\"PropertyValueSpecification\",\"valueRequired\":true,\"valueName\":\"search_term_string\"}}],\"inLanguage\":\"pt-BR\"},{\"@type\":\"Organization\",\"@id\":\"https:\/\/www.notibras.com\/site\/#organization\",\"name\":\"Grupo Notibras de Comunica\u00e7\u00e3o\",\"url\":\"https:\/\/www.notibras.com\/site\/\",\"logo\":{\"@type\":\"ImageObject\",\"inLanguage\":\"pt-BR\",\"@id\":\"https:\/\/www.notibras.com\/site\/#\/schema\/logo\/image\/\",\"url\":\"https:\/\/www.notibras.com\/site\/wp-content\/uploads\/2023\/01\/notibras23.png\",\"contentUrl\":\"https:\/\/www.notibras.com\/site\/wp-content\/uploads\/2023\/01\/notibras23.png\",\"width\":350,\"height\":87,\"caption\":\"Grupo Notibras de Comunica\u00e7\u00e3o\"},\"image\":{\"@id\":\"https:\/\/www.notibras.com\/site\/#\/schema\/logo\/image\/\"},\"sameAs\":[\"https:\/\/www.facebook.com\/notibras\/\",\"https:\/\/x.com\/Notibras\",\"https:\/\/www.instagram.com\/notibras\/\"]},{\"@type\":\"Person\",\"@id\":\"https:\/\/www.notibras.com\/site\/#\/schema\/person\/36ab0979449956132d3e5b517ea76ac8\",\"name\":\"Reda\u00e7\u00e3o\",\"image\":{\"@type\":\"ImageObject\",\"inLanguage\":\"pt-BR\",\"@id\":\"https:\/\/secure.gravatar.com\/avatar\/e0a867bdedb85fd243eadf09663511f96fc81e0720a4a42581f334ad4303aa6b?s=96&d=mm&r=g\",\"url\":\"https:\/\/secure.gravatar.com\/avatar\/e0a867bdedb85fd243eadf09663511f96fc81e0720a4a42581f334ad4303aa6b?s=96&d=mm&r=g\",\"contentUrl\":\"https:\/\/secure.gravatar.com\/avatar\/e0a867bdedb85fd243eadf09663511f96fc81e0720a4a42581f334ad4303aa6b?s=96&d=mm&r=g\",\"caption\":\"Reda\u00e7\u00e3o\"}}]}<\/script>\n<!-- \/ Yoast SEO plugin. -->","yoast_head_json":{"title":"Mais 70 golpistas v\u00e3o sentar no banco dos r\u00e9us - Notibras","robots":{"index":"index","follow":"follow","max-snippet":"max-snippet:-1","max-image-preview":"max-image-preview:large","max-video-preview":"max-video-preview:-1"},"canonical":"https:\/\/www.notibras.com\/site\/mais-70-golpistas-vao-sentar-no-banco-dos-reus\/","og_locale":"pt_BR","og_type":"article","og_title":"Mais 70 golpistas v\u00e3o sentar no banco dos r\u00e9us - Notibras","og_description":"A maioria dos ministros do Supremo Tribunal Federal (STF) votou pelo recebimento de mais um lote de 70 den\u00fancias contra pessoas envolvidas nos atos golpistas de 8 de janeiro de 2023, quando apoiadores do ex-presidente Jair Bolsonaro invadiram e depredaram as sedes dos Tr\u00eas Poderes, em Bras\u00edlia. Com a nova leva, o Supremo chega a [&hellip;]","og_url":"https:\/\/www.notibras.com\/site\/mais-70-golpistas-vao-sentar-no-banco-dos-reus\/","og_site_name":"Notibras","article_publisher":"https:\/\/www.facebook.com\/notibras\/","article_published_time":"2023-06-10T03:00:54+00:00","article_modified_time":"2023-06-10T11:02:06+00:00","og_image":[{"width":1170,"height":700,"url":"https:\/\/www.notibras.com\/site\/wp-content\/uploads\/2023\/06\/ja_9121.jpg","type":"image\/jpeg"}],"author":"Reda\u00e7\u00e3o","twitter_card":"summary_large_image","twitter_creator":"@Notibras","twitter_site":"@Notibras","twitter_misc":{"Escrito por":"Reda\u00e7\u00e3o","Est. tempo de leitura":"3 minutos"},"schema":{"@context":"https:\/\/schema.org","@graph":[{"@type":"Article","@id":"https:\/\/www.notibras.com\/site\/mais-70-golpistas-vao-sentar-no-banco-dos-reus\/#article","isPartOf":{"@id":"https:\/\/www.notibras.com\/site\/mais-70-golpistas-vao-sentar-no-banco-dos-reus\/"},"author":{"name":"Reda\u00e7\u00e3o","@id":"https:\/\/www.notibras.com\/site\/#\/schema\/person\/36ab0979449956132d3e5b517ea76ac8"},"headline":"Mais 70 golpistas v\u00e3o sentar no banco dos r\u00e9us","datePublished":"2023-06-10T03:00:54+00:00","dateModified":"2023-06-10T11:02:06+00:00","mainEntityOfPage":{"@id":"https:\/\/www.notibras.com\/site\/mais-70-golpistas-vao-sentar-no-banco-dos-reus\/"},"wordCount":415,"publisher":{"@id":"https:\/\/www.notibras.com\/site\/#organization"},"image":{"@id":"https:\/\/www.notibras.com\/site\/mais-70-golpistas-vao-sentar-no-banco-dos-reus\/#primaryimage"},"thumbnailUrl":"https:\/\/www.notibras.com\/site\/wp-content\/uploads\/2023\/06\/ja_9121.jpg","articleSection":["Quadradinho em Foco"],"inLanguage":"pt-BR"},{"@type":"WebPage","@id":"https:\/\/www.notibras.com\/site\/mais-70-golpistas-vao-sentar-no-banco-dos-reus\/","url":"https:\/\/www.notibras.com\/site\/mais-70-golpistas-vao-sentar-no-banco-dos-reus\/","name":"Mais 70 golpistas v\u00e3o sentar no banco dos r\u00e9us - Notibras","isPartOf":{"@id":"https:\/\/www.notibras.com\/site\/#website"},"primaryImageOfPage":{"@id":"https:\/\/www.notibras.com\/site\/mais-70-golpistas-vao-sentar-no-banco-dos-reus\/#primaryimage"},"image":{"@id":"https:\/\/www.notibras.com\/site\/mais-70-golpistas-vao-sentar-no-banco-dos-reus\/#primaryimage"},"thumbnailUrl":"https:\/\/www.notibras.com\/site\/wp-content\/uploads\/2023\/06\/ja_9121.jpg","datePublished":"2023-06-10T03:00:54+00:00","dateModified":"2023-06-10T11:02:06+00:00","breadcrumb":{"@id":"https:\/\/www.notibras.com\/site\/mais-70-golpistas-vao-sentar-no-banco-dos-reus\/#breadcrumb"},"inLanguage":"pt-BR","potentialAction":[{"@type":"ReadAction","target":["https:\/\/www.notibras.com\/site\/mais-70-golpistas-vao-sentar-no-banco-dos-reus\/"]}]},{"@type":"ImageObject","inLanguage":"pt-BR","@id":"https:\/\/www.notibras.com\/site\/mais-70-golpistas-vao-sentar-no-banco-dos-reus\/#primaryimage","url":"https:\/\/www.notibras.com\/site\/wp-content\/uploads\/2023\/06\/ja_9121.jpg","contentUrl":"https:\/\/www.notibras.com\/site\/wp-content\/uploads\/2023\/06\/ja_9121.jpg","width":1170,"height":700,"caption":"Manifestantes fazem ato contra governo no dia 8 de janeiro 2023"},{"@type":"BreadcrumbList","@id":"https:\/\/www.notibras.com\/site\/mais-70-golpistas-vao-sentar-no-banco-dos-reus\/#breadcrumb","itemListElement":[{"@type":"ListItem","position":1,"name":"In\u00edcio","item":"https:\/\/www.notibras.com\/site\/"},{"@type":"ListItem","position":2,"name":"Mais 70 golpistas v\u00e3o sentar no banco dos r\u00e9us"}]},{"@type":"WebSite","@id":"https:\/\/www.notibras.com\/site\/#website","url":"https:\/\/www.notibras.com\/site\/","name":"Notibras","description":"Not\u00edcias de Bras\u00edlia, do Brasil e do Mundo","publisher":{"@id":"https:\/\/www.notibras.com\/site\/#organization"},"potentialAction":[{"@type":"SearchAction","target":{"@type":"EntryPoint","urlTemplate":"https:\/\/www.notibras.com\/site\/?s={search_term_string}"},"query-input":{"@type":"PropertyValueSpecification","valueRequired":true,"valueName":"search_term_string"}}],"inLanguage":"pt-BR"},{"@type":"Organization","@id":"https:\/\/www.notibras.com\/site\/#organization","name":"Grupo Notibras de Comunica\u00e7\u00e3o","url":"https:\/\/www.notibras.com\/site\/","logo":{"@type":"ImageObject","inLanguage":"pt-BR","@id":"https:\/\/www.notibras.com\/site\/#\/schema\/logo\/image\/","url":"https:\/\/www.notibras.com\/site\/wp-content\/uploads\/2023\/01\/notibras23.png","contentUrl":"https:\/\/www.notibras.com\/site\/wp-content\/uploads\/2023\/01\/notibras23.png","width":350,"height":87,"caption":"Grupo Notibras de Comunica\u00e7\u00e3o"},"image":{"@id":"https:\/\/www.notibras.com\/site\/#\/schema\/logo\/image\/"},"sameAs":["https:\/\/www.facebook.com\/notibras\/","https:\/\/x.com\/Notibras","https:\/\/www.instagram.com\/notibras\/"]},{"@type":"Person","@id":"https:\/\/www.notibras.com\/site\/#\/schema\/person\/36ab0979449956132d3e5b517ea76ac8","name":"Reda\u00e7\u00e3o","image":{"@type":"ImageObject","inLanguage":"pt-BR","@id":"https:\/\/secure.gravatar.com\/avatar\/e0a867bdedb85fd243eadf09663511f96fc81e0720a4a42581f334ad4303aa6b?s=96&d=mm&r=g","url":"https:\/\/secure.gravatar.com\/avatar\/e0a867bdedb85fd243eadf09663511f96fc81e0720a4a42581f334ad4303aa6b?s=96&d=mm&r=g","contentUrl":"https:\/\/secure.gravatar.com\/avatar\/e0a867bdedb85fd243eadf09663511f96fc81e0720a4a42581f334ad4303aa6b?s=96&d=mm&r=g","caption":"Reda\u00e7\u00e3o"}}]}},"amp_enabled":true,"_links":{"self":[{"href":"https:\/\/www.notibras.com\/site\/wp-json\/wp\/v2\/posts\/306646","targetHints":{"allow":["GET"]}}],"collection":[{"href":"https:\/\/www.notibras.com\/site\/wp-json\/wp\/v2\/posts"}],"about":[{"href":"https:\/\/www.notibras.com\/site\/wp-json\/wp\/v2\/types\/post"}],"author":[{"embeddable":true,"href":"https:\/\/www.notibras.com\/site\/wp-json\/wp\/v2\/users\/2"}],"replies":[{"embeddable":true,"href":"https:\/\/www.notibras.com\/site\/wp-json\/wp\/v2\/comments?post=306646"}],"version-history":[{"count":1,"href":"https:\/\/www.notibras.com\/site\/wp-json\/wp\/v2\/posts\/306646\/revisions"}],"predecessor-version":[{"id":306648,"href":"https:\/\/www.notibras.com\/site\/wp-json\/wp\/v2\/posts\/306646\/revisions\/306648"}],"wp:featuredmedia":[{"embeddable":true,"href":"https:\/\/www.notibras.com\/site\/wp-json\/wp\/v2\/media\/306647"}],"wp:attachment":[{"href":"https:\/\/www.notibras.com\/site\/wp-json\/wp\/v2\/media?parent=306646"}],"wp:term":[{"taxonomy":"category","embeddable":true,"href":"https:\/\/www.notibras.com\/site\/wp-json\/wp\/v2\/categories?post=306646"},{"taxonomy":"post_tag","embeddable":true,"href":"https:\/\/www.notibras.com\/site\/wp-json\/wp\/v2\/tags?post=306646"}],"curies":[{"name":"wp","href":"https:\/\/api.w.org\/{rel}","templated":true}]}}