{"id":306652,"date":"2023-06-10T08:11:46","date_gmt":"2023-06-10T11:11:46","guid":{"rendered":"https:\/\/www.notibras.com\/site\/?p=306652"},"modified":"2023-06-10T08:11:46","modified_gmt":"2023-06-10T11:11:46","slug":"universitarios-disputam-copa-mundial-de-foguetes","status":"publish","type":"post","link":"https:\/\/www.notibras.com\/site\/universitarios-disputam-copa-mundial-de-foguetes\/","title":{"rendered":"Universit\u00e1rios disputam copa mundial de foguetes"},"content":{"rendered":"<p>Cinco equipes formadas por estudantes de universidades p\u00fablicas brasileiras participar\u00e3o da Spaceport America Cup, maior competi\u00e7\u00e3o de foguetes e sat\u00e9lites do mundo. O torneio ser\u00e1 realizado entre os dias 19 e 24 deste m\u00eas, em tr\u00eas cidades do estado do Novo M\u00e9xico, nos Estados Unidos. As institui\u00e7\u00f5es brasileiras representadas s\u00e3o as universidades Federal do Rio de Janeiro (UFRJ), do Estado do Rio de Janeiro (UERJ), Federal de Santa Catarina (UFSC), de S\u00e3o Paulo (USP) e de Bras\u00edlia (UnB).<\/p>\n<p>O evento envolver\u00e1 158 times de 24 pa\u00edses diferentes. A competi\u00e7\u00e3o \u00e9 dividida em 6 categorias, de acordo com o tipo de motor usado (comercial ou desenvolvido pela pr\u00f3pria equipe) e a dist\u00e2ncia alcan\u00e7ada pelo foguete. As equipes Minerva Rockets e Sats (UFRJ), GFRJ (UERJ) e Kosmos Rocketry (UFSC) v\u00e3o competir na categoria de foguetes com motor s\u00f3lido, de desenvolvimento pr\u00f3prio, que chegam a 3 quil\u00f4metros (km) de altura. As equipes Capital Rocket (UnB) e Projeto Jupiter (USP) entram na categoria de foguetes com motor h\u00edbrido\/l\u00edquido, de desenvolvimento pr\u00f3prio, que atingem 3 quil\u00f4metros de altura.<\/p>\n<p>A estudante de Astronomia J\u00falia Siqueira, de 26 anos, \u00e9 a presidente da Minerva Rocket e Sats, da UFRJ, que foi fundada em 2016, e participa da competi\u00e7\u00e3o com o foguete Aurora, de 3 metros e 10 cm, e o nanossat\u00e9lite de experimentos astrobiol\u00f3gicos (MicrobioSat). Segundo J\u00falia, o grupo precisa desenvolver toda a parte da estrutura e dos componentes eletr\u00f4nicos. O processo \u00e9 complexo, mas enche a estudante de orgulho.<\/p>\n<p>\u201cEstudei a vida toda em escola p\u00fablica. Quando eu imaginaria que entraria em uma universidade federal e desenvolveria um foguete? Quando a gente olha assim, de longe, parece algo extremamente dif\u00edcil, muito longe da realidade. Parece que voc\u00ea tem que ser um g\u00eanio para desenvolver. E n\u00e3o, qualquer pessoa que tiver interesse pode chegar l\u00e1, pode aprender e ter a oportunidade de levar o projeto para um cen\u00e1rio mundial e apresentar para as maiores empresas aeroespaciais do mundo. A gente bate de frente com grandes universidades, como MIT, Stanford e Columbia.\u201d.<\/p>\n<p>J\u00falia ressalta que, como a UFRJ n\u00e3o tem curso de engenharia aeroespacial, o grupo acaba sendo multidisciplinar, com pessoas de \u00e1reas que v\u00e3o da administra\u00e7\u00e3o at\u00e9 a eletr\u00f4nica. Para a estudante, este \u00e9 um diferencial na competi\u00e7\u00e3o, assim como a dedica\u00e7\u00e3o dos participantes. Al\u00e9m do desenvolvimento dos foguetes, \u00e9 preciso cuidar da vida pessoal, dos estudos na universidade e de atividades como inicia\u00e7\u00e3o cient\u00edfica e dos est\u00e1gios profissionais. Em meio a essa maratona di\u00e1ria, os estudantes acumulam conhecimentos que transcendem o ambiente acad\u00eamico.<\/p>\n<p>\u201cO que a gente faz ali modifica as pessoas. Para mim, mudou completamente a forma como encaro todas as outras \u00e1reas da minha vida em quest\u00e3o de responsabilidade, compromisso, dedica\u00e7\u00e3o, de ter que me virar, de fazer acontecer. Desenvolver uma tecnologia complexa de forma barata, no dia a dia, dentro da universidade, traz outro panorama do que \u00e9 poss\u00edvel fazer. A gente n\u00e3o faz brinquedo, faz tecnologia de verdade\u201d, afirma a estudante.<\/p>\n","protected":false},"excerpt":{"rendered":"<p>Cinco equipes formadas por estudantes de universidades p\u00fablicas brasileiras participar\u00e3o da Spaceport America Cup, maior competi\u00e7\u00e3o de foguetes e sat\u00e9lites do mundo. O torneio ser\u00e1 realizado entre os dias 19 e 24 deste m\u00eas, em tr\u00eas cidades do estado do Novo M\u00e9xico, nos Estados Unidos. As institui\u00e7\u00f5es brasileiras representadas s\u00e3o as universidades Federal do Rio [&hellip;]<\/p>\n","protected":false},"author":2,"featured_media":306653,"comment_status":"closed","ping_status":"closed","sticky":false,"template":"","format":"standard","meta":{"_acf_changed":false,"footnotes":""},"categories":[161],"tags":[],"class_list":["post-306652","post","type-post","status-publish","format-standard","has-post-thumbnail","hentry","category-quadradinho-em-foco"],"acf":[],"yoast_head":"<!-- This site is optimized with the Yoast SEO plugin v27.2 - https:\/\/yoast.com\/product\/yoast-seo-wordpress\/ -->\n<title>Universit\u00e1rios disputam copa mundial de foguetes - Notibras<\/title>\n<meta name=\"robots\" content=\"index, follow, max-snippet:-1, max-image-preview:large, max-video-preview:-1\" \/>\n<link rel=\"canonical\" href=\"https:\/\/www.notibras.com\/site\/universitarios-disputam-copa-mundial-de-foguetes\/\" \/>\n<meta property=\"og:locale\" content=\"pt_BR\" \/>\n<meta property=\"og:type\" content=\"article\" \/>\n<meta property=\"og:title\" content=\"Universit\u00e1rios disputam copa mundial de foguetes - Notibras\" \/>\n<meta property=\"og:description\" content=\"Cinco equipes formadas por estudantes de universidades p\u00fablicas brasileiras participar\u00e3o da Spaceport America Cup, maior competi\u00e7\u00e3o de foguetes e sat\u00e9lites do mundo. O torneio ser\u00e1 realizado entre os dias 19 e 24 deste m\u00eas, em tr\u00eas cidades do estado do Novo M\u00e9xico, nos Estados Unidos. As institui\u00e7\u00f5es brasileiras representadas s\u00e3o as universidades Federal do Rio [&hellip;]\" \/>\n<meta property=\"og:url\" content=\"https:\/\/www.notibras.com\/site\/universitarios-disputam-copa-mundial-de-foguetes\/\" \/>\n<meta property=\"og:site_name\" content=\"Notibras\" \/>\n<meta property=\"article:publisher\" content=\"https:\/\/www.facebook.com\/notibras\/\" \/>\n<meta property=\"article:published_time\" content=\"2023-06-10T11:11:46+00:00\" \/>\n<meta property=\"og:image\" content=\"https:\/\/www.notibras.com\/site\/wp-content\/uploads\/2023\/06\/img-20230609-wa0005.jpg\" \/>\n\t<meta property=\"og:image:width\" content=\"1170\" \/>\n\t<meta property=\"og:image:height\" content=\"700\" \/>\n\t<meta property=\"og:image:type\" content=\"image\/jpeg\" \/>\n<meta name=\"author\" content=\"Reda\u00e7\u00e3o\" \/>\n<meta name=\"twitter:card\" content=\"summary_large_image\" \/>\n<meta name=\"twitter:creator\" content=\"@Notibras\" \/>\n<meta name=\"twitter:site\" content=\"@Notibras\" \/>\n<meta name=\"twitter:label1\" content=\"Escrito por\" \/>\n\t<meta name=\"twitter:data1\" content=\"Reda\u00e7\u00e3o\" \/>\n\t<meta name=\"twitter:label2\" content=\"Est. tempo de leitura\" \/>\n\t<meta name=\"twitter:data2\" content=\"3 minutos\" \/>\n<script type=\"application\/ld+json\" class=\"yoast-schema-graph\">{\"@context\":\"https:\/\/schema.org\",\"@graph\":[{\"@type\":\"Article\",\"@id\":\"https:\/\/www.notibras.com\/site\/universitarios-disputam-copa-mundial-de-foguetes\/#article\",\"isPartOf\":{\"@id\":\"https:\/\/www.notibras.com\/site\/universitarios-disputam-copa-mundial-de-foguetes\/\"},\"author\":{\"name\":\"Reda\u00e7\u00e3o\",\"@id\":\"https:\/\/www.notibras.com\/site\/#\/schema\/person\/36ab0979449956132d3e5b517ea76ac8\"},\"headline\":\"Universit\u00e1rios disputam copa mundial de foguetes\",\"datePublished\":\"2023-06-10T11:11:46+00:00\",\"mainEntityOfPage\":{\"@id\":\"https:\/\/www.notibras.com\/site\/universitarios-disputam-copa-mundial-de-foguetes\/\"},\"wordCount\":532,\"publisher\":{\"@id\":\"https:\/\/www.notibras.com\/site\/#organization\"},\"image\":{\"@id\":\"https:\/\/www.notibras.com\/site\/universitarios-disputam-copa-mundial-de-foguetes\/#primaryimage\"},\"thumbnailUrl\":\"https:\/\/www.notibras.com\/site\/wp-content\/uploads\/2023\/06\/img-20230609-wa0005.jpg\",\"articleSection\":[\"Quadradinho em Foco\"],\"inLanguage\":\"pt-BR\"},{\"@type\":\"WebPage\",\"@id\":\"https:\/\/www.notibras.com\/site\/universitarios-disputam-copa-mundial-de-foguetes\/\",\"url\":\"https:\/\/www.notibras.com\/site\/universitarios-disputam-copa-mundial-de-foguetes\/\",\"name\":\"Universit\u00e1rios disputam copa mundial de foguetes - Notibras\",\"isPartOf\":{\"@id\":\"https:\/\/www.notibras.com\/site\/#website\"},\"primaryImageOfPage\":{\"@id\":\"https:\/\/www.notibras.com\/site\/universitarios-disputam-copa-mundial-de-foguetes\/#primaryimage\"},\"image\":{\"@id\":\"https:\/\/www.notibras.com\/site\/universitarios-disputam-copa-mundial-de-foguetes\/#primaryimage\"},\"thumbnailUrl\":\"https:\/\/www.notibras.com\/site\/wp-content\/uploads\/2023\/06\/img-20230609-wa0005.jpg\",\"datePublished\":\"2023-06-10T11:11:46+00:00\",\"breadcrumb\":{\"@id\":\"https:\/\/www.notibras.com\/site\/universitarios-disputam-copa-mundial-de-foguetes\/#breadcrumb\"},\"inLanguage\":\"pt-BR\",\"potentialAction\":[{\"@type\":\"ReadAction\",\"target\":[\"https:\/\/www.notibras.com\/site\/universitarios-disputam-copa-mundial-de-foguetes\/\"]}]},{\"@type\":\"ImageObject\",\"inLanguage\":\"pt-BR\",\"@id\":\"https:\/\/www.notibras.com\/site\/universitarios-disputam-copa-mundial-de-foguetes\/#primaryimage\",\"url\":\"https:\/\/www.notibras.com\/site\/wp-content\/uploads\/2023\/06\/img-20230609-wa0005.jpg\",\"contentUrl\":\"https:\/\/www.notibras.com\/site\/wp-content\/uploads\/2023\/06\/img-20230609-wa0005.jpg\",\"width\":1170,\"height\":700},{\"@type\":\"BreadcrumbList\",\"@id\":\"https:\/\/www.notibras.com\/site\/universitarios-disputam-copa-mundial-de-foguetes\/#breadcrumb\",\"itemListElement\":[{\"@type\":\"ListItem\",\"position\":1,\"name\":\"In\u00edcio\",\"item\":\"https:\/\/www.notibras.com\/site\/\"},{\"@type\":\"ListItem\",\"position\":2,\"name\":\"Universit\u00e1rios disputam copa mundial de foguetes\"}]},{\"@type\":\"WebSite\",\"@id\":\"https:\/\/www.notibras.com\/site\/#website\",\"url\":\"https:\/\/www.notibras.com\/site\/\",\"name\":\"Notibras\",\"description\":\"Not\u00edcias de Bras\u00edlia, do Brasil e do Mundo\",\"publisher\":{\"@id\":\"https:\/\/www.notibras.com\/site\/#organization\"},\"potentialAction\":[{\"@type\":\"SearchAction\",\"target\":{\"@type\":\"EntryPoint\",\"urlTemplate\":\"https:\/\/www.notibras.com\/site\/?s={search_term_string}\"},\"query-input\":{\"@type\":\"PropertyValueSpecification\",\"valueRequired\":true,\"valueName\":\"search_term_string\"}}],\"inLanguage\":\"pt-BR\"},{\"@type\":\"Organization\",\"@id\":\"https:\/\/www.notibras.com\/site\/#organization\",\"name\":\"Grupo Notibras de Comunica\u00e7\u00e3o\",\"url\":\"https:\/\/www.notibras.com\/site\/\",\"logo\":{\"@type\":\"ImageObject\",\"inLanguage\":\"pt-BR\",\"@id\":\"https:\/\/www.notibras.com\/site\/#\/schema\/logo\/image\/\",\"url\":\"https:\/\/www.notibras.com\/site\/wp-content\/uploads\/2023\/01\/notibras23.png\",\"contentUrl\":\"https:\/\/www.notibras.com\/site\/wp-content\/uploads\/2023\/01\/notibras23.png\",\"width\":350,\"height\":87,\"caption\":\"Grupo Notibras de Comunica\u00e7\u00e3o\"},\"image\":{\"@id\":\"https:\/\/www.notibras.com\/site\/#\/schema\/logo\/image\/\"},\"sameAs\":[\"https:\/\/www.facebook.com\/notibras\/\",\"https:\/\/x.com\/Notibras\",\"https:\/\/www.instagram.com\/notibras\/\"]},{\"@type\":\"Person\",\"@id\":\"https:\/\/www.notibras.com\/site\/#\/schema\/person\/36ab0979449956132d3e5b517ea76ac8\",\"name\":\"Reda\u00e7\u00e3o\",\"image\":{\"@type\":\"ImageObject\",\"inLanguage\":\"pt-BR\",\"@id\":\"https:\/\/secure.gravatar.com\/avatar\/e0a867bdedb85fd243eadf09663511f96fc81e0720a4a42581f334ad4303aa6b?s=96&d=mm&r=g\",\"url\":\"https:\/\/secure.gravatar.com\/avatar\/e0a867bdedb85fd243eadf09663511f96fc81e0720a4a42581f334ad4303aa6b?s=96&d=mm&r=g\",\"contentUrl\":\"https:\/\/secure.gravatar.com\/avatar\/e0a867bdedb85fd243eadf09663511f96fc81e0720a4a42581f334ad4303aa6b?s=96&d=mm&r=g\",\"caption\":\"Reda\u00e7\u00e3o\"}}]}<\/script>\n<!-- \/ Yoast SEO plugin. -->","yoast_head_json":{"title":"Universit\u00e1rios disputam copa mundial de foguetes - Notibras","robots":{"index":"index","follow":"follow","max-snippet":"max-snippet:-1","max-image-preview":"max-image-preview:large","max-video-preview":"max-video-preview:-1"},"canonical":"https:\/\/www.notibras.com\/site\/universitarios-disputam-copa-mundial-de-foguetes\/","og_locale":"pt_BR","og_type":"article","og_title":"Universit\u00e1rios disputam copa mundial de foguetes - Notibras","og_description":"Cinco equipes formadas por estudantes de universidades p\u00fablicas brasileiras participar\u00e3o da Spaceport America Cup, maior competi\u00e7\u00e3o de foguetes e sat\u00e9lites do mundo. O torneio ser\u00e1 realizado entre os dias 19 e 24 deste m\u00eas, em tr\u00eas cidades do estado do Novo M\u00e9xico, nos Estados Unidos. As institui\u00e7\u00f5es brasileiras representadas s\u00e3o as universidades Federal do Rio [&hellip;]","og_url":"https:\/\/www.notibras.com\/site\/universitarios-disputam-copa-mundial-de-foguetes\/","og_site_name":"Notibras","article_publisher":"https:\/\/www.facebook.com\/notibras\/","article_published_time":"2023-06-10T11:11:46+00:00","og_image":[{"width":1170,"height":700,"url":"https:\/\/www.notibras.com\/site\/wp-content\/uploads\/2023\/06\/img-20230609-wa0005.jpg","type":"image\/jpeg"}],"author":"Reda\u00e7\u00e3o","twitter_card":"summary_large_image","twitter_creator":"@Notibras","twitter_site":"@Notibras","twitter_misc":{"Escrito por":"Reda\u00e7\u00e3o","Est. tempo de leitura":"3 minutos"},"schema":{"@context":"https:\/\/schema.org","@graph":[{"@type":"Article","@id":"https:\/\/www.notibras.com\/site\/universitarios-disputam-copa-mundial-de-foguetes\/#article","isPartOf":{"@id":"https:\/\/www.notibras.com\/site\/universitarios-disputam-copa-mundial-de-foguetes\/"},"author":{"name":"Reda\u00e7\u00e3o","@id":"https:\/\/www.notibras.com\/site\/#\/schema\/person\/36ab0979449956132d3e5b517ea76ac8"},"headline":"Universit\u00e1rios disputam copa mundial de foguetes","datePublished":"2023-06-10T11:11:46+00:00","mainEntityOfPage":{"@id":"https:\/\/www.notibras.com\/site\/universitarios-disputam-copa-mundial-de-foguetes\/"},"wordCount":532,"publisher":{"@id":"https:\/\/www.notibras.com\/site\/#organization"},"image":{"@id":"https:\/\/www.notibras.com\/site\/universitarios-disputam-copa-mundial-de-foguetes\/#primaryimage"},"thumbnailUrl":"https:\/\/www.notibras.com\/site\/wp-content\/uploads\/2023\/06\/img-20230609-wa0005.jpg","articleSection":["Quadradinho em Foco"],"inLanguage":"pt-BR"},{"@type":"WebPage","@id":"https:\/\/www.notibras.com\/site\/universitarios-disputam-copa-mundial-de-foguetes\/","url":"https:\/\/www.notibras.com\/site\/universitarios-disputam-copa-mundial-de-foguetes\/","name":"Universit\u00e1rios disputam copa mundial de foguetes - Notibras","isPartOf":{"@id":"https:\/\/www.notibras.com\/site\/#website"},"primaryImageOfPage":{"@id":"https:\/\/www.notibras.com\/site\/universitarios-disputam-copa-mundial-de-foguetes\/#primaryimage"},"image":{"@id":"https:\/\/www.notibras.com\/site\/universitarios-disputam-copa-mundial-de-foguetes\/#primaryimage"},"thumbnailUrl":"https:\/\/www.notibras.com\/site\/wp-content\/uploads\/2023\/06\/img-20230609-wa0005.jpg","datePublished":"2023-06-10T11:11:46+00:00","breadcrumb":{"@id":"https:\/\/www.notibras.com\/site\/universitarios-disputam-copa-mundial-de-foguetes\/#breadcrumb"},"inLanguage":"pt-BR","potentialAction":[{"@type":"ReadAction","target":["https:\/\/www.notibras.com\/site\/universitarios-disputam-copa-mundial-de-foguetes\/"]}]},{"@type":"ImageObject","inLanguage":"pt-BR","@id":"https:\/\/www.notibras.com\/site\/universitarios-disputam-copa-mundial-de-foguetes\/#primaryimage","url":"https:\/\/www.notibras.com\/site\/wp-content\/uploads\/2023\/06\/img-20230609-wa0005.jpg","contentUrl":"https:\/\/www.notibras.com\/site\/wp-content\/uploads\/2023\/06\/img-20230609-wa0005.jpg","width":1170,"height":700},{"@type":"BreadcrumbList","@id":"https:\/\/www.notibras.com\/site\/universitarios-disputam-copa-mundial-de-foguetes\/#breadcrumb","itemListElement":[{"@type":"ListItem","position":1,"name":"In\u00edcio","item":"https:\/\/www.notibras.com\/site\/"},{"@type":"ListItem","position":2,"name":"Universit\u00e1rios disputam copa mundial de foguetes"}]},{"@type":"WebSite","@id":"https:\/\/www.notibras.com\/site\/#website","url":"https:\/\/www.notibras.com\/site\/","name":"Notibras","description":"Not\u00edcias de Bras\u00edlia, do Brasil e do Mundo","publisher":{"@id":"https:\/\/www.notibras.com\/site\/#organization"},"potentialAction":[{"@type":"SearchAction","target":{"@type":"EntryPoint","urlTemplate":"https:\/\/www.notibras.com\/site\/?s={search_term_string}"},"query-input":{"@type":"PropertyValueSpecification","valueRequired":true,"valueName":"search_term_string"}}],"inLanguage":"pt-BR"},{"@type":"Organization","@id":"https:\/\/www.notibras.com\/site\/#organization","name":"Grupo Notibras de Comunica\u00e7\u00e3o","url":"https:\/\/www.notibras.com\/site\/","logo":{"@type":"ImageObject","inLanguage":"pt-BR","@id":"https:\/\/www.notibras.com\/site\/#\/schema\/logo\/image\/","url":"https:\/\/www.notibras.com\/site\/wp-content\/uploads\/2023\/01\/notibras23.png","contentUrl":"https:\/\/www.notibras.com\/site\/wp-content\/uploads\/2023\/01\/notibras23.png","width":350,"height":87,"caption":"Grupo Notibras de Comunica\u00e7\u00e3o"},"image":{"@id":"https:\/\/www.notibras.com\/site\/#\/schema\/logo\/image\/"},"sameAs":["https:\/\/www.facebook.com\/notibras\/","https:\/\/x.com\/Notibras","https:\/\/www.instagram.com\/notibras\/"]},{"@type":"Person","@id":"https:\/\/www.notibras.com\/site\/#\/schema\/person\/36ab0979449956132d3e5b517ea76ac8","name":"Reda\u00e7\u00e3o","image":{"@type":"ImageObject","inLanguage":"pt-BR","@id":"https:\/\/secure.gravatar.com\/avatar\/e0a867bdedb85fd243eadf09663511f96fc81e0720a4a42581f334ad4303aa6b?s=96&d=mm&r=g","url":"https:\/\/secure.gravatar.com\/avatar\/e0a867bdedb85fd243eadf09663511f96fc81e0720a4a42581f334ad4303aa6b?s=96&d=mm&r=g","contentUrl":"https:\/\/secure.gravatar.com\/avatar\/e0a867bdedb85fd243eadf09663511f96fc81e0720a4a42581f334ad4303aa6b?s=96&d=mm&r=g","caption":"Reda\u00e7\u00e3o"}}]}},"amp_enabled":true,"_links":{"self":[{"href":"https:\/\/www.notibras.com\/site\/wp-json\/wp\/v2\/posts\/306652","targetHints":{"allow":["GET"]}}],"collection":[{"href":"https:\/\/www.notibras.com\/site\/wp-json\/wp\/v2\/posts"}],"about":[{"href":"https:\/\/www.notibras.com\/site\/wp-json\/wp\/v2\/types\/post"}],"author":[{"embeddable":true,"href":"https:\/\/www.notibras.com\/site\/wp-json\/wp\/v2\/users\/2"}],"replies":[{"embeddable":true,"href":"https:\/\/www.notibras.com\/site\/wp-json\/wp\/v2\/comments?post=306652"}],"version-history":[{"count":1,"href":"https:\/\/www.notibras.com\/site\/wp-json\/wp\/v2\/posts\/306652\/revisions"}],"predecessor-version":[{"id":306654,"href":"https:\/\/www.notibras.com\/site\/wp-json\/wp\/v2\/posts\/306652\/revisions\/306654"}],"wp:featuredmedia":[{"embeddable":true,"href":"https:\/\/www.notibras.com\/site\/wp-json\/wp\/v2\/media\/306653"}],"wp:attachment":[{"href":"https:\/\/www.notibras.com\/site\/wp-json\/wp\/v2\/media?parent=306652"}],"wp:term":[{"taxonomy":"category","embeddable":true,"href":"https:\/\/www.notibras.com\/site\/wp-json\/wp\/v2\/categories?post=306652"},{"taxonomy":"post_tag","embeddable":true,"href":"https:\/\/www.notibras.com\/site\/wp-json\/wp\/v2\/tags?post=306652"}],"curies":[{"name":"wp","href":"https:\/\/api.w.org\/{rel}","templated":true}]}}