{"id":30666,"date":"2014-12-09T06:02:49","date_gmt":"2014-12-09T09:02:49","guid":{"rendered":"http:\/\/www.notibras.com\/site\/?p=30666"},"modified":"2014-12-10T10:50:00","modified_gmt":"2014-12-10T13:50:00","slug":"busca-por-mais-alimentos-exige-a-pratica-de-tecnologias-de-producao","status":"publish","type":"post","link":"https:\/\/www.notibras.com\/site\/busca-por-mais-alimentos-exige-a-pratica-de-tecnologias-de-producao\/","title":{"rendered":"Busca por mais alimentos exige o uso de tecnologias de produ\u00e7\u00e3o"},"content":{"rendered":"<p>&#8220;O problema do nosso tempo \u00e9 que o futuro n\u00e3o \u00e9 mais o que costumava ser&#8221;. A afirmativa \u00e9 do fil\u00f3sofo e pensador franc\u00eas Paul Val\u00e9ry.\u00a0 Embora pronunciada no s\u00e9culo passado, a frase \u00e9 mais que oportuna em tempos de mudan\u00e7as r\u00e1pidas e desafios complexos.<\/p>\n<p>Sem planejamento sofisticado, fica cada vez mais dif\u00edcil acompanhar mudan\u00e7as, nas mais variadas dimens\u00f5es, e a evolu\u00e7\u00e3o alucinante do conhecimento em praticamente todos os ramos da atividade humana.<\/p>\n<p>A agricultura, que se tornou um dos pilares da economia brasileira, est\u00e1 no olho desse furac\u00e3o. O Brasil ganhou grande evid\u00eancia como na\u00e7\u00e3o que alcan\u00e7ou sua seguran\u00e7a alimentar em tempo recorde e, mais, se firmou como um importante provedor de alimentos para o mundo. Alcan\u00e7amos posi\u00e7\u00e3o de lideran\u00e7a mundial em gera\u00e7\u00e3o de conhecimento cient\u00edfico e na tradu\u00e7\u00e3o desse conhecimento em inova\u00e7\u00f5es que alavancaram o desenvolvimento no Brasil de uma agricultura genuinamente tropical.<\/p>\n<p>Muito mais ser\u00e1 esperado de n\u00f3s no futuro. A pr\u00f3pria FAO (Organiza\u00e7\u00e3o das Na\u00e7\u00f5es Unidas para Alimenta\u00e7\u00e3o e Agricultura) j\u00e1 cobra um refor\u00e7o do protagonismo brasileiro na produ\u00e7\u00e3o de alimentos, tendo em vista as proje\u00e7\u00f5es de aumento de popula\u00e7\u00e3o e de consumo nas pr\u00f3ximas d\u00e9cadas.<\/p>\n<p>Al\u00e9m disso, diversos estudos e an\u00e1lises mostram que o mundo rural ser\u00e1 desafiado por transforma\u00e7\u00f5es substanciais. A agricultura brasileira precisar\u00e1 demandar \u00e0 pesquisa agropecu\u00e1ria avan\u00e7os em diversifica\u00e7\u00e3o, agrega\u00e7\u00e3o de valor, produtividade, seguran\u00e7a e qualidade, com velocidade e efici\u00eancia superiores \u00e0quelas alcan\u00e7adas no passado.<\/p>\n<p>E, mais, para se garantir a sustentabilidade futura da agricultura &#8211; \u00a0diante das mudan\u00e7as clim\u00e1ticas e da intensifica\u00e7\u00e3o de estresses t\u00e9rmicos, h\u00eddricos e nutricionais previstos &#8211;\u00a0\u00a0ser\u00e3o necess\u00e1rios substanciais avan\u00e7os em diversos campos do conhecimento cient\u00edfico e tecnol\u00f3gico.<\/p>\n<p>O aumento da demanda por alimentos, fibras e bioenergia exigir\u00e1 sofistica\u00e7\u00e3o tecnol\u00f3gica que racionalize o uso da nossa base de recursos naturais (\u00e1gua, solo, biodiversidade, etc) e dos servi\u00e7os ambientais (reciclagem de res\u00edduos, suprimento de \u00e1gua, qualidade da atmosfera, etc) necess\u00e1rios \u00e0 produ\u00e7\u00e3o agropecu\u00e1ria.<\/p>\n<blockquote><p>Os desafios n\u00e3o s\u00e3o triviais, mas conta a nosso favor o fato de que o avan\u00e7o tecnol\u00f3gico, em diversas frentes, \u00e9 impressionante. E, para fazer bom uso de todo o arsenal de ferramentas e tecnologias hoje dispon\u00edveis e em desenvolvimento, o Brasil precisar\u00e1 investir cada vez mais em processos de intelig\u00eancia estrat\u00e9gica. Processos que ampliem a nossa capacidade de antecipar e qualificar riscos, desafios e oportunidades. Que norteiem o fortalecimento das nossas institui\u00e7\u00f5es de pesquisa e inova\u00e7\u00e3o, com capacita\u00e7\u00e3o de recursos humanos e sofistica\u00e7\u00e3o de estrat\u00e9gias, m\u00e9todos e instrumentos que nos permitam continuar competitivos.<\/p><\/blockquote>\n<p>Foi com essa vis\u00e3o que a Embrapa instituiu, em 2013, o sistema Agropensa, que \u00e9 uma plataforma de intelig\u00eancia estrat\u00e9gica dedicada \u00e0 coleta, organiza\u00e7\u00e3o e an\u00e1lise de informa\u00e7\u00f5es relevantes que auxiliem a empresa a produzir conhecimentos e orienta\u00e7\u00f5es para o desenvolvimento tecnol\u00f3gico da agricultura brasileira. Esse sistema opera em rede e busca, em ess\u00eancia, antecipar tend\u00eancias e garantir o ajuste permanente das prioridades de pesquisa e de transfer\u00eancia de tecnologia com vistas \u00e0 inova\u00e7\u00e3o.<\/p>\n<p>Estamos confiantes de que este novo sistema de intelig\u00eancia ampliar\u00e1 enormemente a nossa capacidade de antecipar riscos, oportunidades e desafios.\u00a0 E permitir\u00e1 que a Embrapa e suas organiza\u00e7\u00f5es parceiras aprimorem seu planejamento e sua capacidade de responder, de forma tempestiva e eficiente, \u00e0s necessidades da agricultura e da sociedade brasileira.<\/p>\n<p><strong>Maur\u00edcio Ant\u00f4nio Lopes<\/strong><\/p>\n","protected":false},"excerpt":{"rendered":"<p>&#8220;O problema do nosso tempo \u00e9 que o futuro n\u00e3o \u00e9 mais o que costumava ser&#8221;. A afirmativa \u00e9 do fil\u00f3sofo e pensador franc\u00eas Paul Val\u00e9ry.\u00a0 Embora pronunciada no s\u00e9culo passado, a frase \u00e9 mais que oportuna em tempos de mudan\u00e7as r\u00e1pidas e desafios complexos. Sem planejamento sofisticado, fica cada vez mais dif\u00edcil acompanhar mudan\u00e7as, [&hellip;]<\/p>\n","protected":false},"author":2,"featured_media":30667,"comment_status":"open","ping_status":"closed","sticky":false,"template":"","format":"standard","meta":{"_acf_changed":false,"footnotes":""},"categories":[25],"tags":[],"class_list":["post-30666","post","type-post","status-publish","format-standard","has-post-thumbnail","hentry","category-opina-ai"],"acf":[],"yoast_head":"<!-- This site is optimized with the Yoast SEO plugin v27.2 - https:\/\/yoast.com\/product\/yoast-seo-wordpress\/ -->\n<title>Busca por mais alimentos exige o uso de tecnologias de produ\u00e7\u00e3o - Notibras<\/title>\n<meta name=\"robots\" content=\"index, follow, max-snippet:-1, max-image-preview:large, max-video-preview:-1\" \/>\n<link rel=\"canonical\" href=\"https:\/\/www.notibras.com\/site\/busca-por-mais-alimentos-exige-a-pratica-de-tecnologias-de-producao\/\" \/>\n<meta property=\"og:locale\" content=\"pt_BR\" \/>\n<meta property=\"og:type\" content=\"article\" \/>\n<meta property=\"og:title\" content=\"Busca por mais alimentos exige o uso de tecnologias de produ\u00e7\u00e3o - Notibras\" \/>\n<meta property=\"og:description\" content=\"&#8220;O problema do nosso tempo \u00e9 que o futuro n\u00e3o \u00e9 mais o que costumava ser&#8221;. A afirmativa \u00e9 do fil\u00f3sofo e pensador franc\u00eas Paul Val\u00e9ry.\u00a0 Embora pronunciada no s\u00e9culo passado, a frase \u00e9 mais que oportuna em tempos de mudan\u00e7as r\u00e1pidas e desafios complexos. Sem planejamento sofisticado, fica cada vez mais dif\u00edcil acompanhar mudan\u00e7as, [&hellip;]\" \/>\n<meta property=\"og:url\" content=\"https:\/\/www.notibras.com\/site\/busca-por-mais-alimentos-exige-a-pratica-de-tecnologias-de-producao\/\" \/>\n<meta property=\"og:site_name\" content=\"Notibras\" \/>\n<meta property=\"article:publisher\" content=\"https:\/\/www.facebook.com\/notibras\/\" \/>\n<meta property=\"article:published_time\" content=\"2014-12-09T09:02:49+00:00\" \/>\n<meta property=\"article:modified_time\" content=\"2014-12-10T13:50:00+00:00\" \/>\n<meta property=\"og:image\" content=\"https:\/\/www.notibras.com\/site\/wp-content\/uploads\/2014\/12\/363.jpg\" \/>\n\t<meta property=\"og:image:width\" content=\"448\" \/>\n\t<meta property=\"og:image:height\" content=\"300\" \/>\n\t<meta property=\"og:image:type\" content=\"image\/jpeg\" \/>\n<meta name=\"author\" content=\"Reda\u00e7\u00e3o\" \/>\n<meta name=\"twitter:card\" content=\"summary_large_image\" \/>\n<meta name=\"twitter:creator\" content=\"@Notibras\" \/>\n<meta name=\"twitter:site\" content=\"@Notibras\" \/>\n<meta name=\"twitter:label1\" content=\"Escrito por\" \/>\n\t<meta name=\"twitter:data1\" content=\"Reda\u00e7\u00e3o\" \/>\n\t<meta name=\"twitter:label2\" content=\"Est. tempo de leitura\" \/>\n\t<meta name=\"twitter:data2\" content=\"3 minutos\" \/>\n<script type=\"application\/ld+json\" class=\"yoast-schema-graph\">{\"@context\":\"https:\/\/schema.org\",\"@graph\":[{\"@type\":\"Article\",\"@id\":\"https:\/\/www.notibras.com\/site\/busca-por-mais-alimentos-exige-a-pratica-de-tecnologias-de-producao\/#article\",\"isPartOf\":{\"@id\":\"https:\/\/www.notibras.com\/site\/busca-por-mais-alimentos-exige-a-pratica-de-tecnologias-de-producao\/\"},\"author\":{\"name\":\"Reda\u00e7\u00e3o\",\"@id\":\"https:\/\/www.notibras.com\/site\/#\/schema\/person\/36ab0979449956132d3e5b517ea76ac8\"},\"headline\":\"Busca por mais alimentos exige o uso de tecnologias de produ\u00e7\u00e3o\",\"datePublished\":\"2014-12-09T09:02:49+00:00\",\"dateModified\":\"2014-12-10T13:50:00+00:00\",\"mainEntityOfPage\":{\"@id\":\"https:\/\/www.notibras.com\/site\/busca-por-mais-alimentos-exige-a-pratica-de-tecnologias-de-producao\/\"},\"wordCount\":627,\"commentCount\":0,\"publisher\":{\"@id\":\"https:\/\/www.notibras.com\/site\/#organization\"},\"image\":{\"@id\":\"https:\/\/www.notibras.com\/site\/busca-por-mais-alimentos-exige-a-pratica-de-tecnologias-de-producao\/#primaryimage\"},\"thumbnailUrl\":\"https:\/\/www.notibras.com\/site\/wp-content\/uploads\/2014\/12\/363.jpg\",\"articleSection\":[\"Opina a\u00ed\"],\"inLanguage\":\"pt-BR\",\"potentialAction\":[{\"@type\":\"CommentAction\",\"name\":\"Comment\",\"target\":[\"https:\/\/www.notibras.com\/site\/busca-por-mais-alimentos-exige-a-pratica-de-tecnologias-de-producao\/#respond\"]}]},{\"@type\":\"WebPage\",\"@id\":\"https:\/\/www.notibras.com\/site\/busca-por-mais-alimentos-exige-a-pratica-de-tecnologias-de-producao\/\",\"url\":\"https:\/\/www.notibras.com\/site\/busca-por-mais-alimentos-exige-a-pratica-de-tecnologias-de-producao\/\",\"name\":\"Busca por mais alimentos exige o uso de tecnologias de produ\u00e7\u00e3o - Notibras\",\"isPartOf\":{\"@id\":\"https:\/\/www.notibras.com\/site\/#website\"},\"primaryImageOfPage\":{\"@id\":\"https:\/\/www.notibras.com\/site\/busca-por-mais-alimentos-exige-a-pratica-de-tecnologias-de-producao\/#primaryimage\"},\"image\":{\"@id\":\"https:\/\/www.notibras.com\/site\/busca-por-mais-alimentos-exige-a-pratica-de-tecnologias-de-producao\/#primaryimage\"},\"thumbnailUrl\":\"https:\/\/www.notibras.com\/site\/wp-content\/uploads\/2014\/12\/363.jpg\",\"datePublished\":\"2014-12-09T09:02:49+00:00\",\"dateModified\":\"2014-12-10T13:50:00+00:00\",\"breadcrumb\":{\"@id\":\"https:\/\/www.notibras.com\/site\/busca-por-mais-alimentos-exige-a-pratica-de-tecnologias-de-producao\/#breadcrumb\"},\"inLanguage\":\"pt-BR\",\"potentialAction\":[{\"@type\":\"ReadAction\",\"target\":[\"https:\/\/www.notibras.com\/site\/busca-por-mais-alimentos-exige-a-pratica-de-tecnologias-de-producao\/\"]}]},{\"@type\":\"ImageObject\",\"inLanguage\":\"pt-BR\",\"@id\":\"https:\/\/www.notibras.com\/site\/busca-por-mais-alimentos-exige-a-pratica-de-tecnologias-de-producao\/#primaryimage\",\"url\":\"https:\/\/www.notibras.com\/site\/wp-content\/uploads\/2014\/12\/363.jpg\",\"contentUrl\":\"https:\/\/www.notibras.com\/site\/wp-content\/uploads\/2014\/12\/363.jpg\",\"width\":448,\"height\":300},{\"@type\":\"BreadcrumbList\",\"@id\":\"https:\/\/www.notibras.com\/site\/busca-por-mais-alimentos-exige-a-pratica-de-tecnologias-de-producao\/#breadcrumb\",\"itemListElement\":[{\"@type\":\"ListItem\",\"position\":1,\"name\":\"In\u00edcio\",\"item\":\"https:\/\/www.notibras.com\/site\/\"},{\"@type\":\"ListItem\",\"position\":2,\"name\":\"Busca por mais alimentos exige o uso de tecnologias de produ\u00e7\u00e3o\"}]},{\"@type\":\"WebSite\",\"@id\":\"https:\/\/www.notibras.com\/site\/#website\",\"url\":\"https:\/\/www.notibras.com\/site\/\",\"name\":\"Notibras\",\"description\":\"Not\u00edcias de Bras\u00edlia, do Brasil e do Mundo\",\"publisher\":{\"@id\":\"https:\/\/www.notibras.com\/site\/#organization\"},\"potentialAction\":[{\"@type\":\"SearchAction\",\"target\":{\"@type\":\"EntryPoint\",\"urlTemplate\":\"https:\/\/www.notibras.com\/site\/?s={search_term_string}\"},\"query-input\":{\"@type\":\"PropertyValueSpecification\",\"valueRequired\":true,\"valueName\":\"search_term_string\"}}],\"inLanguage\":\"pt-BR\"},{\"@type\":\"Organization\",\"@id\":\"https:\/\/www.notibras.com\/site\/#organization\",\"name\":\"Grupo Notibras de Comunica\u00e7\u00e3o\",\"url\":\"https:\/\/www.notibras.com\/site\/\",\"logo\":{\"@type\":\"ImageObject\",\"inLanguage\":\"pt-BR\",\"@id\":\"https:\/\/www.notibras.com\/site\/#\/schema\/logo\/image\/\",\"url\":\"https:\/\/www.notibras.com\/site\/wp-content\/uploads\/2023\/01\/notibras23.png\",\"contentUrl\":\"https:\/\/www.notibras.com\/site\/wp-content\/uploads\/2023\/01\/notibras23.png\",\"width\":350,\"height\":87,\"caption\":\"Grupo Notibras de Comunica\u00e7\u00e3o\"},\"image\":{\"@id\":\"https:\/\/www.notibras.com\/site\/#\/schema\/logo\/image\/\"},\"sameAs\":[\"https:\/\/www.facebook.com\/notibras\/\",\"https:\/\/x.com\/Notibras\",\"https:\/\/www.instagram.com\/notibras\/\"]},{\"@type\":\"Person\",\"@id\":\"https:\/\/www.notibras.com\/site\/#\/schema\/person\/36ab0979449956132d3e5b517ea76ac8\",\"name\":\"Reda\u00e7\u00e3o\",\"image\":{\"@type\":\"ImageObject\",\"inLanguage\":\"pt-BR\",\"@id\":\"https:\/\/secure.gravatar.com\/avatar\/e0a867bdedb85fd243eadf09663511f96fc81e0720a4a42581f334ad4303aa6b?s=96&d=mm&r=g\",\"url\":\"https:\/\/secure.gravatar.com\/avatar\/e0a867bdedb85fd243eadf09663511f96fc81e0720a4a42581f334ad4303aa6b?s=96&d=mm&r=g\",\"contentUrl\":\"https:\/\/secure.gravatar.com\/avatar\/e0a867bdedb85fd243eadf09663511f96fc81e0720a4a42581f334ad4303aa6b?s=96&d=mm&r=g\",\"caption\":\"Reda\u00e7\u00e3o\"}}]}<\/script>\n<!-- \/ Yoast SEO plugin. -->","yoast_head_json":{"title":"Busca por mais alimentos exige o uso de tecnologias de produ\u00e7\u00e3o - Notibras","robots":{"index":"index","follow":"follow","max-snippet":"max-snippet:-1","max-image-preview":"max-image-preview:large","max-video-preview":"max-video-preview:-1"},"canonical":"https:\/\/www.notibras.com\/site\/busca-por-mais-alimentos-exige-a-pratica-de-tecnologias-de-producao\/","og_locale":"pt_BR","og_type":"article","og_title":"Busca por mais alimentos exige o uso de tecnologias de produ\u00e7\u00e3o - Notibras","og_description":"&#8220;O problema do nosso tempo \u00e9 que o futuro n\u00e3o \u00e9 mais o que costumava ser&#8221;. A afirmativa \u00e9 do fil\u00f3sofo e pensador franc\u00eas Paul Val\u00e9ry.\u00a0 Embora pronunciada no s\u00e9culo passado, a frase \u00e9 mais que oportuna em tempos de mudan\u00e7as r\u00e1pidas e desafios complexos. Sem planejamento sofisticado, fica cada vez mais dif\u00edcil acompanhar mudan\u00e7as, [&hellip;]","og_url":"https:\/\/www.notibras.com\/site\/busca-por-mais-alimentos-exige-a-pratica-de-tecnologias-de-producao\/","og_site_name":"Notibras","article_publisher":"https:\/\/www.facebook.com\/notibras\/","article_published_time":"2014-12-09T09:02:49+00:00","article_modified_time":"2014-12-10T13:50:00+00:00","og_image":[{"width":448,"height":300,"url":"https:\/\/www.notibras.com\/site\/wp-content\/uploads\/2014\/12\/363.jpg","type":"image\/jpeg"}],"author":"Reda\u00e7\u00e3o","twitter_card":"summary_large_image","twitter_creator":"@Notibras","twitter_site":"@Notibras","twitter_misc":{"Escrito por":"Reda\u00e7\u00e3o","Est. tempo de leitura":"3 minutos"},"schema":{"@context":"https:\/\/schema.org","@graph":[{"@type":"Article","@id":"https:\/\/www.notibras.com\/site\/busca-por-mais-alimentos-exige-a-pratica-de-tecnologias-de-producao\/#article","isPartOf":{"@id":"https:\/\/www.notibras.com\/site\/busca-por-mais-alimentos-exige-a-pratica-de-tecnologias-de-producao\/"},"author":{"name":"Reda\u00e7\u00e3o","@id":"https:\/\/www.notibras.com\/site\/#\/schema\/person\/36ab0979449956132d3e5b517ea76ac8"},"headline":"Busca por mais alimentos exige o uso de tecnologias de produ\u00e7\u00e3o","datePublished":"2014-12-09T09:02:49+00:00","dateModified":"2014-12-10T13:50:00+00:00","mainEntityOfPage":{"@id":"https:\/\/www.notibras.com\/site\/busca-por-mais-alimentos-exige-a-pratica-de-tecnologias-de-producao\/"},"wordCount":627,"commentCount":0,"publisher":{"@id":"https:\/\/www.notibras.com\/site\/#organization"},"image":{"@id":"https:\/\/www.notibras.com\/site\/busca-por-mais-alimentos-exige-a-pratica-de-tecnologias-de-producao\/#primaryimage"},"thumbnailUrl":"https:\/\/www.notibras.com\/site\/wp-content\/uploads\/2014\/12\/363.jpg","articleSection":["Opina a\u00ed"],"inLanguage":"pt-BR","potentialAction":[{"@type":"CommentAction","name":"Comment","target":["https:\/\/www.notibras.com\/site\/busca-por-mais-alimentos-exige-a-pratica-de-tecnologias-de-producao\/#respond"]}]},{"@type":"WebPage","@id":"https:\/\/www.notibras.com\/site\/busca-por-mais-alimentos-exige-a-pratica-de-tecnologias-de-producao\/","url":"https:\/\/www.notibras.com\/site\/busca-por-mais-alimentos-exige-a-pratica-de-tecnologias-de-producao\/","name":"Busca por mais alimentos exige o uso de tecnologias de produ\u00e7\u00e3o - Notibras","isPartOf":{"@id":"https:\/\/www.notibras.com\/site\/#website"},"primaryImageOfPage":{"@id":"https:\/\/www.notibras.com\/site\/busca-por-mais-alimentos-exige-a-pratica-de-tecnologias-de-producao\/#primaryimage"},"image":{"@id":"https:\/\/www.notibras.com\/site\/busca-por-mais-alimentos-exige-a-pratica-de-tecnologias-de-producao\/#primaryimage"},"thumbnailUrl":"https:\/\/www.notibras.com\/site\/wp-content\/uploads\/2014\/12\/363.jpg","datePublished":"2014-12-09T09:02:49+00:00","dateModified":"2014-12-10T13:50:00+00:00","breadcrumb":{"@id":"https:\/\/www.notibras.com\/site\/busca-por-mais-alimentos-exige-a-pratica-de-tecnologias-de-producao\/#breadcrumb"},"inLanguage":"pt-BR","potentialAction":[{"@type":"ReadAction","target":["https:\/\/www.notibras.com\/site\/busca-por-mais-alimentos-exige-a-pratica-de-tecnologias-de-producao\/"]}]},{"@type":"ImageObject","inLanguage":"pt-BR","@id":"https:\/\/www.notibras.com\/site\/busca-por-mais-alimentos-exige-a-pratica-de-tecnologias-de-producao\/#primaryimage","url":"https:\/\/www.notibras.com\/site\/wp-content\/uploads\/2014\/12\/363.jpg","contentUrl":"https:\/\/www.notibras.com\/site\/wp-content\/uploads\/2014\/12\/363.jpg","width":448,"height":300},{"@type":"BreadcrumbList","@id":"https:\/\/www.notibras.com\/site\/busca-por-mais-alimentos-exige-a-pratica-de-tecnologias-de-producao\/#breadcrumb","itemListElement":[{"@type":"ListItem","position":1,"name":"In\u00edcio","item":"https:\/\/www.notibras.com\/site\/"},{"@type":"ListItem","position":2,"name":"Busca por mais alimentos exige o uso de tecnologias de produ\u00e7\u00e3o"}]},{"@type":"WebSite","@id":"https:\/\/www.notibras.com\/site\/#website","url":"https:\/\/www.notibras.com\/site\/","name":"Notibras","description":"Not\u00edcias de Bras\u00edlia, do Brasil e do Mundo","publisher":{"@id":"https:\/\/www.notibras.com\/site\/#organization"},"potentialAction":[{"@type":"SearchAction","target":{"@type":"EntryPoint","urlTemplate":"https:\/\/www.notibras.com\/site\/?s={search_term_string}"},"query-input":{"@type":"PropertyValueSpecification","valueRequired":true,"valueName":"search_term_string"}}],"inLanguage":"pt-BR"},{"@type":"Organization","@id":"https:\/\/www.notibras.com\/site\/#organization","name":"Grupo Notibras de Comunica\u00e7\u00e3o","url":"https:\/\/www.notibras.com\/site\/","logo":{"@type":"ImageObject","inLanguage":"pt-BR","@id":"https:\/\/www.notibras.com\/site\/#\/schema\/logo\/image\/","url":"https:\/\/www.notibras.com\/site\/wp-content\/uploads\/2023\/01\/notibras23.png","contentUrl":"https:\/\/www.notibras.com\/site\/wp-content\/uploads\/2023\/01\/notibras23.png","width":350,"height":87,"caption":"Grupo Notibras de Comunica\u00e7\u00e3o"},"image":{"@id":"https:\/\/www.notibras.com\/site\/#\/schema\/logo\/image\/"},"sameAs":["https:\/\/www.facebook.com\/notibras\/","https:\/\/x.com\/Notibras","https:\/\/www.instagram.com\/notibras\/"]},{"@type":"Person","@id":"https:\/\/www.notibras.com\/site\/#\/schema\/person\/36ab0979449956132d3e5b517ea76ac8","name":"Reda\u00e7\u00e3o","image":{"@type":"ImageObject","inLanguage":"pt-BR","@id":"https:\/\/secure.gravatar.com\/avatar\/e0a867bdedb85fd243eadf09663511f96fc81e0720a4a42581f334ad4303aa6b?s=96&d=mm&r=g","url":"https:\/\/secure.gravatar.com\/avatar\/e0a867bdedb85fd243eadf09663511f96fc81e0720a4a42581f334ad4303aa6b?s=96&d=mm&r=g","contentUrl":"https:\/\/secure.gravatar.com\/avatar\/e0a867bdedb85fd243eadf09663511f96fc81e0720a4a42581f334ad4303aa6b?s=96&d=mm&r=g","caption":"Reda\u00e7\u00e3o"}}]}},"amp_enabled":true,"_links":{"self":[{"href":"https:\/\/www.notibras.com\/site\/wp-json\/wp\/v2\/posts\/30666","targetHints":{"allow":["GET"]}}],"collection":[{"href":"https:\/\/www.notibras.com\/site\/wp-json\/wp\/v2\/posts"}],"about":[{"href":"https:\/\/www.notibras.com\/site\/wp-json\/wp\/v2\/types\/post"}],"author":[{"embeddable":true,"href":"https:\/\/www.notibras.com\/site\/wp-json\/wp\/v2\/users\/2"}],"replies":[{"embeddable":true,"href":"https:\/\/www.notibras.com\/site\/wp-json\/wp\/v2\/comments?post=30666"}],"version-history":[{"count":0,"href":"https:\/\/www.notibras.com\/site\/wp-json\/wp\/v2\/posts\/30666\/revisions"}],"wp:featuredmedia":[{"embeddable":true,"href":"https:\/\/www.notibras.com\/site\/wp-json\/wp\/v2\/media\/30667"}],"wp:attachment":[{"href":"https:\/\/www.notibras.com\/site\/wp-json\/wp\/v2\/media?parent=30666"}],"wp:term":[{"taxonomy":"category","embeddable":true,"href":"https:\/\/www.notibras.com\/site\/wp-json\/wp\/v2\/categories?post=30666"},{"taxonomy":"post_tag","embeddable":true,"href":"https:\/\/www.notibras.com\/site\/wp-json\/wp\/v2\/tags?post=30666"}],"curies":[{"name":"wp","href":"https:\/\/api.w.org\/{rel}","templated":true}]}}