{"id":306675,"date":"2023-06-11T06:49:37","date_gmt":"2023-06-11T09:49:37","guid":{"rendered":"https:\/\/www.notibras.com\/site\/?p=306675"},"modified":"2023-06-11T20:19:24","modified_gmt":"2023-06-11T23:19:24","slug":"luiz-estevao-obrigado-a-pagar-800-mi-por-atos-de-corrupcao","status":"publish","type":"post","link":"https:\/\/www.notibras.com\/site\/luiz-estevao-obrigado-a-pagar-800-mi-por-atos-de-corrupcao\/","title":{"rendered":"Luiz Est\u00eav\u00e3o obrigado a pagar 800 mi por corrup\u00e7\u00e3o"},"content":{"rendered":"<p>A Advocacia-Geral da Uni\u00e3o (AGU) retomar\u00e1 a execu\u00e7\u00e3o da d\u00edvida de mais de R$ 800 milh\u00f5es do Grupo OK Constru\u00e7\u00f5es e Incorpora\u00e7\u00f5es S\/A, comandado pelo empres\u00e1rio e ex-senador Luiz Estev\u00e3o de Oliveira Neto. A d\u00edvida \u00e9 relativa \u00e0 condena\u00e7\u00e3o do grupo empresarial pelo Tribunal de Contas da Uni\u00e3o (TCU), por desvio de recursos p\u00fablicos durante a constru\u00e7\u00e3o do Tribunal Regional do Trabalho (TRT) de S\u00e3o Paulo.<\/p>\n<p>O caso das fraudes na constru\u00e7\u00e3o do TRT paulista estava parado na Justi\u00e7a Federal havia seis anos. Mas, em sess\u00e3o de julgamento na segunda-feira (5), a 8\u00aa Turma do Tribunal Regional Federal da 1\u00aa Regi\u00e3o (TRF1) rejeitou por unanimidade a apela\u00e7\u00e3o do Grupo OK.<\/p>\n<p>O grupo empresarial pretendia obrigar a Uni\u00e3o a inscrever o cr\u00e9dito em d\u00edvida ativa e inclu\u00ed-la em um programa de refinanciamento de cr\u00e9ditos tribut\u00e1rios de autarquias federais. Por\u00e9m, os ju\u00edzes da 8\u00aa Turma do TRF1 acolheram os argumentos da AGU de que a condena\u00e7\u00e3o do TCU tem natureza jur\u00eddica de cr\u00e9dito n\u00e3o tribut\u00e1rio e n\u00e3o demandam obrigatoriamente inscri\u00e7\u00e3o em d\u00edvida ativa.<\/p>\n<p>O TRF1 tamb\u00e9m entendeu que h\u00e1 impossibilidade jur\u00eddica de combina\u00e7\u00e3o de diversas leis de parcelamento tribut\u00e1rio para criar hip\u00f3tese n\u00e3o prevista de inclus\u00e3o de cr\u00e9ditos da Uni\u00e3o, em programa de parcelamento fiscal espec\u00edfico de autarquias federais.<\/p>\n<p>Com a decis\u00e3o desta semana favor\u00e1vel \u00e0 AGU, perde os efeitos a decis\u00e3o cautelar que desde 2017 paralisava a execu\u00e7\u00e3o da d\u00edvida e a efetiva devolu\u00e7\u00e3o aos cofres p\u00fablicos dos valores desviados. Agora, a Uni\u00e3o poder\u00e1 receber R$ 112 milh\u00f5es depositados em ju\u00edzo pela penhora de alugu\u00e9is que eram pagos ao Grupo OK, por im\u00f3veis alugados para \u00f3rg\u00e3os e autarquias federais, em Bras\u00edlia.<\/p>\n<p>Outra medida em estudo pela AGU para recuperar o valor restante da d\u00edvida \u00e9 a adjudica\u00e7\u00e3o de im\u00f3veis do Grupo OK que estejam penhorados e sejam de interesse da Secretaria de Patrim\u00f4nio da Uni\u00e3o (SPU). A adjudica\u00e7\u00e3o de im\u00f3veis pode ser solicitada quando h\u00e1 uma d\u00edvida em aberto, e o credor, no caso a Uni\u00e3o, recorre a esse ato judicial para assegurar o pagamento do que lhe \u00e9 devido.<\/p>\n<p><strong>Morosidade<\/strong><br \/>\nO julgamento no TRF1 ocorreu ap\u00f3s a AGU ingressar com representa\u00e7\u00e3o no Conselho Nacional de Justi\u00e7a (CNJ) contra a demora no julgamento do caso, por parte de dois desembargadores do TRF da 1\u00aa Regi\u00e3o, pois n\u00e3o havia qualquer previs\u00e3o de continuidade do julgamento.<\/p>\n<p>No texto da representa\u00e7\u00e3o, a AGU frisa que \u201cas condutas caracterizaram m\u00e1-f\u00e9 processual, visto que o Grupo OK descumpriu acordo judicial firmado para o pagamento da d\u00edvida, uma vez que [este] continha cl\u00e1usula expressa de ren\u00fancia \u00e0 inser\u00e7\u00e3o do d\u00e9bito em d\u00edvida ativa\u201d.<\/p>\n<p>Em maio, a representa\u00e7\u00e3o por excesso de prazo foi parcialmente acolhida pelo corregedor nacional de Justi\u00e7a, o ministro do Superior Tribunal de Justi\u00e7a Luis Felipe Salom\u00e3o. Com base em representa\u00e7\u00e3o da AGU, o corregedor nacional determinou \u00e0 Corregedoria-Geral da Justi\u00e7a Federal que apurasse eventual morosidade injustificada na an\u00e1lise do processo que discute o pagamento de d\u00edvida.<\/p>\n<p>O coordenador regional de Recupera\u00e7\u00e3o de Ativos da Procuradoria-Regional da Uni\u00e3o na 1\u00aa Regi\u00e3o, da AGU, Marcio Scarpim de Souza, avalia a decis\u00e3o do TRF1, ap\u00f3s a espera de seis anos. \u201cEste caso \u00e9 de grande relev\u00e2ncia para a AGU, tanto pela dimens\u00e3o econ\u00f4mica quanto pela necessidade de respostas das institui\u00e7\u00f5es diante de grandes esc\u00e2ndalos de corrup\u00e7\u00e3o e fraudes em obras p\u00fablicas de grande vulto.\u201d<\/p>\n<p><strong>O caso<\/strong><br \/>\nAs fraudes na constru\u00e7\u00e3o do f\u00f3rum trabalhista de S\u00e3o Paulo surgiram de esquema entre a Incal Incorpora\u00e7\u00f5es, ligada ao empres\u00e1rio F\u00e1bio Monteiro de Barros, e o Grupo OK, de Luiz Estev\u00e3o, para participar da licita\u00e7\u00e3o, aberta em 1992 pelo ent\u00e3o presidente do Tribunal Regional do Trabalho da 2\u00aa Regi\u00e3o, juiz Nicolau dos Santos Neto, morto em 2020.<\/p>\n<p>De acordo com o Minist\u00e9rio P\u00fablico Federal, eles cometeram uma s\u00e9rie de irregularidades, como superfaturamento de materiais, pagamentos adiantados e transfer\u00eancias il\u00edcitas para contas banc\u00e1rias, no Brasil e no exterior.<\/p>\n<p><strong>Outro lado<\/strong><br \/>\nProcurado, o empres\u00e1rio Luiz Estev\u00e3o afirmou que a d\u00edvida j\u00e1 est\u00e1 paga, pois o valor retido, depositado em ju\u00edzo, seria suficiente para resolver a quest\u00e3o.<\/p>\n<p>&#8220;Durante o tempo de 2016 a 2023, que durou a discuss\u00e3o sobre esse processo, a AGU continuou penhorando valores de cr\u00e9dito das nossas empresas. Em fun\u00e7\u00e3o dessas penhoras, o valor penhorado j\u00e1 \u00e9 suficiente para quita\u00e7\u00e3o de d\u00e9bitos&#8221;, enfatizou o ex-senador.<\/p>\n","protected":false},"excerpt":{"rendered":"<p>A Advocacia-Geral da Uni\u00e3o (AGU) retomar\u00e1 a execu\u00e7\u00e3o da d\u00edvida de mais de R$ 800 milh\u00f5es do Grupo OK Constru\u00e7\u00f5es e Incorpora\u00e7\u00f5es S\/A, comandado pelo empres\u00e1rio e ex-senador Luiz Estev\u00e3o de Oliveira Neto. A d\u00edvida \u00e9 relativa \u00e0 condena\u00e7\u00e3o do grupo empresarial pelo Tribunal de Contas da Uni\u00e3o (TCU), por desvio de recursos p\u00fablicos durante [&hellip;]<\/p>\n","protected":false},"author":2,"featured_media":121781,"comment_status":"closed","ping_status":"closed","sticky":false,"template":"","format":"standard","meta":{"_acf_changed":false,"footnotes":""},"categories":[161],"tags":[],"class_list":["post-306675","post","type-post","status-publish","format-standard","has-post-thumbnail","hentry","category-quadradinho-em-foco"],"acf":[],"yoast_head":"<!-- This site is optimized with the Yoast SEO plugin v27.2 - https:\/\/yoast.com\/product\/yoast-seo-wordpress\/ -->\n<title>Luiz Est\u00eav\u00e3o obrigado a pagar 800 mi por corrup\u00e7\u00e3o - Notibras<\/title>\n<meta name=\"robots\" content=\"index, follow, max-snippet:-1, max-image-preview:large, max-video-preview:-1\" \/>\n<link rel=\"canonical\" href=\"https:\/\/www.notibras.com\/site\/luiz-estevao-obrigado-a-pagar-800-mi-por-atos-de-corrupcao\/\" \/>\n<meta property=\"og:locale\" content=\"pt_BR\" \/>\n<meta property=\"og:type\" content=\"article\" \/>\n<meta property=\"og:title\" content=\"Luiz Est\u00eav\u00e3o obrigado a pagar 800 mi por corrup\u00e7\u00e3o - Notibras\" \/>\n<meta property=\"og:description\" content=\"A Advocacia-Geral da Uni\u00e3o (AGU) retomar\u00e1 a execu\u00e7\u00e3o da d\u00edvida de mais de R$ 800 milh\u00f5es do Grupo OK Constru\u00e7\u00f5es e Incorpora\u00e7\u00f5es S\/A, comandado pelo empres\u00e1rio e ex-senador Luiz Estev\u00e3o de Oliveira Neto. A d\u00edvida \u00e9 relativa \u00e0 condena\u00e7\u00e3o do grupo empresarial pelo Tribunal de Contas da Uni\u00e3o (TCU), por desvio de recursos p\u00fablicos durante [&hellip;]\" \/>\n<meta property=\"og:url\" content=\"https:\/\/www.notibras.com\/site\/luiz-estevao-obrigado-a-pagar-800-mi-por-atos-de-corrupcao\/\" \/>\n<meta property=\"og:site_name\" content=\"Notibras\" \/>\n<meta property=\"article:publisher\" content=\"https:\/\/www.facebook.com\/notibras\/\" \/>\n<meta property=\"article:published_time\" content=\"2023-06-11T09:49:37+00:00\" \/>\n<meta property=\"article:modified_time\" content=\"2023-06-11T23:19:24+00:00\" \/>\n<meta property=\"og:image\" content=\"https:\/\/www.notibras.com\/site\/wp-content\/uploads\/2016\/11\/f_269827-1.jpg\" \/>\n\t<meta property=\"og:image:width\" content=\"940\" \/>\n\t<meta property=\"og:image:height\" content=\"626\" \/>\n\t<meta property=\"og:image:type\" content=\"image\/jpeg\" \/>\n<meta name=\"author\" content=\"Reda\u00e7\u00e3o\" \/>\n<meta name=\"twitter:card\" content=\"summary_large_image\" \/>\n<meta name=\"twitter:creator\" content=\"@Notibras\" \/>\n<meta name=\"twitter:site\" content=\"@Notibras\" \/>\n<meta name=\"twitter:label1\" content=\"Escrito por\" \/>\n\t<meta name=\"twitter:data1\" content=\"Reda\u00e7\u00e3o\" \/>\n\t<meta name=\"twitter:label2\" content=\"Est. tempo de leitura\" \/>\n\t<meta name=\"twitter:data2\" content=\"4 minutos\" \/>\n<script type=\"application\/ld+json\" class=\"yoast-schema-graph\">{\"@context\":\"https:\/\/schema.org\",\"@graph\":[{\"@type\":\"Article\",\"@id\":\"https:\/\/www.notibras.com\/site\/luiz-estevao-obrigado-a-pagar-800-mi-por-atos-de-corrupcao\/#article\",\"isPartOf\":{\"@id\":\"https:\/\/www.notibras.com\/site\/luiz-estevao-obrigado-a-pagar-800-mi-por-atos-de-corrupcao\/\"},\"author\":{\"name\":\"Reda\u00e7\u00e3o\",\"@id\":\"https:\/\/www.notibras.com\/site\/#\/schema\/person\/36ab0979449956132d3e5b517ea76ac8\"},\"headline\":\"Luiz Est\u00eav\u00e3o obrigado a pagar 800 mi por corrup\u00e7\u00e3o\",\"datePublished\":\"2023-06-11T09:49:37+00:00\",\"dateModified\":\"2023-06-11T23:19:24+00:00\",\"mainEntityOfPage\":{\"@id\":\"https:\/\/www.notibras.com\/site\/luiz-estevao-obrigado-a-pagar-800-mi-por-atos-de-corrupcao\/\"},\"wordCount\":821,\"publisher\":{\"@id\":\"https:\/\/www.notibras.com\/site\/#organization\"},\"image\":{\"@id\":\"https:\/\/www.notibras.com\/site\/luiz-estevao-obrigado-a-pagar-800-mi-por-atos-de-corrupcao\/#primaryimage\"},\"thumbnailUrl\":\"https:\/\/www.notibras.com\/site\/wp-content\/uploads\/2016\/11\/f_269827-1.jpg\",\"articleSection\":[\"Quadradinho em Foco\"],\"inLanguage\":\"pt-BR\"},{\"@type\":\"WebPage\",\"@id\":\"https:\/\/www.notibras.com\/site\/luiz-estevao-obrigado-a-pagar-800-mi-por-atos-de-corrupcao\/\",\"url\":\"https:\/\/www.notibras.com\/site\/luiz-estevao-obrigado-a-pagar-800-mi-por-atos-de-corrupcao\/\",\"name\":\"Luiz Est\u00eav\u00e3o obrigado a pagar 800 mi por corrup\u00e7\u00e3o - Notibras\",\"isPartOf\":{\"@id\":\"https:\/\/www.notibras.com\/site\/#website\"},\"primaryImageOfPage\":{\"@id\":\"https:\/\/www.notibras.com\/site\/luiz-estevao-obrigado-a-pagar-800-mi-por-atos-de-corrupcao\/#primaryimage\"},\"image\":{\"@id\":\"https:\/\/www.notibras.com\/site\/luiz-estevao-obrigado-a-pagar-800-mi-por-atos-de-corrupcao\/#primaryimage\"},\"thumbnailUrl\":\"https:\/\/www.notibras.com\/site\/wp-content\/uploads\/2016\/11\/f_269827-1.jpg\",\"datePublished\":\"2023-06-11T09:49:37+00:00\",\"dateModified\":\"2023-06-11T23:19:24+00:00\",\"breadcrumb\":{\"@id\":\"https:\/\/www.notibras.com\/site\/luiz-estevao-obrigado-a-pagar-800-mi-por-atos-de-corrupcao\/#breadcrumb\"},\"inLanguage\":\"pt-BR\",\"potentialAction\":[{\"@type\":\"ReadAction\",\"target\":[\"https:\/\/www.notibras.com\/site\/luiz-estevao-obrigado-a-pagar-800-mi-por-atos-de-corrupcao\/\"]}]},{\"@type\":\"ImageObject\",\"inLanguage\":\"pt-BR\",\"@id\":\"https:\/\/www.notibras.com\/site\/luiz-estevao-obrigado-a-pagar-800-mi-por-atos-de-corrupcao\/#primaryimage\",\"url\":\"https:\/\/www.notibras.com\/site\/wp-content\/uploads\/2016\/11\/f_269827-1.jpg\",\"contentUrl\":\"https:\/\/www.notibras.com\/site\/wp-content\/uploads\/2016\/11\/f_269827-1.jpg\",\"width\":940,\"height\":626},{\"@type\":\"BreadcrumbList\",\"@id\":\"https:\/\/www.notibras.com\/site\/luiz-estevao-obrigado-a-pagar-800-mi-por-atos-de-corrupcao\/#breadcrumb\",\"itemListElement\":[{\"@type\":\"ListItem\",\"position\":1,\"name\":\"In\u00edcio\",\"item\":\"https:\/\/www.notibras.com\/site\/\"},{\"@type\":\"ListItem\",\"position\":2,\"name\":\"Luiz Est\u00eav\u00e3o obrigado a pagar 800 mi por corrup\u00e7\u00e3o\"}]},{\"@type\":\"WebSite\",\"@id\":\"https:\/\/www.notibras.com\/site\/#website\",\"url\":\"https:\/\/www.notibras.com\/site\/\",\"name\":\"Notibras\",\"description\":\"Not\u00edcias de Bras\u00edlia, do Brasil e do Mundo\",\"publisher\":{\"@id\":\"https:\/\/www.notibras.com\/site\/#organization\"},\"potentialAction\":[{\"@type\":\"SearchAction\",\"target\":{\"@type\":\"EntryPoint\",\"urlTemplate\":\"https:\/\/www.notibras.com\/site\/?s={search_term_string}\"},\"query-input\":{\"@type\":\"PropertyValueSpecification\",\"valueRequired\":true,\"valueName\":\"search_term_string\"}}],\"inLanguage\":\"pt-BR\"},{\"@type\":\"Organization\",\"@id\":\"https:\/\/www.notibras.com\/site\/#organization\",\"name\":\"Grupo Notibras de Comunica\u00e7\u00e3o\",\"url\":\"https:\/\/www.notibras.com\/site\/\",\"logo\":{\"@type\":\"ImageObject\",\"inLanguage\":\"pt-BR\",\"@id\":\"https:\/\/www.notibras.com\/site\/#\/schema\/logo\/image\/\",\"url\":\"https:\/\/www.notibras.com\/site\/wp-content\/uploads\/2023\/01\/notibras23.png\",\"contentUrl\":\"https:\/\/www.notibras.com\/site\/wp-content\/uploads\/2023\/01\/notibras23.png\",\"width\":350,\"height\":87,\"caption\":\"Grupo Notibras de Comunica\u00e7\u00e3o\"},\"image\":{\"@id\":\"https:\/\/www.notibras.com\/site\/#\/schema\/logo\/image\/\"},\"sameAs\":[\"https:\/\/www.facebook.com\/notibras\/\",\"https:\/\/x.com\/Notibras\",\"https:\/\/www.instagram.com\/notibras\/\"]},{\"@type\":\"Person\",\"@id\":\"https:\/\/www.notibras.com\/site\/#\/schema\/person\/36ab0979449956132d3e5b517ea76ac8\",\"name\":\"Reda\u00e7\u00e3o\",\"image\":{\"@type\":\"ImageObject\",\"inLanguage\":\"pt-BR\",\"@id\":\"https:\/\/secure.gravatar.com\/avatar\/e0a867bdedb85fd243eadf09663511f96fc81e0720a4a42581f334ad4303aa6b?s=96&d=mm&r=g\",\"url\":\"https:\/\/secure.gravatar.com\/avatar\/e0a867bdedb85fd243eadf09663511f96fc81e0720a4a42581f334ad4303aa6b?s=96&d=mm&r=g\",\"contentUrl\":\"https:\/\/secure.gravatar.com\/avatar\/e0a867bdedb85fd243eadf09663511f96fc81e0720a4a42581f334ad4303aa6b?s=96&d=mm&r=g\",\"caption\":\"Reda\u00e7\u00e3o\"}}]}<\/script>\n<!-- \/ Yoast SEO plugin. -->","yoast_head_json":{"title":"Luiz Est\u00eav\u00e3o obrigado a pagar 800 mi por corrup\u00e7\u00e3o - Notibras","robots":{"index":"index","follow":"follow","max-snippet":"max-snippet:-1","max-image-preview":"max-image-preview:large","max-video-preview":"max-video-preview:-1"},"canonical":"https:\/\/www.notibras.com\/site\/luiz-estevao-obrigado-a-pagar-800-mi-por-atos-de-corrupcao\/","og_locale":"pt_BR","og_type":"article","og_title":"Luiz Est\u00eav\u00e3o obrigado a pagar 800 mi por corrup\u00e7\u00e3o - Notibras","og_description":"A Advocacia-Geral da Uni\u00e3o (AGU) retomar\u00e1 a execu\u00e7\u00e3o da d\u00edvida de mais de R$ 800 milh\u00f5es do Grupo OK Constru\u00e7\u00f5es e Incorpora\u00e7\u00f5es S\/A, comandado pelo empres\u00e1rio e ex-senador Luiz Estev\u00e3o de Oliveira Neto. A d\u00edvida \u00e9 relativa \u00e0 condena\u00e7\u00e3o do grupo empresarial pelo Tribunal de Contas da Uni\u00e3o (TCU), por desvio de recursos p\u00fablicos durante [&hellip;]","og_url":"https:\/\/www.notibras.com\/site\/luiz-estevao-obrigado-a-pagar-800-mi-por-atos-de-corrupcao\/","og_site_name":"Notibras","article_publisher":"https:\/\/www.facebook.com\/notibras\/","article_published_time":"2023-06-11T09:49:37+00:00","article_modified_time":"2023-06-11T23:19:24+00:00","og_image":[{"width":940,"height":626,"url":"https:\/\/www.notibras.com\/site\/wp-content\/uploads\/2016\/11\/f_269827-1.jpg","type":"image\/jpeg"}],"author":"Reda\u00e7\u00e3o","twitter_card":"summary_large_image","twitter_creator":"@Notibras","twitter_site":"@Notibras","twitter_misc":{"Escrito por":"Reda\u00e7\u00e3o","Est. tempo de leitura":"4 minutos"},"schema":{"@context":"https:\/\/schema.org","@graph":[{"@type":"Article","@id":"https:\/\/www.notibras.com\/site\/luiz-estevao-obrigado-a-pagar-800-mi-por-atos-de-corrupcao\/#article","isPartOf":{"@id":"https:\/\/www.notibras.com\/site\/luiz-estevao-obrigado-a-pagar-800-mi-por-atos-de-corrupcao\/"},"author":{"name":"Reda\u00e7\u00e3o","@id":"https:\/\/www.notibras.com\/site\/#\/schema\/person\/36ab0979449956132d3e5b517ea76ac8"},"headline":"Luiz Est\u00eav\u00e3o obrigado a pagar 800 mi por corrup\u00e7\u00e3o","datePublished":"2023-06-11T09:49:37+00:00","dateModified":"2023-06-11T23:19:24+00:00","mainEntityOfPage":{"@id":"https:\/\/www.notibras.com\/site\/luiz-estevao-obrigado-a-pagar-800-mi-por-atos-de-corrupcao\/"},"wordCount":821,"publisher":{"@id":"https:\/\/www.notibras.com\/site\/#organization"},"image":{"@id":"https:\/\/www.notibras.com\/site\/luiz-estevao-obrigado-a-pagar-800-mi-por-atos-de-corrupcao\/#primaryimage"},"thumbnailUrl":"https:\/\/www.notibras.com\/site\/wp-content\/uploads\/2016\/11\/f_269827-1.jpg","articleSection":["Quadradinho em Foco"],"inLanguage":"pt-BR"},{"@type":"WebPage","@id":"https:\/\/www.notibras.com\/site\/luiz-estevao-obrigado-a-pagar-800-mi-por-atos-de-corrupcao\/","url":"https:\/\/www.notibras.com\/site\/luiz-estevao-obrigado-a-pagar-800-mi-por-atos-de-corrupcao\/","name":"Luiz Est\u00eav\u00e3o obrigado a pagar 800 mi por corrup\u00e7\u00e3o - Notibras","isPartOf":{"@id":"https:\/\/www.notibras.com\/site\/#website"},"primaryImageOfPage":{"@id":"https:\/\/www.notibras.com\/site\/luiz-estevao-obrigado-a-pagar-800-mi-por-atos-de-corrupcao\/#primaryimage"},"image":{"@id":"https:\/\/www.notibras.com\/site\/luiz-estevao-obrigado-a-pagar-800-mi-por-atos-de-corrupcao\/#primaryimage"},"thumbnailUrl":"https:\/\/www.notibras.com\/site\/wp-content\/uploads\/2016\/11\/f_269827-1.jpg","datePublished":"2023-06-11T09:49:37+00:00","dateModified":"2023-06-11T23:19:24+00:00","breadcrumb":{"@id":"https:\/\/www.notibras.com\/site\/luiz-estevao-obrigado-a-pagar-800-mi-por-atos-de-corrupcao\/#breadcrumb"},"inLanguage":"pt-BR","potentialAction":[{"@type":"ReadAction","target":["https:\/\/www.notibras.com\/site\/luiz-estevao-obrigado-a-pagar-800-mi-por-atos-de-corrupcao\/"]}]},{"@type":"ImageObject","inLanguage":"pt-BR","@id":"https:\/\/www.notibras.com\/site\/luiz-estevao-obrigado-a-pagar-800-mi-por-atos-de-corrupcao\/#primaryimage","url":"https:\/\/www.notibras.com\/site\/wp-content\/uploads\/2016\/11\/f_269827-1.jpg","contentUrl":"https:\/\/www.notibras.com\/site\/wp-content\/uploads\/2016\/11\/f_269827-1.jpg","width":940,"height":626},{"@type":"BreadcrumbList","@id":"https:\/\/www.notibras.com\/site\/luiz-estevao-obrigado-a-pagar-800-mi-por-atos-de-corrupcao\/#breadcrumb","itemListElement":[{"@type":"ListItem","position":1,"name":"In\u00edcio","item":"https:\/\/www.notibras.com\/site\/"},{"@type":"ListItem","position":2,"name":"Luiz Est\u00eav\u00e3o obrigado a pagar 800 mi por corrup\u00e7\u00e3o"}]},{"@type":"WebSite","@id":"https:\/\/www.notibras.com\/site\/#website","url":"https:\/\/www.notibras.com\/site\/","name":"Notibras","description":"Not\u00edcias de Bras\u00edlia, do Brasil e do Mundo","publisher":{"@id":"https:\/\/www.notibras.com\/site\/#organization"},"potentialAction":[{"@type":"SearchAction","target":{"@type":"EntryPoint","urlTemplate":"https:\/\/www.notibras.com\/site\/?s={search_term_string}"},"query-input":{"@type":"PropertyValueSpecification","valueRequired":true,"valueName":"search_term_string"}}],"inLanguage":"pt-BR"},{"@type":"Organization","@id":"https:\/\/www.notibras.com\/site\/#organization","name":"Grupo Notibras de Comunica\u00e7\u00e3o","url":"https:\/\/www.notibras.com\/site\/","logo":{"@type":"ImageObject","inLanguage":"pt-BR","@id":"https:\/\/www.notibras.com\/site\/#\/schema\/logo\/image\/","url":"https:\/\/www.notibras.com\/site\/wp-content\/uploads\/2023\/01\/notibras23.png","contentUrl":"https:\/\/www.notibras.com\/site\/wp-content\/uploads\/2023\/01\/notibras23.png","width":350,"height":87,"caption":"Grupo Notibras de Comunica\u00e7\u00e3o"},"image":{"@id":"https:\/\/www.notibras.com\/site\/#\/schema\/logo\/image\/"},"sameAs":["https:\/\/www.facebook.com\/notibras\/","https:\/\/x.com\/Notibras","https:\/\/www.instagram.com\/notibras\/"]},{"@type":"Person","@id":"https:\/\/www.notibras.com\/site\/#\/schema\/person\/36ab0979449956132d3e5b517ea76ac8","name":"Reda\u00e7\u00e3o","image":{"@type":"ImageObject","inLanguage":"pt-BR","@id":"https:\/\/secure.gravatar.com\/avatar\/e0a867bdedb85fd243eadf09663511f96fc81e0720a4a42581f334ad4303aa6b?s=96&d=mm&r=g","url":"https:\/\/secure.gravatar.com\/avatar\/e0a867bdedb85fd243eadf09663511f96fc81e0720a4a42581f334ad4303aa6b?s=96&d=mm&r=g","contentUrl":"https:\/\/secure.gravatar.com\/avatar\/e0a867bdedb85fd243eadf09663511f96fc81e0720a4a42581f334ad4303aa6b?s=96&d=mm&r=g","caption":"Reda\u00e7\u00e3o"}}]}},"amp_enabled":true,"_links":{"self":[{"href":"https:\/\/www.notibras.com\/site\/wp-json\/wp\/v2\/posts\/306675","targetHints":{"allow":["GET"]}}],"collection":[{"href":"https:\/\/www.notibras.com\/site\/wp-json\/wp\/v2\/posts"}],"about":[{"href":"https:\/\/www.notibras.com\/site\/wp-json\/wp\/v2\/types\/post"}],"author":[{"embeddable":true,"href":"https:\/\/www.notibras.com\/site\/wp-json\/wp\/v2\/users\/2"}],"replies":[{"embeddable":true,"href":"https:\/\/www.notibras.com\/site\/wp-json\/wp\/v2\/comments?post=306675"}],"version-history":[{"count":5,"href":"https:\/\/www.notibras.com\/site\/wp-json\/wp\/v2\/posts\/306675\/revisions"}],"predecessor-version":[{"id":306742,"href":"https:\/\/www.notibras.com\/site\/wp-json\/wp\/v2\/posts\/306675\/revisions\/306742"}],"wp:featuredmedia":[{"embeddable":true,"href":"https:\/\/www.notibras.com\/site\/wp-json\/wp\/v2\/media\/121781"}],"wp:attachment":[{"href":"https:\/\/www.notibras.com\/site\/wp-json\/wp\/v2\/media?parent=306675"}],"wp:term":[{"taxonomy":"category","embeddable":true,"href":"https:\/\/www.notibras.com\/site\/wp-json\/wp\/v2\/categories?post=306675"},{"taxonomy":"post_tag","embeddable":true,"href":"https:\/\/www.notibras.com\/site\/wp-json\/wp\/v2\/tags?post=306675"}],"curies":[{"name":"wp","href":"https:\/\/api.w.org\/{rel}","templated":true}]}}