{"id":306680,"date":"2023-06-11T00:00:59","date_gmt":"2023-06-11T03:00:59","guid":{"rendered":"https:\/\/www.notibras.com\/site\/?p=306680"},"modified":"2023-06-11T07:44:09","modified_gmt":"2023-06-11T10:44:09","slug":"morre-alexandre-ribondi-dramaturgo-ator-e-jornalista","status":"publish","type":"post","link":"https:\/\/www.notibras.com\/site\/morre-alexandre-ribondi-dramaturgo-ator-e-jornalista\/","title":{"rendered":"Morre Alexandre Ribondi, dramaturgo, ator e jornalista"},"content":{"rendered":"<p>Morreu neste s\u00e1bado (10), em Bras\u00edlia, aos 70 anos de idade, o artista Alexandre Ribondi, dramaturgo, diretor, ator, jornalista e s\u00f3cio\u2013fundador do Espa\u00e7o Multicultural Casa dos Quatro, voltado \u00e0 milit\u00e2ncia LGBTQIA+.<\/p>\n<p>Em maio, Ribondi foi v\u00edtima de um Acidente Vascular Cerebral (AVC) e, desde ent\u00e3o, atravessou interna\u00e7\u00f5es no Hospital de Base, Hospital das Cl\u00ednicas de Ceil\u00e2ndia e no Hospital Regional da Asa Norte onde, \u00e0s 14h06 deste s\u00e1bado, teve a morte constatada.<\/p>\n<p>Nascido no Esp\u00edrito Santo, Ribondi desenvolveu sua carreira nos anos 1970, no Distrito Federal, escrevendo e atuando em pe\u00e7as teatrais de tem\u00e1tica LGBTQIA+ como Fil\u00f3 Brasiliense (1975), Os Rapazes da Banda (1981), Cr\u00e9pe Suzette, o Beijo da Grapette (1980), Abigail \u00e9 Mais Velha que Proc\u00f3pio (1986), No Ver\u00e3o de 62 (1985), A \u00daltima Vida de Um Gato (2002), Virilhas (2005), Felicidade (2015) e Mimosa (2018).<\/p>\n<p>Foi tamb\u00e9m colaborador do jornal Lampi\u00e3o, publica\u00e7\u00e3o LGBTQIA+ de circula\u00e7\u00e3o nacional, e membro fundador do Grupo de Luta Homossexual Beijo Livre. Escreveu os romances, com a mesma tem\u00e1tica, Na Companhia dos Homens e Da Vida dos P\u00e1ssaros.<\/p>\n<p>Ele participou da antologia latino-americana de contistas Now the Volcano, publicada por Gay Sunshine Press, EUA. Integrou ainda o Retrata\u00e7\u00e3o (2021), coletivo de comunicadores e artistas, oferecendo produtos criativos e autorais, como produ\u00e7\u00e3o, performances, consultorias, coberturas, fotografia e videografia.<\/p>\n<p>Em nota, os s\u00f3cios-fundadores da Casa dos Quatro descreveram a trajet\u00f3ria de seu mais ilustre integrante.<\/p>\n<p>&#8220;Para quem, nascido em 12 de dezembro de 1952 em Mimoso do Sul (ES), jamais encontrou descanso, sua passagem \u00e9 certamente o momento para tal. Em Bras\u00edlia desde 1968, dias ap\u00f3s a decreta\u00e7\u00e3o do AI-5, Ribondi debutou no teatro aos 15 anos, dirigido por La\u00eds Aderne. Sofreu a repress\u00e3o da Ditadura na pele, ao ser preso, torturado e ter partido para o ex\u00edlio na Fran\u00e7a. Tornou-se jornalista de Cultura nos jornais da cidade, como Correio Braziliense e Jornal de Bras\u00edlia. Nos anos de chumbo, fundou a primeira organiza\u00e7\u00e3o de luta LGBTQIAPN+ da capital, o Grupo Homossexual Beijo Livre. Entre idas e vindas de e para Portugal, viveu dois casamentos longos. Tornou-se dramaturgo, autor, diretor, ator. Estava em plena atividade: conduzia duas oficinas na nossa Casa dos Quatro, para forma\u00e7\u00e3o de atores, e uma no Sol Nascente (DF), de atua\u00e7\u00e3o para jovens LGBTQIAPN+&#8221;, diz o texto assinado por Elisa Mattos, Josias Silva, Lu\u00edsa de Marillac, Morillo Carvalho, Rafael Salmona e Rui Miranda.<\/p>\n<p>Tamb\u00e9m em nota oficial, o secret\u00e1rio de cultura e economia criativa do Distrito Federal, Bartolomeu Rodrigues, lamentou a partida do artista. \u201cA cena cultural de Bras\u00edlia perdeu um de seus maiores protagonistas. Autor, ator, produtor, empreendedor, Ribondi foi tudo e, ao mesmo tempo, um questionador de seu tempo, dando espa\u00e7o ao debate e lan\u00e7ando luz na escurid\u00e3o. H\u00e1 exatamente um m\u00eas, recebeu da Secretaria de Cultura a Medalha Seu Teodoro, oferecida a personalidades engajadas na valoriza\u00e7\u00e3o e difus\u00e3o das artes no Distrito Federal. Estava alegre, cheio de vida, nos abra\u00e7amos e rimos juntos. Era uma despedida, mas seu legado fica. E a luta tamb\u00e9m\u201d, escreveu o secret\u00e1rio.<\/p>\n<p>O vel\u00f3rio de Alexandre Ribondi ocorrer\u00e1 no Espa\u00e7o Casa dos Quatro, neste domingo (11), de 12h \u00e0s 15h. A local fica na 708 Norte, Bloco F loja 42, atr\u00e1s do restaurante Xique-Xique.<\/p>\n","protected":false},"excerpt":{"rendered":"<p>Morreu neste s\u00e1bado (10), em Bras\u00edlia, aos 70 anos de idade, o artista Alexandre Ribondi, dramaturgo, diretor, ator, jornalista e s\u00f3cio\u2013fundador do Espa\u00e7o Multicultural Casa dos Quatro, voltado \u00e0 milit\u00e2ncia LGBTQIA+. Em maio, Ribondi foi v\u00edtima de um Acidente Vascular Cerebral (AVC) e, desde ent\u00e3o, atravessou interna\u00e7\u00f5es no Hospital de Base, Hospital das Cl\u00ednicas de [&hellip;]<\/p>\n","protected":false},"author":2,"featured_media":306681,"comment_status":"closed","ping_status":"closed","sticky":false,"template":"","format":"standard","meta":{"_acf_changed":false,"footnotes":""},"categories":[161],"tags":[],"class_list":["post-306680","post","type-post","status-publish","format-standard","has-post-thumbnail","hentry","category-quadradinho-em-foco"],"acf":[],"yoast_head":"<!-- This site is optimized with the Yoast SEO plugin v27.2 - https:\/\/yoast.com\/product\/yoast-seo-wordpress\/ -->\n<title>Morre Alexandre Ribondi, dramaturgo, ator e jornalista - Notibras<\/title>\n<meta name=\"robots\" content=\"index, follow, max-snippet:-1, max-image-preview:large, max-video-preview:-1\" \/>\n<link rel=\"canonical\" href=\"https:\/\/www.notibras.com\/site\/morre-alexandre-ribondi-dramaturgo-ator-e-jornalista\/\" \/>\n<meta property=\"og:locale\" content=\"pt_BR\" \/>\n<meta property=\"og:type\" content=\"article\" \/>\n<meta property=\"og:title\" content=\"Morre Alexandre Ribondi, dramaturgo, ator e jornalista - Notibras\" \/>\n<meta property=\"og:description\" content=\"Morreu neste s\u00e1bado (10), em Bras\u00edlia, aos 70 anos de idade, o artista Alexandre Ribondi, dramaturgo, diretor, ator, jornalista e s\u00f3cio\u2013fundador do Espa\u00e7o Multicultural Casa dos Quatro, voltado \u00e0 milit\u00e2ncia LGBTQIA+. Em maio, Ribondi foi v\u00edtima de um Acidente Vascular Cerebral (AVC) e, desde ent\u00e3o, atravessou interna\u00e7\u00f5es no Hospital de Base, Hospital das Cl\u00ednicas de [&hellip;]\" \/>\n<meta property=\"og:url\" content=\"https:\/\/www.notibras.com\/site\/morre-alexandre-ribondi-dramaturgo-ator-e-jornalista\/\" \/>\n<meta property=\"og:site_name\" content=\"Notibras\" \/>\n<meta property=\"article:publisher\" content=\"https:\/\/www.facebook.com\/notibras\/\" \/>\n<meta property=\"article:published_time\" content=\"2023-06-11T03:00:59+00:00\" \/>\n<meta property=\"article:modified_time\" content=\"2023-06-11T10:44:09+00:00\" \/>\n<meta property=\"og:image\" content=\"https:\/\/www.notibras.com\/site\/wp-content\/uploads\/2023\/06\/1631136835837_20210908_181314-810x1080-1.jpg\" \/>\n\t<meta property=\"og:image:width\" content=\"1170\" \/>\n\t<meta property=\"og:image:height\" content=\"700\" \/>\n\t<meta property=\"og:image:type\" content=\"image\/jpeg\" \/>\n<meta name=\"author\" content=\"Reda\u00e7\u00e3o\" \/>\n<meta name=\"twitter:card\" content=\"summary_large_image\" \/>\n<meta name=\"twitter:creator\" content=\"@Notibras\" \/>\n<meta name=\"twitter:site\" content=\"@Notibras\" \/>\n<meta name=\"twitter:label1\" content=\"Escrito por\" \/>\n\t<meta name=\"twitter:data1\" content=\"Reda\u00e7\u00e3o\" \/>\n\t<meta name=\"twitter:label2\" content=\"Est. tempo de leitura\" \/>\n\t<meta name=\"twitter:data2\" content=\"3 minutos\" \/>\n<script type=\"application\/ld+json\" class=\"yoast-schema-graph\">{\"@context\":\"https:\/\/schema.org\",\"@graph\":[{\"@type\":\"Article\",\"@id\":\"https:\/\/www.notibras.com\/site\/morre-alexandre-ribondi-dramaturgo-ator-e-jornalista\/#article\",\"isPartOf\":{\"@id\":\"https:\/\/www.notibras.com\/site\/morre-alexandre-ribondi-dramaturgo-ator-e-jornalista\/\"},\"author\":{\"name\":\"Reda\u00e7\u00e3o\",\"@id\":\"https:\/\/www.notibras.com\/site\/#\/schema\/person\/36ab0979449956132d3e5b517ea76ac8\"},\"headline\":\"Morre Alexandre Ribondi, dramaturgo, ator e jornalista\",\"datePublished\":\"2023-06-11T03:00:59+00:00\",\"dateModified\":\"2023-06-11T10:44:09+00:00\",\"mainEntityOfPage\":{\"@id\":\"https:\/\/www.notibras.com\/site\/morre-alexandre-ribondi-dramaturgo-ator-e-jornalista\/\"},\"wordCount\":567,\"publisher\":{\"@id\":\"https:\/\/www.notibras.com\/site\/#organization\"},\"image\":{\"@id\":\"https:\/\/www.notibras.com\/site\/morre-alexandre-ribondi-dramaturgo-ator-e-jornalista\/#primaryimage\"},\"thumbnailUrl\":\"https:\/\/www.notibras.com\/site\/wp-content\/uploads\/2023\/06\/1631136835837_20210908_181314-810x1080-1.jpg\",\"articleSection\":[\"Quadradinho em Foco\"],\"inLanguage\":\"pt-BR\"},{\"@type\":\"WebPage\",\"@id\":\"https:\/\/www.notibras.com\/site\/morre-alexandre-ribondi-dramaturgo-ator-e-jornalista\/\",\"url\":\"https:\/\/www.notibras.com\/site\/morre-alexandre-ribondi-dramaturgo-ator-e-jornalista\/\",\"name\":\"Morre Alexandre Ribondi, dramaturgo, ator e jornalista - Notibras\",\"isPartOf\":{\"@id\":\"https:\/\/www.notibras.com\/site\/#website\"},\"primaryImageOfPage\":{\"@id\":\"https:\/\/www.notibras.com\/site\/morre-alexandre-ribondi-dramaturgo-ator-e-jornalista\/#primaryimage\"},\"image\":{\"@id\":\"https:\/\/www.notibras.com\/site\/morre-alexandre-ribondi-dramaturgo-ator-e-jornalista\/#primaryimage\"},\"thumbnailUrl\":\"https:\/\/www.notibras.com\/site\/wp-content\/uploads\/2023\/06\/1631136835837_20210908_181314-810x1080-1.jpg\",\"datePublished\":\"2023-06-11T03:00:59+00:00\",\"dateModified\":\"2023-06-11T10:44:09+00:00\",\"breadcrumb\":{\"@id\":\"https:\/\/www.notibras.com\/site\/morre-alexandre-ribondi-dramaturgo-ator-e-jornalista\/#breadcrumb\"},\"inLanguage\":\"pt-BR\",\"potentialAction\":[{\"@type\":\"ReadAction\",\"target\":[\"https:\/\/www.notibras.com\/site\/morre-alexandre-ribondi-dramaturgo-ator-e-jornalista\/\"]}]},{\"@type\":\"ImageObject\",\"inLanguage\":\"pt-BR\",\"@id\":\"https:\/\/www.notibras.com\/site\/morre-alexandre-ribondi-dramaturgo-ator-e-jornalista\/#primaryimage\",\"url\":\"https:\/\/www.notibras.com\/site\/wp-content\/uploads\/2023\/06\/1631136835837_20210908_181314-810x1080-1.jpg\",\"contentUrl\":\"https:\/\/www.notibras.com\/site\/wp-content\/uploads\/2023\/06\/1631136835837_20210908_181314-810x1080-1.jpg\",\"width\":1170,\"height\":700},{\"@type\":\"BreadcrumbList\",\"@id\":\"https:\/\/www.notibras.com\/site\/morre-alexandre-ribondi-dramaturgo-ator-e-jornalista\/#breadcrumb\",\"itemListElement\":[{\"@type\":\"ListItem\",\"position\":1,\"name\":\"In\u00edcio\",\"item\":\"https:\/\/www.notibras.com\/site\/\"},{\"@type\":\"ListItem\",\"position\":2,\"name\":\"Morre Alexandre Ribondi, dramaturgo, ator e jornalista\"}]},{\"@type\":\"WebSite\",\"@id\":\"https:\/\/www.notibras.com\/site\/#website\",\"url\":\"https:\/\/www.notibras.com\/site\/\",\"name\":\"Notibras\",\"description\":\"Not\u00edcias de Bras\u00edlia, do Brasil e do Mundo\",\"publisher\":{\"@id\":\"https:\/\/www.notibras.com\/site\/#organization\"},\"potentialAction\":[{\"@type\":\"SearchAction\",\"target\":{\"@type\":\"EntryPoint\",\"urlTemplate\":\"https:\/\/www.notibras.com\/site\/?s={search_term_string}\"},\"query-input\":{\"@type\":\"PropertyValueSpecification\",\"valueRequired\":true,\"valueName\":\"search_term_string\"}}],\"inLanguage\":\"pt-BR\"},{\"@type\":\"Organization\",\"@id\":\"https:\/\/www.notibras.com\/site\/#organization\",\"name\":\"Grupo Notibras de Comunica\u00e7\u00e3o\",\"url\":\"https:\/\/www.notibras.com\/site\/\",\"logo\":{\"@type\":\"ImageObject\",\"inLanguage\":\"pt-BR\",\"@id\":\"https:\/\/www.notibras.com\/site\/#\/schema\/logo\/image\/\",\"url\":\"https:\/\/www.notibras.com\/site\/wp-content\/uploads\/2023\/01\/notibras23.png\",\"contentUrl\":\"https:\/\/www.notibras.com\/site\/wp-content\/uploads\/2023\/01\/notibras23.png\",\"width\":350,\"height\":87,\"caption\":\"Grupo Notibras de Comunica\u00e7\u00e3o\"},\"image\":{\"@id\":\"https:\/\/www.notibras.com\/site\/#\/schema\/logo\/image\/\"},\"sameAs\":[\"https:\/\/www.facebook.com\/notibras\/\",\"https:\/\/x.com\/Notibras\",\"https:\/\/www.instagram.com\/notibras\/\"]},{\"@type\":\"Person\",\"@id\":\"https:\/\/www.notibras.com\/site\/#\/schema\/person\/36ab0979449956132d3e5b517ea76ac8\",\"name\":\"Reda\u00e7\u00e3o\",\"image\":{\"@type\":\"ImageObject\",\"inLanguage\":\"pt-BR\",\"@id\":\"https:\/\/secure.gravatar.com\/avatar\/e0a867bdedb85fd243eadf09663511f96fc81e0720a4a42581f334ad4303aa6b?s=96&d=mm&r=g\",\"url\":\"https:\/\/secure.gravatar.com\/avatar\/e0a867bdedb85fd243eadf09663511f96fc81e0720a4a42581f334ad4303aa6b?s=96&d=mm&r=g\",\"contentUrl\":\"https:\/\/secure.gravatar.com\/avatar\/e0a867bdedb85fd243eadf09663511f96fc81e0720a4a42581f334ad4303aa6b?s=96&d=mm&r=g\",\"caption\":\"Reda\u00e7\u00e3o\"}}]}<\/script>\n<!-- \/ Yoast SEO plugin. -->","yoast_head_json":{"title":"Morre Alexandre Ribondi, dramaturgo, ator e jornalista - Notibras","robots":{"index":"index","follow":"follow","max-snippet":"max-snippet:-1","max-image-preview":"max-image-preview:large","max-video-preview":"max-video-preview:-1"},"canonical":"https:\/\/www.notibras.com\/site\/morre-alexandre-ribondi-dramaturgo-ator-e-jornalista\/","og_locale":"pt_BR","og_type":"article","og_title":"Morre Alexandre Ribondi, dramaturgo, ator e jornalista - Notibras","og_description":"Morreu neste s\u00e1bado (10), em Bras\u00edlia, aos 70 anos de idade, o artista Alexandre Ribondi, dramaturgo, diretor, ator, jornalista e s\u00f3cio\u2013fundador do Espa\u00e7o Multicultural Casa dos Quatro, voltado \u00e0 milit\u00e2ncia LGBTQIA+. Em maio, Ribondi foi v\u00edtima de um Acidente Vascular Cerebral (AVC) e, desde ent\u00e3o, atravessou interna\u00e7\u00f5es no Hospital de Base, Hospital das Cl\u00ednicas de [&hellip;]","og_url":"https:\/\/www.notibras.com\/site\/morre-alexandre-ribondi-dramaturgo-ator-e-jornalista\/","og_site_name":"Notibras","article_publisher":"https:\/\/www.facebook.com\/notibras\/","article_published_time":"2023-06-11T03:00:59+00:00","article_modified_time":"2023-06-11T10:44:09+00:00","og_image":[{"width":1170,"height":700,"url":"https:\/\/www.notibras.com\/site\/wp-content\/uploads\/2023\/06\/1631136835837_20210908_181314-810x1080-1.jpg","type":"image\/jpeg"}],"author":"Reda\u00e7\u00e3o","twitter_card":"summary_large_image","twitter_creator":"@Notibras","twitter_site":"@Notibras","twitter_misc":{"Escrito por":"Reda\u00e7\u00e3o","Est. tempo de leitura":"3 minutos"},"schema":{"@context":"https:\/\/schema.org","@graph":[{"@type":"Article","@id":"https:\/\/www.notibras.com\/site\/morre-alexandre-ribondi-dramaturgo-ator-e-jornalista\/#article","isPartOf":{"@id":"https:\/\/www.notibras.com\/site\/morre-alexandre-ribondi-dramaturgo-ator-e-jornalista\/"},"author":{"name":"Reda\u00e7\u00e3o","@id":"https:\/\/www.notibras.com\/site\/#\/schema\/person\/36ab0979449956132d3e5b517ea76ac8"},"headline":"Morre Alexandre Ribondi, dramaturgo, ator e jornalista","datePublished":"2023-06-11T03:00:59+00:00","dateModified":"2023-06-11T10:44:09+00:00","mainEntityOfPage":{"@id":"https:\/\/www.notibras.com\/site\/morre-alexandre-ribondi-dramaturgo-ator-e-jornalista\/"},"wordCount":567,"publisher":{"@id":"https:\/\/www.notibras.com\/site\/#organization"},"image":{"@id":"https:\/\/www.notibras.com\/site\/morre-alexandre-ribondi-dramaturgo-ator-e-jornalista\/#primaryimage"},"thumbnailUrl":"https:\/\/www.notibras.com\/site\/wp-content\/uploads\/2023\/06\/1631136835837_20210908_181314-810x1080-1.jpg","articleSection":["Quadradinho em Foco"],"inLanguage":"pt-BR"},{"@type":"WebPage","@id":"https:\/\/www.notibras.com\/site\/morre-alexandre-ribondi-dramaturgo-ator-e-jornalista\/","url":"https:\/\/www.notibras.com\/site\/morre-alexandre-ribondi-dramaturgo-ator-e-jornalista\/","name":"Morre Alexandre Ribondi, dramaturgo, ator e jornalista - Notibras","isPartOf":{"@id":"https:\/\/www.notibras.com\/site\/#website"},"primaryImageOfPage":{"@id":"https:\/\/www.notibras.com\/site\/morre-alexandre-ribondi-dramaturgo-ator-e-jornalista\/#primaryimage"},"image":{"@id":"https:\/\/www.notibras.com\/site\/morre-alexandre-ribondi-dramaturgo-ator-e-jornalista\/#primaryimage"},"thumbnailUrl":"https:\/\/www.notibras.com\/site\/wp-content\/uploads\/2023\/06\/1631136835837_20210908_181314-810x1080-1.jpg","datePublished":"2023-06-11T03:00:59+00:00","dateModified":"2023-06-11T10:44:09+00:00","breadcrumb":{"@id":"https:\/\/www.notibras.com\/site\/morre-alexandre-ribondi-dramaturgo-ator-e-jornalista\/#breadcrumb"},"inLanguage":"pt-BR","potentialAction":[{"@type":"ReadAction","target":["https:\/\/www.notibras.com\/site\/morre-alexandre-ribondi-dramaturgo-ator-e-jornalista\/"]}]},{"@type":"ImageObject","inLanguage":"pt-BR","@id":"https:\/\/www.notibras.com\/site\/morre-alexandre-ribondi-dramaturgo-ator-e-jornalista\/#primaryimage","url":"https:\/\/www.notibras.com\/site\/wp-content\/uploads\/2023\/06\/1631136835837_20210908_181314-810x1080-1.jpg","contentUrl":"https:\/\/www.notibras.com\/site\/wp-content\/uploads\/2023\/06\/1631136835837_20210908_181314-810x1080-1.jpg","width":1170,"height":700},{"@type":"BreadcrumbList","@id":"https:\/\/www.notibras.com\/site\/morre-alexandre-ribondi-dramaturgo-ator-e-jornalista\/#breadcrumb","itemListElement":[{"@type":"ListItem","position":1,"name":"In\u00edcio","item":"https:\/\/www.notibras.com\/site\/"},{"@type":"ListItem","position":2,"name":"Morre Alexandre Ribondi, dramaturgo, ator e jornalista"}]},{"@type":"WebSite","@id":"https:\/\/www.notibras.com\/site\/#website","url":"https:\/\/www.notibras.com\/site\/","name":"Notibras","description":"Not\u00edcias de Bras\u00edlia, do Brasil e do Mundo","publisher":{"@id":"https:\/\/www.notibras.com\/site\/#organization"},"potentialAction":[{"@type":"SearchAction","target":{"@type":"EntryPoint","urlTemplate":"https:\/\/www.notibras.com\/site\/?s={search_term_string}"},"query-input":{"@type":"PropertyValueSpecification","valueRequired":true,"valueName":"search_term_string"}}],"inLanguage":"pt-BR"},{"@type":"Organization","@id":"https:\/\/www.notibras.com\/site\/#organization","name":"Grupo Notibras de Comunica\u00e7\u00e3o","url":"https:\/\/www.notibras.com\/site\/","logo":{"@type":"ImageObject","inLanguage":"pt-BR","@id":"https:\/\/www.notibras.com\/site\/#\/schema\/logo\/image\/","url":"https:\/\/www.notibras.com\/site\/wp-content\/uploads\/2023\/01\/notibras23.png","contentUrl":"https:\/\/www.notibras.com\/site\/wp-content\/uploads\/2023\/01\/notibras23.png","width":350,"height":87,"caption":"Grupo Notibras de Comunica\u00e7\u00e3o"},"image":{"@id":"https:\/\/www.notibras.com\/site\/#\/schema\/logo\/image\/"},"sameAs":["https:\/\/www.facebook.com\/notibras\/","https:\/\/x.com\/Notibras","https:\/\/www.instagram.com\/notibras\/"]},{"@type":"Person","@id":"https:\/\/www.notibras.com\/site\/#\/schema\/person\/36ab0979449956132d3e5b517ea76ac8","name":"Reda\u00e7\u00e3o","image":{"@type":"ImageObject","inLanguage":"pt-BR","@id":"https:\/\/secure.gravatar.com\/avatar\/e0a867bdedb85fd243eadf09663511f96fc81e0720a4a42581f334ad4303aa6b?s=96&d=mm&r=g","url":"https:\/\/secure.gravatar.com\/avatar\/e0a867bdedb85fd243eadf09663511f96fc81e0720a4a42581f334ad4303aa6b?s=96&d=mm&r=g","contentUrl":"https:\/\/secure.gravatar.com\/avatar\/e0a867bdedb85fd243eadf09663511f96fc81e0720a4a42581f334ad4303aa6b?s=96&d=mm&r=g","caption":"Reda\u00e7\u00e3o"}}]}},"amp_enabled":true,"_links":{"self":[{"href":"https:\/\/www.notibras.com\/site\/wp-json\/wp\/v2\/posts\/306680","targetHints":{"allow":["GET"]}}],"collection":[{"href":"https:\/\/www.notibras.com\/site\/wp-json\/wp\/v2\/posts"}],"about":[{"href":"https:\/\/www.notibras.com\/site\/wp-json\/wp\/v2\/types\/post"}],"author":[{"embeddable":true,"href":"https:\/\/www.notibras.com\/site\/wp-json\/wp\/v2\/users\/2"}],"replies":[{"embeddable":true,"href":"https:\/\/www.notibras.com\/site\/wp-json\/wp\/v2\/comments?post=306680"}],"version-history":[{"count":1,"href":"https:\/\/www.notibras.com\/site\/wp-json\/wp\/v2\/posts\/306680\/revisions"}],"predecessor-version":[{"id":306682,"href":"https:\/\/www.notibras.com\/site\/wp-json\/wp\/v2\/posts\/306680\/revisions\/306682"}],"wp:featuredmedia":[{"embeddable":true,"href":"https:\/\/www.notibras.com\/site\/wp-json\/wp\/v2\/media\/306681"}],"wp:attachment":[{"href":"https:\/\/www.notibras.com\/site\/wp-json\/wp\/v2\/media?parent=306680"}],"wp:term":[{"taxonomy":"category","embeddable":true,"href":"https:\/\/www.notibras.com\/site\/wp-json\/wp\/v2\/categories?post=306680"},{"taxonomy":"post_tag","embeddable":true,"href":"https:\/\/www.notibras.com\/site\/wp-json\/wp\/v2\/tags?post=306680"}],"curies":[{"name":"wp","href":"https:\/\/api.w.org\/{rel}","templated":true}]}}