{"id":306686,"date":"2023-06-11T00:52:34","date_gmt":"2023-06-11T03:52:34","guid":{"rendered":"https:\/\/www.notibras.com\/site\/?p=306686"},"modified":"2023-06-11T07:56:46","modified_gmt":"2023-06-11T10:56:46","slug":"pesquisa-mostra-como-tributos-encarecem-presentes","status":"publish","type":"post","link":"https:\/\/www.notibras.com\/site\/pesquisa-mostra-como-tributos-encarecem-presentes\/","title":{"rendered":"Pesquisa mostra como tributos encarecem presentes"},"content":{"rendered":"<p>Nesta segunda-feira (12) ser\u00e1 comemorado o Dia dos Namorados, mas, de um modo geral, o consumidor n\u00e3o sabe quais s\u00e3o as taxas de tributos que incidem nos principais produtos que comp\u00f5em a lista de presentes mais procurados nesta \u00e9poca do ano.<\/p>\n<p>Pesquisa do Instituto Brasileiro de Planejamento e Tributa\u00e7\u00e3o (IBPT) mostra as taxas de tributo projetadas para este ano que impactam no pre\u00e7o final para o consumidor. O perfume importado, por exemplo, \u00e9 taxado com 78,99%, e o nacional, com 69,13%. No caso do importado, o diretor do IBPT, Carlos Pinto, explicou que pesam tamb\u00e9m o imposto de importa\u00e7\u00e3o, o frete, a dolariza\u00e7\u00e3o, o desembara\u00e7o aduaneiro e a taxa de com\u00e9rcio exterior, que elevam o pre\u00e7o do produto internamente.<\/p>\n<p>Os chocolates, sempre lembrados como presente, s\u00e3o tributados em 39,61% e as flores naturais, em 17,71%. Objetos pessoais, como rel\u00f3gios, tem taxa\u00e7\u00e3o de 56,14% e joias, de 50,44%. Se a op\u00e7\u00e3o for por bijuterias, os impostos ser\u00e3o de 43,36%.<\/p>\n<p>No caso de livros, que n\u00e3o t\u00eam taxa\u00e7\u00e3o na sa\u00edda, os impostos alcan\u00e7am 15,52%, porque consideram fatores como produ\u00e7\u00e3o na ind\u00fastria editorial, energia el\u00e9trica, equipamentos, funcion\u00e1rios, frete, gasolina. Outros produtos, como bolsas,t\u00eam taxa de tributo que pode atingir 39,95% de cobran\u00e7a. O pre\u00e7o dos presentes fica mais alto para o consumidor porque os produtos s\u00e3o taxados dentro do pa\u00eds.<\/p>\n<p><strong>Regressividade<\/strong><br \/>\nUma caracter\u00edstica do sistema tribut\u00e1rio brasileiro \u00e9 esse ac\u00famulo sobre o consumo, disse Carlos Pinto \u00e0 Ag\u00eancia Brasil. \u201cA gente tem a\u00ed um tributo que entra na base de outro tributo, e isso faz com que haja uma parcela extremamente grosseira dentro de um produto que \u00e9 relativo \u00e0 tributa\u00e7\u00e3o\u201d. Ele considera o sistema de tributa\u00e7\u00e3o brasileiro antag\u00f4nico ao sistema mundial. Na regra geral, existem tr\u00eas fontes de receita do governo: renda (Imposto de Renda); patrim\u00f4nio (Imposto sobre a Propriedade de Ve\u00edculos Automotores, Imposto Predial e Territorial Urbano, Imposto sobre Transmiss\u00e3o de Bens Im\u00f3veis-ITBI); e consumo.<\/p>\n<p>Quando se tem uma carga tribut\u00e1ria elevada sobre o consumo, \u201cn\u00e3o h\u00e1 escapat\u00f3ria para o contribuinte. Porque [no caso de] um carro, por exemplo, que \u00e9 patrim\u00f4nio, ele pode dizer que n\u00e3o vai comprar porque o imposto est\u00e1 muito caro. Mas, no consumo geral, n\u00e3o tem jeito. \u00c9 armadilha, e todo mundo cai\u201d. No Brasil, esse imposto \u00e9 por dentro. Ou seja, o consumidor n\u00e3o sabe quanto est\u00e1 pagando.<\/p>\n<p>De acordo com Carlos Pinto, o sistema tribut\u00e1rio no Brasil \u00e9 regressivo porque ricos e pobres pagam carga tribut\u00e1ria igual sobre um mesmo produto. Em uma geladeira que custa, por exemplo, R$ 3 mil, a carga tribut\u00e1ria \u00e9 de 60%, o que significa que R$ 1,8 mil s\u00e3o tributos. Para um trabalhador que ganha sal\u00e1rio m\u00ednimo, R$ 1,8 mil representam cerca de 140% do sal\u00e1rio dele; quem ganha R$ 10 mil paga 18% do sal\u00e1rio. \u201cO sistema regressivo do Brasil \u00e9 extremamente prejudicial\u201d, afirmou.<\/p>\n<p><strong>Reforma<\/strong><br \/>\nPara Carlos Pinto, a reforma tribut\u00e1ria que est\u00e1 em an\u00e1lise pelo governo \u00e9, na verdade, uma simplifica\u00e7\u00e3o de tributos que incidem sobre o consumo.<\/p>\n<p>\u201cA\u00ed, a gente est\u00e1 falando de Imposto sobre Produtos Industrializados (IPI), Imposto sobre Circula\u00e7\u00e3o de Mercadorias e Servi\u00e7os (ICMS), Imposto sobre Servi\u00e7os (ISS), Programa de Integra\u00e7\u00e3o Social e Contribui\u00e7\u00e3o para Financiamento da Seguridade Social (PIS\/COFINS)\u201d. Esse momento demonstra a necessidade de fato de o Brasil adotar uma pol\u00edtica transparente dos tributos que est\u00e3o sendo pagos., acrescentou.<\/p>\n<p>A carga de tributos acumulada da ind\u00fastria at\u00e9 o consumidor final faz com que o produto fique extremamente oneroso. E em \u00e9pocas em que a oferta \u00e9 superior, o pre\u00e7o aumenta, o tributo sobe, e toda a cascata aumenta. \u201c\u00b4\u00c9 o efeito cascata que a gente tem.\u201d<\/p>\n<p><strong>Impost\u00f4metro<\/strong><br \/>\nFundado em 1992, o Instituto Brasileiro de Planejamento e Tributa\u00e7\u00e3o (IBPT) dedica-se ao estudo do complexo sistema tribut\u00e1rio no pa\u00eds e \u00e9 reconhecido pelo uso de uma linguagem clara e precisa \u00e0 sociedade sobre a realidade tribut\u00e1ria brasileira.<\/p>\n<p>O IBPT calcula os tributos diretos e os indiretos que est\u00e3o na etapa de produ\u00e7\u00e3o.<\/p>\n<p>O instituto tamb\u00e9m lan\u00e7ou bases e fundamentos para viabilizar a l\u00f3gica da transpar\u00eancia fiscal, promovendo conscientiza\u00e7\u00e3o tribut\u00e1ria, atrav\u00e9s de projetos como o Impost\u00f4metro e o De Olho no Imposto, entre outros. O cadastro \u00e9 atualizado anualmente ou sempre que a legisla\u00e7\u00e3o \u00e9 alterada, como ocorreu na recente mudan\u00e7a no ICMS.<\/p>\n","protected":false},"excerpt":{"rendered":"<p>Nesta segunda-feira (12) ser\u00e1 comemorado o Dia dos Namorados, mas, de um modo geral, o consumidor n\u00e3o sabe quais s\u00e3o as taxas de tributos que incidem nos principais produtos que comp\u00f5em a lista de presentes mais procurados nesta \u00e9poca do ano. Pesquisa do Instituto Brasileiro de Planejamento e Tributa\u00e7\u00e3o (IBPT) mostra as taxas de tributo [&hellip;]<\/p>\n","protected":false},"author":2,"featured_media":306687,"comment_status":"closed","ping_status":"closed","sticky":false,"template":"","format":"standard","meta":{"_acf_changed":false,"footnotes":""},"categories":[161],"tags":[],"class_list":["post-306686","post","type-post","status-publish","format-standard","has-post-thumbnail","hentry","category-quadradinho-em-foco"],"acf":[],"yoast_head":"<!-- This site is optimized with the Yoast SEO plugin v27.2 - https:\/\/yoast.com\/product\/yoast-seo-wordpress\/ -->\n<title>Pesquisa mostra como tributos encarecem presentes - Notibras<\/title>\n<meta name=\"robots\" content=\"index, follow, max-snippet:-1, max-image-preview:large, max-video-preview:-1\" \/>\n<link rel=\"canonical\" href=\"https:\/\/www.notibras.com\/site\/pesquisa-mostra-como-tributos-encarecem-presentes\/\" \/>\n<meta property=\"og:locale\" content=\"pt_BR\" \/>\n<meta property=\"og:type\" content=\"article\" \/>\n<meta property=\"og:title\" content=\"Pesquisa mostra como tributos encarecem presentes - Notibras\" \/>\n<meta property=\"og:description\" content=\"Nesta segunda-feira (12) ser\u00e1 comemorado o Dia dos Namorados, mas, de um modo geral, o consumidor n\u00e3o sabe quais s\u00e3o as taxas de tributos que incidem nos principais produtos que comp\u00f5em a lista de presentes mais procurados nesta \u00e9poca do ano. Pesquisa do Instituto Brasileiro de Planejamento e Tributa\u00e7\u00e3o (IBPT) mostra as taxas de tributo [&hellip;]\" \/>\n<meta property=\"og:url\" content=\"https:\/\/www.notibras.com\/site\/pesquisa-mostra-como-tributos-encarecem-presentes\/\" \/>\n<meta property=\"og:site_name\" content=\"Notibras\" \/>\n<meta property=\"article:publisher\" content=\"https:\/\/www.facebook.com\/notibras\/\" \/>\n<meta property=\"article:published_time\" content=\"2023-06-11T03:52:34+00:00\" \/>\n<meta property=\"article:modified_time\" content=\"2023-06-11T10:56:46+00:00\" \/>\n<meta property=\"og:image\" content=\"https:\/\/www.notibras.com\/site\/wp-content\/uploads\/2023\/06\/compras_natal_dsc_0295-1.jpg\" \/>\n\t<meta property=\"og:image:width\" content=\"1170\" \/>\n\t<meta property=\"og:image:height\" content=\"700\" \/>\n\t<meta property=\"og:image:type\" content=\"image\/jpeg\" \/>\n<meta name=\"author\" content=\"Reda\u00e7\u00e3o\" \/>\n<meta name=\"twitter:card\" content=\"summary_large_image\" \/>\n<meta name=\"twitter:creator\" content=\"@Notibras\" \/>\n<meta name=\"twitter:site\" content=\"@Notibras\" \/>\n<meta name=\"twitter:label1\" content=\"Escrito por\" \/>\n\t<meta name=\"twitter:data1\" content=\"Reda\u00e7\u00e3o\" \/>\n\t<meta name=\"twitter:label2\" content=\"Est. tempo de leitura\" \/>\n\t<meta name=\"twitter:data2\" content=\"4 minutos\" \/>\n<script type=\"application\/ld+json\" class=\"yoast-schema-graph\">{\"@context\":\"https:\/\/schema.org\",\"@graph\":[{\"@type\":\"Article\",\"@id\":\"https:\/\/www.notibras.com\/site\/pesquisa-mostra-como-tributos-encarecem-presentes\/#article\",\"isPartOf\":{\"@id\":\"https:\/\/www.notibras.com\/site\/pesquisa-mostra-como-tributos-encarecem-presentes\/\"},\"author\":{\"name\":\"Reda\u00e7\u00e3o\",\"@id\":\"https:\/\/www.notibras.com\/site\/#\/schema\/person\/36ab0979449956132d3e5b517ea76ac8\"},\"headline\":\"Pesquisa mostra como tributos encarecem presentes\",\"datePublished\":\"2023-06-11T03:52:34+00:00\",\"dateModified\":\"2023-06-11T10:56:46+00:00\",\"mainEntityOfPage\":{\"@id\":\"https:\/\/www.notibras.com\/site\/pesquisa-mostra-como-tributos-encarecem-presentes\/\"},\"wordCount\":757,\"publisher\":{\"@id\":\"https:\/\/www.notibras.com\/site\/#organization\"},\"image\":{\"@id\":\"https:\/\/www.notibras.com\/site\/pesquisa-mostra-como-tributos-encarecem-presentes\/#primaryimage\"},\"thumbnailUrl\":\"https:\/\/www.notibras.com\/site\/wp-content\/uploads\/2023\/06\/compras_natal_dsc_0295-1.jpg\",\"articleSection\":[\"Quadradinho em Foco\"],\"inLanguage\":\"pt-BR\"},{\"@type\":\"WebPage\",\"@id\":\"https:\/\/www.notibras.com\/site\/pesquisa-mostra-como-tributos-encarecem-presentes\/\",\"url\":\"https:\/\/www.notibras.com\/site\/pesquisa-mostra-como-tributos-encarecem-presentes\/\",\"name\":\"Pesquisa mostra como tributos encarecem presentes - Notibras\",\"isPartOf\":{\"@id\":\"https:\/\/www.notibras.com\/site\/#website\"},\"primaryImageOfPage\":{\"@id\":\"https:\/\/www.notibras.com\/site\/pesquisa-mostra-como-tributos-encarecem-presentes\/#primaryimage\"},\"image\":{\"@id\":\"https:\/\/www.notibras.com\/site\/pesquisa-mostra-como-tributos-encarecem-presentes\/#primaryimage\"},\"thumbnailUrl\":\"https:\/\/www.notibras.com\/site\/wp-content\/uploads\/2023\/06\/compras_natal_dsc_0295-1.jpg\",\"datePublished\":\"2023-06-11T03:52:34+00:00\",\"dateModified\":\"2023-06-11T10:56:46+00:00\",\"breadcrumb\":{\"@id\":\"https:\/\/www.notibras.com\/site\/pesquisa-mostra-como-tributos-encarecem-presentes\/#breadcrumb\"},\"inLanguage\":\"pt-BR\",\"potentialAction\":[{\"@type\":\"ReadAction\",\"target\":[\"https:\/\/www.notibras.com\/site\/pesquisa-mostra-como-tributos-encarecem-presentes\/\"]}]},{\"@type\":\"ImageObject\",\"inLanguage\":\"pt-BR\",\"@id\":\"https:\/\/www.notibras.com\/site\/pesquisa-mostra-como-tributos-encarecem-presentes\/#primaryimage\",\"url\":\"https:\/\/www.notibras.com\/site\/wp-content\/uploads\/2023\/06\/compras_natal_dsc_0295-1.jpg\",\"contentUrl\":\"https:\/\/www.notibras.com\/site\/wp-content\/uploads\/2023\/06\/compras_natal_dsc_0295-1.jpg\",\"width\":1170,\"height\":700,\"caption\":\"Shopping no centro de Bras\u00edlia tem movimento intenso no \u00faltimo fim de semana antes do Natal\"},{\"@type\":\"BreadcrumbList\",\"@id\":\"https:\/\/www.notibras.com\/site\/pesquisa-mostra-como-tributos-encarecem-presentes\/#breadcrumb\",\"itemListElement\":[{\"@type\":\"ListItem\",\"position\":1,\"name\":\"In\u00edcio\",\"item\":\"https:\/\/www.notibras.com\/site\/\"},{\"@type\":\"ListItem\",\"position\":2,\"name\":\"Pesquisa mostra como tributos encarecem presentes\"}]},{\"@type\":\"WebSite\",\"@id\":\"https:\/\/www.notibras.com\/site\/#website\",\"url\":\"https:\/\/www.notibras.com\/site\/\",\"name\":\"Notibras\",\"description\":\"Not\u00edcias de Bras\u00edlia, do Brasil e do Mundo\",\"publisher\":{\"@id\":\"https:\/\/www.notibras.com\/site\/#organization\"},\"potentialAction\":[{\"@type\":\"SearchAction\",\"target\":{\"@type\":\"EntryPoint\",\"urlTemplate\":\"https:\/\/www.notibras.com\/site\/?s={search_term_string}\"},\"query-input\":{\"@type\":\"PropertyValueSpecification\",\"valueRequired\":true,\"valueName\":\"search_term_string\"}}],\"inLanguage\":\"pt-BR\"},{\"@type\":\"Organization\",\"@id\":\"https:\/\/www.notibras.com\/site\/#organization\",\"name\":\"Grupo Notibras de Comunica\u00e7\u00e3o\",\"url\":\"https:\/\/www.notibras.com\/site\/\",\"logo\":{\"@type\":\"ImageObject\",\"inLanguage\":\"pt-BR\",\"@id\":\"https:\/\/www.notibras.com\/site\/#\/schema\/logo\/image\/\",\"url\":\"https:\/\/www.notibras.com\/site\/wp-content\/uploads\/2023\/01\/notibras23.png\",\"contentUrl\":\"https:\/\/www.notibras.com\/site\/wp-content\/uploads\/2023\/01\/notibras23.png\",\"width\":350,\"height\":87,\"caption\":\"Grupo Notibras de Comunica\u00e7\u00e3o\"},\"image\":{\"@id\":\"https:\/\/www.notibras.com\/site\/#\/schema\/logo\/image\/\"},\"sameAs\":[\"https:\/\/www.facebook.com\/notibras\/\",\"https:\/\/x.com\/Notibras\",\"https:\/\/www.instagram.com\/notibras\/\"]},{\"@type\":\"Person\",\"@id\":\"https:\/\/www.notibras.com\/site\/#\/schema\/person\/36ab0979449956132d3e5b517ea76ac8\",\"name\":\"Reda\u00e7\u00e3o\",\"image\":{\"@type\":\"ImageObject\",\"inLanguage\":\"pt-BR\",\"@id\":\"https:\/\/secure.gravatar.com\/avatar\/e0a867bdedb85fd243eadf09663511f96fc81e0720a4a42581f334ad4303aa6b?s=96&d=mm&r=g\",\"url\":\"https:\/\/secure.gravatar.com\/avatar\/e0a867bdedb85fd243eadf09663511f96fc81e0720a4a42581f334ad4303aa6b?s=96&d=mm&r=g\",\"contentUrl\":\"https:\/\/secure.gravatar.com\/avatar\/e0a867bdedb85fd243eadf09663511f96fc81e0720a4a42581f334ad4303aa6b?s=96&d=mm&r=g\",\"caption\":\"Reda\u00e7\u00e3o\"}}]}<\/script>\n<!-- \/ Yoast SEO plugin. -->","yoast_head_json":{"title":"Pesquisa mostra como tributos encarecem presentes - Notibras","robots":{"index":"index","follow":"follow","max-snippet":"max-snippet:-1","max-image-preview":"max-image-preview:large","max-video-preview":"max-video-preview:-1"},"canonical":"https:\/\/www.notibras.com\/site\/pesquisa-mostra-como-tributos-encarecem-presentes\/","og_locale":"pt_BR","og_type":"article","og_title":"Pesquisa mostra como tributos encarecem presentes - Notibras","og_description":"Nesta segunda-feira (12) ser\u00e1 comemorado o Dia dos Namorados, mas, de um modo geral, o consumidor n\u00e3o sabe quais s\u00e3o as taxas de tributos que incidem nos principais produtos que comp\u00f5em a lista de presentes mais procurados nesta \u00e9poca do ano. Pesquisa do Instituto Brasileiro de Planejamento e Tributa\u00e7\u00e3o (IBPT) mostra as taxas de tributo [&hellip;]","og_url":"https:\/\/www.notibras.com\/site\/pesquisa-mostra-como-tributos-encarecem-presentes\/","og_site_name":"Notibras","article_publisher":"https:\/\/www.facebook.com\/notibras\/","article_published_time":"2023-06-11T03:52:34+00:00","article_modified_time":"2023-06-11T10:56:46+00:00","og_image":[{"width":1170,"height":700,"url":"https:\/\/www.notibras.com\/site\/wp-content\/uploads\/2023\/06\/compras_natal_dsc_0295-1.jpg","type":"image\/jpeg"}],"author":"Reda\u00e7\u00e3o","twitter_card":"summary_large_image","twitter_creator":"@Notibras","twitter_site":"@Notibras","twitter_misc":{"Escrito por":"Reda\u00e7\u00e3o","Est. tempo de leitura":"4 minutos"},"schema":{"@context":"https:\/\/schema.org","@graph":[{"@type":"Article","@id":"https:\/\/www.notibras.com\/site\/pesquisa-mostra-como-tributos-encarecem-presentes\/#article","isPartOf":{"@id":"https:\/\/www.notibras.com\/site\/pesquisa-mostra-como-tributos-encarecem-presentes\/"},"author":{"name":"Reda\u00e7\u00e3o","@id":"https:\/\/www.notibras.com\/site\/#\/schema\/person\/36ab0979449956132d3e5b517ea76ac8"},"headline":"Pesquisa mostra como tributos encarecem presentes","datePublished":"2023-06-11T03:52:34+00:00","dateModified":"2023-06-11T10:56:46+00:00","mainEntityOfPage":{"@id":"https:\/\/www.notibras.com\/site\/pesquisa-mostra-como-tributos-encarecem-presentes\/"},"wordCount":757,"publisher":{"@id":"https:\/\/www.notibras.com\/site\/#organization"},"image":{"@id":"https:\/\/www.notibras.com\/site\/pesquisa-mostra-como-tributos-encarecem-presentes\/#primaryimage"},"thumbnailUrl":"https:\/\/www.notibras.com\/site\/wp-content\/uploads\/2023\/06\/compras_natal_dsc_0295-1.jpg","articleSection":["Quadradinho em Foco"],"inLanguage":"pt-BR"},{"@type":"WebPage","@id":"https:\/\/www.notibras.com\/site\/pesquisa-mostra-como-tributos-encarecem-presentes\/","url":"https:\/\/www.notibras.com\/site\/pesquisa-mostra-como-tributos-encarecem-presentes\/","name":"Pesquisa mostra como tributos encarecem presentes - Notibras","isPartOf":{"@id":"https:\/\/www.notibras.com\/site\/#website"},"primaryImageOfPage":{"@id":"https:\/\/www.notibras.com\/site\/pesquisa-mostra-como-tributos-encarecem-presentes\/#primaryimage"},"image":{"@id":"https:\/\/www.notibras.com\/site\/pesquisa-mostra-como-tributos-encarecem-presentes\/#primaryimage"},"thumbnailUrl":"https:\/\/www.notibras.com\/site\/wp-content\/uploads\/2023\/06\/compras_natal_dsc_0295-1.jpg","datePublished":"2023-06-11T03:52:34+00:00","dateModified":"2023-06-11T10:56:46+00:00","breadcrumb":{"@id":"https:\/\/www.notibras.com\/site\/pesquisa-mostra-como-tributos-encarecem-presentes\/#breadcrumb"},"inLanguage":"pt-BR","potentialAction":[{"@type":"ReadAction","target":["https:\/\/www.notibras.com\/site\/pesquisa-mostra-como-tributos-encarecem-presentes\/"]}]},{"@type":"ImageObject","inLanguage":"pt-BR","@id":"https:\/\/www.notibras.com\/site\/pesquisa-mostra-como-tributos-encarecem-presentes\/#primaryimage","url":"https:\/\/www.notibras.com\/site\/wp-content\/uploads\/2023\/06\/compras_natal_dsc_0295-1.jpg","contentUrl":"https:\/\/www.notibras.com\/site\/wp-content\/uploads\/2023\/06\/compras_natal_dsc_0295-1.jpg","width":1170,"height":700,"caption":"Shopping no centro de Bras\u00edlia tem movimento intenso no \u00faltimo fim de semana antes do Natal"},{"@type":"BreadcrumbList","@id":"https:\/\/www.notibras.com\/site\/pesquisa-mostra-como-tributos-encarecem-presentes\/#breadcrumb","itemListElement":[{"@type":"ListItem","position":1,"name":"In\u00edcio","item":"https:\/\/www.notibras.com\/site\/"},{"@type":"ListItem","position":2,"name":"Pesquisa mostra como tributos encarecem presentes"}]},{"@type":"WebSite","@id":"https:\/\/www.notibras.com\/site\/#website","url":"https:\/\/www.notibras.com\/site\/","name":"Notibras","description":"Not\u00edcias de Bras\u00edlia, do Brasil e do Mundo","publisher":{"@id":"https:\/\/www.notibras.com\/site\/#organization"},"potentialAction":[{"@type":"SearchAction","target":{"@type":"EntryPoint","urlTemplate":"https:\/\/www.notibras.com\/site\/?s={search_term_string}"},"query-input":{"@type":"PropertyValueSpecification","valueRequired":true,"valueName":"search_term_string"}}],"inLanguage":"pt-BR"},{"@type":"Organization","@id":"https:\/\/www.notibras.com\/site\/#organization","name":"Grupo Notibras de Comunica\u00e7\u00e3o","url":"https:\/\/www.notibras.com\/site\/","logo":{"@type":"ImageObject","inLanguage":"pt-BR","@id":"https:\/\/www.notibras.com\/site\/#\/schema\/logo\/image\/","url":"https:\/\/www.notibras.com\/site\/wp-content\/uploads\/2023\/01\/notibras23.png","contentUrl":"https:\/\/www.notibras.com\/site\/wp-content\/uploads\/2023\/01\/notibras23.png","width":350,"height":87,"caption":"Grupo Notibras de Comunica\u00e7\u00e3o"},"image":{"@id":"https:\/\/www.notibras.com\/site\/#\/schema\/logo\/image\/"},"sameAs":["https:\/\/www.facebook.com\/notibras\/","https:\/\/x.com\/Notibras","https:\/\/www.instagram.com\/notibras\/"]},{"@type":"Person","@id":"https:\/\/www.notibras.com\/site\/#\/schema\/person\/36ab0979449956132d3e5b517ea76ac8","name":"Reda\u00e7\u00e3o","image":{"@type":"ImageObject","inLanguage":"pt-BR","@id":"https:\/\/secure.gravatar.com\/avatar\/e0a867bdedb85fd243eadf09663511f96fc81e0720a4a42581f334ad4303aa6b?s=96&d=mm&r=g","url":"https:\/\/secure.gravatar.com\/avatar\/e0a867bdedb85fd243eadf09663511f96fc81e0720a4a42581f334ad4303aa6b?s=96&d=mm&r=g","contentUrl":"https:\/\/secure.gravatar.com\/avatar\/e0a867bdedb85fd243eadf09663511f96fc81e0720a4a42581f334ad4303aa6b?s=96&d=mm&r=g","caption":"Reda\u00e7\u00e3o"}}]}},"amp_enabled":true,"_links":{"self":[{"href":"https:\/\/www.notibras.com\/site\/wp-json\/wp\/v2\/posts\/306686","targetHints":{"allow":["GET"]}}],"collection":[{"href":"https:\/\/www.notibras.com\/site\/wp-json\/wp\/v2\/posts"}],"about":[{"href":"https:\/\/www.notibras.com\/site\/wp-json\/wp\/v2\/types\/post"}],"author":[{"embeddable":true,"href":"https:\/\/www.notibras.com\/site\/wp-json\/wp\/v2\/users\/2"}],"replies":[{"embeddable":true,"href":"https:\/\/www.notibras.com\/site\/wp-json\/wp\/v2\/comments?post=306686"}],"version-history":[{"count":1,"href":"https:\/\/www.notibras.com\/site\/wp-json\/wp\/v2\/posts\/306686\/revisions"}],"predecessor-version":[{"id":306688,"href":"https:\/\/www.notibras.com\/site\/wp-json\/wp\/v2\/posts\/306686\/revisions\/306688"}],"wp:featuredmedia":[{"embeddable":true,"href":"https:\/\/www.notibras.com\/site\/wp-json\/wp\/v2\/media\/306687"}],"wp:attachment":[{"href":"https:\/\/www.notibras.com\/site\/wp-json\/wp\/v2\/media?parent=306686"}],"wp:term":[{"taxonomy":"category","embeddable":true,"href":"https:\/\/www.notibras.com\/site\/wp-json\/wp\/v2\/categories?post=306686"},{"taxonomy":"post_tag","embeddable":true,"href":"https:\/\/www.notibras.com\/site\/wp-json\/wp\/v2\/tags?post=306686"}],"curies":[{"name":"wp","href":"https:\/\/api.w.org\/{rel}","templated":true}]}}