{"id":306692,"date":"2023-06-11T00:00:15","date_gmt":"2023-06-11T03:00:15","guid":{"rendered":"https:\/\/www.notibras.com\/site\/?p=306692"},"modified":"2023-06-11T08:08:44","modified_gmt":"2023-06-11T11:08:44","slug":"luiz-gonzaga-motta-morre-aos-80-anos-de-mal-subito","status":"publish","type":"post","link":"https:\/\/www.notibras.com\/site\/luiz-gonzaga-motta-morre-aos-80-anos-de-mal-subito\/","title":{"rendered":"Luiz Gonzaga Motta morre aos 80 anos de mal s\u00fabito"},"content":{"rendered":"<p>O jornalista Luiz Gonzaga Figueiredo Motta, de 80 anos, morreu na sexta-feira (9), em Bras\u00edlia, v\u00edtima de um mal subido. Ele era professor aposentado da Faculdade de Comunica\u00e7\u00e3o (FAC) da Universidade de Bras\u00edlia (UnB) e deixa filhos e netos.<\/p>\n<p>Baga, como tamb\u00e9m era conhecido, foi secret\u00e1rio de Comunica\u00e7\u00e3o da UnB e criou a revista Darcy, publica\u00e7\u00e3o de jornalismo cient\u00edfico e cultural da institui\u00e7\u00e3o. Ele foi ainda um dos idealizadores do jornal-laborat\u00f3rio da FAC, o Campus, h\u00e1 53 anos.<\/p>\n<p>Graduado em Jornalismo pela Universidade Federal de Minas Gerais em 1968, Motta ingressou como docente na UnB em 1969. Sua primeira passagem durou doze anos. Em 1982, pediu demiss\u00e3o \u201cpor incompatibilidade administrativa e pol\u00edtica absoluta\u201d com o reitor nomeado pela ditadura militar. Retornou em 1985, na gest\u00e3o do reitor Cristovam Buarque.<\/p>\n<p>Al\u00e9m da atua\u00e7\u00e3o acad\u00eamica, Luiz Gonzaga Motta ocupou diversos cargos de gest\u00e3o, dentro e fora da universidade. Entre eles, foi secret\u00e1rio Nacional de Cultura e secret\u00e1rio de Comunica\u00e7\u00e3o do Distrito Federal.<\/p>\n<p>Em 2022, Motta foi homenageado no lan\u00e7amento da edi\u00e7\u00e3o n\u00ba 27 da revista Darcy, que celebrou os 60 anos da Universidade de Bras\u00edlia, entre outros personagens hist\u00f3ricos da publica\u00e7\u00e3o.<\/p>\n","protected":false},"excerpt":{"rendered":"<p>O jornalista Luiz Gonzaga Figueiredo Motta, de 80 anos, morreu na sexta-feira (9), em Bras\u00edlia, v\u00edtima de um mal subido. Ele era professor aposentado da Faculdade de Comunica\u00e7\u00e3o (FAC) da Universidade de Bras\u00edlia (UnB) e deixa filhos e netos. Baga, como tamb\u00e9m era conhecido, foi secret\u00e1rio de Comunica\u00e7\u00e3o da UnB e criou a revista Darcy, [&hellip;]<\/p>\n","protected":false},"author":2,"featured_media":306693,"comment_status":"closed","ping_status":"closed","sticky":false,"template":"","format":"standard","meta":{"_acf_changed":false,"footnotes":""},"categories":[161],"tags":[],"class_list":["post-306692","post","type-post","status-publish","format-standard","has-post-thumbnail","hentry","category-quadradinho-em-foco"],"acf":[],"yoast_head":"<!-- This site is optimized with the Yoast SEO plugin v27.2 - https:\/\/yoast.com\/product\/yoast-seo-wordpress\/ -->\n<title>Luiz Gonzaga Motta morre aos 80 anos de mal s\u00fabito - Notibras<\/title>\n<meta name=\"robots\" content=\"index, follow, max-snippet:-1, max-image-preview:large, max-video-preview:-1\" \/>\n<link rel=\"canonical\" href=\"https:\/\/www.notibras.com\/site\/luiz-gonzaga-motta-morre-aos-80-anos-de-mal-subito\/\" \/>\n<meta property=\"og:locale\" content=\"pt_BR\" \/>\n<meta property=\"og:type\" content=\"article\" \/>\n<meta property=\"og:title\" content=\"Luiz Gonzaga Motta morre aos 80 anos de mal s\u00fabito - Notibras\" \/>\n<meta property=\"og:description\" content=\"O jornalista Luiz Gonzaga Figueiredo Motta, de 80 anos, morreu na sexta-feira (9), em Bras\u00edlia, v\u00edtima de um mal subido. Ele era professor aposentado da Faculdade de Comunica\u00e7\u00e3o (FAC) da Universidade de Bras\u00edlia (UnB) e deixa filhos e netos. Baga, como tamb\u00e9m era conhecido, foi secret\u00e1rio de Comunica\u00e7\u00e3o da UnB e criou a revista Darcy, [&hellip;]\" \/>\n<meta property=\"og:url\" content=\"https:\/\/www.notibras.com\/site\/luiz-gonzaga-motta-morre-aos-80-anos-de-mal-subito\/\" \/>\n<meta property=\"og:site_name\" content=\"Notibras\" \/>\n<meta property=\"article:publisher\" content=\"https:\/\/www.facebook.com\/notibras\/\" \/>\n<meta property=\"article:published_time\" content=\"2023-06-11T03:00:15+00:00\" \/>\n<meta property=\"article:modified_time\" content=\"2023-06-11T11:08:44+00:00\" \/>\n<meta property=\"og:image\" content=\"https:\/\/www.notibras.com\/site\/wp-content\/uploads\/2023\/06\/09062023_luizgonzagamotta_luisgustavoprado.png\" \/>\n\t<meta property=\"og:image:width\" content=\"1170\" \/>\n\t<meta property=\"og:image:height\" content=\"700\" \/>\n\t<meta property=\"og:image:type\" content=\"image\/png\" \/>\n<meta name=\"author\" content=\"Reda\u00e7\u00e3o\" \/>\n<meta name=\"twitter:card\" content=\"summary_large_image\" \/>\n<meta name=\"twitter:creator\" content=\"@Notibras\" \/>\n<meta name=\"twitter:site\" content=\"@Notibras\" \/>\n<meta name=\"twitter:label1\" content=\"Escrito por\" \/>\n\t<meta name=\"twitter:data1\" content=\"Reda\u00e7\u00e3o\" \/>\n\t<meta name=\"twitter:label2\" content=\"Est. tempo de leitura\" \/>\n\t<meta name=\"twitter:data2\" content=\"2 minutos\" \/>\n<script type=\"application\/ld+json\" class=\"yoast-schema-graph\">{\"@context\":\"https:\/\/schema.org\",\"@graph\":[{\"@type\":\"Article\",\"@id\":\"https:\/\/www.notibras.com\/site\/luiz-gonzaga-motta-morre-aos-80-anos-de-mal-subito\/#article\",\"isPartOf\":{\"@id\":\"https:\/\/www.notibras.com\/site\/luiz-gonzaga-motta-morre-aos-80-anos-de-mal-subito\/\"},\"author\":{\"name\":\"Reda\u00e7\u00e3o\",\"@id\":\"https:\/\/www.notibras.com\/site\/#\/schema\/person\/36ab0979449956132d3e5b517ea76ac8\"},\"headline\":\"Luiz Gonzaga Motta morre aos 80 anos de mal s\u00fabito\",\"datePublished\":\"2023-06-11T03:00:15+00:00\",\"dateModified\":\"2023-06-11T11:08:44+00:00\",\"mainEntityOfPage\":{\"@id\":\"https:\/\/www.notibras.com\/site\/luiz-gonzaga-motta-morre-aos-80-anos-de-mal-subito\/\"},\"wordCount\":215,\"publisher\":{\"@id\":\"https:\/\/www.notibras.com\/site\/#organization\"},\"image\":{\"@id\":\"https:\/\/www.notibras.com\/site\/luiz-gonzaga-motta-morre-aos-80-anos-de-mal-subito\/#primaryimage\"},\"thumbnailUrl\":\"https:\/\/www.notibras.com\/site\/wp-content\/uploads\/2023\/06\/09062023_luizgonzagamotta_luisgustavoprado.png\",\"articleSection\":[\"Quadradinho em Foco\"],\"inLanguage\":\"pt-BR\"},{\"@type\":\"WebPage\",\"@id\":\"https:\/\/www.notibras.com\/site\/luiz-gonzaga-motta-morre-aos-80-anos-de-mal-subito\/\",\"url\":\"https:\/\/www.notibras.com\/site\/luiz-gonzaga-motta-morre-aos-80-anos-de-mal-subito\/\",\"name\":\"Luiz Gonzaga Motta morre aos 80 anos de mal s\u00fabito - Notibras\",\"isPartOf\":{\"@id\":\"https:\/\/www.notibras.com\/site\/#website\"},\"primaryImageOfPage\":{\"@id\":\"https:\/\/www.notibras.com\/site\/luiz-gonzaga-motta-morre-aos-80-anos-de-mal-subito\/#primaryimage\"},\"image\":{\"@id\":\"https:\/\/www.notibras.com\/site\/luiz-gonzaga-motta-morre-aos-80-anos-de-mal-subito\/#primaryimage\"},\"thumbnailUrl\":\"https:\/\/www.notibras.com\/site\/wp-content\/uploads\/2023\/06\/09062023_luizgonzagamotta_luisgustavoprado.png\",\"datePublished\":\"2023-06-11T03:00:15+00:00\",\"dateModified\":\"2023-06-11T11:08:44+00:00\",\"breadcrumb\":{\"@id\":\"https:\/\/www.notibras.com\/site\/luiz-gonzaga-motta-morre-aos-80-anos-de-mal-subito\/#breadcrumb\"},\"inLanguage\":\"pt-BR\",\"potentialAction\":[{\"@type\":\"ReadAction\",\"target\":[\"https:\/\/www.notibras.com\/site\/luiz-gonzaga-motta-morre-aos-80-anos-de-mal-subito\/\"]}]},{\"@type\":\"ImageObject\",\"inLanguage\":\"pt-BR\",\"@id\":\"https:\/\/www.notibras.com\/site\/luiz-gonzaga-motta-morre-aos-80-anos-de-mal-subito\/#primaryimage\",\"url\":\"https:\/\/www.notibras.com\/site\/wp-content\/uploads\/2023\/06\/09062023_luizgonzagamotta_luisgustavoprado.png\",\"contentUrl\":\"https:\/\/www.notibras.com\/site\/wp-content\/uploads\/2023\/06\/09062023_luizgonzagamotta_luisgustavoprado.png\",\"width\":1170,\"height\":700},{\"@type\":\"BreadcrumbList\",\"@id\":\"https:\/\/www.notibras.com\/site\/luiz-gonzaga-motta-morre-aos-80-anos-de-mal-subito\/#breadcrumb\",\"itemListElement\":[{\"@type\":\"ListItem\",\"position\":1,\"name\":\"In\u00edcio\",\"item\":\"https:\/\/www.notibras.com\/site\/\"},{\"@type\":\"ListItem\",\"position\":2,\"name\":\"Luiz Gonzaga Motta morre aos 80 anos de mal s\u00fabito\"}]},{\"@type\":\"WebSite\",\"@id\":\"https:\/\/www.notibras.com\/site\/#website\",\"url\":\"https:\/\/www.notibras.com\/site\/\",\"name\":\"Notibras\",\"description\":\"Not\u00edcias de Bras\u00edlia, do Brasil e do Mundo\",\"publisher\":{\"@id\":\"https:\/\/www.notibras.com\/site\/#organization\"},\"potentialAction\":[{\"@type\":\"SearchAction\",\"target\":{\"@type\":\"EntryPoint\",\"urlTemplate\":\"https:\/\/www.notibras.com\/site\/?s={search_term_string}\"},\"query-input\":{\"@type\":\"PropertyValueSpecification\",\"valueRequired\":true,\"valueName\":\"search_term_string\"}}],\"inLanguage\":\"pt-BR\"},{\"@type\":\"Organization\",\"@id\":\"https:\/\/www.notibras.com\/site\/#organization\",\"name\":\"Grupo Notibras de Comunica\u00e7\u00e3o\",\"url\":\"https:\/\/www.notibras.com\/site\/\",\"logo\":{\"@type\":\"ImageObject\",\"inLanguage\":\"pt-BR\",\"@id\":\"https:\/\/www.notibras.com\/site\/#\/schema\/logo\/image\/\",\"url\":\"https:\/\/www.notibras.com\/site\/wp-content\/uploads\/2023\/01\/notibras23.png\",\"contentUrl\":\"https:\/\/www.notibras.com\/site\/wp-content\/uploads\/2023\/01\/notibras23.png\",\"width\":350,\"height\":87,\"caption\":\"Grupo Notibras de Comunica\u00e7\u00e3o\"},\"image\":{\"@id\":\"https:\/\/www.notibras.com\/site\/#\/schema\/logo\/image\/\"},\"sameAs\":[\"https:\/\/www.facebook.com\/notibras\/\",\"https:\/\/x.com\/Notibras\",\"https:\/\/www.instagram.com\/notibras\/\"]},{\"@type\":\"Person\",\"@id\":\"https:\/\/www.notibras.com\/site\/#\/schema\/person\/36ab0979449956132d3e5b517ea76ac8\",\"name\":\"Reda\u00e7\u00e3o\",\"image\":{\"@type\":\"ImageObject\",\"inLanguage\":\"pt-BR\",\"@id\":\"https:\/\/secure.gravatar.com\/avatar\/e0a867bdedb85fd243eadf09663511f96fc81e0720a4a42581f334ad4303aa6b?s=96&d=mm&r=g\",\"url\":\"https:\/\/secure.gravatar.com\/avatar\/e0a867bdedb85fd243eadf09663511f96fc81e0720a4a42581f334ad4303aa6b?s=96&d=mm&r=g\",\"contentUrl\":\"https:\/\/secure.gravatar.com\/avatar\/e0a867bdedb85fd243eadf09663511f96fc81e0720a4a42581f334ad4303aa6b?s=96&d=mm&r=g\",\"caption\":\"Reda\u00e7\u00e3o\"}}]}<\/script>\n<!-- \/ Yoast SEO plugin. -->","yoast_head_json":{"title":"Luiz Gonzaga Motta morre aos 80 anos de mal s\u00fabito - Notibras","robots":{"index":"index","follow":"follow","max-snippet":"max-snippet:-1","max-image-preview":"max-image-preview:large","max-video-preview":"max-video-preview:-1"},"canonical":"https:\/\/www.notibras.com\/site\/luiz-gonzaga-motta-morre-aos-80-anos-de-mal-subito\/","og_locale":"pt_BR","og_type":"article","og_title":"Luiz Gonzaga Motta morre aos 80 anos de mal s\u00fabito - Notibras","og_description":"O jornalista Luiz Gonzaga Figueiredo Motta, de 80 anos, morreu na sexta-feira (9), em Bras\u00edlia, v\u00edtima de um mal subido. Ele era professor aposentado da Faculdade de Comunica\u00e7\u00e3o (FAC) da Universidade de Bras\u00edlia (UnB) e deixa filhos e netos. Baga, como tamb\u00e9m era conhecido, foi secret\u00e1rio de Comunica\u00e7\u00e3o da UnB e criou a revista Darcy, [&hellip;]","og_url":"https:\/\/www.notibras.com\/site\/luiz-gonzaga-motta-morre-aos-80-anos-de-mal-subito\/","og_site_name":"Notibras","article_publisher":"https:\/\/www.facebook.com\/notibras\/","article_published_time":"2023-06-11T03:00:15+00:00","article_modified_time":"2023-06-11T11:08:44+00:00","og_image":[{"width":1170,"height":700,"url":"https:\/\/www.notibras.com\/site\/wp-content\/uploads\/2023\/06\/09062023_luizgonzagamotta_luisgustavoprado.png","type":"image\/png"}],"author":"Reda\u00e7\u00e3o","twitter_card":"summary_large_image","twitter_creator":"@Notibras","twitter_site":"@Notibras","twitter_misc":{"Escrito por":"Reda\u00e7\u00e3o","Est. tempo de leitura":"2 minutos"},"schema":{"@context":"https:\/\/schema.org","@graph":[{"@type":"Article","@id":"https:\/\/www.notibras.com\/site\/luiz-gonzaga-motta-morre-aos-80-anos-de-mal-subito\/#article","isPartOf":{"@id":"https:\/\/www.notibras.com\/site\/luiz-gonzaga-motta-morre-aos-80-anos-de-mal-subito\/"},"author":{"name":"Reda\u00e7\u00e3o","@id":"https:\/\/www.notibras.com\/site\/#\/schema\/person\/36ab0979449956132d3e5b517ea76ac8"},"headline":"Luiz Gonzaga Motta morre aos 80 anos de mal s\u00fabito","datePublished":"2023-06-11T03:00:15+00:00","dateModified":"2023-06-11T11:08:44+00:00","mainEntityOfPage":{"@id":"https:\/\/www.notibras.com\/site\/luiz-gonzaga-motta-morre-aos-80-anos-de-mal-subito\/"},"wordCount":215,"publisher":{"@id":"https:\/\/www.notibras.com\/site\/#organization"},"image":{"@id":"https:\/\/www.notibras.com\/site\/luiz-gonzaga-motta-morre-aos-80-anos-de-mal-subito\/#primaryimage"},"thumbnailUrl":"https:\/\/www.notibras.com\/site\/wp-content\/uploads\/2023\/06\/09062023_luizgonzagamotta_luisgustavoprado.png","articleSection":["Quadradinho em Foco"],"inLanguage":"pt-BR"},{"@type":"WebPage","@id":"https:\/\/www.notibras.com\/site\/luiz-gonzaga-motta-morre-aos-80-anos-de-mal-subito\/","url":"https:\/\/www.notibras.com\/site\/luiz-gonzaga-motta-morre-aos-80-anos-de-mal-subito\/","name":"Luiz Gonzaga Motta morre aos 80 anos de mal s\u00fabito - Notibras","isPartOf":{"@id":"https:\/\/www.notibras.com\/site\/#website"},"primaryImageOfPage":{"@id":"https:\/\/www.notibras.com\/site\/luiz-gonzaga-motta-morre-aos-80-anos-de-mal-subito\/#primaryimage"},"image":{"@id":"https:\/\/www.notibras.com\/site\/luiz-gonzaga-motta-morre-aos-80-anos-de-mal-subito\/#primaryimage"},"thumbnailUrl":"https:\/\/www.notibras.com\/site\/wp-content\/uploads\/2023\/06\/09062023_luizgonzagamotta_luisgustavoprado.png","datePublished":"2023-06-11T03:00:15+00:00","dateModified":"2023-06-11T11:08:44+00:00","breadcrumb":{"@id":"https:\/\/www.notibras.com\/site\/luiz-gonzaga-motta-morre-aos-80-anos-de-mal-subito\/#breadcrumb"},"inLanguage":"pt-BR","potentialAction":[{"@type":"ReadAction","target":["https:\/\/www.notibras.com\/site\/luiz-gonzaga-motta-morre-aos-80-anos-de-mal-subito\/"]}]},{"@type":"ImageObject","inLanguage":"pt-BR","@id":"https:\/\/www.notibras.com\/site\/luiz-gonzaga-motta-morre-aos-80-anos-de-mal-subito\/#primaryimage","url":"https:\/\/www.notibras.com\/site\/wp-content\/uploads\/2023\/06\/09062023_luizgonzagamotta_luisgustavoprado.png","contentUrl":"https:\/\/www.notibras.com\/site\/wp-content\/uploads\/2023\/06\/09062023_luizgonzagamotta_luisgustavoprado.png","width":1170,"height":700},{"@type":"BreadcrumbList","@id":"https:\/\/www.notibras.com\/site\/luiz-gonzaga-motta-morre-aos-80-anos-de-mal-subito\/#breadcrumb","itemListElement":[{"@type":"ListItem","position":1,"name":"In\u00edcio","item":"https:\/\/www.notibras.com\/site\/"},{"@type":"ListItem","position":2,"name":"Luiz Gonzaga Motta morre aos 80 anos de mal s\u00fabito"}]},{"@type":"WebSite","@id":"https:\/\/www.notibras.com\/site\/#website","url":"https:\/\/www.notibras.com\/site\/","name":"Notibras","description":"Not\u00edcias de Bras\u00edlia, do Brasil e do Mundo","publisher":{"@id":"https:\/\/www.notibras.com\/site\/#organization"},"potentialAction":[{"@type":"SearchAction","target":{"@type":"EntryPoint","urlTemplate":"https:\/\/www.notibras.com\/site\/?s={search_term_string}"},"query-input":{"@type":"PropertyValueSpecification","valueRequired":true,"valueName":"search_term_string"}}],"inLanguage":"pt-BR"},{"@type":"Organization","@id":"https:\/\/www.notibras.com\/site\/#organization","name":"Grupo Notibras de Comunica\u00e7\u00e3o","url":"https:\/\/www.notibras.com\/site\/","logo":{"@type":"ImageObject","inLanguage":"pt-BR","@id":"https:\/\/www.notibras.com\/site\/#\/schema\/logo\/image\/","url":"https:\/\/www.notibras.com\/site\/wp-content\/uploads\/2023\/01\/notibras23.png","contentUrl":"https:\/\/www.notibras.com\/site\/wp-content\/uploads\/2023\/01\/notibras23.png","width":350,"height":87,"caption":"Grupo Notibras de Comunica\u00e7\u00e3o"},"image":{"@id":"https:\/\/www.notibras.com\/site\/#\/schema\/logo\/image\/"},"sameAs":["https:\/\/www.facebook.com\/notibras\/","https:\/\/x.com\/Notibras","https:\/\/www.instagram.com\/notibras\/"]},{"@type":"Person","@id":"https:\/\/www.notibras.com\/site\/#\/schema\/person\/36ab0979449956132d3e5b517ea76ac8","name":"Reda\u00e7\u00e3o","image":{"@type":"ImageObject","inLanguage":"pt-BR","@id":"https:\/\/secure.gravatar.com\/avatar\/e0a867bdedb85fd243eadf09663511f96fc81e0720a4a42581f334ad4303aa6b?s=96&d=mm&r=g","url":"https:\/\/secure.gravatar.com\/avatar\/e0a867bdedb85fd243eadf09663511f96fc81e0720a4a42581f334ad4303aa6b?s=96&d=mm&r=g","contentUrl":"https:\/\/secure.gravatar.com\/avatar\/e0a867bdedb85fd243eadf09663511f96fc81e0720a4a42581f334ad4303aa6b?s=96&d=mm&r=g","caption":"Reda\u00e7\u00e3o"}}]}},"amp_enabled":true,"_links":{"self":[{"href":"https:\/\/www.notibras.com\/site\/wp-json\/wp\/v2\/posts\/306692","targetHints":{"allow":["GET"]}}],"collection":[{"href":"https:\/\/www.notibras.com\/site\/wp-json\/wp\/v2\/posts"}],"about":[{"href":"https:\/\/www.notibras.com\/site\/wp-json\/wp\/v2\/types\/post"}],"author":[{"embeddable":true,"href":"https:\/\/www.notibras.com\/site\/wp-json\/wp\/v2\/users\/2"}],"replies":[{"embeddable":true,"href":"https:\/\/www.notibras.com\/site\/wp-json\/wp\/v2\/comments?post=306692"}],"version-history":[{"count":1,"href":"https:\/\/www.notibras.com\/site\/wp-json\/wp\/v2\/posts\/306692\/revisions"}],"predecessor-version":[{"id":306694,"href":"https:\/\/www.notibras.com\/site\/wp-json\/wp\/v2\/posts\/306692\/revisions\/306694"}],"wp:featuredmedia":[{"embeddable":true,"href":"https:\/\/www.notibras.com\/site\/wp-json\/wp\/v2\/media\/306693"}],"wp:attachment":[{"href":"https:\/\/www.notibras.com\/site\/wp-json\/wp\/v2\/media?parent=306692"}],"wp:term":[{"taxonomy":"category","embeddable":true,"href":"https:\/\/www.notibras.com\/site\/wp-json\/wp\/v2\/categories?post=306692"},{"taxonomy":"post_tag","embeddable":true,"href":"https:\/\/www.notibras.com\/site\/wp-json\/wp\/v2\/tags?post=306692"}],"curies":[{"name":"wp","href":"https:\/\/api.w.org\/{rel}","templated":true}]}}